{"id":10217,"date":"2021-02-19T12:37:20","date_gmt":"2021-02-19T11:37:20","guid":{"rendered":"https:\/\/zeleni-prsten.hr\/web\/?p=10217"},"modified":"2022-03-14T08:16:20","modified_gmt":"2022-03-14T07:16:20","slug":"partneri-za-prirodu-3","status":"publish","type":"post","link":"https:\/\/zeleni-prsten.hr\/portal\/partneri-za-prirodu-3\/","title":{"rendered":"Partneri za prirodu"},"content":{"rendered":"<p>Dana 18.02.2021. godine odr\u017ean je on-line konzultativni sastanak s ciljem boljeg povezivanja organizacija civilnog dru\u0161tva i javnih ustanova za upravljanje za\u0161ti\u0107enim dijelovima prirode u Hrvatskoj.\u00a0Fokus sastanka je bio na o\u010duvanju najve\u0107e kolonije crvenokljunih \u010digri u kontinentalnoj Hrvatskoj kao ciljne vrste u Natura 2000 podru\u010dju- Sava kod Hru\u0161\u010dice sa \u0161ljun\u010darom Rakitje te POR Sava \u2013Strmec koji je prepoznat kao pticama bitan resurs u pronala\u017eenje hrane.<\/p>\n<p>Na pragu te problematike raspravljalo se o odr\u017eivom gospodarenju, ekolo\u0161kim promjenama, zahvatima i modelima upravljanja u tim prostorima. Predstavnicima dionika putem kratkih predavanja predstavljena je povijest istra\u017eivanja, ekologija te budu\u0107i planovi za\u0161tite crvenokljunih \u010digri kroz projekt \u201e\u010cIGRA\u201c. Tako\u0111er, kroz predavanje \u201eAktivnosti i zahvati u za\u0161ti\u0107enim podru\u010djima i podru\u010djima ekolo\u0161ke mre\u017ee\u201c upoznati su s ciljevima, zadacima i na\u010delima za\u0161tite, mogu\u0107im zahvatima i aktivnostima te alatima za\u0161tite unutar tih podru\u010dja.<br \/>\nUpravljanje tim podru\u010djima na odr\u017eiv na\u010din predstavlja izazov te postoji potreba za poticanjem komunikacije me\u0111u razli\u010ditim dionicima aktivnim na tim podru\u010djima kako bi se izbjegli potencijalni sukobi i osigurala potpora lokalne zajednice naporima da se ta podru\u010dja o\u010duvaju \u0161to je i bio jedan od ciljeva ovog sastanka.<\/p>\n<p>Na on-line platformi okupili su se dionici koji djeluju na za\u0161ti\u0107enim podru\u010djima unutar Posebnog ornitolo\u0161kog rezervata Sava \u2013 Strmec te ekolo\u0161ke mre\u017ee Natura 2000- Sava kod Hru\u0161\u010dice sa \u0161ljun\u010darom Rakitje: predstavnici Javne ustanove za za\u0161titu prirode, Hrvatskog prirodoslovnog muzeja, ornitolo\u0161kih udruga, udruga ribi\u010da, lovaca i la\u0111ara, gospodarstvenika te OPG-ova.<\/p>\n<p>Sastanak je odr\u017ean u sklopu projekta \u201cPartneri za prirode\u201d koji je financiran putem \u0160vicarsko-hrvatskog programa suradnje u iznosu od 1.400.000 kn. Projekt koordinira Zelena akcija. Partneri na projektu su tri javne ustanove za upravljanje za\u0161ti\u0107enim podru\u010djima prirode u Hrvatskoj (JU Zeleni prsten Zagreba\u010dke \u017eupanije, JU park prirode Lastovsko oto\u010dje i Me\u0111imurska priroda \u2013) te \u0161vicarska nevladina organizacija Pro Natura.\u00a0\u00a0Glavni cilj projekta je izgradnja kapaciteta organizacija civilnog dru\u0161tva i javnih ustanova za upravljanje za\u0161ti\u0107enim dijelovima prirode u Hrvatskoj, kroz suradnju i partnerstvo sa \u0161vicarskim organizacijama civilnog dru\u0161tva i javnim institucijama, na na\u010din koji osigurava odr\u017eivi socio-ekonomski razvoj lokalnih zajednica.<\/p>\n<p><em>**Program sufinancira Ured za udruge Vlade Republike Hrvatske. Stajali\u0161ta izra\u017eena u ovoj vijesti isklju\u010diva su odgovornost Zelene akcije i ne odra\u017eavaju nu\u017eno stajali\u0161te Ureda za udruge Vlade Republike Hrvatske.<\/em><\/p>\n<p><img loading=\"lazy\" src=\"https:\/\/zeleni-prsten.hr\/portal\/wp-content\/uploads\/2021\/02\/screen-200x122.jpg\" alt=\"\" width=\"200\" height=\"122\" \/><img loading=\"lazy\" src=\"https:\/\/zeleni-prsten.hr\/portal\/wp-content\/uploads\/2021\/02\/capture-20210218-171623-200x108.png\" alt=\"\" width=\"200\" height=\"108\" \/> <img loading=\"lazy\" src=\"https:\/\/zeleni-prsten.hr\/portal\/wp-content\/uploads\/2021\/02\/capture-20210218-171745-200x133.png\" alt=\"\" width=\"200\" height=\"133\" \/><a href=\"http:\/\/zeleni-prsten.hr\/web\/wp-content\/uploads\/2019\/05\/logotipi.jpg\"><img loading=\"lazy\" src=\"http:\/\/zeleni-prsten.hr\/web\/wp-content\/uploads\/2019\/05\/logotipi-200x64.jpg\" alt=\"\" width=\"200\" height=\"64\" \/><\/a><\/p>\n","protected":false},"excerpt":{"rendered":"<p>Dana 18.02.2021. godine odr\u017ean je on-line konzultativni sastanak s ciljem boljeg povezivanja organizacija civilnog dru\u0161tva i javnih ustanova za upravljanje za\u0161ti\u0107enim dijelovima prirode u Hrvatskoj.\u00a0Fokus sastanka je bio na o\u010duvanju najve\u0107e kolonije crvenokljunih \u010digri u kontinentalnoj Hrvatskoj kao ciljne vrste [&hellip;]<\/p>\n","protected":false},"author":5,"featured_media":10219,"comment_status":"closed","ping_status":"closed","sticky":false,"template":"","format":"standard","meta":{"ngg_post_thumbnail":0},"categories":[59],"tags":[],"yoast_head":"<!-- This site is optimized with the Yoast SEO plugin v18.4.1 - https:\/\/yoast.com\/wordpress\/plugins\/seo\/ -->\n<title>Partneri za prirodu - JU Zeleni prsten Zagreba\u010dke \u017eupanije<\/title>\n<meta name=\"robots\" content=\"index, follow, max-snippet:-1, max-image-preview:large, max-video-preview:-1\" \/>\n<link rel=\"canonical\" href=\"https:\/\/zeleni-prsten.hr\/portal\/partneri-za-prirodu-3\/\" \/>\n<meta property=\"og:locale\" content=\"hr_HR\" \/>\n<meta property=\"og:type\" content=\"article\" \/>\n<meta property=\"og:title\" content=\"Partneri za prirodu - JU Zeleni prsten Zagreba\u010dke \u017eupanije\" \/>\n<meta property=\"og:description\" content=\"Dana 18.02.2021. godine odr\u017ean je on-line konzultativni sastanak s ciljem boljeg povezivanja organizacija civilnog dru\u0161tva i javnih ustanova za upravljanje za\u0161ti\u0107enim dijelovima prirode u Hrvatskoj.\u00a0Fokus sastanka je bio na o\u010duvanju najve\u0107e kolonije crvenokljunih \u010digri u kontinentalnoj Hrvatskoj kao ciljne vrste [&hellip;]\" \/>\n<meta property=\"og:url\" content=\"https:\/\/zeleni-prsten.hr\/portal\/partneri-za-prirodu-3\/\" \/>\n<meta property=\"og:site_name\" content=\"JU Zeleni prsten Zagreba\u010dke \u017eupanije\" \/>\n<meta property=\"article:published_time\" content=\"2021-02-19T11:37:20+00:00\" \/>\n<meta property=\"article:modified_time\" content=\"2022-03-14T07:16:20+00:00\" \/>\n<meta property=\"og:image\" content=\"https:\/\/zeleni-prsten.hr\/portal\/wp-content\/uploads\/2021\/02\/capture-20210218-171623.png\" \/>\n\t<meta property=\"og:image:width\" content=\"1938\" \/>\n\t<meta property=\"og:image:height\" content=\"1048\" \/>\n\t<meta property=\"og:image:type\" content=\"image\/png\" \/>\n<meta name=\"twitter:card\" content=\"summary_large_image\" \/>\n<meta name=\"twitter:label1\" content=\"Napisao\/la\" \/>\n\t<meta name=\"twitter:data1\" content=\"\u017deljka \u0160abari\u0107\" \/>\n\t<meta name=\"twitter:label2\" content=\"Procijenjeno vrijeme \u010ditanja\" \/>\n\t<meta name=\"twitter:data2\" content=\"2 minute\" \/>\n<script type=\"application\/ld+json\" class=\"yoast-schema-graph\">{\"@context\":\"https:\/\/schema.org\",\"@graph\":[{\"@type\":\"WebSite\",\"@id\":\"https:\/\/zeleni-prsten.hr\/portal\/#website\",\"url\":\"https:\/\/zeleni-prsten.hr\/portal\/\",\"name\":\"JU Zeleni prsten Zagreba\u010dke \u017eupanije\",\"description\":\"JU Zeleni prsten Zagreba\u010dke \u017eupanije\",\"potentialAction\":[{\"@type\":\"SearchAction\",\"target\":{\"@type\":\"EntryPoint\",\"urlTemplate\":\"https:\/\/zeleni-prsten.hr\/portal\/?s={search_term_string}\"},\"query-input\":\"required name=search_term_string\"}],\"inLanguage\":\"hr\"},{\"@type\":\"ImageObject\",\"@id\":\"https:\/\/zeleni-prsten.hr\/portal\/partneri-za-prirodu-3\/#primaryimage\",\"inLanguage\":\"hr\",\"url\":\"https:\/\/zeleni-prsten.hr\/portal\/wp-content\/uploads\/2021\/02\/capture-20210218-171623.png\",\"contentUrl\":\"https:\/\/zeleni-prsten.hr\/portal\/wp-content\/uploads\/2021\/02\/capture-20210218-171623.png\",\"width\":1938,\"height\":1048},{\"@type\":\"WebPage\",\"@id\":\"https:\/\/zeleni-prsten.hr\/portal\/partneri-za-prirodu-3\/#webpage\",\"url\":\"https:\/\/zeleni-prsten.hr\/portal\/partneri-za-prirodu-3\/\",\"name\":\"Partneri za prirodu - JU Zeleni prsten Zagreba\u010dke \u017eupanije\",\"isPartOf\":{\"@id\":\"https:\/\/zeleni-prsten.hr\/portal\/#website\"},\"primaryImageOfPage\":{\"@id\":\"https:\/\/zeleni-prsten.hr\/portal\/partneri-za-prirodu-3\/#primaryimage\"},\"datePublished\":\"2021-02-19T11:37:20+00:00\",\"dateModified\":\"2022-03-14T07:16:20+00:00\",\"author\":{\"@id\":\"https:\/\/zeleni-prsten.hr\/portal\/#\/schema\/person\/055e03bf54bb9f1861485d75b692e69e\"},\"breadcrumb\":{\"@id\":\"https:\/\/zeleni-prsten.hr\/portal\/partneri-za-prirodu-3\/#breadcrumb\"},\"inLanguage\":\"hr\",\"potentialAction\":[{\"@type\":\"ReadAction\",\"target\":[\"https:\/\/zeleni-prsten.hr\/portal\/partneri-za-prirodu-3\/\"]}]},{\"@type\":\"BreadcrumbList\",\"@id\":\"https:\/\/zeleni-prsten.hr\/portal\/partneri-za-prirodu-3\/#breadcrumb\",\"itemListElement\":[{\"@type\":\"ListItem\",\"position\":1,\"name\":\"Home\",\"item\":\"https:\/\/zeleni-prsten.hr\/portal\/\"},{\"@type\":\"ListItem\",\"position\":2,\"name\":\"Partneri za prirodu\"}]},{\"@type\":\"Person\",\"@id\":\"https:\/\/zeleni-prsten.hr\/portal\/#\/schema\/person\/055e03bf54bb9f1861485d75b692e69e\",\"name\":\"\u017deljka \u0160abari\u0107\",\"url\":\"https:\/\/zeleni-prsten.hr\/portal\/author\/zeljka\/\"}]}<\/script>\n<!-- \/ Yoast SEO plugin. -->","yoast_head_json":{"title":"Partneri za prirodu - JU Zeleni prsten Zagreba\u010dke \u017eupanije","robots":{"index":"index","follow":"follow","max-snippet":"max-snippet:-1","max-image-preview":"max-image-preview:large","max-video-preview":"max-video-preview:-1"},"canonical":"https:\/\/zeleni-prsten.hr\/portal\/partneri-za-prirodu-3\/","og_locale":"hr_HR","og_type":"article","og_title":"Partneri za prirodu - JU Zeleni prsten Zagreba\u010dke \u017eupanije","og_description":"Dana 18.02.2021. godine odr\u017ean je on-line konzultativni sastanak s ciljem boljeg povezivanja organizacija civilnog dru\u0161tva i javnih ustanova za upravljanje za\u0161ti\u0107enim dijelovima prirode u Hrvatskoj.\u00a0Fokus sastanka je bio na o\u010duvanju najve\u0107e kolonije crvenokljunih \u010digri u kontinentalnoj Hrvatskoj kao ciljne vrste [&hellip;]","og_url":"https:\/\/zeleni-prsten.hr\/portal\/partneri-za-prirodu-3\/","og_site_name":"JU Zeleni prsten Zagreba\u010dke \u017eupanije","article_published_time":"2021-02-19T11:37:20+00:00","article_modified_time":"2022-03-14T07:16:20+00:00","og_image":[{"width":1938,"height":1048,"url":"https:\/\/zeleni-prsten.hr\/portal\/wp-content\/uploads\/2021\/02\/capture-20210218-171623.png","type":"image\/png"}],"twitter_card":"summary_large_image","twitter_misc":{"Napisao\/la":"\u017deljka \u0160abari\u0107","Procijenjeno vrijeme \u010ditanja":"2 minute"},"schema":{"@context":"https:\/\/schema.org","@graph":[{"@type":"WebSite","@id":"https:\/\/zeleni-prsten.hr\/portal\/#website","url":"https:\/\/zeleni-prsten.hr\/portal\/","name":"JU Zeleni prsten Zagreba\u010dke \u017eupanije","description":"JU Zeleni prsten Zagreba\u010dke \u017eupanije","potentialAction":[{"@type":"SearchAction","target":{"@type":"EntryPoint","urlTemplate":"https:\/\/zeleni-prsten.hr\/portal\/?s={search_term_string}"},"query-input":"required name=search_term_string"}],"inLanguage":"hr"},{"@type":"ImageObject","@id":"https:\/\/zeleni-prsten.hr\/portal\/partneri-za-prirodu-3\/#primaryimage","inLanguage":"hr","url":"https:\/\/zeleni-prsten.hr\/portal\/wp-content\/uploads\/2021\/02\/capture-20210218-171623.png","contentUrl":"https:\/\/zeleni-prsten.hr\/portal\/wp-content\/uploads\/2021\/02\/capture-20210218-171623.png","width":1938,"height":1048},{"@type":"WebPage","@id":"https:\/\/zeleni-prsten.hr\/portal\/partneri-za-prirodu-3\/#webpage","url":"https:\/\/zeleni-prsten.hr\/portal\/partneri-za-prirodu-3\/","name":"Partneri za prirodu - JU Zeleni prsten Zagreba\u010dke \u017eupanije","isPartOf":{"@id":"https:\/\/zeleni-prsten.hr\/portal\/#website"},"primaryImageOfPage":{"@id":"https:\/\/zeleni-prsten.hr\/portal\/partneri-za-prirodu-3\/#primaryimage"},"datePublished":"2021-02-19T11:37:20+00:00","dateModified":"2022-03-14T07:16:20+00:00","author":{"@id":"https:\/\/zeleni-prsten.hr\/portal\/#\/schema\/person\/055e03bf54bb9f1861485d75b692e69e"},"breadcrumb":{"@id":"https:\/\/zeleni-prsten.hr\/portal\/partneri-za-prirodu-3\/#breadcrumb"},"inLanguage":"hr","potentialAction":[{"@type":"ReadAction","target":["https:\/\/zeleni-prsten.hr\/portal\/partneri-za-prirodu-3\/"]}]},{"@type":"BreadcrumbList","@id":"https:\/\/zeleni-prsten.hr\/portal\/partneri-za-prirodu-3\/#breadcrumb","itemListElement":[{"@type":"ListItem","position":1,"name":"Home","item":"https:\/\/zeleni-prsten.hr\/portal\/"},{"@type":"ListItem","position":2,"name":"Partneri za prirodu"}]},{"@type":"Person","@id":"https:\/\/zeleni-prsten.hr\/portal\/#\/schema\/person\/055e03bf54bb9f1861485d75b692e69e","name":"\u017deljka \u0160abari\u0107","url":"https:\/\/zeleni-prsten.hr\/portal\/author\/zeljka\/"}]}},"_links":{"self":[{"href":"https:\/\/zeleni-prsten.hr\/portal\/wp-json\/wp\/v2\/posts\/10217"}],"collection":[{"href":"https:\/\/zeleni-prsten.hr\/portal\/wp-json\/wp\/v2\/posts"}],"about":[{"href":"https:\/\/zeleni-prsten.hr\/portal\/wp-json\/wp\/v2\/types\/post"}],"author":[{"embeddable":true,"href":"https:\/\/zeleni-prsten.hr\/portal\/wp-json\/wp\/v2\/users\/5"}],"replies":[{"embeddable":true,"href":"https:\/\/zeleni-prsten.hr\/portal\/wp-json\/wp\/v2\/comments?post=10217"}],"version-history":[{"count":2,"href":"https:\/\/zeleni-prsten.hr\/portal\/wp-json\/wp\/v2\/posts\/10217\/revisions"}],"predecessor-version":[{"id":12285,"href":"https:\/\/zeleni-prsten.hr\/portal\/wp-json\/wp\/v2\/posts\/10217\/revisions\/12285"}],"wp:featuredmedia":[{"embeddable":true,"href":"https:\/\/zeleni-prsten.hr\/portal\/wp-json\/wp\/v2\/media\/10219"}],"wp:attachment":[{"href":"https:\/\/zeleni-prsten.hr\/portal\/wp-json\/wp\/v2\/media?parent=10217"}],"wp:term":[{"taxonomy":"category","embeddable":true,"href":"https:\/\/zeleni-prsten.hr\/portal\/wp-json\/wp\/v2\/categories?post=10217"},{"taxonomy":"post_tag","embeddable":true,"href":"https:\/\/zeleni-prsten.hr\/portal\/wp-json\/wp\/v2\/tags?post=10217"}],"curies":[{"name":"wp","href":"https:\/\/api.w.org\/{rel}","templated":true}]}}