{"id":10377,"date":"2021-06-02T08:26:42","date_gmt":"2021-06-02T07:26:42","guid":{"rendered":"https:\/\/zeleni-prsten.hr\/web\/?p=10377"},"modified":"2021-06-02T08:26:42","modified_gmt":"2021-06-02T07:26:42","slug":"dan-rijeke-save-5","status":"publish","type":"post","link":"https:\/\/zeleni-prsten.hr\/portal\/dan-rijeke-save-5\/","title":{"rendered":"Dan rijeke Save"},"content":{"rendered":"<p>Dan rijeke Save, jedne od najzanimljivijih i najkompleksnijih rijeka u Europi, obilje\u017eava se 1. lipnja u \u010detiri zemlje u slivu rijeke Save \u2013 Sloveniji, Hrvatskoj, Bosni i Hercegovini i Srbiji.<\/p>\n<p>Sliv Save predstavlja jedan od najraznolikijih i najbolje o\u010duvanih rije\u010dnih sustava u Europi. Veoma je zna\u010dajan zbog svoje izvanredne raznovrsnosti krajolika i bioraznolikost. U njenom slivu se nalaze najve\u0107i kompleksi aluvijalnih mo\u010dvara i velikih ravni\u010darskih \u0161umskih podru\u010dja. Rijeka Sava je primjer rijeke s jo\u0161 uvijek netaknutim plavnim podru\u010djima, koja ubla\u017eavaju poplave i podr\u017eavaju biolo\u0161ku raznolikost. \u010cak 64% toka za\u0161ti\u0107eno je u razli\u010ditim kategorijama. U slivu rijeke Save postoji i sedam ramsarskih podru\u010dja: za\u0161ti\u0107eno podru\u010dje Barda\u010da u BiH, Lonjsko polje i Crna Mlaka u Hrvatskoj; Pe\u0161tersko polje, Obedska bara i Zasavica u Srbiji te Cerkni\u0161ko jezero u Sloveniji. Na podru\u010dju Zagreba\u010dke \u017eupanije nalazi se posebni ornitolo\u0161ki rezervat Sava-Strmec, ali i Natura podru\u010dja Sava uzvodno od Zagreba, Sava kod Hru\u0161\u0107ice sa \u0161ljun\u010darom Rakitje, \u0161to je zadnji dio rijeke Save na kojem nalazimo mno\u0161tvo sprudova i rije\u010dnih otoka, te Sava nizvodno od Hru\u0161\u0107ice. Cjelokupni tok rijeke Save kroz Zagreba\u010dku \u017eupaniju je za\u0161ti\u0107en.<\/p>\n<p>Rijeka Sava iznimno je vrijedna za sve zemlje kojima protje\u010de, a u odnosu na rijeke zapadne Europe, veoma je dobro o\u010duvana. Ona nam donosi vodu koja zna\u010di \u017eivot ne samo za \u010dovjeka, ve\u0107 i za mnoga druga \u017eiva bi\u0107a. Vodocrpili\u0161ta velikih gradova uz Savu ovise o koli\u010dini i kvaliteti vode koju Sava donosi. Svi ti elementi zajedno \u010dine iznimno vrijedan i dragocjen ekosustav koji moramo \u0161tititi jer o njemu ovise brojni \u017eivoti i gospodarstvo. Polovica stanovni\u0161tva pet zemalja kojima poti\u010de Sava \u017eivi u slivu rijeke Save. Konkretno, u Sloveniji u slivu rijeke Save \u017eivi 61% stanovni\u0161tva, u Hrvatskoj 50%, u Bosni i Hercegovini 88%, u Srbiji 26%, a u Crnoj Gori u tom slivu \u017eivi pribli\u017eno jedna tre\u0107ina stanovni\u0161tva.<\/p>\n<p>Rijeku Savu formiraju dvije planinske rje\u010dice, Sava Dolinka (lijeva pritoka) i Sava Bohinjka (desna pritoka). Rijeka Sava duga je 945 km od stjeci\u0161ta tih dviju pritoka kod slovenskog grada Radovljice do u\u0161\u0107a u Dunav u Beogradu (Srbija). U izvori\u0161nom dijelu je prava kr\u0161ka rijeka, brza, divlja i bistra, a prema u\u0161\u0107u je sve sporija i sve zamu\u0107enija. Du\u017e cijelog svog toka Sava prima vodu iz gotovo 250 pritoka! Na podru\u010dju Lijepe na\u0161e ona te\u010de \u010dak 510 kilometara.<\/p>\n<p>Najve\u0107a prijetnja za rijeku Savu su pregra\u0111ivanje rijeke zbog izgradnje hidroelektrana, pretjerano va\u0111enje sedimenta, razvoj plovidbe te razvoj tzv. sive infrastrukture za obranu poplava. U novije vrijeme sve ve\u0107a prijetnja\u00a0 su invazivne strane vrste budu\u0107i da mogu promijeniti strukturu i funkciju ekosustava.\u00a0 Vi\u0161e o problemu invazivnih stranih vrsta u sliku rijeke Save ali i ljepotama Save koje ugro\u017eavaju pogledajte u videu <a href=\"https:\/\/www.youtube.com\/watch?v=I17oqnu4MpQ&amp;t=291s\">Plavo zeleni svijet rijeke Save<\/a>. Video je nastao u sklopu me\u0111unarodnog projekta Sava TIES koji se bavio problematikom invazivnih stranih vrsta u slijevu rijeke Save.<\/p>\n<p><a href=\"http:\/\/zeleni-prsten.hr\/web\/wp-content\/uploads\/2019\/06\/DSCF7967.jpg\"><img loading=\"lazy\" class=\"alignleft wp-image-8923 size-medium\" style=\"margin: 5px;\" src=\"http:\/\/zeleni-prsten.hr\/web\/wp-content\/uploads\/2019\/06\/DSCF7967-200x133.jpg\" alt=\"\" width=\"200\" height=\"133\" \/><\/a> <a href=\"http:\/\/zeleni-prsten.hr\/web\/wp-content\/uploads\/2019\/01\/DSCF8052.jpg\"><img loading=\"lazy\" class=\"alignleft wp-image-8363 size-medium\" style=\"margin: 5px;\" src=\"http:\/\/zeleni-prsten.hr\/web\/wp-content\/uploads\/2019\/01\/DSCF8052-200x133.jpg\" alt=\"\" width=\"200\" height=\"133\" \/><\/a><a href=\"http:\/\/zeleni-prsten.hr\/web\/wp-content\/uploads\/2019\/05\/DSCF7970.jpg\"><img loading=\"lazy\" class=\"alignleft wp-image-8905 size-medium\" style=\"margin: 5px;\" src=\"http:\/\/zeleni-prsten.hr\/web\/wp-content\/uploads\/2019\/05\/DSCF7970-200x133.jpg\" alt=\"\" width=\"200\" height=\"133\" \/><\/a><a href=\"http:\/\/zeleni-prsten.hr\/web\/wp-content\/uploads\/2019\/01\/DJI_0085.jpg\"><img loading=\"lazy\" class=\"alignleft wp-image-8362 size-medium\" style=\"margin: 5px;\" src=\"http:\/\/zeleni-prsten.hr\/web\/wp-content\/uploads\/2019\/01\/DJI_0085-200x150.jpg\" alt=\"\" width=\"200\" height=\"150\" \/><\/a><a href=\"http:\/\/zeleni-prsten.hr\/web\/wp-content\/uploads\/2019\/01\/DJI_0004_Mario-Zilec.jpg\"><img loading=\"lazy\" class=\"alignleft wp-image-8360 size-medium\" style=\"margin: 5px;\" src=\"http:\/\/zeleni-prsten.hr\/web\/wp-content\/uploads\/2019\/01\/DJI_0004_Mario-Zilec-200x150.jpg\" alt=\"\" width=\"200\" height=\"150\" \/><\/a><\/p>\n","protected":false},"excerpt":{"rendered":"<p>Dan rijeke Save, jedne od najzanimljivijih i najkompleksnijih rijeka u Europi, obilje\u017eava se 1. lipnja u \u010detiri zemlje u slivu rijeke Save \u2013 Sloveniji, Hrvatskoj, Bosni i Hercegovini i Srbiji. Sliv Save predstavlja jedan od najraznolikijih i najbolje o\u010duvanih rije\u010dnih [&hellip;]<\/p>\n","protected":false},"author":5,"featured_media":10228,"comment_status":"closed","ping_status":"closed","sticky":false,"template":"","format":"standard","meta":{"ngg_post_thumbnail":0},"categories":[59],"tags":[65,67,243,245],"yoast_head":"<!-- This site is optimized with the Yoast SEO plugin v18.4.1 - https:\/\/yoast.com\/wordpress\/plugins\/seo\/ -->\n<title>Dan rijeke Save - JU Zeleni prsten Zagreba\u010dke \u017eupanije<\/title>\n<meta name=\"robots\" content=\"index, follow, max-snippet:-1, max-image-preview:large, max-video-preview:-1\" \/>\n<link rel=\"canonical\" href=\"https:\/\/zeleni-prsten.hr\/portal\/dan-rijeke-save-5\/\" \/>\n<meta property=\"og:locale\" content=\"hr_HR\" \/>\n<meta property=\"og:type\" content=\"article\" \/>\n<meta property=\"og:title\" content=\"Dan rijeke Save - JU Zeleni prsten Zagreba\u010dke \u017eupanije\" \/>\n<meta property=\"og:description\" content=\"Dan rijeke Save, jedne od najzanimljivijih i najkompleksnijih rijeka u Europi, obilje\u017eava se 1. lipnja u \u010detiri zemlje u slivu rijeke Save \u2013 Sloveniji, Hrvatskoj, Bosni i Hercegovini i Srbiji. Sliv Save predstavlja jedan od najraznolikijih i najbolje o\u010duvanih rije\u010dnih [&hellip;]\" \/>\n<meta property=\"og:url\" content=\"https:\/\/zeleni-prsten.hr\/portal\/dan-rijeke-save-5\/\" \/>\n<meta property=\"og:site_name\" content=\"JU Zeleni prsten Zagreba\u010dke \u017eupanije\" \/>\n<meta property=\"article:published_time\" content=\"2021-06-02T07:26:42+00:00\" \/>\n<meta property=\"og:image\" content=\"https:\/\/zeleni-prsten.hr\/portal\/wp-content\/uploads\/2021\/02\/Sava-Mario-Zilec-Copy.jpg\" \/>\n\t<meta property=\"og:image:width\" content=\"1024\" \/>\n\t<meta property=\"og:image:height\" content=\"768\" \/>\n\t<meta property=\"og:image:type\" content=\"image\/jpeg\" \/>\n<meta name=\"twitter:card\" content=\"summary_large_image\" \/>\n<meta name=\"twitter:label1\" content=\"Napisao\/la\" \/>\n\t<meta name=\"twitter:data1\" content=\"\u017deljka \u0160abari\u0107\" \/>\n\t<meta name=\"twitter:label2\" content=\"Procijenjeno vrijeme \u010ditanja\" \/>\n\t<meta name=\"twitter:data2\" content=\"3 minute\" \/>\n<script type=\"application\/ld+json\" class=\"yoast-schema-graph\">{\"@context\":\"https:\/\/schema.org\",\"@graph\":[{\"@type\":\"WebSite\",\"@id\":\"https:\/\/zeleni-prsten.hr\/portal\/#website\",\"url\":\"https:\/\/zeleni-prsten.hr\/portal\/\",\"name\":\"JU Zeleni prsten Zagreba\u010dke \u017eupanije\",\"description\":\"JU Zeleni prsten Zagreba\u010dke \u017eupanije\",\"potentialAction\":[{\"@type\":\"SearchAction\",\"target\":{\"@type\":\"EntryPoint\",\"urlTemplate\":\"https:\/\/zeleni-prsten.hr\/portal\/?s={search_term_string}\"},\"query-input\":\"required name=search_term_string\"}],\"inLanguage\":\"hr\"},{\"@type\":\"ImageObject\",\"@id\":\"https:\/\/zeleni-prsten.hr\/portal\/dan-rijeke-save-5\/#primaryimage\",\"inLanguage\":\"hr\",\"url\":\"https:\/\/zeleni-prsten.hr\/portal\/wp-content\/uploads\/2021\/02\/Sava-Mario-Zilec-Copy.jpg\",\"contentUrl\":\"https:\/\/zeleni-prsten.hr\/portal\/wp-content\/uploads\/2021\/02\/Sava-Mario-Zilec-Copy.jpg\",\"width\":1024,\"height\":768},{\"@type\":\"WebPage\",\"@id\":\"https:\/\/zeleni-prsten.hr\/portal\/dan-rijeke-save-5\/#webpage\",\"url\":\"https:\/\/zeleni-prsten.hr\/portal\/dan-rijeke-save-5\/\",\"name\":\"Dan rijeke Save - JU Zeleni prsten Zagreba\u010dke \u017eupanije\",\"isPartOf\":{\"@id\":\"https:\/\/zeleni-prsten.hr\/portal\/#website\"},\"primaryImageOfPage\":{\"@id\":\"https:\/\/zeleni-prsten.hr\/portal\/dan-rijeke-save-5\/#primaryimage\"},\"datePublished\":\"2021-06-02T07:26:42+00:00\",\"dateModified\":\"2021-06-02T07:26:42+00:00\",\"author\":{\"@id\":\"https:\/\/zeleni-prsten.hr\/portal\/#\/schema\/person\/055e03bf54bb9f1861485d75b692e69e\"},\"breadcrumb\":{\"@id\":\"https:\/\/zeleni-prsten.hr\/portal\/dan-rijeke-save-5\/#breadcrumb\"},\"inLanguage\":\"hr\",\"potentialAction\":[{\"@type\":\"ReadAction\",\"target\":[\"https:\/\/zeleni-prsten.hr\/portal\/dan-rijeke-save-5\/\"]}]},{\"@type\":\"BreadcrumbList\",\"@id\":\"https:\/\/zeleni-prsten.hr\/portal\/dan-rijeke-save-5\/#breadcrumb\",\"itemListElement\":[{\"@type\":\"ListItem\",\"position\":1,\"name\":\"Home\",\"item\":\"https:\/\/zeleni-prsten.hr\/portal\/\"},{\"@type\":\"ListItem\",\"position\":2,\"name\":\"Dan rijeke Save\"}]},{\"@type\":\"Person\",\"@id\":\"https:\/\/zeleni-prsten.hr\/portal\/#\/schema\/person\/055e03bf54bb9f1861485d75b692e69e\",\"name\":\"\u017deljka \u0160abari\u0107\",\"url\":\"https:\/\/zeleni-prsten.hr\/portal\/author\/zeljka\/\"}]}<\/script>\n<!-- \/ Yoast SEO plugin. -->","yoast_head_json":{"title":"Dan rijeke Save - JU Zeleni prsten Zagreba\u010dke \u017eupanije","robots":{"index":"index","follow":"follow","max-snippet":"max-snippet:-1","max-image-preview":"max-image-preview:large","max-video-preview":"max-video-preview:-1"},"canonical":"https:\/\/zeleni-prsten.hr\/portal\/dan-rijeke-save-5\/","og_locale":"hr_HR","og_type":"article","og_title":"Dan rijeke Save - JU Zeleni prsten Zagreba\u010dke \u017eupanije","og_description":"Dan rijeke Save, jedne od najzanimljivijih i najkompleksnijih rijeka u Europi, obilje\u017eava se 1. lipnja u \u010detiri zemlje u slivu rijeke Save \u2013 Sloveniji, Hrvatskoj, Bosni i Hercegovini i Srbiji. Sliv Save predstavlja jedan od najraznolikijih i najbolje o\u010duvanih rije\u010dnih [&hellip;]","og_url":"https:\/\/zeleni-prsten.hr\/portal\/dan-rijeke-save-5\/","og_site_name":"JU Zeleni prsten Zagreba\u010dke \u017eupanije","article_published_time":"2021-06-02T07:26:42+00:00","og_image":[{"width":1024,"height":768,"url":"https:\/\/zeleni-prsten.hr\/portal\/wp-content\/uploads\/2021\/02\/Sava-Mario-Zilec-Copy.jpg","type":"image\/jpeg"}],"twitter_card":"summary_large_image","twitter_misc":{"Napisao\/la":"\u017deljka \u0160abari\u0107","Procijenjeno vrijeme \u010ditanja":"3 minute"},"schema":{"@context":"https:\/\/schema.org","@graph":[{"@type":"WebSite","@id":"https:\/\/zeleni-prsten.hr\/portal\/#website","url":"https:\/\/zeleni-prsten.hr\/portal\/","name":"JU Zeleni prsten Zagreba\u010dke \u017eupanije","description":"JU Zeleni prsten Zagreba\u010dke \u017eupanije","potentialAction":[{"@type":"SearchAction","target":{"@type":"EntryPoint","urlTemplate":"https:\/\/zeleni-prsten.hr\/portal\/?s={search_term_string}"},"query-input":"required name=search_term_string"}],"inLanguage":"hr"},{"@type":"ImageObject","@id":"https:\/\/zeleni-prsten.hr\/portal\/dan-rijeke-save-5\/#primaryimage","inLanguage":"hr","url":"https:\/\/zeleni-prsten.hr\/portal\/wp-content\/uploads\/2021\/02\/Sava-Mario-Zilec-Copy.jpg","contentUrl":"https:\/\/zeleni-prsten.hr\/portal\/wp-content\/uploads\/2021\/02\/Sava-Mario-Zilec-Copy.jpg","width":1024,"height":768},{"@type":"WebPage","@id":"https:\/\/zeleni-prsten.hr\/portal\/dan-rijeke-save-5\/#webpage","url":"https:\/\/zeleni-prsten.hr\/portal\/dan-rijeke-save-5\/","name":"Dan rijeke Save - JU Zeleni prsten Zagreba\u010dke \u017eupanije","isPartOf":{"@id":"https:\/\/zeleni-prsten.hr\/portal\/#website"},"primaryImageOfPage":{"@id":"https:\/\/zeleni-prsten.hr\/portal\/dan-rijeke-save-5\/#primaryimage"},"datePublished":"2021-06-02T07:26:42+00:00","dateModified":"2021-06-02T07:26:42+00:00","author":{"@id":"https:\/\/zeleni-prsten.hr\/portal\/#\/schema\/person\/055e03bf54bb9f1861485d75b692e69e"},"breadcrumb":{"@id":"https:\/\/zeleni-prsten.hr\/portal\/dan-rijeke-save-5\/#breadcrumb"},"inLanguage":"hr","potentialAction":[{"@type":"ReadAction","target":["https:\/\/zeleni-prsten.hr\/portal\/dan-rijeke-save-5\/"]}]},{"@type":"BreadcrumbList","@id":"https:\/\/zeleni-prsten.hr\/portal\/dan-rijeke-save-5\/#breadcrumb","itemListElement":[{"@type":"ListItem","position":1,"name":"Home","item":"https:\/\/zeleni-prsten.hr\/portal\/"},{"@type":"ListItem","position":2,"name":"Dan rijeke Save"}]},{"@type":"Person","@id":"https:\/\/zeleni-prsten.hr\/portal\/#\/schema\/person\/055e03bf54bb9f1861485d75b692e69e","name":"\u017deljka \u0160abari\u0107","url":"https:\/\/zeleni-prsten.hr\/portal\/author\/zeljka\/"}]}},"_links":{"self":[{"href":"https:\/\/zeleni-prsten.hr\/portal\/wp-json\/wp\/v2\/posts\/10377"}],"collection":[{"href":"https:\/\/zeleni-prsten.hr\/portal\/wp-json\/wp\/v2\/posts"}],"about":[{"href":"https:\/\/zeleni-prsten.hr\/portal\/wp-json\/wp\/v2\/types\/post"}],"author":[{"embeddable":true,"href":"https:\/\/zeleni-prsten.hr\/portal\/wp-json\/wp\/v2\/users\/5"}],"replies":[{"embeddable":true,"href":"https:\/\/zeleni-prsten.hr\/portal\/wp-json\/wp\/v2\/comments?post=10377"}],"version-history":[{"count":0,"href":"https:\/\/zeleni-prsten.hr\/portal\/wp-json\/wp\/v2\/posts\/10377\/revisions"}],"wp:featuredmedia":[{"embeddable":true,"href":"https:\/\/zeleni-prsten.hr\/portal\/wp-json\/wp\/v2\/media\/10228"}],"wp:attachment":[{"href":"https:\/\/zeleni-prsten.hr\/portal\/wp-json\/wp\/v2\/media?parent=10377"}],"wp:term":[{"taxonomy":"category","embeddable":true,"href":"https:\/\/zeleni-prsten.hr\/portal\/wp-json\/wp\/v2\/categories?post=10377"},{"taxonomy":"post_tag","embeddable":true,"href":"https:\/\/zeleni-prsten.hr\/portal\/wp-json\/wp\/v2\/tags?post=10377"}],"curies":[{"name":"wp","href":"https:\/\/api.w.org\/{rel}","templated":true}]}}