{"id":10559,"date":"2021-10-22T13:10:41","date_gmt":"2021-10-22T12:10:41","guid":{"rendered":"https:\/\/zeleni-prsten.hr\/web\/?p=10559"},"modified":"2022-03-07T09:20:33","modified_gmt":"2022-03-07T08:20:33","slug":"obnova-rijeke-save-od-brezica-do-rugvice","status":"publish","type":"post","link":"https:\/\/zeleni-prsten.hr\/portal\/obnova-rijeke-save-od-brezica-do-rugvice\/","title":{"rendered":"Obnova rijeke Save od Bre\u017eica do Rugvice"},"content":{"rendered":"<p>U utorak 19.10.2021. u sjedi\u0161tu Hrvatskih voda u Zagrebu, \u010dlanovi radnog tima projekta Sloboda za su\u017eenu Savu zajedno sa stru\u010dnjacima iz austrijske tvrtke REVITAL prezentirali su rezultate studije za obnovu rijeke Save od Bre\u017eica do Rugvice. Prezentaciju su poslu\u0161ali uva\u017eeni predstavnici Hrvatskih voda i Ministarstva gospodarstva i odr\u017eivog razvoja, od kojih mo\u017eemo posebno istaknuti generalnog direktora Hrvatskih voda &#8211; Zorana \u0110urokovi\u0107a, ravnateljicu Uprave za vodno gospodarstvo i za\u0161titu mora \u2013 Elizabetu Kos, ravnatelja Uprave za za\u0161titu prirode \u2013 Igora Kreitmeyera te ravnatelja Zavoda za za\u0161titu okoli\u0161a i prirode \u2013 Aljo\u0161u Dupli\u0107a.<\/p>\n<p>Sudionici su se slo\u017eili da se radi o inovativnom i potencijalno vrlo dobrom pristupu, a definirani su i neki od idu\u0107ih koraka kako bi se dala jasnija slika o svim koristima koje bi takvo rje\u0161enje donijelo te kako bi se omogu\u0107ila jasna usporedba s ranije predlaganim projektima. Prema rezultatima studije za revitalizaciju, implementacijom predlo\u017eenih mjera doprinijelo bi se rje\u0161avanju nekih od klju\u010dnih problema s kojima su suo\u010deni stanovnici grada Zagreba i Zagreba\u010dke \u017eupanije kao \u0161to su nedostatak sedimenta u koritu Save, pad razine podzemnih voda, nestabilnost temelja mostova i zgrada uz Savu, su\u0161enje \u0161uma i poljoprivrednih povr\u0161ina te gubitak rije\u010dnih stani\u0161ta. Sa\u017eetak studije mo\u017eete preuzeti na poveznici&nbsp;<\/p>\n<p>Projekt Sloboda za Savu zapo\u010deo je u prosincu 2018., a zavr\u0161ava u prosincu 2021. Provode ga njema\u010dka zaklada EuroNatur, Javna ustanova Zeleni prsten Zagreba\u010dke \u017eupanije i Hrvatsko dru\u0161tvo za za\u0161titu ptica i prirode. Vrijednost projekta je 400.000 EUR, a financira ga zaklada Aage V. Jensen. Hvala gospo\u0111i Kos i gospodinu Dupli\u0107u na organizaciji ovog sastanka kao i svim sudionicima na vrijednim komentarima i dosada\u0161njoj suradnji na izradi ove studije.<\/p>\n\n<div class=\"ngg-galleryoverview ngg-template-caption\" id=\"ngg-gallery-f0aafb1aed536031d07606d37fffe3f4-10559\">\n\n\n\t<!-- Thumbnails -->\n    \t\t\n\t<div id=\"ngg-image-141\" class=\"ngg-gallery-thumbnail-box\"  >\n\t\t<div class=\"ngg-gallery-thumbnail\" >\n\t\t\t<a href=\"https:\/\/zeleni-prsten.hr\/portal\/wp-content\/gallery\/obnova-rijeke-save\/Predstavljanje-studije-Obnova-rijeke-Save-3.jpg\"\n               title=\" \"\n               class=\"ngg-simplelightbox\" rel=\"f0aafb1aed536031d07606d37fffe3f4\" data-image-id=\"141\" data-src=\"https:\/\/zeleni-prsten.hr\/portal\/wp-content\/gallery\/obnova-rijeke-save\/Predstavljanje-studije-Obnova-rijeke-Save-3.jpg\" data-thumbnail=\"https:\/\/zeleni-prsten.hr\/portal\/wp-content\/gallery\/obnova-rijeke-save\/cache\/Predstavljanje-studije-Obnova-rijeke-Save-3.jpg-nggid03141-ngg0dyn-360x320x100-00f0w010c011r110f110r010t010.jpg\" data-title=\"Predstavljanje-studije-Obnova-rijeke-Save-3\" data-description=\" \" >\n\t\t\t\t\t\t\t\t<img title=\"Predstavljanje-studije-Obnova-rijeke-Save-3\" alt=\"Predstavljanje-studije-Obnova-rijeke-Save-3\" src=\"https:\/\/zeleni-prsten.hr\/portal\/wp-content\/gallery\/obnova-rijeke-save\/cache\/Predstavljanje-studije-Obnova-rijeke-Save-3.jpg-nggid03141-ngg0dyn-360x320x100-00f0w010c011r110f110r010t010.jpg\" width='360' height='320' \/>\n\t\t\t\t\t\t\t<\/a>\n\t\t\t<span> <\/span>\n\t\t<\/div>\n\t<\/div>\n\t\t \t\t\n\t<div id=\"ngg-image-142\" class=\"ngg-gallery-thumbnail-box\"  >\n\t\t<div class=\"ngg-gallery-thumbnail\" >\n\t\t\t<a href=\"https:\/\/zeleni-prsten.hr\/portal\/wp-content\/gallery\/obnova-rijeke-save\/Predstavljanje-studije-Obnova-rijeke-Save-1.jpg\"\n               title=\" \"\n               class=\"ngg-simplelightbox\" rel=\"f0aafb1aed536031d07606d37fffe3f4\" data-image-id=\"142\" data-src=\"https:\/\/zeleni-prsten.hr\/portal\/wp-content\/gallery\/obnova-rijeke-save\/Predstavljanje-studije-Obnova-rijeke-Save-1.jpg\" data-thumbnail=\"https:\/\/zeleni-prsten.hr\/portal\/wp-content\/gallery\/obnova-rijeke-save\/cache\/Predstavljanje-studije-Obnova-rijeke-Save-1.jpg-nggid03142-ngg0dyn-360x320x100-00f0w010c011r110f110r010t010.jpg\" data-title=\"Predstavljanje-studije-Obnova-rijeke-Save-1\" data-description=\" \" >\n\t\t\t\t\t\t\t\t<img title=\"Predstavljanje-studije-Obnova-rijeke-Save-1\" alt=\"Predstavljanje-studije-Obnova-rijeke-Save-1\" src=\"https:\/\/zeleni-prsten.hr\/portal\/wp-content\/gallery\/obnova-rijeke-save\/cache\/Predstavljanje-studije-Obnova-rijeke-Save-1.jpg-nggid03142-ngg0dyn-360x320x100-00f0w010c011r110f110r010t010.jpg\" width='360' height='320' \/>\n\t\t\t\t\t\t\t<\/a>\n\t\t\t<span> <\/span>\n\t\t<\/div>\n\t<\/div>\n\t\t \t\t\n\t<div id=\"ngg-image-143\" class=\"ngg-gallery-thumbnail-box\"  >\n\t\t<div class=\"ngg-gallery-thumbnail\" >\n\t\t\t<a href=\"https:\/\/zeleni-prsten.hr\/portal\/wp-content\/gallery\/obnova-rijeke-save\/Predstavljanje-studije-Obnova-rijeke-Save-2.jpg\"\n               title=\" \"\n               class=\"ngg-simplelightbox\" rel=\"f0aafb1aed536031d07606d37fffe3f4\" data-image-id=\"143\" data-src=\"https:\/\/zeleni-prsten.hr\/portal\/wp-content\/gallery\/obnova-rijeke-save\/Predstavljanje-studije-Obnova-rijeke-Save-2.jpg\" data-thumbnail=\"https:\/\/zeleni-prsten.hr\/portal\/wp-content\/gallery\/obnova-rijeke-save\/cache\/Predstavljanje-studije-Obnova-rijeke-Save-2.jpg-nggid03143-ngg0dyn-360x320x100-00f0w010c011r110f110r010t010.jpg\" data-title=\"Predstavljanje-studije-Obnova-rijeke-Save-2\" data-description=\" \" >\n\t\t\t\t\t\t\t\t<img title=\"Predstavljanje-studije-Obnova-rijeke-Save-2\" alt=\"Predstavljanje-studije-Obnova-rijeke-Save-2\" src=\"https:\/\/zeleni-prsten.hr\/portal\/wp-content\/gallery\/obnova-rijeke-save\/cache\/Predstavljanje-studije-Obnova-rijeke-Save-2.jpg-nggid03143-ngg0dyn-360x320x100-00f0w010c011r110f110r010t010.jpg\" width='360' height='320' \/>\n\t\t\t\t\t\t\t<\/a>\n\t\t\t<span> <\/span>\n\t\t<\/div>\n\t<\/div>\n\t\t \t \t\n\t<!-- Pagination -->\n \t<div class='ngg-clear'><\/div> \t\n<\/div>\n\n\n","protected":false},"excerpt":{"rendered":"<p>U utorak 19.10.2021. u sjedi\u0161tu Hrvatskih voda u Zagrebu, \u010dlanovi radnog tima projekta Sloboda za su\u017eenu Savu zajedno sa stru\u010dnjacima iz austrijske tvrtke REVITAL prezentirali su rezultate studije za obnovu rijeke Save od Bre\u017eica do Rugvice. Prezentaciju su poslu\u0161ali uva\u017eeni [&hellip;]<\/p>\n","protected":false},"author":5,"featured_media":11969,"comment_status":"closed","ping_status":"closed","sticky":false,"template":"","format":"standard","meta":{"ngg_post_thumbnail":0},"categories":[59],"tags":[65,67,79,81],"yoast_head":"<!-- This site is optimized with the Yoast SEO plugin v18.4.1 - https:\/\/yoast.com\/wordpress\/plugins\/seo\/ -->\n<title>Obnova rijeke Save od Bre\u017eica do Rugvice - JU Zeleni prsten Zagreba\u010dke \u017eupanije<\/title>\n<meta name=\"robots\" content=\"index, follow, max-snippet:-1, max-image-preview:large, max-video-preview:-1\" \/>\n<link rel=\"canonical\" href=\"https:\/\/zeleni-prsten.hr\/portal\/obnova-rijeke-save-od-brezica-do-rugvice\/\" \/>\n<meta property=\"og:locale\" content=\"hr_HR\" \/>\n<meta property=\"og:type\" content=\"article\" \/>\n<meta property=\"og:title\" content=\"Obnova rijeke Save od Bre\u017eica do Rugvice - JU Zeleni prsten Zagreba\u010dke \u017eupanije\" \/>\n<meta property=\"og:description\" content=\"U utorak 19.10.2021. u sjedi\u0161tu Hrvatskih voda u Zagrebu, \u010dlanovi radnog tima projekta Sloboda za su\u017eenu Savu zajedno sa stru\u010dnjacima iz austrijske tvrtke REVITAL prezentirali su rezultate studije za obnovu rijeke Save od Bre\u017eica do Rugvice. Prezentaciju su poslu\u0161ali uva\u017eeni [&hellip;]\" \/>\n<meta property=\"og:url\" content=\"https:\/\/zeleni-prsten.hr\/portal\/obnova-rijeke-save-od-brezica-do-rugvice\/\" \/>\n<meta property=\"og:site_name\" content=\"JU Zeleni prsten Zagreba\u010dke \u017eupanije\" \/>\n<meta property=\"article:published_time\" content=\"2021-10-22T12:10:41+00:00\" \/>\n<meta property=\"article:modified_time\" content=\"2022-03-07T08:20:33+00:00\" \/>\n<meta property=\"og:image\" content=\"https:\/\/zeleni-prsten.hr\/portal\/wp-content\/uploads\/2021\/10\/Sava-by-Roman-Avdagic-140.jpg\" \/>\n\t<meta property=\"og:image:width\" content=\"1280\" \/>\n\t<meta property=\"og:image:height\" content=\"959\" \/>\n\t<meta property=\"og:image:type\" content=\"image\/jpeg\" \/>\n<meta name=\"twitter:card\" content=\"summary_large_image\" \/>\n<meta name=\"twitter:label1\" content=\"Napisao\/la\" \/>\n\t<meta name=\"twitter:data1\" content=\"\u017deljka \u0160abari\u0107\" \/>\n\t<meta name=\"twitter:label2\" content=\"Procijenjeno vrijeme \u010ditanja\" \/>\n\t<meta name=\"twitter:data2\" content=\"2 minute\" \/>\n<script type=\"application\/ld+json\" class=\"yoast-schema-graph\">{\"@context\":\"https:\/\/schema.org\",\"@graph\":[{\"@type\":\"WebSite\",\"@id\":\"https:\/\/zeleni-prsten.hr\/portal\/#website\",\"url\":\"https:\/\/zeleni-prsten.hr\/portal\/\",\"name\":\"JU Zeleni prsten Zagreba\u010dke \u017eupanije\",\"description\":\"JU Zeleni prsten Zagreba\u010dke \u017eupanije\",\"potentialAction\":[{\"@type\":\"SearchAction\",\"target\":{\"@type\":\"EntryPoint\",\"urlTemplate\":\"https:\/\/zeleni-prsten.hr\/portal\/?s={search_term_string}\"},\"query-input\":\"required name=search_term_string\"}],\"inLanguage\":\"hr\"},{\"@type\":\"ImageObject\",\"@id\":\"https:\/\/zeleni-prsten.hr\/portal\/obnova-rijeke-save-od-brezica-do-rugvice\/#primaryimage\",\"inLanguage\":\"hr\",\"url\":\"https:\/\/zeleni-prsten.hr\/portal\/wp-content\/uploads\/2021\/10\/Sava-by-Roman-Avdagic-140.jpg\",\"contentUrl\":\"https:\/\/zeleni-prsten.hr\/portal\/wp-content\/uploads\/2021\/10\/Sava-by-Roman-Avdagic-140.jpg\",\"width\":1280,\"height\":959},{\"@type\":\"WebPage\",\"@id\":\"https:\/\/zeleni-prsten.hr\/portal\/obnova-rijeke-save-od-brezica-do-rugvice\/#webpage\",\"url\":\"https:\/\/zeleni-prsten.hr\/portal\/obnova-rijeke-save-od-brezica-do-rugvice\/\",\"name\":\"Obnova rijeke Save od Bre\u017eica do Rugvice - JU Zeleni prsten Zagreba\u010dke \u017eupanije\",\"isPartOf\":{\"@id\":\"https:\/\/zeleni-prsten.hr\/portal\/#website\"},\"primaryImageOfPage\":{\"@id\":\"https:\/\/zeleni-prsten.hr\/portal\/obnova-rijeke-save-od-brezica-do-rugvice\/#primaryimage\"},\"datePublished\":\"2021-10-22T12:10:41+00:00\",\"dateModified\":\"2022-03-07T08:20:33+00:00\",\"author\":{\"@id\":\"https:\/\/zeleni-prsten.hr\/portal\/#\/schema\/person\/055e03bf54bb9f1861485d75b692e69e\"},\"breadcrumb\":{\"@id\":\"https:\/\/zeleni-prsten.hr\/portal\/obnova-rijeke-save-od-brezica-do-rugvice\/#breadcrumb\"},\"inLanguage\":\"hr\",\"potentialAction\":[{\"@type\":\"ReadAction\",\"target\":[\"https:\/\/zeleni-prsten.hr\/portal\/obnova-rijeke-save-od-brezica-do-rugvice\/\"]}]},{\"@type\":\"BreadcrumbList\",\"@id\":\"https:\/\/zeleni-prsten.hr\/portal\/obnova-rijeke-save-od-brezica-do-rugvice\/#breadcrumb\",\"itemListElement\":[{\"@type\":\"ListItem\",\"position\":1,\"name\":\"Home\",\"item\":\"https:\/\/zeleni-prsten.hr\/portal\/\"},{\"@type\":\"ListItem\",\"position\":2,\"name\":\"Obnova rijeke Save od Bre\u017eica do Rugvice\"}]},{\"@type\":\"Person\",\"@id\":\"https:\/\/zeleni-prsten.hr\/portal\/#\/schema\/person\/055e03bf54bb9f1861485d75b692e69e\",\"name\":\"\u017deljka \u0160abari\u0107\",\"url\":\"https:\/\/zeleni-prsten.hr\/portal\/author\/zeljka\/\"}]}<\/script>\n<!-- \/ Yoast SEO plugin. -->","yoast_head_json":{"title":"Obnova rijeke Save od Bre\u017eica do Rugvice - JU Zeleni prsten Zagreba\u010dke \u017eupanije","robots":{"index":"index","follow":"follow","max-snippet":"max-snippet:-1","max-image-preview":"max-image-preview:large","max-video-preview":"max-video-preview:-1"},"canonical":"https:\/\/zeleni-prsten.hr\/portal\/obnova-rijeke-save-od-brezica-do-rugvice\/","og_locale":"hr_HR","og_type":"article","og_title":"Obnova rijeke Save od Bre\u017eica do Rugvice - JU Zeleni prsten Zagreba\u010dke \u017eupanije","og_description":"U utorak 19.10.2021. u sjedi\u0161tu Hrvatskih voda u Zagrebu, \u010dlanovi radnog tima projekta Sloboda za su\u017eenu Savu zajedno sa stru\u010dnjacima iz austrijske tvrtke REVITAL prezentirali su rezultate studije za obnovu rijeke Save od Bre\u017eica do Rugvice. Prezentaciju su poslu\u0161ali uva\u017eeni [&hellip;]","og_url":"https:\/\/zeleni-prsten.hr\/portal\/obnova-rijeke-save-od-brezica-do-rugvice\/","og_site_name":"JU Zeleni prsten Zagreba\u010dke \u017eupanije","article_published_time":"2021-10-22T12:10:41+00:00","article_modified_time":"2022-03-07T08:20:33+00:00","og_image":[{"width":1280,"height":959,"url":"https:\/\/zeleni-prsten.hr\/portal\/wp-content\/uploads\/2021\/10\/Sava-by-Roman-Avdagic-140.jpg","type":"image\/jpeg"}],"twitter_card":"summary_large_image","twitter_misc":{"Napisao\/la":"\u017deljka \u0160abari\u0107","Procijenjeno vrijeme \u010ditanja":"2 minute"},"schema":{"@context":"https:\/\/schema.org","@graph":[{"@type":"WebSite","@id":"https:\/\/zeleni-prsten.hr\/portal\/#website","url":"https:\/\/zeleni-prsten.hr\/portal\/","name":"JU Zeleni prsten Zagreba\u010dke \u017eupanije","description":"JU Zeleni prsten Zagreba\u010dke \u017eupanije","potentialAction":[{"@type":"SearchAction","target":{"@type":"EntryPoint","urlTemplate":"https:\/\/zeleni-prsten.hr\/portal\/?s={search_term_string}"},"query-input":"required name=search_term_string"}],"inLanguage":"hr"},{"@type":"ImageObject","@id":"https:\/\/zeleni-prsten.hr\/portal\/obnova-rijeke-save-od-brezica-do-rugvice\/#primaryimage","inLanguage":"hr","url":"https:\/\/zeleni-prsten.hr\/portal\/wp-content\/uploads\/2021\/10\/Sava-by-Roman-Avdagic-140.jpg","contentUrl":"https:\/\/zeleni-prsten.hr\/portal\/wp-content\/uploads\/2021\/10\/Sava-by-Roman-Avdagic-140.jpg","width":1280,"height":959},{"@type":"WebPage","@id":"https:\/\/zeleni-prsten.hr\/portal\/obnova-rijeke-save-od-brezica-do-rugvice\/#webpage","url":"https:\/\/zeleni-prsten.hr\/portal\/obnova-rijeke-save-od-brezica-do-rugvice\/","name":"Obnova rijeke Save od Bre\u017eica do Rugvice - JU Zeleni prsten Zagreba\u010dke \u017eupanije","isPartOf":{"@id":"https:\/\/zeleni-prsten.hr\/portal\/#website"},"primaryImageOfPage":{"@id":"https:\/\/zeleni-prsten.hr\/portal\/obnova-rijeke-save-od-brezica-do-rugvice\/#primaryimage"},"datePublished":"2021-10-22T12:10:41+00:00","dateModified":"2022-03-07T08:20:33+00:00","author":{"@id":"https:\/\/zeleni-prsten.hr\/portal\/#\/schema\/person\/055e03bf54bb9f1861485d75b692e69e"},"breadcrumb":{"@id":"https:\/\/zeleni-prsten.hr\/portal\/obnova-rijeke-save-od-brezica-do-rugvice\/#breadcrumb"},"inLanguage":"hr","potentialAction":[{"@type":"ReadAction","target":["https:\/\/zeleni-prsten.hr\/portal\/obnova-rijeke-save-od-brezica-do-rugvice\/"]}]},{"@type":"BreadcrumbList","@id":"https:\/\/zeleni-prsten.hr\/portal\/obnova-rijeke-save-od-brezica-do-rugvice\/#breadcrumb","itemListElement":[{"@type":"ListItem","position":1,"name":"Home","item":"https:\/\/zeleni-prsten.hr\/portal\/"},{"@type":"ListItem","position":2,"name":"Obnova rijeke Save od Bre\u017eica do Rugvice"}]},{"@type":"Person","@id":"https:\/\/zeleni-prsten.hr\/portal\/#\/schema\/person\/055e03bf54bb9f1861485d75b692e69e","name":"\u017deljka \u0160abari\u0107","url":"https:\/\/zeleni-prsten.hr\/portal\/author\/zeljka\/"}]}},"_links":{"self":[{"href":"https:\/\/zeleni-prsten.hr\/portal\/wp-json\/wp\/v2\/posts\/10559"}],"collection":[{"href":"https:\/\/zeleni-prsten.hr\/portal\/wp-json\/wp\/v2\/posts"}],"about":[{"href":"https:\/\/zeleni-prsten.hr\/portal\/wp-json\/wp\/v2\/types\/post"}],"author":[{"embeddable":true,"href":"https:\/\/zeleni-prsten.hr\/portal\/wp-json\/wp\/v2\/users\/5"}],"replies":[{"embeddable":true,"href":"https:\/\/zeleni-prsten.hr\/portal\/wp-json\/wp\/v2\/comments?post=10559"}],"version-history":[{"count":3,"href":"https:\/\/zeleni-prsten.hr\/portal\/wp-json\/wp\/v2\/posts\/10559\/revisions"}],"predecessor-version":[{"id":11974,"href":"https:\/\/zeleni-prsten.hr\/portal\/wp-json\/wp\/v2\/posts\/10559\/revisions\/11974"}],"wp:featuredmedia":[{"embeddable":true,"href":"https:\/\/zeleni-prsten.hr\/portal\/wp-json\/wp\/v2\/media\/11969"}],"wp:attachment":[{"href":"https:\/\/zeleni-prsten.hr\/portal\/wp-json\/wp\/v2\/media?parent=10559"}],"wp:term":[{"taxonomy":"category","embeddable":true,"href":"https:\/\/zeleni-prsten.hr\/portal\/wp-json\/wp\/v2\/categories?post=10559"},{"taxonomy":"post_tag","embeddable":true,"href":"https:\/\/zeleni-prsten.hr\/portal\/wp-json\/wp\/v2\/tags?post=10559"}],"curies":[{"name":"wp","href":"https:\/\/api.w.org\/{rel}","templated":true}]}}