{"id":10646,"date":"2022-01-21T10:53:42","date_gmt":"2022-01-21T09:53:42","guid":{"rendered":"https:\/\/zeleni-prsten.hr\/web\/?p=10646"},"modified":"2022-02-25T11:20:12","modified_gmt":"2022-02-25T10:20:12","slug":"sava-nekad-i-danas","status":"publish","type":"post","link":"https:\/\/zeleni-prsten.hr\/portal\/sava-nekad-i-danas\/","title":{"rendered":"Sava nekad i danas"},"content":{"rendered":"<p>S ponosom predstavljamo promotivni video u kojem su ukratko predstavljeni klju\u010dni problemi vezani uz rijeku Savu, od pregradnje rijeke branama do nedostatka \u0161ljunka i sni\u017eavanja razine vodnog lica u nadzemlju i podzemlju. Sve ovo zajedno dovelo je do velike ugro\u017eenosti izvora pitke vode grada Zagreba i okolice, o kojima ovisi gotovo milijun ljudi te isu\u0161ivanja \u0161uma i poljoprivrednih povr\u0161ina. Video mo\u017eete pogledati na linku&nbsp;<a href=\"https:\/\/youtu.be\/uuqc-aiaNUg\">Restauracija rijeke Save.<\/a><\/p>\n<p>Rje\u0161enja predlo\u017eena studijom koju je za nas razvila austrijska tvrtka REVITAL su moderna i isprobana te zasnovana na prirodi, a nude velik potencijal za stvaranje mnogobrojnih koristi za \u0161ire podru\u010dje. Neke od njih su pobolj\u0161anje stanja izvora pitke vode, stvaranje turistima atraktivnih podru\u010dja, stvaranje novih rekreacijskih sadr\u017eaja, smanjenje rizika od poplave te zadovoljavanje kriterija EU vezanih uz Direktivu o pticama, Direktivu o stani\u0161tima i Okvirnu direktivu o vodama. Studiju mo\u017eete preuzeti na linku <\/p>\n<p>Studija i video napravljeni su u sklopu projekta Sloboda za Savu kojeg provode njema\u010dka zaklada EuroNatur, Javna ustanova Zeleni prsten Zagreba\u010dke \u017eupanije i Hrvatsko dru\u0161tvo za za\u0161titu ptica i prirode. Vrijednost projekta je 400.000 EUR, a financira je europskim novcem.<\/p>\n","protected":false},"excerpt":{"rendered":"<p>S ponosom predstavljamo promotivni video u kojem su ukratko predstavljeni klju\u010dni problemi vezani uz rijeku Savu, od pregradnje rijeke branama do nedostatka \u0161ljunka i sni\u017eavanja razine vodnog lica u nadzemlju i podzemlju. Sve ovo zajedno dovelo je do velike ugro\u017eenosti [&hellip;]<\/p>\n","protected":false},"author":5,"featured_media":10792,"comment_status":"closed","ping_status":"closed","sticky":false,"template":"","format":"standard","meta":{"ngg_post_thumbnail":0},"categories":[59,287],"tags":[],"yoast_head":"<!-- This site is optimized with the Yoast SEO plugin v18.4.1 - https:\/\/yoast.com\/wordpress\/plugins\/seo\/ -->\n<title>Sava nekad i danas - JU Zeleni prsten Zagreba\u010dke \u017eupanije<\/title>\n<meta name=\"robots\" content=\"index, follow, max-snippet:-1, max-image-preview:large, max-video-preview:-1\" \/>\n<link rel=\"canonical\" href=\"https:\/\/zeleni-prsten.hr\/portal\/sava-nekad-i-danas\/\" \/>\n<meta property=\"og:locale\" content=\"hr_HR\" \/>\n<meta property=\"og:type\" content=\"article\" \/>\n<meta property=\"og:title\" content=\"Sava nekad i danas - JU Zeleni prsten Zagreba\u010dke \u017eupanije\" \/>\n<meta property=\"og:description\" content=\"S ponosom predstavljamo promotivni video u kojem su ukratko predstavljeni klju\u010dni problemi vezani uz rijeku Savu, od pregradnje rijeke branama do nedostatka \u0161ljunka i sni\u017eavanja razine vodnog lica u nadzemlju i podzemlju. Sve ovo zajedno dovelo je do velike ugro\u017eenosti [&hellip;]\" \/>\n<meta property=\"og:url\" content=\"https:\/\/zeleni-prsten.hr\/portal\/sava-nekad-i-danas\/\" \/>\n<meta property=\"og:site_name\" content=\"JU Zeleni prsten Zagreba\u010dke \u017eupanije\" \/>\n<meta property=\"article:published_time\" content=\"2022-01-21T09:53:42+00:00\" \/>\n<meta property=\"article:modified_time\" content=\"2022-02-25T10:20:12+00:00\" \/>\n<meta property=\"og:image\" content=\"https:\/\/zeleni-prsten.hr\/portal\/wp-content\/uploads\/2022\/01\/Sava-Mario-Zilec-Copy.jpg\" \/>\n\t<meta property=\"og:image:width\" content=\"1024\" \/>\n\t<meta property=\"og:image:height\" content=\"768\" \/>\n\t<meta property=\"og:image:type\" content=\"image\/jpeg\" \/>\n<meta name=\"twitter:card\" content=\"summary_large_image\" \/>\n<meta name=\"twitter:label1\" content=\"Napisao\/la\" \/>\n\t<meta name=\"twitter:data1\" content=\"\u017deljka \u0160abari\u0107\" \/>\n\t<meta name=\"twitter:label2\" content=\"Procijenjeno vrijeme \u010ditanja\" \/>\n\t<meta name=\"twitter:data2\" content=\"1 minuta\" \/>\n<script type=\"application\/ld+json\" class=\"yoast-schema-graph\">{\"@context\":\"https:\/\/schema.org\",\"@graph\":[{\"@type\":\"WebSite\",\"@id\":\"https:\/\/zeleni-prsten.hr\/portal\/#website\",\"url\":\"https:\/\/zeleni-prsten.hr\/portal\/\",\"name\":\"JU Zeleni prsten Zagreba\u010dke \u017eupanije\",\"description\":\"JU Zeleni prsten Zagreba\u010dke \u017eupanije\",\"potentialAction\":[{\"@type\":\"SearchAction\",\"target\":{\"@type\":\"EntryPoint\",\"urlTemplate\":\"https:\/\/zeleni-prsten.hr\/portal\/?s={search_term_string}\"},\"query-input\":\"required name=search_term_string\"}],\"inLanguage\":\"hr\"},{\"@type\":\"ImageObject\",\"@id\":\"https:\/\/zeleni-prsten.hr\/portal\/sava-nekad-i-danas\/#primaryimage\",\"inLanguage\":\"hr\",\"url\":\"https:\/\/zeleni-prsten.hr\/portal\/wp-content\/uploads\/2022\/01\/Sava-Mario-Zilec-Copy.jpg\",\"contentUrl\":\"https:\/\/zeleni-prsten.hr\/portal\/wp-content\/uploads\/2022\/01\/Sava-Mario-Zilec-Copy.jpg\",\"width\":1024,\"height\":768},{\"@type\":\"WebPage\",\"@id\":\"https:\/\/zeleni-prsten.hr\/portal\/sava-nekad-i-danas\/#webpage\",\"url\":\"https:\/\/zeleni-prsten.hr\/portal\/sava-nekad-i-danas\/\",\"name\":\"Sava nekad i danas - JU Zeleni prsten Zagreba\u010dke \u017eupanije\",\"isPartOf\":{\"@id\":\"https:\/\/zeleni-prsten.hr\/portal\/#website\"},\"primaryImageOfPage\":{\"@id\":\"https:\/\/zeleni-prsten.hr\/portal\/sava-nekad-i-danas\/#primaryimage\"},\"datePublished\":\"2022-01-21T09:53:42+00:00\",\"dateModified\":\"2022-02-25T10:20:12+00:00\",\"author\":{\"@id\":\"https:\/\/zeleni-prsten.hr\/portal\/#\/schema\/person\/055e03bf54bb9f1861485d75b692e69e\"},\"breadcrumb\":{\"@id\":\"https:\/\/zeleni-prsten.hr\/portal\/sava-nekad-i-danas\/#breadcrumb\"},\"inLanguage\":\"hr\",\"potentialAction\":[{\"@type\":\"ReadAction\",\"target\":[\"https:\/\/zeleni-prsten.hr\/portal\/sava-nekad-i-danas\/\"]}]},{\"@type\":\"BreadcrumbList\",\"@id\":\"https:\/\/zeleni-prsten.hr\/portal\/sava-nekad-i-danas\/#breadcrumb\",\"itemListElement\":[{\"@type\":\"ListItem\",\"position\":1,\"name\":\"Home\",\"item\":\"https:\/\/zeleni-prsten.hr\/portal\/\"},{\"@type\":\"ListItem\",\"position\":2,\"name\":\"Sava nekad i danas\"}]},{\"@type\":\"Person\",\"@id\":\"https:\/\/zeleni-prsten.hr\/portal\/#\/schema\/person\/055e03bf54bb9f1861485d75b692e69e\",\"name\":\"\u017deljka \u0160abari\u0107\",\"url\":\"https:\/\/zeleni-prsten.hr\/portal\/author\/zeljka\/\"}]}<\/script>\n<!-- \/ Yoast SEO plugin. -->","yoast_head_json":{"title":"Sava nekad i danas - JU Zeleni prsten Zagreba\u010dke \u017eupanije","robots":{"index":"index","follow":"follow","max-snippet":"max-snippet:-1","max-image-preview":"max-image-preview:large","max-video-preview":"max-video-preview:-1"},"canonical":"https:\/\/zeleni-prsten.hr\/portal\/sava-nekad-i-danas\/","og_locale":"hr_HR","og_type":"article","og_title":"Sava nekad i danas - JU Zeleni prsten Zagreba\u010dke \u017eupanije","og_description":"S ponosom predstavljamo promotivni video u kojem su ukratko predstavljeni klju\u010dni problemi vezani uz rijeku Savu, od pregradnje rijeke branama do nedostatka \u0161ljunka i sni\u017eavanja razine vodnog lica u nadzemlju i podzemlju. Sve ovo zajedno dovelo je do velike ugro\u017eenosti [&hellip;]","og_url":"https:\/\/zeleni-prsten.hr\/portal\/sava-nekad-i-danas\/","og_site_name":"JU Zeleni prsten Zagreba\u010dke \u017eupanije","article_published_time":"2022-01-21T09:53:42+00:00","article_modified_time":"2022-02-25T10:20:12+00:00","og_image":[{"width":1024,"height":768,"url":"https:\/\/zeleni-prsten.hr\/portal\/wp-content\/uploads\/2022\/01\/Sava-Mario-Zilec-Copy.jpg","type":"image\/jpeg"}],"twitter_card":"summary_large_image","twitter_misc":{"Napisao\/la":"\u017deljka \u0160abari\u0107","Procijenjeno vrijeme \u010ditanja":"1 minuta"},"schema":{"@context":"https:\/\/schema.org","@graph":[{"@type":"WebSite","@id":"https:\/\/zeleni-prsten.hr\/portal\/#website","url":"https:\/\/zeleni-prsten.hr\/portal\/","name":"JU Zeleni prsten Zagreba\u010dke \u017eupanije","description":"JU Zeleni prsten Zagreba\u010dke \u017eupanije","potentialAction":[{"@type":"SearchAction","target":{"@type":"EntryPoint","urlTemplate":"https:\/\/zeleni-prsten.hr\/portal\/?s={search_term_string}"},"query-input":"required name=search_term_string"}],"inLanguage":"hr"},{"@type":"ImageObject","@id":"https:\/\/zeleni-prsten.hr\/portal\/sava-nekad-i-danas\/#primaryimage","inLanguage":"hr","url":"https:\/\/zeleni-prsten.hr\/portal\/wp-content\/uploads\/2022\/01\/Sava-Mario-Zilec-Copy.jpg","contentUrl":"https:\/\/zeleni-prsten.hr\/portal\/wp-content\/uploads\/2022\/01\/Sava-Mario-Zilec-Copy.jpg","width":1024,"height":768},{"@type":"WebPage","@id":"https:\/\/zeleni-prsten.hr\/portal\/sava-nekad-i-danas\/#webpage","url":"https:\/\/zeleni-prsten.hr\/portal\/sava-nekad-i-danas\/","name":"Sava nekad i danas - JU Zeleni prsten Zagreba\u010dke \u017eupanije","isPartOf":{"@id":"https:\/\/zeleni-prsten.hr\/portal\/#website"},"primaryImageOfPage":{"@id":"https:\/\/zeleni-prsten.hr\/portal\/sava-nekad-i-danas\/#primaryimage"},"datePublished":"2022-01-21T09:53:42+00:00","dateModified":"2022-02-25T10:20:12+00:00","author":{"@id":"https:\/\/zeleni-prsten.hr\/portal\/#\/schema\/person\/055e03bf54bb9f1861485d75b692e69e"},"breadcrumb":{"@id":"https:\/\/zeleni-prsten.hr\/portal\/sava-nekad-i-danas\/#breadcrumb"},"inLanguage":"hr","potentialAction":[{"@type":"ReadAction","target":["https:\/\/zeleni-prsten.hr\/portal\/sava-nekad-i-danas\/"]}]},{"@type":"BreadcrumbList","@id":"https:\/\/zeleni-prsten.hr\/portal\/sava-nekad-i-danas\/#breadcrumb","itemListElement":[{"@type":"ListItem","position":1,"name":"Home","item":"https:\/\/zeleni-prsten.hr\/portal\/"},{"@type":"ListItem","position":2,"name":"Sava nekad i danas"}]},{"@type":"Person","@id":"https:\/\/zeleni-prsten.hr\/portal\/#\/schema\/person\/055e03bf54bb9f1861485d75b692e69e","name":"\u017deljka \u0160abari\u0107","url":"https:\/\/zeleni-prsten.hr\/portal\/author\/zeljka\/"}]}},"_links":{"self":[{"href":"https:\/\/zeleni-prsten.hr\/portal\/wp-json\/wp\/v2\/posts\/10646"}],"collection":[{"href":"https:\/\/zeleni-prsten.hr\/portal\/wp-json\/wp\/v2\/posts"}],"about":[{"href":"https:\/\/zeleni-prsten.hr\/portal\/wp-json\/wp\/v2\/types\/post"}],"author":[{"embeddable":true,"href":"https:\/\/zeleni-prsten.hr\/portal\/wp-json\/wp\/v2\/users\/5"}],"replies":[{"embeddable":true,"href":"https:\/\/zeleni-prsten.hr\/portal\/wp-json\/wp\/v2\/comments?post=10646"}],"version-history":[{"count":3,"href":"https:\/\/zeleni-prsten.hr\/portal\/wp-json\/wp\/v2\/posts\/10646\/revisions"}],"predecessor-version":[{"id":11403,"href":"https:\/\/zeleni-prsten.hr\/portal\/wp-json\/wp\/v2\/posts\/10646\/revisions\/11403"}],"wp:featuredmedia":[{"embeddable":true,"href":"https:\/\/zeleni-prsten.hr\/portal\/wp-json\/wp\/v2\/media\/10792"}],"wp:attachment":[{"href":"https:\/\/zeleni-prsten.hr\/portal\/wp-json\/wp\/v2\/media?parent=10646"}],"wp:term":[{"taxonomy":"category","embeddable":true,"href":"https:\/\/zeleni-prsten.hr\/portal\/wp-json\/wp\/v2\/categories?post=10646"},{"taxonomy":"post_tag","embeddable":true,"href":"https:\/\/zeleni-prsten.hr\/portal\/wp-json\/wp\/v2\/tags?post=10646"}],"curies":[{"name":"wp","href":"https:\/\/api.w.org\/{rel}","templated":true}]}}