{"id":10655,"date":"2022-02-02T10:47:20","date_gmt":"2022-02-02T09:47:20","guid":{"rendered":"https:\/\/zeleni-prsten.hr\/web\/?p=10655"},"modified":"2022-03-07T08:55:43","modified_gmt":"2022-03-07T07:55:43","slug":"svjetski-dan-mocvarnih-stanista","status":"publish","type":"post","link":"https:\/\/zeleni-prsten.hr\/portal\/svjetski-dan-mocvarnih-stanista\/","title":{"rendered":"Svjetski dan mo\u010dvarnih stani\u0161ta"},"content":{"rendered":"<p>Vla\u017enim (mo\u010dvarnim) stani\u0161tima smatraju se mo\u010dvare, bare, treseti\u0161ta, rijeke, potoci, u\u0161\u0107a rijeka, uklju\u010duju\u0107i podru\u010dja morske vode \u010dija dubina u oseci ne prelazi \u0161est metara.&nbsp;Mo\u010dvarna stani\u0161ta su pru\u017eatelji \u017eivota, one osiguravaju hranu (ri\u017eu, ribu) za 3,5 milijardi ljudi, naju\u010dinkovitije su kopneno skladi\u0161ta ugljika, a istovremeno dom za 40 % vrsta biljaka i \u017eivotinja. Vrijednost mo\u010dvarnih stani\u0161ta vezana je i uz obnavljanje zaliha podzemnih voda, u\u010dvr\u0161\u0107ivanje obala, zadr\u017eavanje hranjivih tvari i sedimenata, ubla\u017eavanje klimatskih promjena i pro\u010di\u0161\u0107avanje vode.<\/p>\n<p>Danas mo\u010dvarni ekosustavi nestaju tri puta br\u017ee nego \u0161ume &#8211; od 1970. godine smo izgubili oko 35 % mo\u010dvarnih ekosustava. Vrijeme je da se taj trend zaustavi, da se voda i prirodna vegetacija vrati uni\u0161tenim mo\u010dvarnim stani\u0161tima, za dobrobit svih \u017eivih bi\u0107a na planeti.<\/p>\n<p>Svjetski dan mo\u010dvarnih stani\u0161ta obilje\u017eava se 2. velja\u010de, pod motom&nbsp;\u201eO\u010duvanje vla\u017enih stani\u0161ta &#8211; za ljude i prirodu\u201c. Cilj je podizanje svijest o va\u017enosti o\u010duvanja i odr\u017eivog kori\u0161tenja mo\u010dvara za zdravlje ljudi i cijelog planeta kako bi pokrenuti i usmjeriti ulaganja i aktivnosti za spa\u0161avanje svjetskih mo\u010dvara, kao i restauraciju ve\u0107 izgubljenih. Vla\u017ena stani\u0161ta su klju\u010dna za ubla\u017eavanje klimatskih promjena i o\u010duvanje bioraznolikosti!<\/p>\n<p>Svjetski dan mo\u010dvarnih stani\u0161ta obilje\u017eava se svake godine na dan kada je 1971. godine u iranskom gradu Ramsaru potpisana Konvencija o za\u0161titi mo\u010dvarnih podru\u010dja od me\u0111unarodnog zna\u010daja. Tzv.&nbsp;Ramsarska konvencija&nbsp;obvezuje svaku zemlju potpisnicu na op\u0107e o\u010duvanje mo\u010dvarnih stani\u0161ta na vlastitom teritoriju i predstavlja okvir za me\u0111unarodnu suradnju u za\u0161titi i odr\u017eivom kori\u0161tenju mo\u010dvarnih stani\u0161ta.<\/p>\n<p>Hrvatska je potpisnica Ramsarske konvencije od 1991. godine, a na Ramsarskom popisu su parkovi prirode&nbsp;Kopa\u010dki rit, Lonjsko polje i Vransko jezero, te ribnjaci Crna Mlaka u Jastrebarskom&nbsp;i&nbsp;Donji tok Neretve.&nbsp;Ponosni smo da se jedno od tih pet stani\u0161ta &#8211; Crna Mlaka nalazi u Zagreba\u010dkoj \u017eupaniji i ujedno je jedno od najljep\u0161ih na\u0161ih za\u0161ti\u0107enih podru\u010dja.<\/p>\n<p><a href=\"https:\/\/www.youtube.com\/watch?v=k9UbKlBc3W4\">\u0160to su mo\u010dvarna stani\u0161ta?<\/a><\/p>\n","protected":false},"excerpt":{"rendered":"<p>Vla\u017enim (mo\u010dvarnim) stani\u0161tima smatraju se mo\u010dvare, bare, treseti\u0161ta, rijeke, potoci, u\u0161\u0107a rijeka, uklju\u010duju\u0107i podru\u010dja morske vode \u010dija dubina u oseci ne prelazi \u0161est metara.&nbsp;Mo\u010dvarna stani\u0161ta su pru\u017eatelji \u017eivota, one osiguravaju hranu (ri\u017eu, ribu) za 3,5 milijardi ljudi, naju\u010dinkovitije su kopneno [&hellip;]<\/p>\n","protected":false},"author":5,"featured_media":3920,"comment_status":"closed","ping_status":"closed","sticky":false,"template":"","format":"standard","meta":{"ngg_post_thumbnail":0},"categories":[59],"tags":[],"yoast_head":"<!-- This site is optimized with the Yoast SEO plugin v18.4.1 - https:\/\/yoast.com\/wordpress\/plugins\/seo\/ -->\n<title>Svjetski dan mo\u010dvarnih stani\u0161ta - JU Zeleni prsten Zagreba\u010dke \u017eupanije<\/title>\n<meta name=\"robots\" content=\"index, follow, max-snippet:-1, max-image-preview:large, max-video-preview:-1\" \/>\n<link rel=\"canonical\" href=\"https:\/\/zeleni-prsten.hr\/portal\/svjetski-dan-mocvarnih-stanista\/\" \/>\n<meta property=\"og:locale\" content=\"hr_HR\" \/>\n<meta property=\"og:type\" content=\"article\" \/>\n<meta property=\"og:title\" content=\"Svjetski dan mo\u010dvarnih stani\u0161ta - JU Zeleni prsten Zagreba\u010dke \u017eupanije\" \/>\n<meta property=\"og:description\" content=\"Vla\u017enim (mo\u010dvarnim) stani\u0161tima smatraju se mo\u010dvare, bare, treseti\u0161ta, rijeke, potoci, u\u0161\u0107a rijeka, uklju\u010duju\u0107i podru\u010dja morske vode \u010dija dubina u oseci ne prelazi \u0161est metara.&nbsp;Mo\u010dvarna stani\u0161ta su pru\u017eatelji \u017eivota, one osiguravaju hranu (ri\u017eu, ribu) za 3,5 milijardi ljudi, naju\u010dinkovitije su kopneno [&hellip;]\" \/>\n<meta property=\"og:url\" content=\"https:\/\/zeleni-prsten.hr\/portal\/svjetski-dan-mocvarnih-stanista\/\" \/>\n<meta property=\"og:site_name\" content=\"JU Zeleni prsten Zagreba\u010dke \u017eupanije\" \/>\n<meta property=\"article:published_time\" content=\"2022-02-02T09:47:20+00:00\" \/>\n<meta property=\"article:modified_time\" content=\"2022-03-07T07:55:43+00:00\" \/>\n<meta property=\"og:image\" content=\"https:\/\/zeleni-prsten.hr\/portal\/wp-content\/uploads\/2021\/11\/Crna-Mlaka-G.-Safarek.jpg\" \/>\n\t<meta property=\"og:image:width\" content=\"1920\" \/>\n\t<meta property=\"og:image:height\" content=\"1440\" \/>\n\t<meta property=\"og:image:type\" content=\"image\/jpeg\" \/>\n<meta name=\"twitter:card\" content=\"summary_large_image\" \/>\n<meta name=\"twitter:label1\" content=\"Napisao\/la\" \/>\n\t<meta name=\"twitter:data1\" content=\"\u017deljka \u0160abari\u0107\" \/>\n\t<meta name=\"twitter:label2\" content=\"Procijenjeno vrijeme \u010ditanja\" \/>\n\t<meta name=\"twitter:data2\" content=\"2 minute\" \/>\n<script type=\"application\/ld+json\" class=\"yoast-schema-graph\">{\"@context\":\"https:\/\/schema.org\",\"@graph\":[{\"@type\":\"WebSite\",\"@id\":\"https:\/\/zeleni-prsten.hr\/portal\/#website\",\"url\":\"https:\/\/zeleni-prsten.hr\/portal\/\",\"name\":\"JU Zeleni prsten Zagreba\u010dke \u017eupanije\",\"description\":\"JU Zeleni prsten Zagreba\u010dke \u017eupanije\",\"potentialAction\":[{\"@type\":\"SearchAction\",\"target\":{\"@type\":\"EntryPoint\",\"urlTemplate\":\"https:\/\/zeleni-prsten.hr\/portal\/?s={search_term_string}\"},\"query-input\":\"required name=search_term_string\"}],\"inLanguage\":\"hr\"},{\"@type\":\"ImageObject\",\"@id\":\"https:\/\/zeleni-prsten.hr\/portal\/svjetski-dan-mocvarnih-stanista\/#primaryimage\",\"inLanguage\":\"hr\",\"url\":\"https:\/\/zeleni-prsten.hr\/portal\/wp-content\/uploads\/2021\/11\/Crna-Mlaka-G.-Safarek.jpg\",\"contentUrl\":\"https:\/\/zeleni-prsten.hr\/portal\/wp-content\/uploads\/2021\/11\/Crna-Mlaka-G.-Safarek.jpg\",\"width\":1920,\"height\":1440},{\"@type\":\"WebPage\",\"@id\":\"https:\/\/zeleni-prsten.hr\/portal\/svjetski-dan-mocvarnih-stanista\/#webpage\",\"url\":\"https:\/\/zeleni-prsten.hr\/portal\/svjetski-dan-mocvarnih-stanista\/\",\"name\":\"Svjetski dan mo\u010dvarnih stani\u0161ta - JU Zeleni prsten Zagreba\u010dke \u017eupanije\",\"isPartOf\":{\"@id\":\"https:\/\/zeleni-prsten.hr\/portal\/#website\"},\"primaryImageOfPage\":{\"@id\":\"https:\/\/zeleni-prsten.hr\/portal\/svjetski-dan-mocvarnih-stanista\/#primaryimage\"},\"datePublished\":\"2022-02-02T09:47:20+00:00\",\"dateModified\":\"2022-03-07T07:55:43+00:00\",\"author\":{\"@id\":\"https:\/\/zeleni-prsten.hr\/portal\/#\/schema\/person\/055e03bf54bb9f1861485d75b692e69e\"},\"breadcrumb\":{\"@id\":\"https:\/\/zeleni-prsten.hr\/portal\/svjetski-dan-mocvarnih-stanista\/#breadcrumb\"},\"inLanguage\":\"hr\",\"potentialAction\":[{\"@type\":\"ReadAction\",\"target\":[\"https:\/\/zeleni-prsten.hr\/portal\/svjetski-dan-mocvarnih-stanista\/\"]}]},{\"@type\":\"BreadcrumbList\",\"@id\":\"https:\/\/zeleni-prsten.hr\/portal\/svjetski-dan-mocvarnih-stanista\/#breadcrumb\",\"itemListElement\":[{\"@type\":\"ListItem\",\"position\":1,\"name\":\"Home\",\"item\":\"https:\/\/zeleni-prsten.hr\/portal\/\"},{\"@type\":\"ListItem\",\"position\":2,\"name\":\"Svjetski dan mo\u010dvarnih stani\u0161ta\"}]},{\"@type\":\"Person\",\"@id\":\"https:\/\/zeleni-prsten.hr\/portal\/#\/schema\/person\/055e03bf54bb9f1861485d75b692e69e\",\"name\":\"\u017deljka \u0160abari\u0107\",\"url\":\"https:\/\/zeleni-prsten.hr\/portal\/author\/zeljka\/\"}]}<\/script>\n<!-- \/ Yoast SEO plugin. -->","yoast_head_json":{"title":"Svjetski dan mo\u010dvarnih stani\u0161ta - JU Zeleni prsten Zagreba\u010dke \u017eupanije","robots":{"index":"index","follow":"follow","max-snippet":"max-snippet:-1","max-image-preview":"max-image-preview:large","max-video-preview":"max-video-preview:-1"},"canonical":"https:\/\/zeleni-prsten.hr\/portal\/svjetski-dan-mocvarnih-stanista\/","og_locale":"hr_HR","og_type":"article","og_title":"Svjetski dan mo\u010dvarnih stani\u0161ta - JU Zeleni prsten Zagreba\u010dke \u017eupanije","og_description":"Vla\u017enim (mo\u010dvarnim) stani\u0161tima smatraju se mo\u010dvare, bare, treseti\u0161ta, rijeke, potoci, u\u0161\u0107a rijeka, uklju\u010duju\u0107i podru\u010dja morske vode \u010dija dubina u oseci ne prelazi \u0161est metara.&nbsp;Mo\u010dvarna stani\u0161ta su pru\u017eatelji \u017eivota, one osiguravaju hranu (ri\u017eu, ribu) za 3,5 milijardi ljudi, naju\u010dinkovitije su kopneno [&hellip;]","og_url":"https:\/\/zeleni-prsten.hr\/portal\/svjetski-dan-mocvarnih-stanista\/","og_site_name":"JU Zeleni prsten Zagreba\u010dke \u017eupanije","article_published_time":"2022-02-02T09:47:20+00:00","article_modified_time":"2022-03-07T07:55:43+00:00","og_image":[{"width":1920,"height":1440,"url":"https:\/\/zeleni-prsten.hr\/portal\/wp-content\/uploads\/2021\/11\/Crna-Mlaka-G.-Safarek.jpg","type":"image\/jpeg"}],"twitter_card":"summary_large_image","twitter_misc":{"Napisao\/la":"\u017deljka \u0160abari\u0107","Procijenjeno vrijeme \u010ditanja":"2 minute"},"schema":{"@context":"https:\/\/schema.org","@graph":[{"@type":"WebSite","@id":"https:\/\/zeleni-prsten.hr\/portal\/#website","url":"https:\/\/zeleni-prsten.hr\/portal\/","name":"JU Zeleni prsten Zagreba\u010dke \u017eupanije","description":"JU Zeleni prsten Zagreba\u010dke \u017eupanije","potentialAction":[{"@type":"SearchAction","target":{"@type":"EntryPoint","urlTemplate":"https:\/\/zeleni-prsten.hr\/portal\/?s={search_term_string}"},"query-input":"required name=search_term_string"}],"inLanguage":"hr"},{"@type":"ImageObject","@id":"https:\/\/zeleni-prsten.hr\/portal\/svjetski-dan-mocvarnih-stanista\/#primaryimage","inLanguage":"hr","url":"https:\/\/zeleni-prsten.hr\/portal\/wp-content\/uploads\/2021\/11\/Crna-Mlaka-G.-Safarek.jpg","contentUrl":"https:\/\/zeleni-prsten.hr\/portal\/wp-content\/uploads\/2021\/11\/Crna-Mlaka-G.-Safarek.jpg","width":1920,"height":1440},{"@type":"WebPage","@id":"https:\/\/zeleni-prsten.hr\/portal\/svjetski-dan-mocvarnih-stanista\/#webpage","url":"https:\/\/zeleni-prsten.hr\/portal\/svjetski-dan-mocvarnih-stanista\/","name":"Svjetski dan mo\u010dvarnih stani\u0161ta - JU Zeleni prsten Zagreba\u010dke \u017eupanije","isPartOf":{"@id":"https:\/\/zeleni-prsten.hr\/portal\/#website"},"primaryImageOfPage":{"@id":"https:\/\/zeleni-prsten.hr\/portal\/svjetski-dan-mocvarnih-stanista\/#primaryimage"},"datePublished":"2022-02-02T09:47:20+00:00","dateModified":"2022-03-07T07:55:43+00:00","author":{"@id":"https:\/\/zeleni-prsten.hr\/portal\/#\/schema\/person\/055e03bf54bb9f1861485d75b692e69e"},"breadcrumb":{"@id":"https:\/\/zeleni-prsten.hr\/portal\/svjetski-dan-mocvarnih-stanista\/#breadcrumb"},"inLanguage":"hr","potentialAction":[{"@type":"ReadAction","target":["https:\/\/zeleni-prsten.hr\/portal\/svjetski-dan-mocvarnih-stanista\/"]}]},{"@type":"BreadcrumbList","@id":"https:\/\/zeleni-prsten.hr\/portal\/svjetski-dan-mocvarnih-stanista\/#breadcrumb","itemListElement":[{"@type":"ListItem","position":1,"name":"Home","item":"https:\/\/zeleni-prsten.hr\/portal\/"},{"@type":"ListItem","position":2,"name":"Svjetski dan mo\u010dvarnih stani\u0161ta"}]},{"@type":"Person","@id":"https:\/\/zeleni-prsten.hr\/portal\/#\/schema\/person\/055e03bf54bb9f1861485d75b692e69e","name":"\u017deljka \u0160abari\u0107","url":"https:\/\/zeleni-prsten.hr\/portal\/author\/zeljka\/"}]}},"_links":{"self":[{"href":"https:\/\/zeleni-prsten.hr\/portal\/wp-json\/wp\/v2\/posts\/10655"}],"collection":[{"href":"https:\/\/zeleni-prsten.hr\/portal\/wp-json\/wp\/v2\/posts"}],"about":[{"href":"https:\/\/zeleni-prsten.hr\/portal\/wp-json\/wp\/v2\/types\/post"}],"author":[{"embeddable":true,"href":"https:\/\/zeleni-prsten.hr\/portal\/wp-json\/wp\/v2\/users\/5"}],"replies":[{"embeddable":true,"href":"https:\/\/zeleni-prsten.hr\/portal\/wp-json\/wp\/v2\/comments?post=10655"}],"version-history":[{"count":1,"href":"https:\/\/zeleni-prsten.hr\/portal\/wp-json\/wp\/v2\/posts\/10655\/revisions"}],"predecessor-version":[{"id":10791,"href":"https:\/\/zeleni-prsten.hr\/portal\/wp-json\/wp\/v2\/posts\/10655\/revisions\/10791"}],"wp:featuredmedia":[{"embeddable":true,"href":"https:\/\/zeleni-prsten.hr\/portal\/wp-json\/wp\/v2\/media\/3920"}],"wp:attachment":[{"href":"https:\/\/zeleni-prsten.hr\/portal\/wp-json\/wp\/v2\/media?parent=10655"}],"wp:term":[{"taxonomy":"category","embeddable":true,"href":"https:\/\/zeleni-prsten.hr\/portal\/wp-json\/wp\/v2\/categories?post=10655"},{"taxonomy":"post_tag","embeddable":true,"href":"https:\/\/zeleni-prsten.hr\/portal\/wp-json\/wp\/v2\/tags?post=10655"}],"curies":[{"name":"wp","href":"https:\/\/api.w.org\/{rel}","templated":true}]}}