{"id":12832,"date":"2022-03-30T14:39:07","date_gmt":"2022-03-30T12:39:07","guid":{"rendered":"https:\/\/zeleni-prsten.hr\/portal\/?p=12832"},"modified":"2022-03-30T14:39:07","modified_gmt":"2022-03-30T12:39:07","slug":"planovi-upravljanja-cret-dubravica","status":"publish","type":"post","link":"https:\/\/zeleni-prsten.hr\/portal\/planovi-upravljanja-cret-dubravica\/","title":{"rendered":"PLANOVI UPRAVLJANJA \u2013 Cret Dubravica"},"content":{"rendered":"<p>Prva dioni\u010dka radionica za izradu Plana upravljanja posebnim botani\u010dkim rezervatom Cret Dubravica i pridru\u017eenim podru\u010djem ekolo\u0161ke mre\u017ee odr\u017eana je u ponedjeljak u Mariji Gorici.<\/p>\n<p>Dionici koji djeluju u ovom podru\u010dju pozvani su kako bi se uklju\u010dili u proces izrade plana upravljanja s ciljem unaprje\u0111ivanja suradnje, upoznavanja s projektom, identificiranja vrijednosti, pritisaka i prijetnja podru\u010dja te zajedni\u010dkog definiranja budu\u0107e vizije.<\/p>\n<p>Na radionici su sudjelovali predstavnici Ministarstva gospodarstva i odr\u017eivog razvoja, Op\u0107ine Dubravica i Turisti\u010dke zajednice Savsko \u2013 sutlanska dolina i brigi.<\/p>\n<p>Podru\u010dje creta kod Dubravice s okolnom \u0161umom stavljeno je pod posebnu za\u0161titu 1966. godine na povr\u0161ini od 8,49 ha. Rezervat se nalazi u \u0161umi Dubravica ispod Lugarskog brega na lijevom obronku potoka Dubrava. Cret je gotovo jednoliko pokriven niskom vegetacijom s mjestimice izraslim grmovima johe, krkavine, breze i vrbe.<\/p>\n<p>Zbog rijetkosti, izdvojenosti i male povr\u0161ine, cretovi spadaju me\u0111u kriti\u010dno ugro\u017eena stani\u0161ta Hrvatske. Jedno od posljednjih nalazi\u0161ta okruglolisne rosike u Hrvatskoj je cret Dubravica. Cret je tako\u0111er dom razli\u010ditim vrstama biljaka od kojih su posebno zna\u010dajne tri kriti\u010dno ugro\u017eene biljne vrste: uskolisna suhoperka, mo\u010dvarna bro\u0107ika i bijela \u0161iljkica te ugro\u017eene vrste gljiva: mo\u010dvarna patuljica, cretna patuljica, cretna vla\u017enica i suhoperkina mo\u010dvarnica. Na podru\u010dju creta zabilje\u017eene su i dvije vrste vodozemaca, \u010detrdeset tri vrste leptira i sedam vrsta vretenaca.<\/p>\n<p>Plan upravljanja izra\u0111uje se u sklopu projekta Razvoj okvira za upravljanje ekolo\u0161kom mre\u017eom Natura 2000 koji je financiran sredstvima&nbsp; Europske unije. Plan upravljanja za\u0161ti\u0107enim podru\u010djem i\/ili podru\u010djem ekolo\u0161ke mre\u017ee je strate\u0161ki dokument javne ustanove kojim se utvr\u0111uje stanje za\u0161ti\u0107enog podru\u010dja i\/ili podru\u010dja ekolo\u0161ke mre\u017ee te odre\u0111uju ciljevi upravljanja, aktivnosti za postizanje ciljeva i pokazatelji provedbe plana.<\/p>\n\n<div class=\"ngg-galleryoverview ngg-template-caption\" id=\"ngg-gallery-99d10f324e8b1efb1059afb779e80750-12832\">\n\n\n\t<!-- Thumbnails -->\n    \t\t\n\t<div id=\"ngg-image-543\" class=\"ngg-gallery-thumbnail-box\"  >\n\t\t<div class=\"ngg-gallery-thumbnail\" >\n\t\t\t<a href=\"https:\/\/zeleni-prsten.hr\/portal\/wp-content\/gallery\/pu-cret-dubrava\/1DR-Cret-Dubravica-2.jpg\"\n               title=\" \"\n               class=\"ngg-simplelightbox\" rel=\"99d10f324e8b1efb1059afb779e80750\" data-image-id=\"543\" data-src=\"https:\/\/zeleni-prsten.hr\/portal\/wp-content\/gallery\/pu-cret-dubrava\/1DR-Cret-Dubravica-2.jpg\" data-thumbnail=\"https:\/\/zeleni-prsten.hr\/portal\/wp-content\/gallery\/pu-cret-dubrava\/cache\/1DR-Cret-Dubravica-2.jpg-nggid03543-ngg0dyn-360x320x100-00f0w010c011r110f110r010t010.jpg\" data-title=\"1DR-Cret-Dubravica-2\" data-description=\" \" >\n\t\t\t\t\t\t\t\t<img title=\"1DR-Cret-Dubravica-2\" alt=\"1DR-Cret-Dubravica-2\" src=\"https:\/\/zeleni-prsten.hr\/portal\/wp-content\/gallery\/pu-cret-dubrava\/cache\/1DR-Cret-Dubravica-2.jpg-nggid03543-ngg0dyn-360x320x100-00f0w010c011r110f110r010t010.jpg\" width='360' height='320' \/>\n\t\t\t\t\t\t\t<\/a>\n\t\t\t<span> <\/span>\n\t\t<\/div>\n\t<\/div>\n\t\t \t\t\n\t<div id=\"ngg-image-544\" class=\"ngg-gallery-thumbnail-box\"  >\n\t\t<div class=\"ngg-gallery-thumbnail\" >\n\t\t\t<a href=\"https:\/\/zeleni-prsten.hr\/portal\/wp-content\/gallery\/pu-cret-dubrava\/1DR-Cret-Dubravica.jpg\"\n               title=\" \"\n               class=\"ngg-simplelightbox\" rel=\"99d10f324e8b1efb1059afb779e80750\" data-image-id=\"544\" data-src=\"https:\/\/zeleni-prsten.hr\/portal\/wp-content\/gallery\/pu-cret-dubrava\/1DR-Cret-Dubravica.jpg\" data-thumbnail=\"https:\/\/zeleni-prsten.hr\/portal\/wp-content\/gallery\/pu-cret-dubrava\/cache\/1DR-Cret-Dubravica.jpg-nggid03544-ngg0dyn-360x320x100-00f0w010c011r110f110r010t010.jpg\" data-title=\"1DR-Cret-Dubravica\" data-description=\" \" >\n\t\t\t\t\t\t\t\t<img title=\"1DR-Cret-Dubravica\" alt=\"1DR-Cret-Dubravica\" src=\"https:\/\/zeleni-prsten.hr\/portal\/wp-content\/gallery\/pu-cret-dubrava\/cache\/1DR-Cret-Dubravica.jpg-nggid03544-ngg0dyn-360x320x100-00f0w010c011r110f110r010t010.jpg\" width='360' height='320' \/>\n\t\t\t\t\t\t\t<\/a>\n\t\t\t<span> <\/span>\n\t\t<\/div>\n\t<\/div>\n\t\t \t\t\n\t<div id=\"ngg-image-545\" class=\"ngg-gallery-thumbnail-box\"  >\n\t\t<div class=\"ngg-gallery-thumbnail\" >\n\t\t\t<a href=\"https:\/\/zeleni-prsten.hr\/portal\/wp-content\/gallery\/pu-cret-dubrava\/Okrugolisna-rosika-Cret-Dubravica-G.-Safarek-3.jpg\"\n               title=\" \"\n               class=\"ngg-simplelightbox\" rel=\"99d10f324e8b1efb1059afb779e80750\" data-image-id=\"545\" data-src=\"https:\/\/zeleni-prsten.hr\/portal\/wp-content\/gallery\/pu-cret-dubrava\/Okrugolisna-rosika-Cret-Dubravica-G.-Safarek-3.jpg\" data-thumbnail=\"https:\/\/zeleni-prsten.hr\/portal\/wp-content\/gallery\/pu-cret-dubrava\/cache\/Okrugolisna-rosika-Cret-Dubravica-G.-Safarek-3.jpg-nggid03545-ngg0dyn-360x320x100-00f0w010c011r110f110r010t010.jpg\" data-title=\"Okrugolisna-rosika-Cret-Dubravica-G.-Safarek-3\" data-description=\" \" >\n\t\t\t\t\t\t\t\t<img title=\"Okrugolisna-rosika-Cret-Dubravica-G.-Safarek-3\" alt=\"Okrugolisna-rosika-Cret-Dubravica-G.-Safarek-3\" src=\"https:\/\/zeleni-prsten.hr\/portal\/wp-content\/gallery\/pu-cret-dubrava\/cache\/Okrugolisna-rosika-Cret-Dubravica-G.-Safarek-3.jpg-nggid03545-ngg0dyn-360x320x100-00f0w010c011r110f110r010t010.jpg\" width='360' height='320' \/>\n\t\t\t\t\t\t\t<\/a>\n\t\t\t<span> <\/span>\n\t\t<\/div>\n\t<\/div>\n\t\t \t\t\n\t<div id=\"ngg-image-546\" class=\"ngg-gallery-thumbnail-box\"  >\n\t\t<div class=\"ngg-gallery-thumbnail\" >\n\t\t\t<a href=\"https:\/\/zeleni-prsten.hr\/portal\/wp-content\/gallery\/pu-cret-dubrava\/Cret-Dubravica.jpg\"\n               title=\" \"\n               class=\"ngg-simplelightbox\" rel=\"99d10f324e8b1efb1059afb779e80750\" data-image-id=\"546\" data-src=\"https:\/\/zeleni-prsten.hr\/portal\/wp-content\/gallery\/pu-cret-dubrava\/Cret-Dubravica.jpg\" data-thumbnail=\"https:\/\/zeleni-prsten.hr\/portal\/wp-content\/gallery\/pu-cret-dubrava\/cache\/Cret-Dubravica.jpg-nggid03546-ngg0dyn-360x320x100-00f0w010c011r110f110r010t010.jpg\" data-title=\"Cret-Dubravica\" data-description=\" \" >\n\t\t\t\t\t\t\t\t<img title=\"Cret-Dubravica\" alt=\"Cret-Dubravica\" src=\"https:\/\/zeleni-prsten.hr\/portal\/wp-content\/gallery\/pu-cret-dubrava\/cache\/Cret-Dubravica.jpg-nggid03546-ngg0dyn-360x320x100-00f0w010c011r110f110r010t010.jpg\" width='360' height='320' \/>\n\t\t\t\t\t\t\t<\/a>\n\t\t\t<span> <\/span>\n\t\t<\/div>\n\t<\/div>\n\t\t \t\t\n\t<div id=\"ngg-image-547\" class=\"ngg-gallery-thumbnail-box\"  >\n\t\t<div class=\"ngg-gallery-thumbnail\" >\n\t\t\t<a href=\"https:\/\/zeleni-prsten.hr\/portal\/wp-content\/gallery\/pu-cret-dubrava\/Cret-Dubravica_arhiva-JU-4.jpg\"\n               title=\" \"\n               class=\"ngg-simplelightbox\" rel=\"99d10f324e8b1efb1059afb779e80750\" data-image-id=\"547\" data-src=\"https:\/\/zeleni-prsten.hr\/portal\/wp-content\/gallery\/pu-cret-dubrava\/Cret-Dubravica_arhiva-JU-4.jpg\" data-thumbnail=\"https:\/\/zeleni-prsten.hr\/portal\/wp-content\/gallery\/pu-cret-dubrava\/cache\/Cret-Dubravica_arhiva-JU-4.jpg-nggid03547-ngg0dyn-360x320x100-00f0w010c011r110f110r010t010.jpg\" data-title=\"Cret-Dubravica_arhiva-JU-4\" data-description=\" \" >\n\t\t\t\t\t\t\t\t<img title=\"Cret-Dubravica_arhiva-JU-4\" alt=\"Cret-Dubravica_arhiva-JU-4\" src=\"https:\/\/zeleni-prsten.hr\/portal\/wp-content\/gallery\/pu-cret-dubrava\/cache\/Cret-Dubravica_arhiva-JU-4.jpg-nggid03547-ngg0dyn-360x320x100-00f0w010c011r110f110r010t010.jpg\" width='360' height='320' \/>\n\t\t\t\t\t\t\t<\/a>\n\t\t\t<span> <\/span>\n\t\t<\/div>\n\t<\/div>\n\t\t \t \t\n\t<!-- Pagination -->\n \t<div class='ngg-clear'><\/div> \t\n<\/div>\n\n\n","protected":false},"excerpt":{"rendered":"<p>Prva dioni\u010dka radionica za izradu Plana upravljanja posebnim botani\u010dkim rezervatom Cret Dubravica i pridru\u017eenim podru\u010djem ekolo\u0161ke mre\u017ee odr\u017eana je u ponedjeljak u Mariji Gorici. Dionici koji djeluju u ovom podru\u010dju pozvani su kako bi se uklju\u010dili u proces izrade plana [&hellip;]<\/p>\n","protected":false},"author":5,"featured_media":2806,"comment_status":"closed","ping_status":"closed","sticky":false,"template":"","format":"standard","meta":{"ngg_post_thumbnail":0},"categories":[59],"tags":[361,357,353,65,67,367,233,147,235,359,355,363,365,77,79],"yoast_head":"<!-- This site is optimized with the Yoast SEO plugin v18.4.1 - https:\/\/yoast.com\/wordpress\/plugins\/seo\/ -->\n<title>PLANOVI UPRAVLJANJA \u2013 Cret Dubravica - JU Zeleni prsten Zagreba\u010dke \u017eupanije<\/title>\n<meta name=\"robots\" content=\"index, follow, max-snippet:-1, max-image-preview:large, max-video-preview:-1\" \/>\n<link rel=\"canonical\" href=\"https:\/\/zeleni-prsten.hr\/portal\/planovi-upravljanja-cret-dubravica\/\" \/>\n<meta property=\"og:locale\" content=\"hr_HR\" \/>\n<meta property=\"og:type\" content=\"article\" \/>\n<meta property=\"og:title\" content=\"PLANOVI UPRAVLJANJA \u2013 Cret Dubravica - JU Zeleni prsten Zagreba\u010dke \u017eupanije\" \/>\n<meta property=\"og:description\" content=\"Prva dioni\u010dka radionica za izradu Plana upravljanja posebnim botani\u010dkim rezervatom Cret Dubravica i pridru\u017eenim podru\u010djem ekolo\u0161ke mre\u017ee odr\u017eana je u ponedjeljak u Mariji Gorici. Dionici koji djeluju u ovom podru\u010dju pozvani su kako bi se uklju\u010dili u proces izrade plana [&hellip;]\" \/>\n<meta property=\"og:url\" content=\"https:\/\/zeleni-prsten.hr\/portal\/planovi-upravljanja-cret-dubravica\/\" \/>\n<meta property=\"og:site_name\" content=\"JU Zeleni prsten Zagreba\u010dke \u017eupanije\" \/>\n<meta property=\"article:published_time\" content=\"2022-03-30T12:39:07+00:00\" \/>\n<meta property=\"og:image\" content=\"https:\/\/zeleni-prsten.hr\/portal\/wp-content\/uploads\/2020\/11\/Okrugolisna-rosika-Cret-Dubravica-G.-Safarek-4-scaled.jpg\" \/>\n\t<meta property=\"og:image:width\" content=\"2560\" \/>\n\t<meta property=\"og:image:height\" content=\"1707\" \/>\n\t<meta property=\"og:image:type\" content=\"image\/jpeg\" \/>\n<meta name=\"twitter:card\" content=\"summary_large_image\" \/>\n<meta name=\"twitter:label1\" content=\"Napisao\/la\" \/>\n\t<meta name=\"twitter:data1\" content=\"\u017deljka \u0160abari\u0107\" \/>\n\t<meta name=\"twitter:label2\" content=\"Procijenjeno vrijeme \u010ditanja\" \/>\n\t<meta name=\"twitter:data2\" content=\"2 minute\" \/>\n<script type=\"application\/ld+json\" class=\"yoast-schema-graph\">{\"@context\":\"https:\/\/schema.org\",\"@graph\":[{\"@type\":\"WebSite\",\"@id\":\"https:\/\/zeleni-prsten.hr\/portal\/#website\",\"url\":\"https:\/\/zeleni-prsten.hr\/portal\/\",\"name\":\"JU Zeleni prsten Zagreba\u010dke \u017eupanije\",\"description\":\"JU Zeleni prsten Zagreba\u010dke \u017eupanije\",\"potentialAction\":[{\"@type\":\"SearchAction\",\"target\":{\"@type\":\"EntryPoint\",\"urlTemplate\":\"https:\/\/zeleni-prsten.hr\/portal\/?s={search_term_string}\"},\"query-input\":\"required name=search_term_string\"}],\"inLanguage\":\"hr\"},{\"@type\":\"ImageObject\",\"@id\":\"https:\/\/zeleni-prsten.hr\/portal\/planovi-upravljanja-cret-dubravica\/#primaryimage\",\"inLanguage\":\"hr\",\"url\":\"https:\/\/zeleni-prsten.hr\/portal\/wp-content\/uploads\/2020\/11\/Okrugolisna-rosika-Cret-Dubravica-G.-Safarek-4-scaled.jpg\",\"contentUrl\":\"https:\/\/zeleni-prsten.hr\/portal\/wp-content\/uploads\/2020\/11\/Okrugolisna-rosika-Cret-Dubravica-G.-Safarek-4-scaled.jpg\",\"width\":2560,\"height\":1707},{\"@type\":\"WebPage\",\"@id\":\"https:\/\/zeleni-prsten.hr\/portal\/planovi-upravljanja-cret-dubravica\/#webpage\",\"url\":\"https:\/\/zeleni-prsten.hr\/portal\/planovi-upravljanja-cret-dubravica\/\",\"name\":\"PLANOVI UPRAVLJANJA \u2013 Cret Dubravica - JU Zeleni prsten Zagreba\u010dke \u017eupanije\",\"isPartOf\":{\"@id\":\"https:\/\/zeleni-prsten.hr\/portal\/#website\"},\"primaryImageOfPage\":{\"@id\":\"https:\/\/zeleni-prsten.hr\/portal\/planovi-upravljanja-cret-dubravica\/#primaryimage\"},\"datePublished\":\"2022-03-30T12:39:07+00:00\",\"dateModified\":\"2022-03-30T12:39:07+00:00\",\"author\":{\"@id\":\"https:\/\/zeleni-prsten.hr\/portal\/#\/schema\/person\/055e03bf54bb9f1861485d75b692e69e\"},\"breadcrumb\":{\"@id\":\"https:\/\/zeleni-prsten.hr\/portal\/planovi-upravljanja-cret-dubravica\/#breadcrumb\"},\"inLanguage\":\"hr\",\"potentialAction\":[{\"@type\":\"ReadAction\",\"target\":[\"https:\/\/zeleni-prsten.hr\/portal\/planovi-upravljanja-cret-dubravica\/\"]}]},{\"@type\":\"BreadcrumbList\",\"@id\":\"https:\/\/zeleni-prsten.hr\/portal\/planovi-upravljanja-cret-dubravica\/#breadcrumb\",\"itemListElement\":[{\"@type\":\"ListItem\",\"position\":1,\"name\":\"Home\",\"item\":\"https:\/\/zeleni-prsten.hr\/portal\/\"},{\"@type\":\"ListItem\",\"position\":2,\"name\":\"PLANOVI UPRAVLJANJA \u2013 Cret Dubravica\"}]},{\"@type\":\"Person\",\"@id\":\"https:\/\/zeleni-prsten.hr\/portal\/#\/schema\/person\/055e03bf54bb9f1861485d75b692e69e\",\"name\":\"\u017deljka \u0160abari\u0107\",\"url\":\"https:\/\/zeleni-prsten.hr\/portal\/author\/zeljka\/\"}]}<\/script>\n<!-- \/ Yoast SEO plugin. -->","yoast_head_json":{"title":"PLANOVI UPRAVLJANJA \u2013 Cret Dubravica - JU Zeleni prsten Zagreba\u010dke \u017eupanije","robots":{"index":"index","follow":"follow","max-snippet":"max-snippet:-1","max-image-preview":"max-image-preview:large","max-video-preview":"max-video-preview:-1"},"canonical":"https:\/\/zeleni-prsten.hr\/portal\/planovi-upravljanja-cret-dubravica\/","og_locale":"hr_HR","og_type":"article","og_title":"PLANOVI UPRAVLJANJA \u2013 Cret Dubravica - JU Zeleni prsten Zagreba\u010dke \u017eupanije","og_description":"Prva dioni\u010dka radionica za izradu Plana upravljanja posebnim botani\u010dkim rezervatom Cret Dubravica i pridru\u017eenim podru\u010djem ekolo\u0161ke mre\u017ee odr\u017eana je u ponedjeljak u Mariji Gorici. Dionici koji djeluju u ovom podru\u010dju pozvani su kako bi se uklju\u010dili u proces izrade plana [&hellip;]","og_url":"https:\/\/zeleni-prsten.hr\/portal\/planovi-upravljanja-cret-dubravica\/","og_site_name":"JU Zeleni prsten Zagreba\u010dke \u017eupanije","article_published_time":"2022-03-30T12:39:07+00:00","og_image":[{"width":2560,"height":1707,"url":"https:\/\/zeleni-prsten.hr\/portal\/wp-content\/uploads\/2020\/11\/Okrugolisna-rosika-Cret-Dubravica-G.-Safarek-4-scaled.jpg","type":"image\/jpeg"}],"twitter_card":"summary_large_image","twitter_misc":{"Napisao\/la":"\u017deljka \u0160abari\u0107","Procijenjeno vrijeme \u010ditanja":"2 minute"},"schema":{"@context":"https:\/\/schema.org","@graph":[{"@type":"WebSite","@id":"https:\/\/zeleni-prsten.hr\/portal\/#website","url":"https:\/\/zeleni-prsten.hr\/portal\/","name":"JU Zeleni prsten Zagreba\u010dke \u017eupanije","description":"JU Zeleni prsten Zagreba\u010dke \u017eupanije","potentialAction":[{"@type":"SearchAction","target":{"@type":"EntryPoint","urlTemplate":"https:\/\/zeleni-prsten.hr\/portal\/?s={search_term_string}"},"query-input":"required name=search_term_string"}],"inLanguage":"hr"},{"@type":"ImageObject","@id":"https:\/\/zeleni-prsten.hr\/portal\/planovi-upravljanja-cret-dubravica\/#primaryimage","inLanguage":"hr","url":"https:\/\/zeleni-prsten.hr\/portal\/wp-content\/uploads\/2020\/11\/Okrugolisna-rosika-Cret-Dubravica-G.-Safarek-4-scaled.jpg","contentUrl":"https:\/\/zeleni-prsten.hr\/portal\/wp-content\/uploads\/2020\/11\/Okrugolisna-rosika-Cret-Dubravica-G.-Safarek-4-scaled.jpg","width":2560,"height":1707},{"@type":"WebPage","@id":"https:\/\/zeleni-prsten.hr\/portal\/planovi-upravljanja-cret-dubravica\/#webpage","url":"https:\/\/zeleni-prsten.hr\/portal\/planovi-upravljanja-cret-dubravica\/","name":"PLANOVI UPRAVLJANJA \u2013 Cret Dubravica - JU Zeleni prsten Zagreba\u010dke \u017eupanije","isPartOf":{"@id":"https:\/\/zeleni-prsten.hr\/portal\/#website"},"primaryImageOfPage":{"@id":"https:\/\/zeleni-prsten.hr\/portal\/planovi-upravljanja-cret-dubravica\/#primaryimage"},"datePublished":"2022-03-30T12:39:07+00:00","dateModified":"2022-03-30T12:39:07+00:00","author":{"@id":"https:\/\/zeleni-prsten.hr\/portal\/#\/schema\/person\/055e03bf54bb9f1861485d75b692e69e"},"breadcrumb":{"@id":"https:\/\/zeleni-prsten.hr\/portal\/planovi-upravljanja-cret-dubravica\/#breadcrumb"},"inLanguage":"hr","potentialAction":[{"@type":"ReadAction","target":["https:\/\/zeleni-prsten.hr\/portal\/planovi-upravljanja-cret-dubravica\/"]}]},{"@type":"BreadcrumbList","@id":"https:\/\/zeleni-prsten.hr\/portal\/planovi-upravljanja-cret-dubravica\/#breadcrumb","itemListElement":[{"@type":"ListItem","position":1,"name":"Home","item":"https:\/\/zeleni-prsten.hr\/portal\/"},{"@type":"ListItem","position":2,"name":"PLANOVI UPRAVLJANJA \u2013 Cret Dubravica"}]},{"@type":"Person","@id":"https:\/\/zeleni-prsten.hr\/portal\/#\/schema\/person\/055e03bf54bb9f1861485d75b692e69e","name":"\u017deljka \u0160abari\u0107","url":"https:\/\/zeleni-prsten.hr\/portal\/author\/zeljka\/"}]}},"_links":{"self":[{"href":"https:\/\/zeleni-prsten.hr\/portal\/wp-json\/wp\/v2\/posts\/12832"}],"collection":[{"href":"https:\/\/zeleni-prsten.hr\/portal\/wp-json\/wp\/v2\/posts"}],"about":[{"href":"https:\/\/zeleni-prsten.hr\/portal\/wp-json\/wp\/v2\/types\/post"}],"author":[{"embeddable":true,"href":"https:\/\/zeleni-prsten.hr\/portal\/wp-json\/wp\/v2\/users\/5"}],"replies":[{"embeddable":true,"href":"https:\/\/zeleni-prsten.hr\/portal\/wp-json\/wp\/v2\/comments?post=12832"}],"version-history":[{"count":1,"href":"https:\/\/zeleni-prsten.hr\/portal\/wp-json\/wp\/v2\/posts\/12832\/revisions"}],"predecessor-version":[{"id":12840,"href":"https:\/\/zeleni-prsten.hr\/portal\/wp-json\/wp\/v2\/posts\/12832\/revisions\/12840"}],"wp:featuredmedia":[{"embeddable":true,"href":"https:\/\/zeleni-prsten.hr\/portal\/wp-json\/wp\/v2\/media\/2806"}],"wp:attachment":[{"href":"https:\/\/zeleni-prsten.hr\/portal\/wp-json\/wp\/v2\/media?parent=12832"}],"wp:term":[{"taxonomy":"category","embeddable":true,"href":"https:\/\/zeleni-prsten.hr\/portal\/wp-json\/wp\/v2\/categories?post=12832"},{"taxonomy":"post_tag","embeddable":true,"href":"https:\/\/zeleni-prsten.hr\/portal\/wp-json\/wp\/v2\/tags?post=12832"}],"curies":[{"name":"wp","href":"https:\/\/api.w.org\/{rel}","templated":true}]}}