{"id":12841,"date":"2022-03-30T15:40:58","date_gmt":"2022-03-30T13:40:58","guid":{"rendered":"https:\/\/zeleni-prsten.hr\/portal\/?p=12841"},"modified":"2022-04-04T13:57:38","modified_gmt":"2022-04-04T11:57:38","slug":"planovi-upravljanja-sava-kod-hruscice-sa-sljuncarom-rakitje","status":"publish","type":"post","link":"https:\/\/zeleni-prsten.hr\/portal\/planovi-upravljanja-sava-kod-hruscice-sa-sljuncarom-rakitje\/","title":{"rendered":"Planovi upravljanja &#8211; Sava kod Hru\u0161\u0107ice sa \u0161ljun\u010darom Rakitje"},"content":{"rendered":"<p>Prva dioni\u010dka radionica za izradu Plana upravljanja podru\u010djem ekolo\u0161ke mre\u017ee Sava kod Hru\u0161\u0107ice sa \u0161ljun\u010darom Rakitje odr\u017eana je u ponedjeljak u Dugom Selu.<\/p>\n<p>Administrativno, Sava kod Hru\u0161\u0107ice sa \u0161ljun\u010darom Rakitje nalazi se ve\u0107inom na podru\u010dju Zagreba\u010dke \u017eupanije (95,53 %) te manjim dijelom na podru\u010dju Grada Zagreba (4,47 %) pa su ustanove nadle\u017ene za upravljanje podru\u010djem JU Zeleni Prsten Zagreba\u010dke \u017eupanije i JU Maksimir Grada Zagreba.<\/p>\n<p>Podru\u010dje ekolo\u0161ke mre\u017ee sastoji se od dva dijela me\u0111usobno udaljena oko 25 km. Ukupna povr\u0161ina podru\u010dja ekolo\u0161ke mre\u017ee je 1.453,51 ha. Povr\u0161ina dijela koji obuhva\u0107a dio toka rijeke Save nizvodno od Grada Zagreba, kod mjesta Hru\u0161\u0107ice, njegov obalni pojas prekriven \u0161umom, te podru\u010dje neposredno uz tok u kojem se nalazi sedam jezera (\u0161ljun\u010dara) iznosi 1300,92 ha, dok povr\u0161ina dijela podru\u010dja ekolo\u0161ke mre\u017ee na prostoru \u0161ljun\u010dare Rakitje, smje\u0161tene uzvodno od Grada Zagreba, iznosi 152,59 ha. Planom upravljanja cilj je o\u010duvati populacije i pogodna stani\u0161ta za pet ciljnih vrsta ptica,&nbsp; mala prutka, bregunica,mala \u010digra, crvenokljuna \u010digra i vodomar.&nbsp;<\/p>\n<p>Dionici koji djeluju u ovom podru\u010dju pozvani su kako bi se uklju\u010dili u proces izrade plana upravljanja s ciljem unaprje\u0111ivanja suradnje, upoznavanja s projektom, identificiranja vrijednosti, pritisaka i prijetnja podru\u010dja te zajedni\u010dkog definiranja budu\u0107e vizije.<\/p>\n<p>Na radionici su sudjelovali predstavnici Ministarstva gospodarstva i odr\u017eivog razvoja, Hrvatskih voda, Zavoda za ornitologiju HAZU-a, Hrvatskog prirodoslovnog muzeja, Grada Svete Nedelje, Op\u0107ine Rugvica, Osnovne \u0161kole Rugvica, \u0160portsko ribolovnog dru\u0161tva Dugo Selo \u2013 Rugvica te tvrtke IGM \u0161ljun\u010dara Trstenik d.o.o.<\/p>\n<p>U granice podru\u010dja 2019. godine uklju\u010dena je i \u0161ljun\u010dara Rakitje na kojoj se nalazi najve\u0107a hrvatska kolonija crvenokljune \u010digre. Tamo se gnijezdi do 170 parova \u010digri koje se hrane uglavnom na rijeci Savi. Ostatak populacije \u010digri gnijezdi se na platformi izgra\u0111enoj u sklopu Interreg projekta \u201e\u010cigra\u201c na jezeru Siromaja u op\u0107ini Rugvica. Osim male i crvenokljune \u010digre ovo podru\u010dje va\u017eno je i za o\u010duvanje vodomara, male prutke, bregunice i rusog svra\u010dka. Veli\u010dina njihove populacije ukazuje na kvalitetu vode u Savi.<\/p>\n<p>Sava kod Hru\u0161\u0107ice posljednji je preostali lokalitet na rijeci Savi na kojemu se jo\u0161 uvijek u zna\u010dajnijoj mjeri stvaraju stani\u0161ta prirodnih \u0161ljun\u010danih sprudova i otoka. Neobra\u0161tene strme obale rijeka i slabo obrasli ili goli sprudovi bitna su stani\u0161ta za gnije\u017e\u0111enje ptica kao \u0161to su \u010digre i kulici koji grade gnijezda na \u0161ljunkovitim sprudovima, odnosno za gnije\u017e\u0111enje bregunica, p\u010delarica i vodomara koji rade gnijezda u strmim i neobra\u0161tenim obalama.<\/p>\n<p>Plan upravljanja izra\u0111uje se u sklopu projekta Razvoj okvira za upravljanje ekolo\u0161kom mre\u017eom Natura 2000 koji je financiran sredstvima&nbsp; Europske unije. Plan upravljanja za\u0161ti\u0107enim podru\u010djem i\/ili podru\u010djem ekolo\u0161ke mre\u017ee je strate\u0161ki dokument javne ustanove kojim se utvr\u0111uje stanje za\u0161ti\u0107enog podru\u010dja i\/ili podru\u010dja ekolo\u0161ke mre\u017ee te odre\u0111uju ciljevi upravljanja, aktivnosti za postizanje ciljeva i pokazatelji provedbe plana.<\/p>\n\n<div class=\"ngg-galleryoverview ngg-template-caption\" id=\"ngg-gallery-a6fbc2b51d89a104f7a0237e8eff778d-12841\">\n\n\n\t<!-- Thumbnails -->\n    \t\t\n\t<div id=\"ngg-image-548\" class=\"ngg-gallery-thumbnail-box\"  >\n\t\t<div class=\"ngg-gallery-thumbnail\" >\n\t\t\t<a href=\"https:\/\/zeleni-prsten.hr\/portal\/wp-content\/gallery\/pu_sava-kod-hruscice\/1DR-Sava-kod-Hruscice-2.jpg\"\n               title=\" \"\n               class=\"ngg-simplelightbox\" rel=\"a6fbc2b51d89a104f7a0237e8eff778d\" data-image-id=\"548\" data-src=\"https:\/\/zeleni-prsten.hr\/portal\/wp-content\/gallery\/pu_sava-kod-hruscice\/1DR-Sava-kod-Hruscice-2.jpg\" data-thumbnail=\"https:\/\/zeleni-prsten.hr\/portal\/wp-content\/gallery\/pu_sava-kod-hruscice\/cache\/1DR-Sava-kod-Hruscice-2.jpg-nggid03548-ngg0dyn-360x320x100-00f0w010c011r110f110r010t010.jpg\" data-title=\"1DR-Sava-kod-Hruscice-2\" data-description=\" \" >\n\t\t\t\t\t\t\t\t<img title=\"1DR-Sava-kod-Hruscice-2\" alt=\"1DR-Sava-kod-Hruscice-2\" src=\"https:\/\/zeleni-prsten.hr\/portal\/wp-content\/gallery\/pu_sava-kod-hruscice\/cache\/1DR-Sava-kod-Hruscice-2.jpg-nggid03548-ngg0dyn-360x320x100-00f0w010c011r110f110r010t010.jpg\" width='360' height='320' \/>\n\t\t\t\t\t\t\t<\/a>\n\t\t\t<span> <\/span>\n\t\t<\/div>\n\t<\/div>\n\t\t \t\t\n\t<div id=\"ngg-image-549\" class=\"ngg-gallery-thumbnail-box\"  >\n\t\t<div class=\"ngg-gallery-thumbnail\" >\n\t\t\t<a href=\"https:\/\/zeleni-prsten.hr\/portal\/wp-content\/gallery\/pu_sava-kod-hruscice\/1DR-Sava-kod-Hruscice.jpg\"\n               title=\" \"\n               class=\"ngg-simplelightbox\" rel=\"a6fbc2b51d89a104f7a0237e8eff778d\" data-image-id=\"549\" data-src=\"https:\/\/zeleni-prsten.hr\/portal\/wp-content\/gallery\/pu_sava-kod-hruscice\/1DR-Sava-kod-Hruscice.jpg\" data-thumbnail=\"https:\/\/zeleni-prsten.hr\/portal\/wp-content\/gallery\/pu_sava-kod-hruscice\/cache\/1DR-Sava-kod-Hruscice.jpg-nggid03549-ngg0dyn-360x320x100-00f0w010c011r110f110r010t010.jpg\" data-title=\"1DR-Sava-kod-Hruscice\" data-description=\" \" >\n\t\t\t\t\t\t\t\t<img title=\"1DR-Sava-kod-Hruscice\" alt=\"1DR-Sava-kod-Hruscice\" src=\"https:\/\/zeleni-prsten.hr\/portal\/wp-content\/gallery\/pu_sava-kod-hruscice\/cache\/1DR-Sava-kod-Hruscice.jpg-nggid03549-ngg0dyn-360x320x100-00f0w010c011r110f110r010t010.jpg\" width='360' height='320' \/>\n\t\t\t\t\t\t\t<\/a>\n\t\t\t<span> <\/span>\n\t\t<\/div>\n\t<\/div>\n\t\t \t\t\n\t<div id=\"ngg-image-550\" class=\"ngg-gallery-thumbnail-box\"  >\n\t\t<div class=\"ngg-gallery-thumbnail\" >\n\t\t\t<a href=\"https:\/\/zeleni-prsten.hr\/portal\/wp-content\/gallery\/pu_sava-kod-hruscice\/Sava.jpg\"\n               title=\" \"\n               class=\"ngg-simplelightbox\" rel=\"a6fbc2b51d89a104f7a0237e8eff778d\" data-image-id=\"550\" data-src=\"https:\/\/zeleni-prsten.hr\/portal\/wp-content\/gallery\/pu_sava-kod-hruscice\/Sava.jpg\" data-thumbnail=\"https:\/\/zeleni-prsten.hr\/portal\/wp-content\/gallery\/pu_sava-kod-hruscice\/cache\/Sava.jpg-nggid03550-ngg0dyn-360x320x100-00f0w010c011r110f110r010t010.jpg\" data-title=\"Sava\" data-description=\" \" >\n\t\t\t\t\t\t\t\t<img title=\"Sava\" alt=\"Sava\" src=\"https:\/\/zeleni-prsten.hr\/portal\/wp-content\/gallery\/pu_sava-kod-hruscice\/cache\/Sava.jpg-nggid03550-ngg0dyn-360x320x100-00f0w010c011r110f110r010t010.jpg\" width='360' height='320' \/>\n\t\t\t\t\t\t\t<\/a>\n\t\t\t<span> <\/span>\n\t\t<\/div>\n\t<\/div>\n\t\t \t\t\n\t<div id=\"ngg-image-551\" class=\"ngg-gallery-thumbnail-box\"  >\n\t\t<div class=\"ngg-gallery-thumbnail\" >\n\t\t\t<a href=\"https:\/\/zeleni-prsten.hr\/portal\/wp-content\/gallery\/pu_sava-kod-hruscice\/Sava-kod-Hruscice-karta.jpg\"\n               title=\" \"\n               class=\"ngg-simplelightbox\" rel=\"a6fbc2b51d89a104f7a0237e8eff778d\" data-image-id=\"551\" data-src=\"https:\/\/zeleni-prsten.hr\/portal\/wp-content\/gallery\/pu_sava-kod-hruscice\/Sava-kod-Hruscice-karta.jpg\" data-thumbnail=\"https:\/\/zeleni-prsten.hr\/portal\/wp-content\/gallery\/pu_sava-kod-hruscice\/cache\/Sava-kod-Hruscice-karta.jpg-nggid03551-ngg0dyn-360x320x100-00f0w010c011r110f110r010t010.jpg\" data-title=\"Sava-kod-Hruscice-karta\" data-description=\" \" >\n\t\t\t\t\t\t\t\t<img title=\"Sava-kod-Hruscice-karta\" alt=\"Sava-kod-Hruscice-karta\" src=\"https:\/\/zeleni-prsten.hr\/portal\/wp-content\/gallery\/pu_sava-kod-hruscice\/cache\/Sava-kod-Hruscice-karta.jpg-nggid03551-ngg0dyn-360x320x100-00f0w010c011r110f110r010t010.jpg\" width='360' height='320' \/>\n\t\t\t\t\t\t\t<\/a>\n\t\t\t<span> <\/span>\n\t\t<\/div>\n\t<\/div>\n\t\t \t \t\n\t<!-- Pagination -->\n \t<div class='ngg-clear'><\/div> \t\n<\/div>\n\n\n","protected":false},"excerpt":{"rendered":"<p>Prva dioni\u010dka radionica za izradu Plana upravljanja podru\u010djem ekolo\u0161ke mre\u017ee Sava kod Hru\u0161\u0107ice sa \u0161ljun\u010darom Rakitje odr\u017eana je u ponedjeljak u Dugom Selu. Administrativno, Sava kod Hru\u0161\u0107ice sa \u0161ljun\u010darom Rakitje nalazi se ve\u0107inom na podru\u010dju Zagreba\u010dke \u017eupanije (95,53 %) te [&hellip;]<\/p>\n","protected":false},"author":5,"featured_media":11228,"comment_status":"closed","ping_status":"closed","sticky":false,"template":"","format":"standard","meta":{"ngg_post_thumbnail":0},"categories":[59],"tags":[129,131,65,67,233,147,235,371,369,145,75,77,79,81],"yoast_head":"<!-- This site is optimized with the Yoast SEO plugin v18.4.1 - https:\/\/yoast.com\/wordpress\/plugins\/seo\/ -->\n<title>Planovi upravljanja - Sava kod Hru\u0161\u0107ice sa \u0161ljun\u010darom Rakitje - JU Zeleni prsten Zagreba\u010dke \u017eupanije<\/title>\n<meta name=\"robots\" content=\"index, follow, max-snippet:-1, max-image-preview:large, max-video-preview:-1\" \/>\n<link rel=\"canonical\" href=\"https:\/\/zeleni-prsten.hr\/portal\/planovi-upravljanja-sava-kod-hruscice-sa-sljuncarom-rakitje\/\" \/>\n<meta property=\"og:locale\" content=\"hr_HR\" \/>\n<meta property=\"og:type\" content=\"article\" \/>\n<meta property=\"og:title\" content=\"Planovi upravljanja - Sava kod Hru\u0161\u0107ice sa \u0161ljun\u010darom Rakitje - JU Zeleni prsten Zagreba\u010dke \u017eupanije\" \/>\n<meta property=\"og:description\" content=\"Prva dioni\u010dka radionica za izradu Plana upravljanja podru\u010djem ekolo\u0161ke mre\u017ee Sava kod Hru\u0161\u0107ice sa \u0161ljun\u010darom Rakitje odr\u017eana je u ponedjeljak u Dugom Selu. Administrativno, Sava kod Hru\u0161\u0107ice sa \u0161ljun\u010darom Rakitje nalazi se ve\u0107inom na podru\u010dju Zagreba\u010dke \u017eupanije (95,53 %) te [&hellip;]\" \/>\n<meta property=\"og:url\" content=\"https:\/\/zeleni-prsten.hr\/portal\/planovi-upravljanja-sava-kod-hruscice-sa-sljuncarom-rakitje\/\" \/>\n<meta property=\"og:site_name\" content=\"JU Zeleni prsten Zagreba\u010dke \u017eupanije\" \/>\n<meta property=\"article:published_time\" content=\"2022-03-30T13:40:58+00:00\" \/>\n<meta property=\"article:modified_time\" content=\"2022-04-04T11:57:38+00:00\" \/>\n<meta property=\"og:image\" content=\"https:\/\/zeleni-prsten.hr\/portal\/wp-content\/uploads\/2022\/02\/Sava-nizvodno-od-Hruscice.jpg\" \/>\n\t<meta property=\"og:image:width\" content=\"1441\" \/>\n\t<meta property=\"og:image:height\" content=\"1080\" \/>\n\t<meta property=\"og:image:type\" content=\"image\/jpeg\" \/>\n<meta name=\"twitter:card\" content=\"summary_large_image\" \/>\n<meta name=\"twitter:label1\" content=\"Napisao\/la\" \/>\n\t<meta name=\"twitter:data1\" content=\"\u017deljka \u0160abari\u0107\" \/>\n\t<meta name=\"twitter:label2\" content=\"Procijenjeno vrijeme \u010ditanja\" \/>\n\t<meta name=\"twitter:data2\" content=\"3 minute\" \/>\n<script type=\"application\/ld+json\" class=\"yoast-schema-graph\">{\"@context\":\"https:\/\/schema.org\",\"@graph\":[{\"@type\":\"WebSite\",\"@id\":\"https:\/\/zeleni-prsten.hr\/portal\/#website\",\"url\":\"https:\/\/zeleni-prsten.hr\/portal\/\",\"name\":\"JU Zeleni prsten Zagreba\u010dke \u017eupanije\",\"description\":\"JU Zeleni prsten Zagreba\u010dke \u017eupanije\",\"potentialAction\":[{\"@type\":\"SearchAction\",\"target\":{\"@type\":\"EntryPoint\",\"urlTemplate\":\"https:\/\/zeleni-prsten.hr\/portal\/?s={search_term_string}\"},\"query-input\":\"required name=search_term_string\"}],\"inLanguage\":\"hr\"},{\"@type\":\"ImageObject\",\"@id\":\"https:\/\/zeleni-prsten.hr\/portal\/planovi-upravljanja-sava-kod-hruscice-sa-sljuncarom-rakitje\/#primaryimage\",\"inLanguage\":\"hr\",\"url\":\"https:\/\/zeleni-prsten.hr\/portal\/wp-content\/uploads\/2022\/02\/Sava-nizvodno-od-Hruscice.jpg\",\"contentUrl\":\"https:\/\/zeleni-prsten.hr\/portal\/wp-content\/uploads\/2022\/02\/Sava-nizvodno-od-Hruscice.jpg\",\"width\":1441,\"height\":1080},{\"@type\":\"WebPage\",\"@id\":\"https:\/\/zeleni-prsten.hr\/portal\/planovi-upravljanja-sava-kod-hruscice-sa-sljuncarom-rakitje\/#webpage\",\"url\":\"https:\/\/zeleni-prsten.hr\/portal\/planovi-upravljanja-sava-kod-hruscice-sa-sljuncarom-rakitje\/\",\"name\":\"Planovi upravljanja - Sava kod Hru\u0161\u0107ice sa \u0161ljun\u010darom Rakitje - JU Zeleni prsten Zagreba\u010dke \u017eupanije\",\"isPartOf\":{\"@id\":\"https:\/\/zeleni-prsten.hr\/portal\/#website\"},\"primaryImageOfPage\":{\"@id\":\"https:\/\/zeleni-prsten.hr\/portal\/planovi-upravljanja-sava-kod-hruscice-sa-sljuncarom-rakitje\/#primaryimage\"},\"datePublished\":\"2022-03-30T13:40:58+00:00\",\"dateModified\":\"2022-04-04T11:57:38+00:00\",\"author\":{\"@id\":\"https:\/\/zeleni-prsten.hr\/portal\/#\/schema\/person\/055e03bf54bb9f1861485d75b692e69e\"},\"breadcrumb\":{\"@id\":\"https:\/\/zeleni-prsten.hr\/portal\/planovi-upravljanja-sava-kod-hruscice-sa-sljuncarom-rakitje\/#breadcrumb\"},\"inLanguage\":\"hr\",\"potentialAction\":[{\"@type\":\"ReadAction\",\"target\":[\"https:\/\/zeleni-prsten.hr\/portal\/planovi-upravljanja-sava-kod-hruscice-sa-sljuncarom-rakitje\/\"]}]},{\"@type\":\"BreadcrumbList\",\"@id\":\"https:\/\/zeleni-prsten.hr\/portal\/planovi-upravljanja-sava-kod-hruscice-sa-sljuncarom-rakitje\/#breadcrumb\",\"itemListElement\":[{\"@type\":\"ListItem\",\"position\":1,\"name\":\"Home\",\"item\":\"https:\/\/zeleni-prsten.hr\/portal\/\"},{\"@type\":\"ListItem\",\"position\":2,\"name\":\"Planovi upravljanja &#8211; Sava kod Hru\u0161\u0107ice sa \u0161ljun\u010darom Rakitje\"}]},{\"@type\":\"Person\",\"@id\":\"https:\/\/zeleni-prsten.hr\/portal\/#\/schema\/person\/055e03bf54bb9f1861485d75b692e69e\",\"name\":\"\u017deljka \u0160abari\u0107\",\"url\":\"https:\/\/zeleni-prsten.hr\/portal\/author\/zeljka\/\"}]}<\/script>\n<!-- \/ Yoast SEO plugin. -->","yoast_head_json":{"title":"Planovi upravljanja - Sava kod Hru\u0161\u0107ice sa \u0161ljun\u010darom Rakitje - JU Zeleni prsten Zagreba\u010dke \u017eupanije","robots":{"index":"index","follow":"follow","max-snippet":"max-snippet:-1","max-image-preview":"max-image-preview:large","max-video-preview":"max-video-preview:-1"},"canonical":"https:\/\/zeleni-prsten.hr\/portal\/planovi-upravljanja-sava-kod-hruscice-sa-sljuncarom-rakitje\/","og_locale":"hr_HR","og_type":"article","og_title":"Planovi upravljanja - Sava kod Hru\u0161\u0107ice sa \u0161ljun\u010darom Rakitje - JU Zeleni prsten Zagreba\u010dke \u017eupanije","og_description":"Prva dioni\u010dka radionica za izradu Plana upravljanja podru\u010djem ekolo\u0161ke mre\u017ee Sava kod Hru\u0161\u0107ice sa \u0161ljun\u010darom Rakitje odr\u017eana je u ponedjeljak u Dugom Selu. Administrativno, Sava kod Hru\u0161\u0107ice sa \u0161ljun\u010darom Rakitje nalazi se ve\u0107inom na podru\u010dju Zagreba\u010dke \u017eupanije (95,53 %) te [&hellip;]","og_url":"https:\/\/zeleni-prsten.hr\/portal\/planovi-upravljanja-sava-kod-hruscice-sa-sljuncarom-rakitje\/","og_site_name":"JU Zeleni prsten Zagreba\u010dke \u017eupanije","article_published_time":"2022-03-30T13:40:58+00:00","article_modified_time":"2022-04-04T11:57:38+00:00","og_image":[{"width":1441,"height":1080,"url":"https:\/\/zeleni-prsten.hr\/portal\/wp-content\/uploads\/2022\/02\/Sava-nizvodno-od-Hruscice.jpg","type":"image\/jpeg"}],"twitter_card":"summary_large_image","twitter_misc":{"Napisao\/la":"\u017deljka \u0160abari\u0107","Procijenjeno vrijeme \u010ditanja":"3 minute"},"schema":{"@context":"https:\/\/schema.org","@graph":[{"@type":"WebSite","@id":"https:\/\/zeleni-prsten.hr\/portal\/#website","url":"https:\/\/zeleni-prsten.hr\/portal\/","name":"JU Zeleni prsten Zagreba\u010dke \u017eupanije","description":"JU Zeleni prsten Zagreba\u010dke \u017eupanije","potentialAction":[{"@type":"SearchAction","target":{"@type":"EntryPoint","urlTemplate":"https:\/\/zeleni-prsten.hr\/portal\/?s={search_term_string}"},"query-input":"required name=search_term_string"}],"inLanguage":"hr"},{"@type":"ImageObject","@id":"https:\/\/zeleni-prsten.hr\/portal\/planovi-upravljanja-sava-kod-hruscice-sa-sljuncarom-rakitje\/#primaryimage","inLanguage":"hr","url":"https:\/\/zeleni-prsten.hr\/portal\/wp-content\/uploads\/2022\/02\/Sava-nizvodno-od-Hruscice.jpg","contentUrl":"https:\/\/zeleni-prsten.hr\/portal\/wp-content\/uploads\/2022\/02\/Sava-nizvodno-od-Hruscice.jpg","width":1441,"height":1080},{"@type":"WebPage","@id":"https:\/\/zeleni-prsten.hr\/portal\/planovi-upravljanja-sava-kod-hruscice-sa-sljuncarom-rakitje\/#webpage","url":"https:\/\/zeleni-prsten.hr\/portal\/planovi-upravljanja-sava-kod-hruscice-sa-sljuncarom-rakitje\/","name":"Planovi upravljanja - Sava kod Hru\u0161\u0107ice sa \u0161ljun\u010darom Rakitje - JU Zeleni prsten Zagreba\u010dke \u017eupanije","isPartOf":{"@id":"https:\/\/zeleni-prsten.hr\/portal\/#website"},"primaryImageOfPage":{"@id":"https:\/\/zeleni-prsten.hr\/portal\/planovi-upravljanja-sava-kod-hruscice-sa-sljuncarom-rakitje\/#primaryimage"},"datePublished":"2022-03-30T13:40:58+00:00","dateModified":"2022-04-04T11:57:38+00:00","author":{"@id":"https:\/\/zeleni-prsten.hr\/portal\/#\/schema\/person\/055e03bf54bb9f1861485d75b692e69e"},"breadcrumb":{"@id":"https:\/\/zeleni-prsten.hr\/portal\/planovi-upravljanja-sava-kod-hruscice-sa-sljuncarom-rakitje\/#breadcrumb"},"inLanguage":"hr","potentialAction":[{"@type":"ReadAction","target":["https:\/\/zeleni-prsten.hr\/portal\/planovi-upravljanja-sava-kod-hruscice-sa-sljuncarom-rakitje\/"]}]},{"@type":"BreadcrumbList","@id":"https:\/\/zeleni-prsten.hr\/portal\/planovi-upravljanja-sava-kod-hruscice-sa-sljuncarom-rakitje\/#breadcrumb","itemListElement":[{"@type":"ListItem","position":1,"name":"Home","item":"https:\/\/zeleni-prsten.hr\/portal\/"},{"@type":"ListItem","position":2,"name":"Planovi upravljanja &#8211; Sava kod Hru\u0161\u0107ice sa \u0161ljun\u010darom Rakitje"}]},{"@type":"Person","@id":"https:\/\/zeleni-prsten.hr\/portal\/#\/schema\/person\/055e03bf54bb9f1861485d75b692e69e","name":"\u017deljka \u0160abari\u0107","url":"https:\/\/zeleni-prsten.hr\/portal\/author\/zeljka\/"}]}},"_links":{"self":[{"href":"https:\/\/zeleni-prsten.hr\/portal\/wp-json\/wp\/v2\/posts\/12841"}],"collection":[{"href":"https:\/\/zeleni-prsten.hr\/portal\/wp-json\/wp\/v2\/posts"}],"about":[{"href":"https:\/\/zeleni-prsten.hr\/portal\/wp-json\/wp\/v2\/types\/post"}],"author":[{"embeddable":true,"href":"https:\/\/zeleni-prsten.hr\/portal\/wp-json\/wp\/v2\/users\/5"}],"replies":[{"embeddable":true,"href":"https:\/\/zeleni-prsten.hr\/portal\/wp-json\/wp\/v2\/comments?post=12841"}],"version-history":[{"count":4,"href":"https:\/\/zeleni-prsten.hr\/portal\/wp-json\/wp\/v2\/posts\/12841\/revisions"}],"predecessor-version":[{"id":12850,"href":"https:\/\/zeleni-prsten.hr\/portal\/wp-json\/wp\/v2\/posts\/12841\/revisions\/12850"}],"wp:featuredmedia":[{"embeddable":true,"href":"https:\/\/zeleni-prsten.hr\/portal\/wp-json\/wp\/v2\/media\/11228"}],"wp:attachment":[{"href":"https:\/\/zeleni-prsten.hr\/portal\/wp-json\/wp\/v2\/media?parent=12841"}],"wp:term":[{"taxonomy":"category","embeddable":true,"href":"https:\/\/zeleni-prsten.hr\/portal\/wp-json\/wp\/v2\/categories?post=12841"},{"taxonomy":"post_tag","embeddable":true,"href":"https:\/\/zeleni-prsten.hr\/portal\/wp-json\/wp\/v2\/tags?post=12841"}],"curies":[{"name":"wp","href":"https:\/\/api.w.org\/{rel}","templated":true}]}}