{"id":13133,"date":"2022-05-09T10:07:38","date_gmt":"2022-05-09T08:07:38","guid":{"rendered":"https:\/\/zeleni-prsten.hr\/portal\/?p=13133"},"modified":"2023-01-19T16:01:41","modified_gmt":"2023-01-19T15:01:41","slug":"ulaganje-u-djecu-je-ulaganje-u-nas-planet","status":"publish","type":"post","link":"https:\/\/zeleni-prsten.hr\/portal\/ulaganje-u-djecu-je-ulaganje-u-nas-planet\/","title":{"rendered":"Ulaganje u djecu je ulaganje u na\u0161 planet"},"content":{"rendered":"<p>Rad s mladima je najljep\u0161i dio na\u0161eg posla. Zajedno s u\u010denicima osmih razreda osnovne \u0161kole Dubrava i \u010dlanovima LD Golub \u010distili smo Varo\u0161ki lug kako bi ta posebna \u0161uma i dalje ostavljala bez daha. U\u010denike smo upoznali s tajanstvenim svijetom Varo\u0161kog luga i nagradili ih s poklon paketima. Saznali su koje \u017eivotinje \u017eive u Varo\u0161kom lugu, koja je razlika izme\u0111u smreke i jele a koja izme\u0111u hrasta kitnjaka i hrasta lu\u017enjaka, koje ptice pjevaju najljep\u0161e melodije u lugu, kao i koje vodozemce i gmazove mogu susresti\u2026<\/p>\n<p>Podru\u010dje Varo\u0161kog luga nalazi se unutar istoimene \u0161umskogospodarske jedinice u Op\u0107ini Dubrava, a za\u0161ti\u0107eno je 1982. godine, u povr\u0161ini od oko 800 ha. To je tipi\u010dno stani\u0161te \u0161ume hrasta lu\u017enjaka u kojem su zastupljene zajednice hrasta lu\u017enjaka i graba na gredama, a u nizinama \u0161ume hrasta lu\u017enjaka s velikom \u017eutilovkom i rastavljenim \u0161a\u0161em. Posebni rezervat \u0161umske vegetacije Varo\u0161ki lug koji se nalazi unutar zoo rezervata progla\u0161en je 1988. godine.<\/p>\n<p>Dan planeta Zemlje obilje\u017eava se svake godine 22. travnja brojnim doga\u0111anjima posve\u0107enim o\u010duvanju i za\u0161titi okoli\u0161a. Cilj manifestacije Dan planeta Zemlje upravo je potaknuti \u0161to ve\u0107i broj ljudi na zeleni na\u010din razmi\u0161ljanja, odnosno pobuditi svijest o ponovnom uspostavljanju kontakta s prirodom te skrenuti pozornost na opasnost koja prijeti \u017eivotu na Zemlji zbog porasta globalnog one\u010di\u0161\u0107enja. Okru\u017eite se i vi zelenilom, mirom i ti\u0161inom te prodi\u0161ite punim plu\u0107ima kora\u010daju\u0107i \u0161umskim prostranstvima stoljetnih hrastova.<\/p>\n\n<div class=\"ngg-galleryoverview ngg-template-caption\" id=\"ngg-gallery-303e2a9676adc9e767781d6136f26fad-13133\">\n\n\n\t<!-- Thumbnails -->\n    \t\t\n\t<div id=\"ngg-image-630\" class=\"ngg-gallery-thumbnail-box\"  >\n\t\t<div class=\"ngg-gallery-thumbnail\" >\n\t\t\t<a href=\"https:\/\/zeleni-prsten.hr\/portal\/wp-content\/gallery\/varoski-lug-dan-planete-zemlje\/Varoski-lug-dan-planete-zemlje-2.jpg\"\n               title=\" \"\n               class=\"ngg-simplelightbox\" rel=\"303e2a9676adc9e767781d6136f26fad\" data-image-id=\"630\" data-src=\"https:\/\/zeleni-prsten.hr\/portal\/wp-content\/gallery\/varoski-lug-dan-planete-zemlje\/Varoski-lug-dan-planete-zemlje-2.jpg\" data-thumbnail=\"https:\/\/zeleni-prsten.hr\/portal\/wp-content\/gallery\/varoski-lug-dan-planete-zemlje\/cache\/Varoski-lug-dan-planete-zemlje-2.jpg-nggid03630-ngg0dyn-360x320x100-00f0w010c011r110f110r010t010.jpg\" data-title=\"Varoski-lug-dan-planete-zemlje-2\" data-description=\" \" >\n\t\t\t\t\t\t\t\t<img title=\"Varoski-lug-dan-planete-zemlje-2\" alt=\"Varoski-lug-dan-planete-zemlje-2\" src=\"https:\/\/zeleni-prsten.hr\/portal\/wp-content\/gallery\/varoski-lug-dan-planete-zemlje\/cache\/Varoski-lug-dan-planete-zemlje-2.jpg-nggid03630-ngg0dyn-360x320x100-00f0w010c011r110f110r010t010.jpg\" width='360' height='320' \/>\n\t\t\t\t\t\t\t<\/a>\n\t\t\t<span> <\/span>\n\t\t<\/div>\n\t<\/div>\n\t\t \t\t\n\t<div id=\"ngg-image-631\" class=\"ngg-gallery-thumbnail-box\"  >\n\t\t<div class=\"ngg-gallery-thumbnail\" >\n\t\t\t<a href=\"https:\/\/zeleni-prsten.hr\/portal\/wp-content\/gallery\/varoski-lug-dan-planete-zemlje\/Varoski-lug-dan-planete-zemlje-3.jpg\"\n               title=\" \"\n               class=\"ngg-simplelightbox\" rel=\"303e2a9676adc9e767781d6136f26fad\" data-image-id=\"631\" data-src=\"https:\/\/zeleni-prsten.hr\/portal\/wp-content\/gallery\/varoski-lug-dan-planete-zemlje\/Varoski-lug-dan-planete-zemlje-3.jpg\" data-thumbnail=\"https:\/\/zeleni-prsten.hr\/portal\/wp-content\/gallery\/varoski-lug-dan-planete-zemlje\/cache\/Varoski-lug-dan-planete-zemlje-3.jpg-nggid03631-ngg0dyn-360x320x100-00f0w010c011r110f110r010t010.jpg\" data-title=\"Varoski-lug-dan-planete-zemlje-3\" data-description=\" \" >\n\t\t\t\t\t\t\t\t<img title=\"Varoski-lug-dan-planete-zemlje-3\" alt=\"Varoski-lug-dan-planete-zemlje-3\" src=\"https:\/\/zeleni-prsten.hr\/portal\/wp-content\/gallery\/varoski-lug-dan-planete-zemlje\/cache\/Varoski-lug-dan-planete-zemlje-3.jpg-nggid03631-ngg0dyn-360x320x100-00f0w010c011r110f110r010t010.jpg\" width='360' height='320' \/>\n\t\t\t\t\t\t\t<\/a>\n\t\t\t<span> <\/span>\n\t\t<\/div>\n\t<\/div>\n\t\t \t\t\n\t<div id=\"ngg-image-632\" class=\"ngg-gallery-thumbnail-box\"  >\n\t\t<div class=\"ngg-gallery-thumbnail\" >\n\t\t\t<a href=\"https:\/\/zeleni-prsten.hr\/portal\/wp-content\/gallery\/varoski-lug-dan-planete-zemlje\/Varoski-lug-dan-planete-zemlje-4.jpg\"\n               title=\" \"\n               class=\"ngg-simplelightbox\" rel=\"303e2a9676adc9e767781d6136f26fad\" data-image-id=\"632\" data-src=\"https:\/\/zeleni-prsten.hr\/portal\/wp-content\/gallery\/varoski-lug-dan-planete-zemlje\/Varoski-lug-dan-planete-zemlje-4.jpg\" data-thumbnail=\"https:\/\/zeleni-prsten.hr\/portal\/wp-content\/gallery\/varoski-lug-dan-planete-zemlje\/cache\/Varoski-lug-dan-planete-zemlje-4.jpg-nggid03632-ngg0dyn-360x320x100-00f0w010c011r110f110r010t010.jpg\" data-title=\"Varoski-lug-dan-planete-zemlje-4\" data-description=\" \" >\n\t\t\t\t\t\t\t\t<img title=\"Varoski-lug-dan-planete-zemlje-4\" alt=\"Varoski-lug-dan-planete-zemlje-4\" src=\"https:\/\/zeleni-prsten.hr\/portal\/wp-content\/gallery\/varoski-lug-dan-planete-zemlje\/cache\/Varoski-lug-dan-planete-zemlje-4.jpg-nggid03632-ngg0dyn-360x320x100-00f0w010c011r110f110r010t010.jpg\" width='360' height='320' \/>\n\t\t\t\t\t\t\t<\/a>\n\t\t\t<span> <\/span>\n\t\t<\/div>\n\t<\/div>\n\t\t \t\t\n\t<div id=\"ngg-image-633\" class=\"ngg-gallery-thumbnail-box\"  >\n\t\t<div class=\"ngg-gallery-thumbnail\" >\n\t\t\t<a href=\"https:\/\/zeleni-prsten.hr\/portal\/wp-content\/gallery\/varoski-lug-dan-planete-zemlje\/Varoski-lug-dan-planete-zemlje-6.jpg\"\n               title=\" \"\n               class=\"ngg-simplelightbox\" rel=\"303e2a9676adc9e767781d6136f26fad\" data-image-id=\"633\" data-src=\"https:\/\/zeleni-prsten.hr\/portal\/wp-content\/gallery\/varoski-lug-dan-planete-zemlje\/Varoski-lug-dan-planete-zemlje-6.jpg\" data-thumbnail=\"https:\/\/zeleni-prsten.hr\/portal\/wp-content\/gallery\/varoski-lug-dan-planete-zemlje\/cache\/Varoski-lug-dan-planete-zemlje-6.jpg-nggid03633-ngg0dyn-360x320x100-00f0w010c011r110f110r010t010.jpg\" data-title=\"Varoski-lug-dan-planete-zemlje-6\" data-description=\" \" >\n\t\t\t\t\t\t\t\t<img title=\"Varoski-lug-dan-planete-zemlje-6\" alt=\"Varoski-lug-dan-planete-zemlje-6\" src=\"https:\/\/zeleni-prsten.hr\/portal\/wp-content\/gallery\/varoski-lug-dan-planete-zemlje\/cache\/Varoski-lug-dan-planete-zemlje-6.jpg-nggid03633-ngg0dyn-360x320x100-00f0w010c011r110f110r010t010.jpg\" width='360' height='320' \/>\n\t\t\t\t\t\t\t<\/a>\n\t\t\t<span> <\/span>\n\t\t<\/div>\n\t<\/div>\n\t\t \t\t\n\t<div id=\"ngg-image-634\" class=\"ngg-gallery-thumbnail-box\"  >\n\t\t<div class=\"ngg-gallery-thumbnail\" >\n\t\t\t<a href=\"https:\/\/zeleni-prsten.hr\/portal\/wp-content\/gallery\/varoski-lug-dan-planete-zemlje\/Varoski-lug-dan-planete-zemlje.jpg\"\n               title=\" \"\n               class=\"ngg-simplelightbox\" rel=\"303e2a9676adc9e767781d6136f26fad\" data-image-id=\"634\" data-src=\"https:\/\/zeleni-prsten.hr\/portal\/wp-content\/gallery\/varoski-lug-dan-planete-zemlje\/Varoski-lug-dan-planete-zemlje.jpg\" data-thumbnail=\"https:\/\/zeleni-prsten.hr\/portal\/wp-content\/gallery\/varoski-lug-dan-planete-zemlje\/cache\/Varoski-lug-dan-planete-zemlje.jpg-nggid03634-ngg0dyn-360x320x100-00f0w010c011r110f110r010t010.jpg\" data-title=\"Varoski-lug-dan-planete-zemlje\" data-description=\" \" >\n\t\t\t\t\t\t\t\t<img title=\"Varoski-lug-dan-planete-zemlje\" alt=\"Varoski-lug-dan-planete-zemlje\" src=\"https:\/\/zeleni-prsten.hr\/portal\/wp-content\/gallery\/varoski-lug-dan-planete-zemlje\/cache\/Varoski-lug-dan-planete-zemlje.jpg-nggid03634-ngg0dyn-360x320x100-00f0w010c011r110f110r010t010.jpg\" width='360' height='320' \/>\n\t\t\t\t\t\t\t<\/a>\n\t\t\t<span> <\/span>\n\t\t<\/div>\n\t<\/div>\n\t\t \t\t\n\t<div id=\"ngg-image-635\" class=\"ngg-gallery-thumbnail-box\"  >\n\t\t<div class=\"ngg-gallery-thumbnail\" >\n\t\t\t<a href=\"https:\/\/zeleni-prsten.hr\/portal\/wp-content\/gallery\/varoski-lug-dan-planete-zemlje\/Varoski-lug-dan-planete-zemlje5.jpg\"\n               title=\" \"\n               class=\"ngg-simplelightbox\" rel=\"303e2a9676adc9e767781d6136f26fad\" data-image-id=\"635\" data-src=\"https:\/\/zeleni-prsten.hr\/portal\/wp-content\/gallery\/varoski-lug-dan-planete-zemlje\/Varoski-lug-dan-planete-zemlje5.jpg\" data-thumbnail=\"https:\/\/zeleni-prsten.hr\/portal\/wp-content\/gallery\/varoski-lug-dan-planete-zemlje\/cache\/Varoski-lug-dan-planete-zemlje5.jpg-nggid03635-ngg0dyn-360x320x100-00f0w010c011r110f110r010t010.jpg\" data-title=\"Varoski-lug-dan-planete-zemlje5\" data-description=\" \" >\n\t\t\t\t\t\t\t\t<img title=\"Varoski-lug-dan-planete-zemlje5\" alt=\"Varoski-lug-dan-planete-zemlje5\" src=\"https:\/\/zeleni-prsten.hr\/portal\/wp-content\/gallery\/varoski-lug-dan-planete-zemlje\/cache\/Varoski-lug-dan-planete-zemlje5.jpg-nggid03635-ngg0dyn-360x320x100-00f0w010c011r110f110r010t010.jpg\" width='360' height='320' \/>\n\t\t\t\t\t\t\t<\/a>\n\t\t\t<span> <\/span>\n\t\t<\/div>\n\t<\/div>\n\t\t \t\t\n\t<div id=\"ngg-image-636\" class=\"ngg-gallery-thumbnail-box\"  >\n\t\t<div class=\"ngg-gallery-thumbnail\" >\n\t\t\t<a href=\"https:\/\/zeleni-prsten.hr\/portal\/wp-content\/gallery\/varoski-lug-dan-planete-zemlje\/Varoski-lug-grupna.jpg\"\n               title=\" \"\n               class=\"ngg-simplelightbox\" rel=\"303e2a9676adc9e767781d6136f26fad\" data-image-id=\"636\" data-src=\"https:\/\/zeleni-prsten.hr\/portal\/wp-content\/gallery\/varoski-lug-dan-planete-zemlje\/Varoski-lug-grupna.jpg\" data-thumbnail=\"https:\/\/zeleni-prsten.hr\/portal\/wp-content\/gallery\/varoski-lug-dan-planete-zemlje\/cache\/Varoski-lug-grupna.jpg-nggid03636-ngg0dyn-360x320x100-00f0w010c011r110f110r010t010.jpg\" data-title=\"Varoski-lug-grupna\" data-description=\" \" >\n\t\t\t\t\t\t\t\t<img title=\"Varoski-lug-grupna\" alt=\"Varoski-lug-grupna\" src=\"https:\/\/zeleni-prsten.hr\/portal\/wp-content\/gallery\/varoski-lug-dan-planete-zemlje\/cache\/Varoski-lug-grupna.jpg-nggid03636-ngg0dyn-360x320x100-00f0w010c011r110f110r010t010.jpg\" width='360' height='320' \/>\n\t\t\t\t\t\t\t<\/a>\n\t\t\t<span> <\/span>\n\t\t<\/div>\n\t<\/div>\n\t\t \t\t\n\t<div id=\"ngg-image-637\" class=\"ngg-gallery-thumbnail-box\"  >\n\t\t<div class=\"ngg-gallery-thumbnail\" >\n\t\t\t<a href=\"https:\/\/zeleni-prsten.hr\/portal\/wp-content\/gallery\/varoski-lug-dan-planete-zemlje\/Varoski-lug-dan-planete-zemlje-.jpg\"\n               title=\" \"\n               class=\"ngg-simplelightbox\" rel=\"303e2a9676adc9e767781d6136f26fad\" data-image-id=\"637\" data-src=\"https:\/\/zeleni-prsten.hr\/portal\/wp-content\/gallery\/varoski-lug-dan-planete-zemlje\/Varoski-lug-dan-planete-zemlje-.jpg\" data-thumbnail=\"https:\/\/zeleni-prsten.hr\/portal\/wp-content\/gallery\/varoski-lug-dan-planete-zemlje\/cache\/Varoski-lug-dan-planete-zemlje-.jpg-nggid03637-ngg0dyn-360x320x100-00f0w010c011r110f110r010t010.jpg\" data-title=\"Varoski-lug-dan-planete-zemlje-\" data-description=\" \" >\n\t\t\t\t\t\t\t\t<img title=\"Varoski-lug-dan-planete-zemlje-\" alt=\"Varoski-lug-dan-planete-zemlje-\" src=\"https:\/\/zeleni-prsten.hr\/portal\/wp-content\/gallery\/varoski-lug-dan-planete-zemlje\/cache\/Varoski-lug-dan-planete-zemlje-.jpg-nggid03637-ngg0dyn-360x320x100-00f0w010c011r110f110r010t010.jpg\" width='360' height='320' \/>\n\t\t\t\t\t\t\t<\/a>\n\t\t\t<span> <\/span>\n\t\t<\/div>\n\t<\/div>\n\t\t \t \t\n\t<!-- Pagination -->\n \t<div class='ngg-clear'><\/div> \t\n<\/div>\n\n\n","protected":false},"excerpt":{"rendered":"<p>Rad s mladima je najljep\u0161i dio na\u0161eg posla. Zajedno s u\u010denicima osmih razreda osnovne \u0161kole Dubrava i \u010dlanovima LD Golub \u010distili smo Varo\u0161ki lug kako bi ta posebna \u0161uma i dalje ostavljala bez daha. U\u010denike smo upoznali s tajanstvenim svijetom [&hellip;]<\/p>\n","protected":false},"author":5,"featured_media":13159,"comment_status":"closed","ping_status":"closed","sticky":false,"template":"","format":"standard","meta":{"ngg_post_thumbnail":0},"categories":[59],"tags":[],"yoast_head":"<!-- This site is optimized with the Yoast SEO plugin v18.4.1 - https:\/\/yoast.com\/wordpress\/plugins\/seo\/ -->\n<title>Ulaganje u djecu je ulaganje u na\u0161 planet - JU Zeleni prsten Zagreba\u010dke \u017eupanije<\/title>\n<meta name=\"robots\" content=\"index, follow, max-snippet:-1, max-image-preview:large, max-video-preview:-1\" \/>\n<link rel=\"canonical\" href=\"https:\/\/zeleni-prsten.hr\/portal\/ulaganje-u-djecu-je-ulaganje-u-nas-planet\/\" \/>\n<meta property=\"og:locale\" content=\"hr_HR\" \/>\n<meta property=\"og:type\" content=\"article\" \/>\n<meta property=\"og:title\" content=\"Ulaganje u djecu je ulaganje u na\u0161 planet - JU Zeleni prsten Zagreba\u010dke \u017eupanije\" \/>\n<meta property=\"og:description\" content=\"Rad s mladima je najljep\u0161i dio na\u0161eg posla. Zajedno s u\u010denicima osmih razreda osnovne \u0161kole Dubrava i \u010dlanovima LD Golub \u010distili smo Varo\u0161ki lug kako bi ta posebna \u0161uma i dalje ostavljala bez daha. U\u010denike smo upoznali s tajanstvenim svijetom [&hellip;]\" \/>\n<meta property=\"og:url\" content=\"https:\/\/zeleni-prsten.hr\/portal\/ulaganje-u-djecu-je-ulaganje-u-nas-planet\/\" \/>\n<meta property=\"og:site_name\" content=\"JU Zeleni prsten Zagreba\u010dke \u017eupanije\" \/>\n<meta property=\"article:published_time\" content=\"2022-05-09T08:07:38+00:00\" \/>\n<meta property=\"article:modified_time\" content=\"2023-01-19T15:01:41+00:00\" \/>\n<meta property=\"og:image\" content=\"https:\/\/zeleni-prsten.hr\/portal\/wp-content\/uploads\/2022\/05\/Varoski-lug-grupna-2.jpg\" \/>\n\t<meta property=\"og:image:width\" content=\"1920\" \/>\n\t<meta property=\"og:image:height\" content=\"888\" \/>\n\t<meta property=\"og:image:type\" content=\"image\/jpeg\" \/>\n<meta name=\"twitter:card\" content=\"summary_large_image\" \/>\n<meta name=\"twitter:label1\" content=\"Napisao\/la\" \/>\n\t<meta name=\"twitter:data1\" content=\"\u017deljka \u0160abari\u0107\" \/>\n\t<meta name=\"twitter:label2\" content=\"Procijenjeno vrijeme \u010ditanja\" \/>\n\t<meta name=\"twitter:data2\" content=\"2 minute\" \/>\n<script type=\"application\/ld+json\" class=\"yoast-schema-graph\">{\"@context\":\"https:\/\/schema.org\",\"@graph\":[{\"@type\":\"WebSite\",\"@id\":\"https:\/\/zeleni-prsten.hr\/portal\/#website\",\"url\":\"https:\/\/zeleni-prsten.hr\/portal\/\",\"name\":\"JU Zeleni prsten Zagreba\u010dke \u017eupanije\",\"description\":\"JU Zeleni prsten Zagreba\u010dke \u017eupanije\",\"potentialAction\":[{\"@type\":\"SearchAction\",\"target\":{\"@type\":\"EntryPoint\",\"urlTemplate\":\"https:\/\/zeleni-prsten.hr\/portal\/?s={search_term_string}\"},\"query-input\":\"required name=search_term_string\"}],\"inLanguage\":\"hr\"},{\"@type\":\"ImageObject\",\"@id\":\"https:\/\/zeleni-prsten.hr\/portal\/ulaganje-u-djecu-je-ulaganje-u-nas-planet\/#primaryimage\",\"inLanguage\":\"hr\",\"url\":\"https:\/\/zeleni-prsten.hr\/portal\/wp-content\/uploads\/2022\/05\/Varoski-lug-grupna-2.jpg\",\"contentUrl\":\"https:\/\/zeleni-prsten.hr\/portal\/wp-content\/uploads\/2022\/05\/Varoski-lug-grupna-2.jpg\",\"width\":1920,\"height\":888},{\"@type\":\"WebPage\",\"@id\":\"https:\/\/zeleni-prsten.hr\/portal\/ulaganje-u-djecu-je-ulaganje-u-nas-planet\/#webpage\",\"url\":\"https:\/\/zeleni-prsten.hr\/portal\/ulaganje-u-djecu-je-ulaganje-u-nas-planet\/\",\"name\":\"Ulaganje u djecu je ulaganje u na\u0161 planet - JU Zeleni prsten Zagreba\u010dke \u017eupanije\",\"isPartOf\":{\"@id\":\"https:\/\/zeleni-prsten.hr\/portal\/#website\"},\"primaryImageOfPage\":{\"@id\":\"https:\/\/zeleni-prsten.hr\/portal\/ulaganje-u-djecu-je-ulaganje-u-nas-planet\/#primaryimage\"},\"datePublished\":\"2022-05-09T08:07:38+00:00\",\"dateModified\":\"2023-01-19T15:01:41+00:00\",\"author\":{\"@id\":\"https:\/\/zeleni-prsten.hr\/portal\/#\/schema\/person\/055e03bf54bb9f1861485d75b692e69e\"},\"breadcrumb\":{\"@id\":\"https:\/\/zeleni-prsten.hr\/portal\/ulaganje-u-djecu-je-ulaganje-u-nas-planet\/#breadcrumb\"},\"inLanguage\":\"hr\",\"potentialAction\":[{\"@type\":\"ReadAction\",\"target\":[\"https:\/\/zeleni-prsten.hr\/portal\/ulaganje-u-djecu-je-ulaganje-u-nas-planet\/\"]}]},{\"@type\":\"BreadcrumbList\",\"@id\":\"https:\/\/zeleni-prsten.hr\/portal\/ulaganje-u-djecu-je-ulaganje-u-nas-planet\/#breadcrumb\",\"itemListElement\":[{\"@type\":\"ListItem\",\"position\":1,\"name\":\"Home\",\"item\":\"https:\/\/zeleni-prsten.hr\/portal\/\"},{\"@type\":\"ListItem\",\"position\":2,\"name\":\"Ulaganje u djecu je ulaganje u na\u0161 planet\"}]},{\"@type\":\"Person\",\"@id\":\"https:\/\/zeleni-prsten.hr\/portal\/#\/schema\/person\/055e03bf54bb9f1861485d75b692e69e\",\"name\":\"\u017deljka \u0160abari\u0107\",\"url\":\"https:\/\/zeleni-prsten.hr\/portal\/author\/zeljka\/\"}]}<\/script>\n<!-- \/ Yoast SEO plugin. -->","yoast_head_json":{"title":"Ulaganje u djecu je ulaganje u na\u0161 planet - JU Zeleni prsten Zagreba\u010dke \u017eupanije","robots":{"index":"index","follow":"follow","max-snippet":"max-snippet:-1","max-image-preview":"max-image-preview:large","max-video-preview":"max-video-preview:-1"},"canonical":"https:\/\/zeleni-prsten.hr\/portal\/ulaganje-u-djecu-je-ulaganje-u-nas-planet\/","og_locale":"hr_HR","og_type":"article","og_title":"Ulaganje u djecu je ulaganje u na\u0161 planet - JU Zeleni prsten Zagreba\u010dke \u017eupanije","og_description":"Rad s mladima je najljep\u0161i dio na\u0161eg posla. Zajedno s u\u010denicima osmih razreda osnovne \u0161kole Dubrava i \u010dlanovima LD Golub \u010distili smo Varo\u0161ki lug kako bi ta posebna \u0161uma i dalje ostavljala bez daha. U\u010denike smo upoznali s tajanstvenim svijetom [&hellip;]","og_url":"https:\/\/zeleni-prsten.hr\/portal\/ulaganje-u-djecu-je-ulaganje-u-nas-planet\/","og_site_name":"JU Zeleni prsten Zagreba\u010dke \u017eupanije","article_published_time":"2022-05-09T08:07:38+00:00","article_modified_time":"2023-01-19T15:01:41+00:00","og_image":[{"width":1920,"height":888,"url":"https:\/\/zeleni-prsten.hr\/portal\/wp-content\/uploads\/2022\/05\/Varoski-lug-grupna-2.jpg","type":"image\/jpeg"}],"twitter_card":"summary_large_image","twitter_misc":{"Napisao\/la":"\u017deljka \u0160abari\u0107","Procijenjeno vrijeme \u010ditanja":"2 minute"},"schema":{"@context":"https:\/\/schema.org","@graph":[{"@type":"WebSite","@id":"https:\/\/zeleni-prsten.hr\/portal\/#website","url":"https:\/\/zeleni-prsten.hr\/portal\/","name":"JU Zeleni prsten Zagreba\u010dke \u017eupanije","description":"JU Zeleni prsten Zagreba\u010dke \u017eupanije","potentialAction":[{"@type":"SearchAction","target":{"@type":"EntryPoint","urlTemplate":"https:\/\/zeleni-prsten.hr\/portal\/?s={search_term_string}"},"query-input":"required name=search_term_string"}],"inLanguage":"hr"},{"@type":"ImageObject","@id":"https:\/\/zeleni-prsten.hr\/portal\/ulaganje-u-djecu-je-ulaganje-u-nas-planet\/#primaryimage","inLanguage":"hr","url":"https:\/\/zeleni-prsten.hr\/portal\/wp-content\/uploads\/2022\/05\/Varoski-lug-grupna-2.jpg","contentUrl":"https:\/\/zeleni-prsten.hr\/portal\/wp-content\/uploads\/2022\/05\/Varoski-lug-grupna-2.jpg","width":1920,"height":888},{"@type":"WebPage","@id":"https:\/\/zeleni-prsten.hr\/portal\/ulaganje-u-djecu-je-ulaganje-u-nas-planet\/#webpage","url":"https:\/\/zeleni-prsten.hr\/portal\/ulaganje-u-djecu-je-ulaganje-u-nas-planet\/","name":"Ulaganje u djecu je ulaganje u na\u0161 planet - JU Zeleni prsten Zagreba\u010dke \u017eupanije","isPartOf":{"@id":"https:\/\/zeleni-prsten.hr\/portal\/#website"},"primaryImageOfPage":{"@id":"https:\/\/zeleni-prsten.hr\/portal\/ulaganje-u-djecu-je-ulaganje-u-nas-planet\/#primaryimage"},"datePublished":"2022-05-09T08:07:38+00:00","dateModified":"2023-01-19T15:01:41+00:00","author":{"@id":"https:\/\/zeleni-prsten.hr\/portal\/#\/schema\/person\/055e03bf54bb9f1861485d75b692e69e"},"breadcrumb":{"@id":"https:\/\/zeleni-prsten.hr\/portal\/ulaganje-u-djecu-je-ulaganje-u-nas-planet\/#breadcrumb"},"inLanguage":"hr","potentialAction":[{"@type":"ReadAction","target":["https:\/\/zeleni-prsten.hr\/portal\/ulaganje-u-djecu-je-ulaganje-u-nas-planet\/"]}]},{"@type":"BreadcrumbList","@id":"https:\/\/zeleni-prsten.hr\/portal\/ulaganje-u-djecu-je-ulaganje-u-nas-planet\/#breadcrumb","itemListElement":[{"@type":"ListItem","position":1,"name":"Home","item":"https:\/\/zeleni-prsten.hr\/portal\/"},{"@type":"ListItem","position":2,"name":"Ulaganje u djecu je ulaganje u na\u0161 planet"}]},{"@type":"Person","@id":"https:\/\/zeleni-prsten.hr\/portal\/#\/schema\/person\/055e03bf54bb9f1861485d75b692e69e","name":"\u017deljka \u0160abari\u0107","url":"https:\/\/zeleni-prsten.hr\/portal\/author\/zeljka\/"}]}},"_links":{"self":[{"href":"https:\/\/zeleni-prsten.hr\/portal\/wp-json\/wp\/v2\/posts\/13133"}],"collection":[{"href":"https:\/\/zeleni-prsten.hr\/portal\/wp-json\/wp\/v2\/posts"}],"about":[{"href":"https:\/\/zeleni-prsten.hr\/portal\/wp-json\/wp\/v2\/types\/post"}],"author":[{"embeddable":true,"href":"https:\/\/zeleni-prsten.hr\/portal\/wp-json\/wp\/v2\/users\/5"}],"replies":[{"embeddable":true,"href":"https:\/\/zeleni-prsten.hr\/portal\/wp-json\/wp\/v2\/comments?post=13133"}],"version-history":[{"count":4,"href":"https:\/\/zeleni-prsten.hr\/portal\/wp-json\/wp\/v2\/posts\/13133\/revisions"}],"predecessor-version":[{"id":13161,"href":"https:\/\/zeleni-prsten.hr\/portal\/wp-json\/wp\/v2\/posts\/13133\/revisions\/13161"}],"wp:featuredmedia":[{"embeddable":true,"href":"https:\/\/zeleni-prsten.hr\/portal\/wp-json\/wp\/v2\/media\/13159"}],"wp:attachment":[{"href":"https:\/\/zeleni-prsten.hr\/portal\/wp-json\/wp\/v2\/media?parent=13133"}],"wp:term":[{"taxonomy":"category","embeddable":true,"href":"https:\/\/zeleni-prsten.hr\/portal\/wp-json\/wp\/v2\/categories?post=13133"},{"taxonomy":"post_tag","embeddable":true,"href":"https:\/\/zeleni-prsten.hr\/portal\/wp-json\/wp\/v2\/tags?post=13133"}],"curies":[{"name":"wp","href":"https:\/\/api.w.org\/{rel}","templated":true}]}}