{"id":13483,"date":"2022-07-14T13:17:39","date_gmt":"2022-07-14T11:17:39","guid":{"rendered":"https:\/\/zeleni-prsten.hr\/portal\/?p=13483"},"modified":"2022-07-14T13:18:07","modified_gmt":"2022-07-14T11:18:07","slug":"dionicke-radionice-za-planove-upravljanja","status":"publish","type":"post","link":"https:\/\/zeleni-prsten.hr\/portal\/dionicke-radionice-za-planove-upravljanja\/","title":{"rendered":"Dioni\u010dke radionice za planove upravljanja"},"content":{"rendered":"<p>Odr\u017eana je tre\u0107a dioni\u010dka radionica za izradu plana upravljanja podru\u010djem ekolo\u0161ke mre\u017ee Ribnjaci uz \u010cesmu, \u010cesma \u2013 \u0161ume, Ribnjak Dubrava, Ribnjaci Si\u0161\u010dani i Blatnica, Ribnjaci Narta i Rijeka \u010cesma te Posebnim rezervatom \u010cesma. U suradnji s JU Priroda Bjelovarko-bilogorske \u017eupanije okupili smo 30-ak dionika ovog podru\u010dja koji rade u raznim sektorima. Me\u0111u dionicima bili su predstavnici Bjelovarsko-bilogorske \u017eupanije, Hrvatskih \u0161uma, Hrvatskih voda, Ministarstva poljoprivrede, Zavoda za prostorno ure\u0111enje Bjelovarsko-bilogorske \u017eupanije, Razvojne agencije \u0160tefanje, Udruge Biom i tvrtki Ribnjak \u0160tefanje i PP Orahovica.<\/p>\n<p>Ovo podru\u010dje ekolo\u0161ke mre\u017ee je nizinsko poplavno podru\u010dje rijeke \u010cesme i njenih pritoka. Va\u017eno je kao gnjezdili\u0161te, hranili\u0161te, odmori\u0161te i zimovali\u0161te za oko 150 vrsta ptica, od kojih je 53 uvr\u0161teno na popis ciljnih vrsta o\u010duvanja ekolo\u0161ke mre\u017ee Natura 2000. Podru\u010dje obuhva\u0107a nekoliko ribnjaka, poplavne hrastove \u0161ume, vla\u017ene livade i mozai\u010dne krajolike koji su stani\u0161te brojnih vrsta riba, \u017eaba, \u0161koljka\u0161a, sisavaca i kukaca.<\/p>\n<p>Na ovom sastanku predlo\u017eene su aktivnosti koje \u0107e javne ustanove provoditi sljede\u0107ih 10 godina u svrhu o\u010duvanja ovog podru\u010dja. Sada nam predstoji proces dorade tih istih aktivnosti, nakon \u010dega \u0107e svi dionici biti pozvani na javno izlaganje na kojem \u0107e im stru\u010dni tim planera prezentirati kona\u010dni nacrt plana.<\/p>\n\n<div class=\"ngg-galleryoverview ngg-template-caption\" id=\"ngg-gallery-e36ffa75630ad2c38252c11a0ca4c29a-13483\">\n\n\n\t<!-- Thumbnails -->\n    \t\t\n\t<div id=\"ngg-image-714\" class=\"ngg-gallery-thumbnail-box\"  >\n\t\t<div class=\"ngg-gallery-thumbnail\" >\n\t\t\t<a href=\"https:\/\/zeleni-prsten.hr\/portal\/wp-content\/gallery\/cesma-pp\/Planovi-upravljanja-Cesma-4.jpg\"\n               title=\" \"\n               class=\"ngg-simplelightbox\" rel=\"e36ffa75630ad2c38252c11a0ca4c29a\" data-image-id=\"714\" data-src=\"https:\/\/zeleni-prsten.hr\/portal\/wp-content\/gallery\/cesma-pp\/Planovi-upravljanja-Cesma-4.jpg\" data-thumbnail=\"https:\/\/zeleni-prsten.hr\/portal\/wp-content\/gallery\/cesma-pp\/cache\/Planovi-upravljanja-Cesma-4.jpg-nggid03714-ngg0dyn-360x320x100-00f0w010c011r110f110r010t010.jpg\" data-title=\"Planovi-upravljanja-Cesma-4\" data-description=\" \" >\n\t\t\t\t\t\t\t\t<img title=\"Planovi-upravljanja-Cesma-4\" alt=\"Planovi-upravljanja-Cesma-4\" src=\"https:\/\/zeleni-prsten.hr\/portal\/wp-content\/gallery\/cesma-pp\/cache\/Planovi-upravljanja-Cesma-4.jpg-nggid03714-ngg0dyn-360x320x100-00f0w010c011r110f110r010t010.jpg\" width='360' height='320' \/>\n\t\t\t\t\t\t\t<\/a>\n\t\t\t<span> <\/span>\n\t\t<\/div>\n\t<\/div>\n\t\t \t\t\n\t<div id=\"ngg-image-715\" class=\"ngg-gallery-thumbnail-box\"  >\n\t\t<div class=\"ngg-gallery-thumbnail\" >\n\t\t\t<a href=\"https:\/\/zeleni-prsten.hr\/portal\/wp-content\/gallery\/cesma-pp\/Planovi-upravljanja-Cesma-5.jpg\"\n               title=\" \"\n               class=\"ngg-simplelightbox\" rel=\"e36ffa75630ad2c38252c11a0ca4c29a\" data-image-id=\"715\" data-src=\"https:\/\/zeleni-prsten.hr\/portal\/wp-content\/gallery\/cesma-pp\/Planovi-upravljanja-Cesma-5.jpg\" data-thumbnail=\"https:\/\/zeleni-prsten.hr\/portal\/wp-content\/gallery\/cesma-pp\/cache\/Planovi-upravljanja-Cesma-5.jpg-nggid03715-ngg0dyn-360x320x100-00f0w010c011r110f110r010t010.jpg\" data-title=\"Planovi-upravljanja-Cesma-5\" data-description=\" \" >\n\t\t\t\t\t\t\t\t<img title=\"Planovi-upravljanja-Cesma-5\" alt=\"Planovi-upravljanja-Cesma-5\" src=\"https:\/\/zeleni-prsten.hr\/portal\/wp-content\/gallery\/cesma-pp\/cache\/Planovi-upravljanja-Cesma-5.jpg-nggid03715-ngg0dyn-360x320x100-00f0w010c011r110f110r010t010.jpg\" width='360' height='320' \/>\n\t\t\t\t\t\t\t<\/a>\n\t\t\t<span> <\/span>\n\t\t<\/div>\n\t<\/div>\n\t\t \t\t\n\t<div id=\"ngg-image-716\" class=\"ngg-gallery-thumbnail-box\"  >\n\t\t<div class=\"ngg-gallery-thumbnail\" >\n\t\t\t<a href=\"https:\/\/zeleni-prsten.hr\/portal\/wp-content\/gallery\/cesma-pp\/Planovi-upravljanja-Cesma-10.jpg\"\n               title=\" \"\n               class=\"ngg-simplelightbox\" rel=\"e36ffa75630ad2c38252c11a0ca4c29a\" data-image-id=\"716\" data-src=\"https:\/\/zeleni-prsten.hr\/portal\/wp-content\/gallery\/cesma-pp\/Planovi-upravljanja-Cesma-10.jpg\" data-thumbnail=\"https:\/\/zeleni-prsten.hr\/portal\/wp-content\/gallery\/cesma-pp\/cache\/Planovi-upravljanja-Cesma-10.jpg-nggid03716-ngg0dyn-360x320x100-00f0w010c011r110f110r010t010.jpg\" data-title=\"Planovi-upravljanja-Cesma-10\" data-description=\" \" >\n\t\t\t\t\t\t\t\t<img title=\"Planovi-upravljanja-Cesma-10\" alt=\"Planovi-upravljanja-Cesma-10\" src=\"https:\/\/zeleni-prsten.hr\/portal\/wp-content\/gallery\/cesma-pp\/cache\/Planovi-upravljanja-Cesma-10.jpg-nggid03716-ngg0dyn-360x320x100-00f0w010c011r110f110r010t010.jpg\" width='360' height='320' \/>\n\t\t\t\t\t\t\t<\/a>\n\t\t\t<span> <\/span>\n\t\t<\/div>\n\t<\/div>\n\t\t \t\t\n\t<div id=\"ngg-image-717\" class=\"ngg-gallery-thumbnail-box\"  >\n\t\t<div class=\"ngg-gallery-thumbnail\" >\n\t\t\t<a href=\"https:\/\/zeleni-prsten.hr\/portal\/wp-content\/gallery\/cesma-pp\/IMG_20210804_084433.jpg\"\n               title=\" \"\n               class=\"ngg-simplelightbox\" rel=\"e36ffa75630ad2c38252c11a0ca4c29a\" data-image-id=\"717\" data-src=\"https:\/\/zeleni-prsten.hr\/portal\/wp-content\/gallery\/cesma-pp\/IMG_20210804_084433.jpg\" data-thumbnail=\"https:\/\/zeleni-prsten.hr\/portal\/wp-content\/gallery\/cesma-pp\/cache\/IMG_20210804_084433.jpg-nggid03717-ngg0dyn-360x320x100-00f0w010c011r110f110r010t010.jpg\" data-title=\"IMG_20210804_084433\" data-description=\" \" >\n\t\t\t\t\t\t\t\t<img title=\"IMG_20210804_084433\" alt=\"IMG_20210804_084433\" src=\"https:\/\/zeleni-prsten.hr\/portal\/wp-content\/gallery\/cesma-pp\/cache\/IMG_20210804_084433.jpg-nggid03717-ngg0dyn-360x320x100-00f0w010c011r110f110r010t010.jpg\" width='360' height='320' \/>\n\t\t\t\t\t\t\t<\/a>\n\t\t\t<span> <\/span>\n\t\t<\/div>\n\t<\/div>\n\t\t \t\t\n\t<div id=\"ngg-image-718\" class=\"ngg-gallery-thumbnail-box\"  >\n\t\t<div class=\"ngg-gallery-thumbnail\" >\n\t\t\t<a href=\"https:\/\/zeleni-prsten.hr\/portal\/wp-content\/gallery\/cesma-pp\/IMG_20210804_084549.jpg\"\n               title=\" \"\n               class=\"ngg-simplelightbox\" rel=\"e36ffa75630ad2c38252c11a0ca4c29a\" data-image-id=\"718\" data-src=\"https:\/\/zeleni-prsten.hr\/portal\/wp-content\/gallery\/cesma-pp\/IMG_20210804_084549.jpg\" data-thumbnail=\"https:\/\/zeleni-prsten.hr\/portal\/wp-content\/gallery\/cesma-pp\/cache\/IMG_20210804_084549.jpg-nggid03718-ngg0dyn-360x320x100-00f0w010c011r110f110r010t010.jpg\" data-title=\"IMG_20210804_084549\" data-description=\" \" >\n\t\t\t\t\t\t\t\t<img title=\"IMG_20210804_084549\" alt=\"IMG_20210804_084549\" src=\"https:\/\/zeleni-prsten.hr\/portal\/wp-content\/gallery\/cesma-pp\/cache\/IMG_20210804_084549.jpg-nggid03718-ngg0dyn-360x320x100-00f0w010c011r110f110r010t010.jpg\" width='360' height='320' \/>\n\t\t\t\t\t\t\t<\/a>\n\t\t\t<span> <\/span>\n\t\t<\/div>\n\t<\/div>\n\t\t \t\t\n\t<div id=\"ngg-image-719\" class=\"ngg-gallery-thumbnail-box\"  >\n\t\t<div class=\"ngg-gallery-thumbnail\" >\n\t\t\t<a href=\"https:\/\/zeleni-prsten.hr\/portal\/wp-content\/gallery\/cesma-pp\/IMG_20210804_085023.jpg\"\n               title=\" \"\n               class=\"ngg-simplelightbox\" rel=\"e36ffa75630ad2c38252c11a0ca4c29a\" data-image-id=\"719\" data-src=\"https:\/\/zeleni-prsten.hr\/portal\/wp-content\/gallery\/cesma-pp\/IMG_20210804_085023.jpg\" data-thumbnail=\"https:\/\/zeleni-prsten.hr\/portal\/wp-content\/gallery\/cesma-pp\/cache\/IMG_20210804_085023.jpg-nggid03719-ngg0dyn-360x320x100-00f0w010c011r110f110r010t010.jpg\" data-title=\"IMG_20210804_085023\" data-description=\" \" >\n\t\t\t\t\t\t\t\t<img title=\"IMG_20210804_085023\" alt=\"IMG_20210804_085023\" src=\"https:\/\/zeleni-prsten.hr\/portal\/wp-content\/gallery\/cesma-pp\/cache\/IMG_20210804_085023.jpg-nggid03719-ngg0dyn-360x320x100-00f0w010c011r110f110r010t010.jpg\" width='360' height='320' \/>\n\t\t\t\t\t\t\t<\/a>\n\t\t\t<span> <\/span>\n\t\t<\/div>\n\t<\/div>\n\t\t \t\t\n\t<div id=\"ngg-image-720\" class=\"ngg-gallery-thumbnail-box\"  >\n\t\t<div class=\"ngg-gallery-thumbnail\" >\n\t\t\t<a href=\"https:\/\/zeleni-prsten.hr\/portal\/wp-content\/gallery\/cesma-pp\/IMG_20210804_094339.jpg\"\n               title=\" \"\n               class=\"ngg-simplelightbox\" rel=\"e36ffa75630ad2c38252c11a0ca4c29a\" data-image-id=\"720\" data-src=\"https:\/\/zeleni-prsten.hr\/portal\/wp-content\/gallery\/cesma-pp\/IMG_20210804_094339.jpg\" data-thumbnail=\"https:\/\/zeleni-prsten.hr\/portal\/wp-content\/gallery\/cesma-pp\/cache\/IMG_20210804_094339.jpg-nggid03720-ngg0dyn-360x320x100-00f0w010c011r110f110r010t010.jpg\" data-title=\"IMG_20210804_094339\" data-description=\" \" >\n\t\t\t\t\t\t\t\t<img title=\"IMG_20210804_094339\" alt=\"IMG_20210804_094339\" src=\"https:\/\/zeleni-prsten.hr\/portal\/wp-content\/gallery\/cesma-pp\/cache\/IMG_20210804_094339.jpg-nggid03720-ngg0dyn-360x320x100-00f0w010c011r110f110r010t010.jpg\" width='360' height='320' \/>\n\t\t\t\t\t\t\t<\/a>\n\t\t\t<span> <\/span>\n\t\t<\/div>\n\t<\/div>\n\t\t \t \t\n\t<!-- Pagination -->\n \t<div class='ngg-clear'><\/div> \t\n<\/div>\n\n\n","protected":false},"excerpt":{"rendered":"<p>Odr\u017eana je tre\u0107a dioni\u010dka radionica za izradu plana upravljanja podru\u010djem ekolo\u0161ke mre\u017ee Ribnjaci uz \u010cesmu, \u010cesma \u2013 \u0161ume, Ribnjak Dubrava, Ribnjaci Si\u0161\u010dani i Blatnica, Ribnjaci Narta i Rijeka \u010cesma te Posebnim rezervatom \u010cesma. U suradnji s JU Priroda Bjelovarko-bilogorske \u017eupanije [&hellip;]<\/p>\n","protected":false},"author":5,"featured_media":13491,"comment_status":"closed","ping_status":"closed","sticky":false,"template":"","format":"standard","meta":{"ngg_post_thumbnail":0},"categories":[59],"tags":[],"yoast_head":"<!-- This site is optimized with the Yoast SEO plugin v18.4.1 - https:\/\/yoast.com\/wordpress\/plugins\/seo\/ -->\n<title>Dioni\u010dke radionice za planove upravljanja - JU Zeleni prsten Zagreba\u010dke \u017eupanije<\/title>\n<meta name=\"robots\" content=\"index, follow, max-snippet:-1, max-image-preview:large, max-video-preview:-1\" \/>\n<link rel=\"canonical\" href=\"https:\/\/zeleni-prsten.hr\/portal\/dionicke-radionice-za-planove-upravljanja\/\" \/>\n<meta property=\"og:locale\" content=\"hr_HR\" \/>\n<meta property=\"og:type\" content=\"article\" \/>\n<meta property=\"og:title\" content=\"Dioni\u010dke radionice za planove upravljanja - JU Zeleni prsten Zagreba\u010dke \u017eupanije\" \/>\n<meta property=\"og:description\" content=\"Odr\u017eana je tre\u0107a dioni\u010dka radionica za izradu plana upravljanja podru\u010djem ekolo\u0161ke mre\u017ee Ribnjaci uz \u010cesmu, \u010cesma \u2013 \u0161ume, Ribnjak Dubrava, Ribnjaci Si\u0161\u010dani i Blatnica, Ribnjaci Narta i Rijeka \u010cesma te Posebnim rezervatom \u010cesma. U suradnji s JU Priroda Bjelovarko-bilogorske \u017eupanije [&hellip;]\" \/>\n<meta property=\"og:url\" content=\"https:\/\/zeleni-prsten.hr\/portal\/dionicke-radionice-za-planove-upravljanja\/\" \/>\n<meta property=\"og:site_name\" content=\"JU Zeleni prsten Zagreba\u010dke \u017eupanije\" \/>\n<meta property=\"article:published_time\" content=\"2022-07-14T11:17:39+00:00\" \/>\n<meta property=\"article:modified_time\" content=\"2022-07-14T11:18:07+00:00\" \/>\n<meta property=\"og:image\" content=\"https:\/\/zeleni-prsten.hr\/portal\/wp-content\/uploads\/2022\/07\/IMG_20210804_094339.jpg\" \/>\n\t<meta property=\"og:image:width\" content=\"1920\" \/>\n\t<meta property=\"og:image:height\" content=\"1440\" \/>\n\t<meta property=\"og:image:type\" content=\"image\/jpeg\" \/>\n<meta name=\"twitter:card\" content=\"summary_large_image\" \/>\n<meta name=\"twitter:label1\" content=\"Napisao\/la\" \/>\n\t<meta name=\"twitter:data1\" content=\"\u017deljka \u0160abari\u0107\" \/>\n\t<meta name=\"twitter:label2\" content=\"Procijenjeno vrijeme \u010ditanja\" \/>\n\t<meta name=\"twitter:data2\" content=\"2 minute\" \/>\n<script type=\"application\/ld+json\" class=\"yoast-schema-graph\">{\"@context\":\"https:\/\/schema.org\",\"@graph\":[{\"@type\":\"WebSite\",\"@id\":\"https:\/\/zeleni-prsten.hr\/portal\/#website\",\"url\":\"https:\/\/zeleni-prsten.hr\/portal\/\",\"name\":\"JU Zeleni prsten Zagreba\u010dke \u017eupanije\",\"description\":\"JU Zeleni prsten Zagreba\u010dke \u017eupanije\",\"potentialAction\":[{\"@type\":\"SearchAction\",\"target\":{\"@type\":\"EntryPoint\",\"urlTemplate\":\"https:\/\/zeleni-prsten.hr\/portal\/?s={search_term_string}\"},\"query-input\":\"required name=search_term_string\"}],\"inLanguage\":\"hr\"},{\"@type\":\"ImageObject\",\"@id\":\"https:\/\/zeleni-prsten.hr\/portal\/dionicke-radionice-za-planove-upravljanja\/#primaryimage\",\"inLanguage\":\"hr\",\"url\":\"https:\/\/zeleni-prsten.hr\/portal\/wp-content\/uploads\/2022\/07\/IMG_20210804_094339.jpg\",\"contentUrl\":\"https:\/\/zeleni-prsten.hr\/portal\/wp-content\/uploads\/2022\/07\/IMG_20210804_094339.jpg\",\"width\":1920,\"height\":1440},{\"@type\":\"WebPage\",\"@id\":\"https:\/\/zeleni-prsten.hr\/portal\/dionicke-radionice-za-planove-upravljanja\/#webpage\",\"url\":\"https:\/\/zeleni-prsten.hr\/portal\/dionicke-radionice-za-planove-upravljanja\/\",\"name\":\"Dioni\u010dke radionice za planove upravljanja - JU Zeleni prsten Zagreba\u010dke \u017eupanije\",\"isPartOf\":{\"@id\":\"https:\/\/zeleni-prsten.hr\/portal\/#website\"},\"primaryImageOfPage\":{\"@id\":\"https:\/\/zeleni-prsten.hr\/portal\/dionicke-radionice-za-planove-upravljanja\/#primaryimage\"},\"datePublished\":\"2022-07-14T11:17:39+00:00\",\"dateModified\":\"2022-07-14T11:18:07+00:00\",\"author\":{\"@id\":\"https:\/\/zeleni-prsten.hr\/portal\/#\/schema\/person\/055e03bf54bb9f1861485d75b692e69e\"},\"breadcrumb\":{\"@id\":\"https:\/\/zeleni-prsten.hr\/portal\/dionicke-radionice-za-planove-upravljanja\/#breadcrumb\"},\"inLanguage\":\"hr\",\"potentialAction\":[{\"@type\":\"ReadAction\",\"target\":[\"https:\/\/zeleni-prsten.hr\/portal\/dionicke-radionice-za-planove-upravljanja\/\"]}]},{\"@type\":\"BreadcrumbList\",\"@id\":\"https:\/\/zeleni-prsten.hr\/portal\/dionicke-radionice-za-planove-upravljanja\/#breadcrumb\",\"itemListElement\":[{\"@type\":\"ListItem\",\"position\":1,\"name\":\"Home\",\"item\":\"https:\/\/zeleni-prsten.hr\/portal\/\"},{\"@type\":\"ListItem\",\"position\":2,\"name\":\"Dioni\u010dke radionice za planove upravljanja\"}]},{\"@type\":\"Person\",\"@id\":\"https:\/\/zeleni-prsten.hr\/portal\/#\/schema\/person\/055e03bf54bb9f1861485d75b692e69e\",\"name\":\"\u017deljka \u0160abari\u0107\",\"url\":\"https:\/\/zeleni-prsten.hr\/portal\/author\/zeljka\/\"}]}<\/script>\n<!-- \/ Yoast SEO plugin. -->","yoast_head_json":{"title":"Dioni\u010dke radionice za planove upravljanja - JU Zeleni prsten Zagreba\u010dke \u017eupanije","robots":{"index":"index","follow":"follow","max-snippet":"max-snippet:-1","max-image-preview":"max-image-preview:large","max-video-preview":"max-video-preview:-1"},"canonical":"https:\/\/zeleni-prsten.hr\/portal\/dionicke-radionice-za-planove-upravljanja\/","og_locale":"hr_HR","og_type":"article","og_title":"Dioni\u010dke radionice za planove upravljanja - JU Zeleni prsten Zagreba\u010dke \u017eupanije","og_description":"Odr\u017eana je tre\u0107a dioni\u010dka radionica za izradu plana upravljanja podru\u010djem ekolo\u0161ke mre\u017ee Ribnjaci uz \u010cesmu, \u010cesma \u2013 \u0161ume, Ribnjak Dubrava, Ribnjaci Si\u0161\u010dani i Blatnica, Ribnjaci Narta i Rijeka \u010cesma te Posebnim rezervatom \u010cesma. U suradnji s JU Priroda Bjelovarko-bilogorske \u017eupanije [&hellip;]","og_url":"https:\/\/zeleni-prsten.hr\/portal\/dionicke-radionice-za-planove-upravljanja\/","og_site_name":"JU Zeleni prsten Zagreba\u010dke \u017eupanije","article_published_time":"2022-07-14T11:17:39+00:00","article_modified_time":"2022-07-14T11:18:07+00:00","og_image":[{"width":1920,"height":1440,"url":"https:\/\/zeleni-prsten.hr\/portal\/wp-content\/uploads\/2022\/07\/IMG_20210804_094339.jpg","type":"image\/jpeg"}],"twitter_card":"summary_large_image","twitter_misc":{"Napisao\/la":"\u017deljka \u0160abari\u0107","Procijenjeno vrijeme \u010ditanja":"2 minute"},"schema":{"@context":"https:\/\/schema.org","@graph":[{"@type":"WebSite","@id":"https:\/\/zeleni-prsten.hr\/portal\/#website","url":"https:\/\/zeleni-prsten.hr\/portal\/","name":"JU Zeleni prsten Zagreba\u010dke \u017eupanije","description":"JU Zeleni prsten Zagreba\u010dke \u017eupanije","potentialAction":[{"@type":"SearchAction","target":{"@type":"EntryPoint","urlTemplate":"https:\/\/zeleni-prsten.hr\/portal\/?s={search_term_string}"},"query-input":"required name=search_term_string"}],"inLanguage":"hr"},{"@type":"ImageObject","@id":"https:\/\/zeleni-prsten.hr\/portal\/dionicke-radionice-za-planove-upravljanja\/#primaryimage","inLanguage":"hr","url":"https:\/\/zeleni-prsten.hr\/portal\/wp-content\/uploads\/2022\/07\/IMG_20210804_094339.jpg","contentUrl":"https:\/\/zeleni-prsten.hr\/portal\/wp-content\/uploads\/2022\/07\/IMG_20210804_094339.jpg","width":1920,"height":1440},{"@type":"WebPage","@id":"https:\/\/zeleni-prsten.hr\/portal\/dionicke-radionice-za-planove-upravljanja\/#webpage","url":"https:\/\/zeleni-prsten.hr\/portal\/dionicke-radionice-za-planove-upravljanja\/","name":"Dioni\u010dke radionice za planove upravljanja - JU Zeleni prsten Zagreba\u010dke \u017eupanije","isPartOf":{"@id":"https:\/\/zeleni-prsten.hr\/portal\/#website"},"primaryImageOfPage":{"@id":"https:\/\/zeleni-prsten.hr\/portal\/dionicke-radionice-za-planove-upravljanja\/#primaryimage"},"datePublished":"2022-07-14T11:17:39+00:00","dateModified":"2022-07-14T11:18:07+00:00","author":{"@id":"https:\/\/zeleni-prsten.hr\/portal\/#\/schema\/person\/055e03bf54bb9f1861485d75b692e69e"},"breadcrumb":{"@id":"https:\/\/zeleni-prsten.hr\/portal\/dionicke-radionice-za-planove-upravljanja\/#breadcrumb"},"inLanguage":"hr","potentialAction":[{"@type":"ReadAction","target":["https:\/\/zeleni-prsten.hr\/portal\/dionicke-radionice-za-planove-upravljanja\/"]}]},{"@type":"BreadcrumbList","@id":"https:\/\/zeleni-prsten.hr\/portal\/dionicke-radionice-za-planove-upravljanja\/#breadcrumb","itemListElement":[{"@type":"ListItem","position":1,"name":"Home","item":"https:\/\/zeleni-prsten.hr\/portal\/"},{"@type":"ListItem","position":2,"name":"Dioni\u010dke radionice za planove upravljanja"}]},{"@type":"Person","@id":"https:\/\/zeleni-prsten.hr\/portal\/#\/schema\/person\/055e03bf54bb9f1861485d75b692e69e","name":"\u017deljka \u0160abari\u0107","url":"https:\/\/zeleni-prsten.hr\/portal\/author\/zeljka\/"}]}},"_links":{"self":[{"href":"https:\/\/zeleni-prsten.hr\/portal\/wp-json\/wp\/v2\/posts\/13483"}],"collection":[{"href":"https:\/\/zeleni-prsten.hr\/portal\/wp-json\/wp\/v2\/posts"}],"about":[{"href":"https:\/\/zeleni-prsten.hr\/portal\/wp-json\/wp\/v2\/types\/post"}],"author":[{"embeddable":true,"href":"https:\/\/zeleni-prsten.hr\/portal\/wp-json\/wp\/v2\/users\/5"}],"replies":[{"embeddable":true,"href":"https:\/\/zeleni-prsten.hr\/portal\/wp-json\/wp\/v2\/comments?post=13483"}],"version-history":[{"count":1,"href":"https:\/\/zeleni-prsten.hr\/portal\/wp-json\/wp\/v2\/posts\/13483\/revisions"}],"predecessor-version":[{"id":13500,"href":"https:\/\/zeleni-prsten.hr\/portal\/wp-json\/wp\/v2\/posts\/13483\/revisions\/13500"}],"wp:featuredmedia":[{"embeddable":true,"href":"https:\/\/zeleni-prsten.hr\/portal\/wp-json\/wp\/v2\/media\/13491"}],"wp:attachment":[{"href":"https:\/\/zeleni-prsten.hr\/portal\/wp-json\/wp\/v2\/media?parent=13483"}],"wp:term":[{"taxonomy":"category","embeddable":true,"href":"https:\/\/zeleni-prsten.hr\/portal\/wp-json\/wp\/v2\/categories?post=13483"},{"taxonomy":"post_tag","embeddable":true,"href":"https:\/\/zeleni-prsten.hr\/portal\/wp-json\/wp\/v2\/tags?post=13483"}],"curies":[{"name":"wp","href":"https:\/\/api.w.org\/{rel}","templated":true}]}}