{"id":13502,"date":"2022-07-19T10:34:17","date_gmt":"2022-07-19T08:34:17","guid":{"rendered":"https:\/\/zeleni-prsten.hr\/portal\/?p=13502"},"modified":"2023-01-19T16:01:30","modified_gmt":"2023-01-19T15:01:30","slug":"upoznajte-gretu-alojza-i-jagora","status":"publish","type":"post","link":"https:\/\/zeleni-prsten.hr\/portal\/upoznajte-gretu-alojza-i-jagora\/","title":{"rendered":"Upoznajte Gretu, Alojza i Jagora"},"content":{"rendered":"<p>Na\u0161e ne tako vi\u0161e male rode dobile su svoja imena. Posjetitelji Facebook stranice Javne ustanove Zeleni prsten Zagreba\u010dke \u017eupanije odabrali su imena mladim pti\u0107ima \u010diji \u017eivot pratimo 24 sata na dan. U prvoj fazi je javnost predlagala imena, potom su djelatnici ustanove odabrali 5 imena da bi pratitelji stranice na kraju odlu\u010dili kako \u0107e se zvati rode. Imena su dobile po rodama iz crti\u0107a \u201eLete\u0107i medvjedi\u0107i\u201c \u2013 Alojz i Greta, te Jagor prema dje\u010daku iz \u201ePri\u010da iz davnina\u201c I.B. Ma\u017eurani\u0107 a predlo\u017eile su ih Nives Leskovar i Zvjezdana Bel\u010di\u0107 \u0160panec.<\/p>\n<p>Greta, Alojz i Jagor, na prvi pogled izgledaju sli\u010dno kao i roditelji, a razlikovati ih mo\u017eete po boji kljuna i nogu. Mlade rode imaju crni kljun i tamnije noge, a s vremenom, ve\u0107 prije izlijetanja, boja kljuna i nogu postupno prelazi u naran\u010dastu te tamnocrvenu.<\/p>\n<p>Mlade rode trenutno u gnijezdu vje\u017ebaju letenje, ma\u0161u krilima i poskakuju, a u narednim tjednima \u0107e se odva\u017eiti i krenuti na svoj prvi let. Sredinom kolovoza one \u0107e krenuti za Afriku. Prvo \u0107e se okupiti u manja jata koja \u0107e se putem do Izraela pove\u0107ati na \u010dak do 10.000 ptica u jednom jatu. Zatim uz rijeku Nil nastavljaju put do juga Afrike, \u010dak do Ju\u017enoafri\u010dke republike. Ovisno o najezdama skakavaca mogu ostati i u nekim sjevernijim krajevima. Rode se \u010desto ne\u0107e vratiti prve godine jer nisu spolno zrele, vratit \u0107e se tek u tre\u0107oj ili \u010detvrtoj kalendarskoj godini. Zanimljiv primjer imamo na gnijezdu koje prati na\u0161a kamera zahvaljuju\u0107i prstenovanju. Prstenovana ptica se izlegla 2018. u Lonjskom polju, 2019. je vi\u0111ena u Izraelu a sada, u \u010detvrtoj godini, gnijezdi u Donjoj Zden\u010dini.<\/p>\n<p>Pratite \u017eivot na\u0161e Grete, Alojza i Jagora, poku\u0161aje letenja, hranjenje i ostale svakodnevne zanimljivosti na linku <a href=\"https:\/\/zeleni-prsten.hr\/portal\/tajanstveni-zivot-roda\/.\">&nbsp;tajanstveni \u017eivot roda.<\/a><\/p>\n\n<div class=\"ngg-galleryoverview ngg-template-caption\" id=\"ngg-gallery-dd61949279e5dab8f614782511b22ca8-13502\">\n\n\n\t<!-- Thumbnails -->\n    \t\t\n\t<div id=\"ngg-image-704\" class=\"ngg-gallery-thumbnail-box\"  >\n\t\t<div class=\"ngg-gallery-thumbnail\" >\n\t\t\t<a href=\"https:\/\/zeleni-prsten.hr\/portal\/wp-content\/gallery\/tajanstveni-zivot-roda\/tAJANSTVENI-ZIVOT-RODA-1.jpg\"\n               title=\" \"\n               class=\"ngg-simplelightbox\" rel=\"dd61949279e5dab8f614782511b22ca8\" data-image-id=\"704\" data-src=\"https:\/\/zeleni-prsten.hr\/portal\/wp-content\/gallery\/tajanstveni-zivot-roda\/tAJANSTVENI-ZIVOT-RODA-1.jpg\" data-thumbnail=\"https:\/\/zeleni-prsten.hr\/portal\/wp-content\/gallery\/tajanstveni-zivot-roda\/cache\/tAJANSTVENI-ZIVOT-RODA-1.jpg-nggid03704-ngg0dyn-360x320x100-00f0w010c011r110f110r010t010.jpg\" data-title=\"tAJANSTVENI-ZIVOT-RODA-1\" data-description=\" \" >\n\t\t\t\t\t\t\t\t<img title=\"tAJANSTVENI-ZIVOT-RODA-1\" alt=\"tAJANSTVENI-ZIVOT-RODA-1\" src=\"https:\/\/zeleni-prsten.hr\/portal\/wp-content\/gallery\/tajanstveni-zivot-roda\/cache\/tAJANSTVENI-ZIVOT-RODA-1.jpg-nggid03704-ngg0dyn-360x320x100-00f0w010c011r110f110r010t010.jpg\" width='360' height='320' \/>\n\t\t\t\t\t\t\t<\/a>\n\t\t\t<span> <\/span>\n\t\t<\/div>\n\t<\/div>\n\t\t \t\t\n\t<div id=\"ngg-image-705\" class=\"ngg-gallery-thumbnail-box\"  >\n\t\t<div class=\"ngg-gallery-thumbnail\" >\n\t\t\t<a href=\"https:\/\/zeleni-prsten.hr\/portal\/wp-content\/gallery\/tajanstveni-zivot-roda\/tAJANSTVENI-ZIVOT-RODA-3.jpg\"\n               title=\" \"\n               class=\"ngg-simplelightbox\" rel=\"dd61949279e5dab8f614782511b22ca8\" data-image-id=\"705\" data-src=\"https:\/\/zeleni-prsten.hr\/portal\/wp-content\/gallery\/tajanstveni-zivot-roda\/tAJANSTVENI-ZIVOT-RODA-3.jpg\" data-thumbnail=\"https:\/\/zeleni-prsten.hr\/portal\/wp-content\/gallery\/tajanstveni-zivot-roda\/cache\/tAJANSTVENI-ZIVOT-RODA-3.jpg-nggid03705-ngg0dyn-360x320x100-00f0w010c011r110f110r010t010.jpg\" data-title=\"tAJANSTVENI-ZIVOT-RODA-3\" data-description=\" \" >\n\t\t\t\t\t\t\t\t<img title=\"tAJANSTVENI-ZIVOT-RODA-3\" alt=\"tAJANSTVENI-ZIVOT-RODA-3\" src=\"https:\/\/zeleni-prsten.hr\/portal\/wp-content\/gallery\/tajanstveni-zivot-roda\/cache\/tAJANSTVENI-ZIVOT-RODA-3.jpg-nggid03705-ngg0dyn-360x320x100-00f0w010c011r110f110r010t010.jpg\" width='360' height='320' \/>\n\t\t\t\t\t\t\t<\/a>\n\t\t\t<span> <\/span>\n\t\t<\/div>\n\t<\/div>\n\t\t \t\t\n\t<div id=\"ngg-image-706\" class=\"ngg-gallery-thumbnail-box\"  >\n\t\t<div class=\"ngg-gallery-thumbnail\" >\n\t\t\t<a href=\"https:\/\/zeleni-prsten.hr\/portal\/wp-content\/gallery\/tajanstveni-zivot-roda\/tAJANSTVENI-ZIVOT-RODA-4.jpg\"\n               title=\" \"\n               class=\"ngg-simplelightbox\" rel=\"dd61949279e5dab8f614782511b22ca8\" data-image-id=\"706\" data-src=\"https:\/\/zeleni-prsten.hr\/portal\/wp-content\/gallery\/tajanstveni-zivot-roda\/tAJANSTVENI-ZIVOT-RODA-4.jpg\" data-thumbnail=\"https:\/\/zeleni-prsten.hr\/portal\/wp-content\/gallery\/tajanstveni-zivot-roda\/cache\/tAJANSTVENI-ZIVOT-RODA-4.jpg-nggid03706-ngg0dyn-360x320x100-00f0w010c011r110f110r010t010.jpg\" data-title=\"tAJANSTVENI-ZIVOT-RODA-4\" data-description=\" \" >\n\t\t\t\t\t\t\t\t<img title=\"tAJANSTVENI-ZIVOT-RODA-4\" alt=\"tAJANSTVENI-ZIVOT-RODA-4\" src=\"https:\/\/zeleni-prsten.hr\/portal\/wp-content\/gallery\/tajanstveni-zivot-roda\/cache\/tAJANSTVENI-ZIVOT-RODA-4.jpg-nggid03706-ngg0dyn-360x320x100-00f0w010c011r110f110r010t010.jpg\" width='360' height='320' \/>\n\t\t\t\t\t\t\t<\/a>\n\t\t\t<span> <\/span>\n\t\t<\/div>\n\t<\/div>\n\t\t \t\t\n\t<div id=\"ngg-image-707\" class=\"ngg-gallery-thumbnail-box\"  >\n\t\t<div class=\"ngg-gallery-thumbnail\" >\n\t\t\t<a href=\"https:\/\/zeleni-prsten.hr\/portal\/wp-content\/gallery\/tajanstveni-zivot-roda\/tAJANSTVENI-ZIVOT-RODA-5.jpg\"\n               title=\" \"\n               class=\"ngg-simplelightbox\" rel=\"dd61949279e5dab8f614782511b22ca8\" data-image-id=\"707\" data-src=\"https:\/\/zeleni-prsten.hr\/portal\/wp-content\/gallery\/tajanstveni-zivot-roda\/tAJANSTVENI-ZIVOT-RODA-5.jpg\" data-thumbnail=\"https:\/\/zeleni-prsten.hr\/portal\/wp-content\/gallery\/tajanstveni-zivot-roda\/cache\/tAJANSTVENI-ZIVOT-RODA-5.jpg-nggid03707-ngg0dyn-360x320x100-00f0w010c011r110f110r010t010.jpg\" data-title=\"tAJANSTVENI-ZIVOT-RODA-5\" data-description=\" \" >\n\t\t\t\t\t\t\t\t<img title=\"tAJANSTVENI-ZIVOT-RODA-5\" alt=\"tAJANSTVENI-ZIVOT-RODA-5\" src=\"https:\/\/zeleni-prsten.hr\/portal\/wp-content\/gallery\/tajanstveni-zivot-roda\/cache\/tAJANSTVENI-ZIVOT-RODA-5.jpg-nggid03707-ngg0dyn-360x320x100-00f0w010c011r110f110r010t010.jpg\" width='360' height='320' \/>\n\t\t\t\t\t\t\t<\/a>\n\t\t\t<span> <\/span>\n\t\t<\/div>\n\t<\/div>\n\t\t \t\t\n\t<div id=\"ngg-image-708\" class=\"ngg-gallery-thumbnail-box\"  >\n\t\t<div class=\"ngg-gallery-thumbnail\" >\n\t\t\t<a href=\"https:\/\/zeleni-prsten.hr\/portal\/wp-content\/gallery\/tajanstveni-zivot-roda\/tAJANSTVENI-ZIVOT-RODA-7.jpg\"\n               title=\" \"\n               class=\"ngg-simplelightbox\" rel=\"dd61949279e5dab8f614782511b22ca8\" data-image-id=\"708\" data-src=\"https:\/\/zeleni-prsten.hr\/portal\/wp-content\/gallery\/tajanstveni-zivot-roda\/tAJANSTVENI-ZIVOT-RODA-7.jpg\" data-thumbnail=\"https:\/\/zeleni-prsten.hr\/portal\/wp-content\/gallery\/tajanstveni-zivot-roda\/cache\/tAJANSTVENI-ZIVOT-RODA-7.jpg-nggid03708-ngg0dyn-360x320x100-00f0w010c011r110f110r010t010.jpg\" data-title=\"tAJANSTVENI-ZIVOT-RODA-7\" data-description=\" \" >\n\t\t\t\t\t\t\t\t<img title=\"tAJANSTVENI-ZIVOT-RODA-7\" alt=\"tAJANSTVENI-ZIVOT-RODA-7\" src=\"https:\/\/zeleni-prsten.hr\/portal\/wp-content\/gallery\/tajanstveni-zivot-roda\/cache\/tAJANSTVENI-ZIVOT-RODA-7.jpg-nggid03708-ngg0dyn-360x320x100-00f0w010c011r110f110r010t010.jpg\" width='360' height='320' \/>\n\t\t\t\t\t\t\t<\/a>\n\t\t\t<span> <\/span>\n\t\t<\/div>\n\t<\/div>\n\t\t \t \t\n\t<!-- Pagination -->\n \t<div class='ngg-clear'><\/div> \t\n<\/div>\n\n\n<p>&nbsp;<\/p>\n","protected":false},"excerpt":{"rendered":"<p>Na\u0161e ne tako vi\u0161e male rode dobile su svoja imena. Posjetitelji Facebook stranice Javne ustanove Zeleni prsten Zagreba\u010dke \u017eupanije odabrali su imena mladim pti\u0107ima \u010diji \u017eivot pratimo 24 sata na dan. U prvoj fazi je javnost predlagala imena, potom su [&hellip;]<\/p>\n","protected":false},"author":5,"featured_media":13425,"comment_status":"closed","ping_status":"closed","sticky":false,"template":"","format":"standard","meta":{"ngg_post_thumbnail":0},"categories":[59],"tags":[193,65,67,197,415,77,79,81],"yoast_head":"<!-- This site is optimized with the Yoast SEO plugin v18.4.1 - https:\/\/yoast.com\/wordpress\/plugins\/seo\/ -->\n<title>Upoznajte Gretu, Alojza i Jagora - JU Zeleni prsten Zagreba\u010dke \u017eupanije<\/title>\n<meta name=\"robots\" content=\"index, follow, max-snippet:-1, max-image-preview:large, max-video-preview:-1\" \/>\n<link rel=\"canonical\" href=\"https:\/\/zeleni-prsten.hr\/portal\/upoznajte-gretu-alojza-i-jagora\/\" \/>\n<meta property=\"og:locale\" content=\"hr_HR\" \/>\n<meta property=\"og:type\" content=\"article\" \/>\n<meta property=\"og:title\" content=\"Upoznajte Gretu, Alojza i Jagora - JU Zeleni prsten Zagreba\u010dke \u017eupanije\" \/>\n<meta property=\"og:description\" content=\"Na\u0161e ne tako vi\u0161e male rode dobile su svoja imena. Posjetitelji Facebook stranice Javne ustanove Zeleni prsten Zagreba\u010dke \u017eupanije odabrali su imena mladim pti\u0107ima \u010diji \u017eivot pratimo 24 sata na dan. U prvoj fazi je javnost predlagala imena, potom su [&hellip;]\" \/>\n<meta property=\"og:url\" content=\"https:\/\/zeleni-prsten.hr\/portal\/upoznajte-gretu-alojza-i-jagora\/\" \/>\n<meta property=\"og:site_name\" content=\"JU Zeleni prsten Zagreba\u010dke \u017eupanije\" \/>\n<meta property=\"article:published_time\" content=\"2022-07-19T08:34:17+00:00\" \/>\n<meta property=\"article:modified_time\" content=\"2023-01-19T15:01:30+00:00\" \/>\n<meta property=\"og:image\" content=\"https:\/\/zeleni-prsten.hr\/portal\/wp-content\/uploads\/2022\/06\/tAJANSTVENI-ZIVOT-RODA-4.jpg\" \/>\n\t<meta property=\"og:image:width\" content=\"1920\" \/>\n\t<meta property=\"og:image:height\" content=\"1440\" \/>\n\t<meta property=\"og:image:type\" content=\"image\/jpeg\" \/>\n<meta name=\"twitter:card\" content=\"summary_large_image\" \/>\n<meta name=\"twitter:label1\" content=\"Napisao\/la\" \/>\n\t<meta name=\"twitter:data1\" content=\"\u017deljka \u0160abari\u0107\" \/>\n\t<meta name=\"twitter:label2\" content=\"Procijenjeno vrijeme \u010ditanja\" \/>\n\t<meta name=\"twitter:data2\" content=\"2 minute\" \/>\n<script type=\"application\/ld+json\" class=\"yoast-schema-graph\">{\"@context\":\"https:\/\/schema.org\",\"@graph\":[{\"@type\":\"WebSite\",\"@id\":\"https:\/\/zeleni-prsten.hr\/portal\/#website\",\"url\":\"https:\/\/zeleni-prsten.hr\/portal\/\",\"name\":\"JU Zeleni prsten Zagreba\u010dke \u017eupanije\",\"description\":\"JU Zeleni prsten Zagreba\u010dke \u017eupanije\",\"potentialAction\":[{\"@type\":\"SearchAction\",\"target\":{\"@type\":\"EntryPoint\",\"urlTemplate\":\"https:\/\/zeleni-prsten.hr\/portal\/?s={search_term_string}\"},\"query-input\":\"required name=search_term_string\"}],\"inLanguage\":\"hr\"},{\"@type\":\"ImageObject\",\"@id\":\"https:\/\/zeleni-prsten.hr\/portal\/upoznajte-gretu-alojza-i-jagora\/#primaryimage\",\"inLanguage\":\"hr\",\"url\":\"https:\/\/zeleni-prsten.hr\/portal\/wp-content\/uploads\/2022\/06\/tAJANSTVENI-ZIVOT-RODA-4.jpg\",\"contentUrl\":\"https:\/\/zeleni-prsten.hr\/portal\/wp-content\/uploads\/2022\/06\/tAJANSTVENI-ZIVOT-RODA-4.jpg\",\"width\":1920,\"height\":1440},{\"@type\":\"WebPage\",\"@id\":\"https:\/\/zeleni-prsten.hr\/portal\/upoznajte-gretu-alojza-i-jagora\/#webpage\",\"url\":\"https:\/\/zeleni-prsten.hr\/portal\/upoznajte-gretu-alojza-i-jagora\/\",\"name\":\"Upoznajte Gretu, Alojza i Jagora - JU Zeleni prsten Zagreba\u010dke \u017eupanije\",\"isPartOf\":{\"@id\":\"https:\/\/zeleni-prsten.hr\/portal\/#website\"},\"primaryImageOfPage\":{\"@id\":\"https:\/\/zeleni-prsten.hr\/portal\/upoznajte-gretu-alojza-i-jagora\/#primaryimage\"},\"datePublished\":\"2022-07-19T08:34:17+00:00\",\"dateModified\":\"2023-01-19T15:01:30+00:00\",\"author\":{\"@id\":\"https:\/\/zeleni-prsten.hr\/portal\/#\/schema\/person\/055e03bf54bb9f1861485d75b692e69e\"},\"breadcrumb\":{\"@id\":\"https:\/\/zeleni-prsten.hr\/portal\/upoznajte-gretu-alojza-i-jagora\/#breadcrumb\"},\"inLanguage\":\"hr\",\"potentialAction\":[{\"@type\":\"ReadAction\",\"target\":[\"https:\/\/zeleni-prsten.hr\/portal\/upoznajte-gretu-alojza-i-jagora\/\"]}]},{\"@type\":\"BreadcrumbList\",\"@id\":\"https:\/\/zeleni-prsten.hr\/portal\/upoznajte-gretu-alojza-i-jagora\/#breadcrumb\",\"itemListElement\":[{\"@type\":\"ListItem\",\"position\":1,\"name\":\"Home\",\"item\":\"https:\/\/zeleni-prsten.hr\/portal\/\"},{\"@type\":\"ListItem\",\"position\":2,\"name\":\"Upoznajte Gretu, Alojza i Jagora\"}]},{\"@type\":\"Person\",\"@id\":\"https:\/\/zeleni-prsten.hr\/portal\/#\/schema\/person\/055e03bf54bb9f1861485d75b692e69e\",\"name\":\"\u017deljka \u0160abari\u0107\",\"url\":\"https:\/\/zeleni-prsten.hr\/portal\/author\/zeljka\/\"}]}<\/script>\n<!-- \/ Yoast SEO plugin. -->","yoast_head_json":{"title":"Upoznajte Gretu, Alojza i Jagora - JU Zeleni prsten Zagreba\u010dke \u017eupanije","robots":{"index":"index","follow":"follow","max-snippet":"max-snippet:-1","max-image-preview":"max-image-preview:large","max-video-preview":"max-video-preview:-1"},"canonical":"https:\/\/zeleni-prsten.hr\/portal\/upoznajte-gretu-alojza-i-jagora\/","og_locale":"hr_HR","og_type":"article","og_title":"Upoznajte Gretu, Alojza i Jagora - JU Zeleni prsten Zagreba\u010dke \u017eupanije","og_description":"Na\u0161e ne tako vi\u0161e male rode dobile su svoja imena. Posjetitelji Facebook stranice Javne ustanove Zeleni prsten Zagreba\u010dke \u017eupanije odabrali su imena mladim pti\u0107ima \u010diji \u017eivot pratimo 24 sata na dan. U prvoj fazi je javnost predlagala imena, potom su [&hellip;]","og_url":"https:\/\/zeleni-prsten.hr\/portal\/upoznajte-gretu-alojza-i-jagora\/","og_site_name":"JU Zeleni prsten Zagreba\u010dke \u017eupanije","article_published_time":"2022-07-19T08:34:17+00:00","article_modified_time":"2023-01-19T15:01:30+00:00","og_image":[{"width":1920,"height":1440,"url":"https:\/\/zeleni-prsten.hr\/portal\/wp-content\/uploads\/2022\/06\/tAJANSTVENI-ZIVOT-RODA-4.jpg","type":"image\/jpeg"}],"twitter_card":"summary_large_image","twitter_misc":{"Napisao\/la":"\u017deljka \u0160abari\u0107","Procijenjeno vrijeme \u010ditanja":"2 minute"},"schema":{"@context":"https:\/\/schema.org","@graph":[{"@type":"WebSite","@id":"https:\/\/zeleni-prsten.hr\/portal\/#website","url":"https:\/\/zeleni-prsten.hr\/portal\/","name":"JU Zeleni prsten Zagreba\u010dke \u017eupanije","description":"JU Zeleni prsten Zagreba\u010dke \u017eupanije","potentialAction":[{"@type":"SearchAction","target":{"@type":"EntryPoint","urlTemplate":"https:\/\/zeleni-prsten.hr\/portal\/?s={search_term_string}"},"query-input":"required name=search_term_string"}],"inLanguage":"hr"},{"@type":"ImageObject","@id":"https:\/\/zeleni-prsten.hr\/portal\/upoznajte-gretu-alojza-i-jagora\/#primaryimage","inLanguage":"hr","url":"https:\/\/zeleni-prsten.hr\/portal\/wp-content\/uploads\/2022\/06\/tAJANSTVENI-ZIVOT-RODA-4.jpg","contentUrl":"https:\/\/zeleni-prsten.hr\/portal\/wp-content\/uploads\/2022\/06\/tAJANSTVENI-ZIVOT-RODA-4.jpg","width":1920,"height":1440},{"@type":"WebPage","@id":"https:\/\/zeleni-prsten.hr\/portal\/upoznajte-gretu-alojza-i-jagora\/#webpage","url":"https:\/\/zeleni-prsten.hr\/portal\/upoznajte-gretu-alojza-i-jagora\/","name":"Upoznajte Gretu, Alojza i Jagora - JU Zeleni prsten Zagreba\u010dke \u017eupanije","isPartOf":{"@id":"https:\/\/zeleni-prsten.hr\/portal\/#website"},"primaryImageOfPage":{"@id":"https:\/\/zeleni-prsten.hr\/portal\/upoznajte-gretu-alojza-i-jagora\/#primaryimage"},"datePublished":"2022-07-19T08:34:17+00:00","dateModified":"2023-01-19T15:01:30+00:00","author":{"@id":"https:\/\/zeleni-prsten.hr\/portal\/#\/schema\/person\/055e03bf54bb9f1861485d75b692e69e"},"breadcrumb":{"@id":"https:\/\/zeleni-prsten.hr\/portal\/upoznajte-gretu-alojza-i-jagora\/#breadcrumb"},"inLanguage":"hr","potentialAction":[{"@type":"ReadAction","target":["https:\/\/zeleni-prsten.hr\/portal\/upoznajte-gretu-alojza-i-jagora\/"]}]},{"@type":"BreadcrumbList","@id":"https:\/\/zeleni-prsten.hr\/portal\/upoznajte-gretu-alojza-i-jagora\/#breadcrumb","itemListElement":[{"@type":"ListItem","position":1,"name":"Home","item":"https:\/\/zeleni-prsten.hr\/portal\/"},{"@type":"ListItem","position":2,"name":"Upoznajte Gretu, Alojza i Jagora"}]},{"@type":"Person","@id":"https:\/\/zeleni-prsten.hr\/portal\/#\/schema\/person\/055e03bf54bb9f1861485d75b692e69e","name":"\u017deljka \u0160abari\u0107","url":"https:\/\/zeleni-prsten.hr\/portal\/author\/zeljka\/"}]}},"_links":{"self":[{"href":"https:\/\/zeleni-prsten.hr\/portal\/wp-json\/wp\/v2\/posts\/13502"}],"collection":[{"href":"https:\/\/zeleni-prsten.hr\/portal\/wp-json\/wp\/v2\/posts"}],"about":[{"href":"https:\/\/zeleni-prsten.hr\/portal\/wp-json\/wp\/v2\/types\/post"}],"author":[{"embeddable":true,"href":"https:\/\/zeleni-prsten.hr\/portal\/wp-json\/wp\/v2\/users\/5"}],"replies":[{"embeddable":true,"href":"https:\/\/zeleni-prsten.hr\/portal\/wp-json\/wp\/v2\/comments?post=13502"}],"version-history":[{"count":3,"href":"https:\/\/zeleni-prsten.hr\/portal\/wp-json\/wp\/v2\/posts\/13502\/revisions"}],"predecessor-version":[{"id":13505,"href":"https:\/\/zeleni-prsten.hr\/portal\/wp-json\/wp\/v2\/posts\/13502\/revisions\/13505"}],"wp:featuredmedia":[{"embeddable":true,"href":"https:\/\/zeleni-prsten.hr\/portal\/wp-json\/wp\/v2\/media\/13425"}],"wp:attachment":[{"href":"https:\/\/zeleni-prsten.hr\/portal\/wp-json\/wp\/v2\/media?parent=13502"}],"wp:term":[{"taxonomy":"category","embeddable":true,"href":"https:\/\/zeleni-prsten.hr\/portal\/wp-json\/wp\/v2\/categories?post=13502"},{"taxonomy":"post_tag","embeddable":true,"href":"https:\/\/zeleni-prsten.hr\/portal\/wp-json\/wp\/v2\/tags?post=13502"}],"curies":[{"name":"wp","href":"https:\/\/api.w.org\/{rel}","templated":true}]}}