{"id":13516,"date":"2022-08-24T08:51:00","date_gmt":"2022-08-24T06:51:00","guid":{"rendered":"https:\/\/zeleni-prsten.hr\/portal\/?p=13516"},"modified":"2022-08-24T10:57:39","modified_gmt":"2022-08-24T08:57:39","slug":"dan-roda","status":"publish","type":"post","link":"https:\/\/zeleni-prsten.hr\/portal\/dan-roda\/","title":{"rendered":"Dan roda"},"content":{"rendered":"<p>Danas (24. kolovoza), dok bijele rode putuju prema jugu mi obilje\u017eavamo njihov dan, Dan bijele rode s ciljem ja\u010danja svijesti o va\u017enosti za\u0161tite bijele rode te upozoravanja na opadanje njihovog broja zbog nestanka prirodnih stani\u0161ta. Bijela roda je dio identiteta hrvatskog sela i pokazatelj da \u017eivimo u zdravom okoli\u0161u. Hrvatska je svojom bioraznoliko\u0161\u0107u jedna od najbogatijih zemalja Europe. Na\u0161a je obaveza sa\u010duvati to bogatstvo bioraznolikosti za budu\u0107e generacije.<\/p>\n<p>U Europi gnijezdi 180.000 do 220.000 parova roda od \u010dega najvi\u0161e u Poljskoj i Ukrajini. U Hrvatskoj gnijezdi izme\u0111u 1100 do 1300 parova od \u010dega gotovo 900 parova u slivnom podru\u010dju rijeke Save. Zagreba\u010dka \u017eupanija je uz Sisa\u010dko-moslava\u010dku najbogatija rodama. U Zagreba\u010dkoj \u017eupaniji gnijezdi oko 250 parova bijele rode.<\/p>\n<p>Roda je ugro\u017eena vrsta a njen opstanak uvelike ovisi i o na\u0161em na\u010dinu \u017eivota na selu. Preferira vla\u017ene livade i poljoprivredna zemlji\u0161ta koja se koriste na tradicionalan na\u010din jer upravo na njima nalazi najvi\u0161e svoje hrane. Hrane se vodozemcima, gmazovima, ribama, glodavcima, velikim kukcima, onime \u0161to mo\u017ee uloviti. U Hrvatskoj su najvi\u0161e ugro\u017eene promjenama stani\u0161ta do kojih dolazi zbog modernizacije poljoprivrede, isu\u0161ivanja vla\u017enih podru\u010dja, prenamjene pa\u0161njaka ili njihovog napu\u0161tanja te prekomjerne upotrebe pesticida. Sa\u010duvajmo rode, vrlo su korisne! Na ekolo\u0161ki na\u010din, besplatno, uni\u0161tavaju ogroman broj glodavaca.<\/p>\n<p>I ove \u0107e godine Javna ustanova Zeleni prsten Zagreba\u010dke \u017eupanije u suradnji s Turisti\u010dkom zajednicom op\u0107ine Pisarovina te udrugom Zden\u010dina 1562 obilje\u017eiti Dan roda tradicionalnom biciklijadom \u201ePut bijele rode\u201c u nedjelju 18. rujna 2022. godine od 14:00 sati. Okupljanje je na Trga Stjepana Radi\u0107a 1, Dru\u0161tveni centar Zden\u010dina a cilj je u Zavi\u010dajnom muzeju Donja Kup\u010dina. Na taj na\u010din biciklijada spaja Donju Zden\u010dinu i Donju Kup\u010dinu, dva sela s najve\u0107im brojem roda u Zagreba\u010dkoj \u017eupaniji.<\/p>\n<p>Staza u du\u017eini od 17 km praznik je za o\u010di i u\u0161i, za du\u0161u i tijelo. Prijave se primaju do 8. 9. 2022. do 12:00 h na mail tzpisarovina@pisarovina.hr ili na link <a href=\"https:\/\/form.jotform.com\/222193681496060\">prijava.<\/a> Prvih 100 prijavljenih dobiva poklon pakete s majicama i platnenim vre\u0107icama, ru\u010dak te besplatni razgled Zavi\u010dajnog muzeja Donja Kup\u010dina! Za sudionike biciklijade bit \u0107e organiziran prijevoz bicikala i biciklista iz Pisarovine do starta.<\/p>\n<p>&nbsp;<\/p>\n<p>To\u010dnije, Javna ustanova Zeleni prsten Zagreba\u010dke \u017eupanije Dan roda obilje\u017eava tijekom cijele godine raznim manifestacijama. Novitet ove godine je projekt Tajanstveni \u017eivot roda- postavili smo kameru koja prati \u0161to se doga\u0111a u gnijezdu rode 24 sata na dan. U gnijezdu je bilo vrlo uzbudljivo a kako izgleda gradnja gnijezda, tko hrani pti\u0107e, koliko puta dnevno jedu, kako u\u010de letjeti i jo\u0161 mnogo toga pogledajte na&nbsp;<a href=\"https:\/\/www.youtube.com\/watch?v=EUxP0R46E1E&amp;ab_channel=JavnaustanovaZagreba%C4%8Dke%C5%BEupanije\"> linku .<\/a><\/p>\n<p>&nbsp;<\/p>\n<p><iframe loading=\"lazy\" title=\"Tajanstveni \u017eivot roda\" width=\"500\" height=\"281\" src=\"https:\/\/www.youtube.com\/embed\/EUxP0R46E1E?feature=oembed\" frameborder=\"0\" allow=\"accelerometer; autoplay; clipboard-write; encrypted-media; gyroscope; picture-in-picture\" allowfullscreen><\/iframe><\/p>\n<p>&nbsp;<\/p>\n\n<div class=\"ngg-galleryoverview ngg-template-caption\" id=\"ngg-gallery-5125d80adf92bc610d533311ad0f1a92-13516\">\n\n\n\t<!-- Thumbnails -->\n    \t\t\n\t<div id=\"ngg-image-724\" class=\"ngg-gallery-thumbnail-box\"  >\n\t\t<div class=\"ngg-gallery-thumbnail\" >\n\t\t\t<a href=\"https:\/\/zeleni-prsten.hr\/portal\/wp-content\/gallery\/dan-roda-1\/Plakat_Put_bijele-rode_2022_polozenj_FB.jpg\"\n               title=\" \"\n               class=\"ngg-simplelightbox\" rel=\"5125d80adf92bc610d533311ad0f1a92\" data-image-id=\"724\" data-src=\"https:\/\/zeleni-prsten.hr\/portal\/wp-content\/gallery\/dan-roda-1\/Plakat_Put_bijele-rode_2022_polozenj_FB.jpg\" data-thumbnail=\"https:\/\/zeleni-prsten.hr\/portal\/wp-content\/gallery\/dan-roda-1\/cache\/Plakat_Put_bijele-rode_2022_polozenj_FB.jpg-nggid03724-ngg0dyn-360x320x100-00f0w010c011r110f110r010t010.jpg\" data-title=\"Untitled-2\" data-description=\" \" >\n\t\t\t\t\t\t\t\t<img title=\"Untitled-2\" alt=\"Untitled-2\" src=\"https:\/\/zeleni-prsten.hr\/portal\/wp-content\/gallery\/dan-roda-1\/cache\/Plakat_Put_bijele-rode_2022_polozenj_FB.jpg-nggid03724-ngg0dyn-360x320x100-00f0w010c011r110f110r010t010.jpg\" width='360' height='320' \/>\n\t\t\t\t\t\t\t<\/a>\n\t\t\t<span> <\/span>\n\t\t<\/div>\n\t<\/div>\n\t\t \t\t\n\t<div id=\"ngg-image-723\" class=\"ngg-gallery-thumbnail-box\"  >\n\t\t<div class=\"ngg-gallery-thumbnail\" >\n\t\t\t<a href=\"https:\/\/zeleni-prsten.hr\/portal\/wp-content\/gallery\/dan-roda-1\/Male-rode.jpg\"\n               title=\" \"\n               class=\"ngg-simplelightbox\" rel=\"5125d80adf92bc610d533311ad0f1a92\" data-image-id=\"723\" data-src=\"https:\/\/zeleni-prsten.hr\/portal\/wp-content\/gallery\/dan-roda-1\/Male-rode.jpg\" data-thumbnail=\"https:\/\/zeleni-prsten.hr\/portal\/wp-content\/gallery\/dan-roda-1\/cache\/Male-rode.jpg-nggid03723-ngg0dyn-360x320x100-00f0w010c011r110f110r010t010.jpg\" data-title=\"Male-rode\" data-description=\" \" >\n\t\t\t\t\t\t\t\t<img title=\"Male-rode\" alt=\"Male-rode\" src=\"https:\/\/zeleni-prsten.hr\/portal\/wp-content\/gallery\/dan-roda-1\/cache\/Male-rode.jpg-nggid03723-ngg0dyn-360x320x100-00f0w010c011r110f110r010t010.jpg\" width='360' height='320' \/>\n\t\t\t\t\t\t\t<\/a>\n\t\t\t<span> <\/span>\n\t\t<\/div>\n\t<\/div>\n\t\t \t\t\n\t<div id=\"ngg-image-721\" class=\"ngg-gallery-thumbnail-box\"  >\n\t\t<div class=\"ngg-gallery-thumbnail\" >\n\t\t\t<a href=\"https:\/\/zeleni-prsten.hr\/portal\/wp-content\/gallery\/dan-roda-1\/tAJANSTVENI-ZIVOT-RODA-5.jpg\"\n               title=\" \"\n               class=\"ngg-simplelightbox\" rel=\"5125d80adf92bc610d533311ad0f1a92\" data-image-id=\"721\" data-src=\"https:\/\/zeleni-prsten.hr\/portal\/wp-content\/gallery\/dan-roda-1\/tAJANSTVENI-ZIVOT-RODA-5.jpg\" data-thumbnail=\"https:\/\/zeleni-prsten.hr\/portal\/wp-content\/gallery\/dan-roda-1\/cache\/tAJANSTVENI-ZIVOT-RODA-5.jpg-nggid03721-ngg0dyn-360x320x100-00f0w010c011r110f110r010t010.jpg\" data-title=\"tAJANSTVENI-ZIVOT-RODA-5\" data-description=\" \" >\n\t\t\t\t\t\t\t\t<img title=\"tAJANSTVENI-ZIVOT-RODA-5\" alt=\"tAJANSTVENI-ZIVOT-RODA-5\" src=\"https:\/\/zeleni-prsten.hr\/portal\/wp-content\/gallery\/dan-roda-1\/cache\/tAJANSTVENI-ZIVOT-RODA-5.jpg-nggid03721-ngg0dyn-360x320x100-00f0w010c011r110f110r010t010.jpg\" width='360' height='320' \/>\n\t\t\t\t\t\t\t<\/a>\n\t\t\t<span> <\/span>\n\t\t<\/div>\n\t<\/div>\n\t\t \t\t\n\t<div id=\"ngg-image-726\" class=\"ngg-gallery-thumbnail-box\"  >\n\t\t<div class=\"ngg-gallery-thumbnail\" >\n\t\t\t<a href=\"https:\/\/zeleni-prsten.hr\/portal\/wp-content\/gallery\/dan-roda-1\/rode-u-gnijezdu-umanjena.jpg\"\n               title=\" \"\n               class=\"ngg-simplelightbox\" rel=\"5125d80adf92bc610d533311ad0f1a92\" data-image-id=\"726\" data-src=\"https:\/\/zeleni-prsten.hr\/portal\/wp-content\/gallery\/dan-roda-1\/rode-u-gnijezdu-umanjena.jpg\" data-thumbnail=\"https:\/\/zeleni-prsten.hr\/portal\/wp-content\/gallery\/dan-roda-1\/cache\/rode-u-gnijezdu-umanjena.jpg-nggid03726-ngg0dyn-360x320x100-00f0w010c011r110f110r010t010.jpg\" data-title=\"rode-u-gnijezdu-umanjena\" data-description=\" \" >\n\t\t\t\t\t\t\t\t<img title=\"rode-u-gnijezdu-umanjena\" alt=\"rode-u-gnijezdu-umanjena\" src=\"https:\/\/zeleni-prsten.hr\/portal\/wp-content\/gallery\/dan-roda-1\/cache\/rode-u-gnijezdu-umanjena.jpg-nggid03726-ngg0dyn-360x320x100-00f0w010c011r110f110r010t010.jpg\" width='360' height='320' \/>\n\t\t\t\t\t\t\t<\/a>\n\t\t\t<span> <\/span>\n\t\t<\/div>\n\t<\/div>\n\t\t \t\t\n\t<div id=\"ngg-image-728\" class=\"ngg-gallery-thumbnail-box\"  >\n\t\t<div class=\"ngg-gallery-thumbnail\" >\n\t\t\t<a href=\"https:\/\/zeleni-prsten.hr\/portal\/wp-content\/gallery\/dan-roda-1\/rode-Zeljka-Sabaric.jpg\"\n               title=\" \"\n               class=\"ngg-simplelightbox\" rel=\"5125d80adf92bc610d533311ad0f1a92\" data-image-id=\"728\" data-src=\"https:\/\/zeleni-prsten.hr\/portal\/wp-content\/gallery\/dan-roda-1\/rode-Zeljka-Sabaric.jpg\" data-thumbnail=\"https:\/\/zeleni-prsten.hr\/portal\/wp-content\/gallery\/dan-roda-1\/cache\/rode-Zeljka-Sabaric.jpg-nggid03728-ngg0dyn-360x320x100-00f0w010c011r110f110r010t010.jpg\" data-title=\"rode-Zeljka-Sabaric\" data-description=\" \" >\n\t\t\t\t\t\t\t\t<img title=\"rode-Zeljka-Sabaric\" alt=\"rode-Zeljka-Sabaric\" src=\"https:\/\/zeleni-prsten.hr\/portal\/wp-content\/gallery\/dan-roda-1\/cache\/rode-Zeljka-Sabaric.jpg-nggid03728-ngg0dyn-360x320x100-00f0w010c011r110f110r010t010.jpg\" width='360' height='320' \/>\n\t\t\t\t\t\t\t<\/a>\n\t\t\t<span> <\/span>\n\t\t<\/div>\n\t<\/div>\n\t\t \t\t\n\t<div id=\"ngg-image-722\" class=\"ngg-gallery-thumbnail-box\"  >\n\t\t<div class=\"ngg-gallery-thumbnail\" >\n\t\t\t<a href=\"https:\/\/zeleni-prsten.hr\/portal\/wp-content\/gallery\/dan-roda-1\/tAJANSTVENI-ZIVOT-RODA-7.jpg\"\n               title=\" \"\n               class=\"ngg-simplelightbox\" rel=\"5125d80adf92bc610d533311ad0f1a92\" data-image-id=\"722\" data-src=\"https:\/\/zeleni-prsten.hr\/portal\/wp-content\/gallery\/dan-roda-1\/tAJANSTVENI-ZIVOT-RODA-7.jpg\" data-thumbnail=\"https:\/\/zeleni-prsten.hr\/portal\/wp-content\/gallery\/dan-roda-1\/cache\/tAJANSTVENI-ZIVOT-RODA-7.jpg-nggid03722-ngg0dyn-360x320x100-00f0w010c011r110f110r010t010.jpg\" data-title=\"tAJANSTVENI-ZIVOT-RODA-7\" data-description=\" \" >\n\t\t\t\t\t\t\t\t<img title=\"tAJANSTVENI-ZIVOT-RODA-7\" alt=\"tAJANSTVENI-ZIVOT-RODA-7\" src=\"https:\/\/zeleni-prsten.hr\/portal\/wp-content\/gallery\/dan-roda-1\/cache\/tAJANSTVENI-ZIVOT-RODA-7.jpg-nggid03722-ngg0dyn-360x320x100-00f0w010c011r110f110r010t010.jpg\" width='360' height='320' \/>\n\t\t\t\t\t\t\t<\/a>\n\t\t\t<span> <\/span>\n\t\t<\/div>\n\t<\/div>\n\t\t \t\t\n\t<div id=\"ngg-image-725\" class=\"ngg-gallery-thumbnail-box\"  >\n\t\t<div class=\"ngg-gallery-thumbnail\" >\n\t\t\t<a href=\"https:\/\/zeleni-prsten.hr\/portal\/wp-content\/gallery\/dan-roda-1\/rode-na-krovu-male.jpg\"\n               title=\"SONY DSC\"\n               class=\"ngg-simplelightbox\" rel=\"5125d80adf92bc610d533311ad0f1a92\" data-image-id=\"725\" data-src=\"https:\/\/zeleni-prsten.hr\/portal\/wp-content\/gallery\/dan-roda-1\/rode-na-krovu-male.jpg\" data-thumbnail=\"https:\/\/zeleni-prsten.hr\/portal\/wp-content\/gallery\/dan-roda-1\/cache\/rode-na-krovu-male.jpg-nggid03725-ngg0dyn-360x320x100-00f0w010c011r110f110r010t010.jpg\" data-title=\"SONY DSC\" data-description=\"SONY DSC\" >\n\t\t\t\t\t\t\t\t<img title=\"SONY DSC\" alt=\"SONY DSC\" src=\"https:\/\/zeleni-prsten.hr\/portal\/wp-content\/gallery\/dan-roda-1\/cache\/rode-na-krovu-male.jpg-nggid03725-ngg0dyn-360x320x100-00f0w010c011r110f110r010t010.jpg\" width='360' height='320' \/>\n\t\t\t\t\t\t\t<\/a>\n\t\t\t<span>SONY DSC<\/span>\n\t\t<\/div>\n\t<\/div>\n\t\t \t\t\n\t<div id=\"ngg-image-727\" class=\"ngg-gallery-thumbnail-box\"  >\n\t\t<div class=\"ngg-gallery-thumbnail\" >\n\t\t\t<a href=\"https:\/\/zeleni-prsten.hr\/portal\/wp-content\/gallery\/dan-roda-1\/Rode-Zeljka-1.jpg\"\n               title=\" \"\n               class=\"ngg-simplelightbox\" rel=\"5125d80adf92bc610d533311ad0f1a92\" data-image-id=\"727\" data-src=\"https:\/\/zeleni-prsten.hr\/portal\/wp-content\/gallery\/dan-roda-1\/Rode-Zeljka-1.jpg\" data-thumbnail=\"https:\/\/zeleni-prsten.hr\/portal\/wp-content\/gallery\/dan-roda-1\/cache\/Rode-Zeljka-1.jpg-nggid03727-ngg0dyn-360x320x100-00f0w010c011r110f110r010t010.jpg\" data-title=\"Rode-Zeljka-1\" data-description=\" \" >\n\t\t\t\t\t\t\t\t<img title=\"Rode-Zeljka-1\" alt=\"Rode-Zeljka-1\" src=\"https:\/\/zeleni-prsten.hr\/portal\/wp-content\/gallery\/dan-roda-1\/cache\/Rode-Zeljka-1.jpg-nggid03727-ngg0dyn-360x320x100-00f0w010c011r110f110r010t010.jpg\" width='360' height='320' \/>\n\t\t\t\t\t\t\t<\/a>\n\t\t\t<span> <\/span>\n\t\t<\/div>\n\t<\/div>\n\t\t \t \t\n\t<!-- Pagination -->\n \t<div class='ngg-clear'><\/div> \t\n<\/div>\n\n\n","protected":false},"excerpt":{"rendered":"<p>Danas (24. kolovoza), dok bijele rode putuju prema jugu mi obilje\u017eavamo njihov dan, Dan bijele rode s ciljem ja\u010danja svijesti o va\u017enosti za\u0161tite bijele rode te upozoravanja na opadanje njihovog broja zbog nestanka prirodnih stani\u0161ta. Bijela roda je dio identiteta [&hellip;]<\/p>\n","protected":false},"author":5,"featured_media":13520,"comment_status":"closed","ping_status":"closed","sticky":false,"template":"","format":"standard","meta":{"ngg_post_thumbnail":0},"categories":[59],"tags":[261,249,193,423,421,65,67,147,197,77,79,81],"yoast_head":"<!-- This site is optimized with the Yoast SEO plugin v18.4.1 - https:\/\/yoast.com\/wordpress\/plugins\/seo\/ -->\n<title>Dan roda - JU Zeleni prsten Zagreba\u010dke \u017eupanije<\/title>\n<meta name=\"robots\" content=\"index, follow, max-snippet:-1, max-image-preview:large, max-video-preview:-1\" \/>\n<link rel=\"canonical\" href=\"https:\/\/zeleni-prsten.hr\/portal\/dan-roda\/\" \/>\n<meta property=\"og:locale\" content=\"hr_HR\" \/>\n<meta property=\"og:type\" content=\"article\" \/>\n<meta property=\"og:title\" content=\"Dan roda - JU Zeleni prsten Zagreba\u010dke \u017eupanije\" \/>\n<meta property=\"og:description\" content=\"Danas (24. kolovoza), dok bijele rode putuju prema jugu mi obilje\u017eavamo njihov dan, Dan bijele rode s ciljem ja\u010danja svijesti o va\u017enosti za\u0161tite bijele rode te upozoravanja na opadanje njihovog broja zbog nestanka prirodnih stani\u0161ta. Bijela roda je dio identiteta [&hellip;]\" \/>\n<meta property=\"og:url\" content=\"https:\/\/zeleni-prsten.hr\/portal\/dan-roda\/\" \/>\n<meta property=\"og:site_name\" content=\"JU Zeleni prsten Zagreba\u010dke \u017eupanije\" \/>\n<meta property=\"article:published_time\" content=\"2022-08-24T06:51:00+00:00\" \/>\n<meta property=\"article:modified_time\" content=\"2022-08-24T08:57:39+00:00\" \/>\n<meta property=\"og:image\" content=\"https:\/\/zeleni-prsten.hr\/portal\/wp-content\/uploads\/2022\/08\/capture-20220824-084430.png\" \/>\n\t<meta property=\"og:image:width\" content=\"1047\" \/>\n\t<meta property=\"og:image:height\" content=\"763\" \/>\n\t<meta property=\"og:image:type\" content=\"image\/png\" \/>\n<meta name=\"twitter:card\" content=\"summary_large_image\" \/>\n<meta name=\"twitter:label1\" content=\"Napisao\/la\" \/>\n\t<meta name=\"twitter:data1\" content=\"\u017deljka \u0160abari\u0107\" \/>\n\t<meta name=\"twitter:label2\" content=\"Procijenjeno vrijeme \u010ditanja\" \/>\n\t<meta name=\"twitter:data2\" content=\"3 minute\" \/>\n<script type=\"application\/ld+json\" class=\"yoast-schema-graph\">{\"@context\":\"https:\/\/schema.org\",\"@graph\":[{\"@type\":\"WebSite\",\"@id\":\"https:\/\/zeleni-prsten.hr\/portal\/#website\",\"url\":\"https:\/\/zeleni-prsten.hr\/portal\/\",\"name\":\"JU Zeleni prsten Zagreba\u010dke \u017eupanije\",\"description\":\"JU Zeleni prsten Zagreba\u010dke \u017eupanije\",\"potentialAction\":[{\"@type\":\"SearchAction\",\"target\":{\"@type\":\"EntryPoint\",\"urlTemplate\":\"https:\/\/zeleni-prsten.hr\/portal\/?s={search_term_string}\"},\"query-input\":\"required name=search_term_string\"}],\"inLanguage\":\"hr\"},{\"@type\":\"ImageObject\",\"@id\":\"https:\/\/zeleni-prsten.hr\/portal\/dan-roda\/#primaryimage\",\"inLanguage\":\"hr\",\"url\":\"https:\/\/zeleni-prsten.hr\/portal\/wp-content\/uploads\/2022\/08\/capture-20220824-084430.png\",\"contentUrl\":\"https:\/\/zeleni-prsten.hr\/portal\/wp-content\/uploads\/2022\/08\/capture-20220824-084430.png\",\"width\":1047,\"height\":763},{\"@type\":\"WebPage\",\"@id\":\"https:\/\/zeleni-prsten.hr\/portal\/dan-roda\/#webpage\",\"url\":\"https:\/\/zeleni-prsten.hr\/portal\/dan-roda\/\",\"name\":\"Dan roda - JU Zeleni prsten Zagreba\u010dke \u017eupanije\",\"isPartOf\":{\"@id\":\"https:\/\/zeleni-prsten.hr\/portal\/#website\"},\"primaryImageOfPage\":{\"@id\":\"https:\/\/zeleni-prsten.hr\/portal\/dan-roda\/#primaryimage\"},\"datePublished\":\"2022-08-24T06:51:00+00:00\",\"dateModified\":\"2022-08-24T08:57:39+00:00\",\"author\":{\"@id\":\"https:\/\/zeleni-prsten.hr\/portal\/#\/schema\/person\/055e03bf54bb9f1861485d75b692e69e\"},\"breadcrumb\":{\"@id\":\"https:\/\/zeleni-prsten.hr\/portal\/dan-roda\/#breadcrumb\"},\"inLanguage\":\"hr\",\"potentialAction\":[{\"@type\":\"ReadAction\",\"target\":[\"https:\/\/zeleni-prsten.hr\/portal\/dan-roda\/\"]}]},{\"@type\":\"BreadcrumbList\",\"@id\":\"https:\/\/zeleni-prsten.hr\/portal\/dan-roda\/#breadcrumb\",\"itemListElement\":[{\"@type\":\"ListItem\",\"position\":1,\"name\":\"Home\",\"item\":\"https:\/\/zeleni-prsten.hr\/portal\/\"},{\"@type\":\"ListItem\",\"position\":2,\"name\":\"Dan roda\"}]},{\"@type\":\"Person\",\"@id\":\"https:\/\/zeleni-prsten.hr\/portal\/#\/schema\/person\/055e03bf54bb9f1861485d75b692e69e\",\"name\":\"\u017deljka \u0160abari\u0107\",\"url\":\"https:\/\/zeleni-prsten.hr\/portal\/author\/zeljka\/\"}]}<\/script>\n<!-- \/ Yoast SEO plugin. -->","yoast_head_json":{"title":"Dan roda - JU Zeleni prsten Zagreba\u010dke \u017eupanije","robots":{"index":"index","follow":"follow","max-snippet":"max-snippet:-1","max-image-preview":"max-image-preview:large","max-video-preview":"max-video-preview:-1"},"canonical":"https:\/\/zeleni-prsten.hr\/portal\/dan-roda\/","og_locale":"hr_HR","og_type":"article","og_title":"Dan roda - JU Zeleni prsten Zagreba\u010dke \u017eupanije","og_description":"Danas (24. kolovoza), dok bijele rode putuju prema jugu mi obilje\u017eavamo njihov dan, Dan bijele rode s ciljem ja\u010danja svijesti o va\u017enosti za\u0161tite bijele rode te upozoravanja na opadanje njihovog broja zbog nestanka prirodnih stani\u0161ta. Bijela roda je dio identiteta [&hellip;]","og_url":"https:\/\/zeleni-prsten.hr\/portal\/dan-roda\/","og_site_name":"JU Zeleni prsten Zagreba\u010dke \u017eupanije","article_published_time":"2022-08-24T06:51:00+00:00","article_modified_time":"2022-08-24T08:57:39+00:00","og_image":[{"width":1047,"height":763,"url":"https:\/\/zeleni-prsten.hr\/portal\/wp-content\/uploads\/2022\/08\/capture-20220824-084430.png","type":"image\/png"}],"twitter_card":"summary_large_image","twitter_misc":{"Napisao\/la":"\u017deljka \u0160abari\u0107","Procijenjeno vrijeme \u010ditanja":"3 minute"},"schema":{"@context":"https:\/\/schema.org","@graph":[{"@type":"WebSite","@id":"https:\/\/zeleni-prsten.hr\/portal\/#website","url":"https:\/\/zeleni-prsten.hr\/portal\/","name":"JU Zeleni prsten Zagreba\u010dke \u017eupanije","description":"JU Zeleni prsten Zagreba\u010dke \u017eupanije","potentialAction":[{"@type":"SearchAction","target":{"@type":"EntryPoint","urlTemplate":"https:\/\/zeleni-prsten.hr\/portal\/?s={search_term_string}"},"query-input":"required name=search_term_string"}],"inLanguage":"hr"},{"@type":"ImageObject","@id":"https:\/\/zeleni-prsten.hr\/portal\/dan-roda\/#primaryimage","inLanguage":"hr","url":"https:\/\/zeleni-prsten.hr\/portal\/wp-content\/uploads\/2022\/08\/capture-20220824-084430.png","contentUrl":"https:\/\/zeleni-prsten.hr\/portal\/wp-content\/uploads\/2022\/08\/capture-20220824-084430.png","width":1047,"height":763},{"@type":"WebPage","@id":"https:\/\/zeleni-prsten.hr\/portal\/dan-roda\/#webpage","url":"https:\/\/zeleni-prsten.hr\/portal\/dan-roda\/","name":"Dan roda - JU Zeleni prsten Zagreba\u010dke \u017eupanije","isPartOf":{"@id":"https:\/\/zeleni-prsten.hr\/portal\/#website"},"primaryImageOfPage":{"@id":"https:\/\/zeleni-prsten.hr\/portal\/dan-roda\/#primaryimage"},"datePublished":"2022-08-24T06:51:00+00:00","dateModified":"2022-08-24T08:57:39+00:00","author":{"@id":"https:\/\/zeleni-prsten.hr\/portal\/#\/schema\/person\/055e03bf54bb9f1861485d75b692e69e"},"breadcrumb":{"@id":"https:\/\/zeleni-prsten.hr\/portal\/dan-roda\/#breadcrumb"},"inLanguage":"hr","potentialAction":[{"@type":"ReadAction","target":["https:\/\/zeleni-prsten.hr\/portal\/dan-roda\/"]}]},{"@type":"BreadcrumbList","@id":"https:\/\/zeleni-prsten.hr\/portal\/dan-roda\/#breadcrumb","itemListElement":[{"@type":"ListItem","position":1,"name":"Home","item":"https:\/\/zeleni-prsten.hr\/portal\/"},{"@type":"ListItem","position":2,"name":"Dan roda"}]},{"@type":"Person","@id":"https:\/\/zeleni-prsten.hr\/portal\/#\/schema\/person\/055e03bf54bb9f1861485d75b692e69e","name":"\u017deljka \u0160abari\u0107","url":"https:\/\/zeleni-prsten.hr\/portal\/author\/zeljka\/"}]}},"_links":{"self":[{"href":"https:\/\/zeleni-prsten.hr\/portal\/wp-json\/wp\/v2\/posts\/13516"}],"collection":[{"href":"https:\/\/zeleni-prsten.hr\/portal\/wp-json\/wp\/v2\/posts"}],"about":[{"href":"https:\/\/zeleni-prsten.hr\/portal\/wp-json\/wp\/v2\/types\/post"}],"author":[{"embeddable":true,"href":"https:\/\/zeleni-prsten.hr\/portal\/wp-json\/wp\/v2\/users\/5"}],"replies":[{"embeddable":true,"href":"https:\/\/zeleni-prsten.hr\/portal\/wp-json\/wp\/v2\/comments?post=13516"}],"version-history":[{"count":9,"href":"https:\/\/zeleni-prsten.hr\/portal\/wp-json\/wp\/v2\/posts\/13516\/revisions"}],"predecessor-version":[{"id":13539,"href":"https:\/\/zeleni-prsten.hr\/portal\/wp-json\/wp\/v2\/posts\/13516\/revisions\/13539"}],"wp:featuredmedia":[{"embeddable":true,"href":"https:\/\/zeleni-prsten.hr\/portal\/wp-json\/wp\/v2\/media\/13520"}],"wp:attachment":[{"href":"https:\/\/zeleni-prsten.hr\/portal\/wp-json\/wp\/v2\/media?parent=13516"}],"wp:term":[{"taxonomy":"category","embeddable":true,"href":"https:\/\/zeleni-prsten.hr\/portal\/wp-json\/wp\/v2\/categories?post=13516"},{"taxonomy":"post_tag","embeddable":true,"href":"https:\/\/zeleni-prsten.hr\/portal\/wp-json\/wp\/v2\/tags?post=13516"}],"curies":[{"name":"wp","href":"https:\/\/api.w.org\/{rel}","templated":true}]}}