{"id":13577,"date":"2022-09-22T10:13:12","date_gmt":"2022-09-22T08:13:12","guid":{"rendered":"https:\/\/zeleni-prsten.hr\/portal\/?p=13577"},"modified":"2023-01-19T16:01:18","modified_gmt":"2023-01-19T15:01:18","slug":"ujedinjeni-u-ocuvanju-creta-dubravica","status":"publish","type":"post","link":"https:\/\/zeleni-prsten.hr\/portal\/ujedinjeni-u-ocuvanju-creta-dubravica\/","title":{"rendered":"Ujedinjeni u o\u010duvanju Creta Dubravica"},"content":{"rendered":"<p>Druga dioni\u010dka radionica za izradu Plana upravljanja posebnim botani\u010dkim rezervatom Cret Dubravica i pridru\u017eenim podru\u010djem ekolo\u0161ke mre\u017ee odr\u017eana je ovog utorka, 20.9.2022., u Mariji Gorici. Na radionici su sudjelovali predstavnici Op\u0107ine Dubravica, Lova\u010dkog dru\u0161tva Vidra iz Dubravice, TZ Savsko-sutlanska dolina i brigi, Prirodoslovno-matemati\u010dkog fakulteta, Ministarstva gospodarstva i odr\u017eivog razvoja te JU Zeleni prsten Zagreba\u010dke \u017eupanije i tvrtke Particip kao izra\u0111iva\u010da plana upravljanja.<\/p>\n<p>Cilj radionice bio je definirati aktivnosti koje \u0107e JU provoditi sljede\u0107ih 10 godina te dogovoriti suradnju u provedbi. Dionici su izrazili velik interes za podru\u010dje te predlo\u017eili aktivnosti u kojima \u0107e sudjelovati. Na\u0161 tim stru\u010dnjaka sada \u010deka objedinjavanje svih ideja i aktivnosti prikupljenih na ovoj radionici te izrada kona\u010dnog nacrta plana upravljanja koji \u0107e biti predstavljen na javnom izlaganju.<\/p>\n<p>Cret je posebna vrsta stani\u0161ta na kojem je tlo zasi\u0107eno vodom, a biljna tvar se slabo razgra\u0111uje. Karakteristi\u010dna vrsta mahovina koja raste na ovim stani\u0161tima su mahovi tresetari, a od biljaka koje rastu na Cretu Dubravica najpoznatija je biljka meso\u017ederka &#8211; okruglolisna rosika. Ovdje nalazimo vi\u0161e kriti\u010dno ugro\u017eenih vrsta biljaka i gljiva, od kojih neke u Hrvatskoj rastu samo na ovom malenom cretu.<\/p>\n<p>&nbsp;<\/p>\n\n<div class=\"ngg-galleryoverview ngg-template-caption\" id=\"ngg-gallery-e9719eb913d850623664043d370f4de4-13577\">\n\n\n\t<!-- Thumbnails -->\n    \t\t\n\t<div id=\"ngg-image-729\" class=\"ngg-gallery-thumbnail-box\"  >\n\t\t<div class=\"ngg-gallery-thumbnail\" >\n\t\t\t<a href=\"https:\/\/zeleni-prsten.hr\/portal\/wp-content\/gallery\/pp-cret-dubravica\/Okrugolisna-rosika-Cret-Dubravica-G.-Safarek-4-scaled.jpg\"\n               title=\" \"\n               class=\"ngg-simplelightbox\" rel=\"e9719eb913d850623664043d370f4de4\" data-image-id=\"729\" data-src=\"https:\/\/zeleni-prsten.hr\/portal\/wp-content\/gallery\/pp-cret-dubravica\/Okrugolisna-rosika-Cret-Dubravica-G.-Safarek-4-scaled.jpg\" data-thumbnail=\"https:\/\/zeleni-prsten.hr\/portal\/wp-content\/gallery\/pp-cret-dubravica\/cache\/Okrugolisna-rosika-Cret-Dubravica-G.-Safarek-4-scaled.jpg-nggid03729-ngg0dyn-360x320x100-00f0w010c011r110f110r010t010.jpg\" data-title=\"Okrugolisna-rosika-Cret-Dubravica-G.-Safarek-4-scaled\" data-description=\" \" >\n\t\t\t\t\t\t\t\t<img title=\"Okrugolisna-rosika-Cret-Dubravica-G.-Safarek-4-scaled\" alt=\"Okrugolisna-rosika-Cret-Dubravica-G.-Safarek-4-scaled\" src=\"https:\/\/zeleni-prsten.hr\/portal\/wp-content\/gallery\/pp-cret-dubravica\/cache\/Okrugolisna-rosika-Cret-Dubravica-G.-Safarek-4-scaled.jpg-nggid03729-ngg0dyn-360x320x100-00f0w010c011r110f110r010t010.jpg\" width='360' height='320' \/>\n\t\t\t\t\t\t\t<\/a>\n\t\t\t<span> <\/span>\n\t\t<\/div>\n\t<\/div>\n\t\t \t\t\n\t<div id=\"ngg-image-730\" class=\"ngg-gallery-thumbnail-box\"  >\n\t\t<div class=\"ngg-gallery-thumbnail\" >\n\t\t\t<a href=\"https:\/\/zeleni-prsten.hr\/portal\/wp-content\/gallery\/pp-cret-dubravica\/Okrugolisna-rosika-Cret-Dubravica-G.-Safarek-3.jpg\"\n               title=\" \"\n               class=\"ngg-simplelightbox\" rel=\"e9719eb913d850623664043d370f4de4\" data-image-id=\"730\" data-src=\"https:\/\/zeleni-prsten.hr\/portal\/wp-content\/gallery\/pp-cret-dubravica\/Okrugolisna-rosika-Cret-Dubravica-G.-Safarek-3.jpg\" data-thumbnail=\"https:\/\/zeleni-prsten.hr\/portal\/wp-content\/gallery\/pp-cret-dubravica\/cache\/Okrugolisna-rosika-Cret-Dubravica-G.-Safarek-3.jpg-nggid03730-ngg0dyn-360x320x100-00f0w010c011r110f110r010t010.jpg\" data-title=\"Okrugolisna-rosika-Cret-Dubravica-G.-Safarek-3\" data-description=\" \" >\n\t\t\t\t\t\t\t\t<img title=\"Okrugolisna-rosika-Cret-Dubravica-G.-Safarek-3\" alt=\"Okrugolisna-rosika-Cret-Dubravica-G.-Safarek-3\" src=\"https:\/\/zeleni-prsten.hr\/portal\/wp-content\/gallery\/pp-cret-dubravica\/cache\/Okrugolisna-rosika-Cret-Dubravica-G.-Safarek-3.jpg-nggid03730-ngg0dyn-360x320x100-00f0w010c011r110f110r010t010.jpg\" width='360' height='320' \/>\n\t\t\t\t\t\t\t<\/a>\n\t\t\t<span> <\/span>\n\t\t<\/div>\n\t<\/div>\n\t\t \t\t\n\t<div id=\"ngg-image-731\" class=\"ngg-gallery-thumbnail-box\"  >\n\t\t<div class=\"ngg-gallery-thumbnail\" >\n\t\t\t<a href=\"https:\/\/zeleni-prsten.hr\/portal\/wp-content\/gallery\/pp-cret-dubravica\/Cret-Dubravica_arhiva-JU-3.jpg\"\n               title=\" \"\n               class=\"ngg-simplelightbox\" rel=\"e9719eb913d850623664043d370f4de4\" data-image-id=\"731\" data-src=\"https:\/\/zeleni-prsten.hr\/portal\/wp-content\/gallery\/pp-cret-dubravica\/Cret-Dubravica_arhiva-JU-3.jpg\" data-thumbnail=\"https:\/\/zeleni-prsten.hr\/portal\/wp-content\/gallery\/pp-cret-dubravica\/cache\/Cret-Dubravica_arhiva-JU-3.jpg-nggid03731-ngg0dyn-360x320x100-00f0w010c011r110f110r010t010.jpg\" data-title=\"Cret-Dubravica_arhiva-JU-3\" data-description=\" \" >\n\t\t\t\t\t\t\t\t<img title=\"Cret-Dubravica_arhiva-JU-3\" alt=\"Cret-Dubravica_arhiva-JU-3\" src=\"https:\/\/zeleni-prsten.hr\/portal\/wp-content\/gallery\/pp-cret-dubravica\/cache\/Cret-Dubravica_arhiva-JU-3.jpg-nggid03731-ngg0dyn-360x320x100-00f0w010c011r110f110r010t010.jpg\" width='360' height='320' \/>\n\t\t\t\t\t\t\t<\/a>\n\t\t\t<span> <\/span>\n\t\t<\/div>\n\t<\/div>\n\t\t \t\t\n\t<div id=\"ngg-image-732\" class=\"ngg-gallery-thumbnail-box\"  >\n\t\t<div class=\"ngg-gallery-thumbnail\" >\n\t\t\t<a href=\"https:\/\/zeleni-prsten.hr\/portal\/wp-content\/gallery\/pp-cret-dubravica\/Cret-Dubravica_arhiva-JU-4.jpg\"\n               title=\" \"\n               class=\"ngg-simplelightbox\" rel=\"e9719eb913d850623664043d370f4de4\" data-image-id=\"732\" data-src=\"https:\/\/zeleni-prsten.hr\/portal\/wp-content\/gallery\/pp-cret-dubravica\/Cret-Dubravica_arhiva-JU-4.jpg\" data-thumbnail=\"https:\/\/zeleni-prsten.hr\/portal\/wp-content\/gallery\/pp-cret-dubravica\/cache\/Cret-Dubravica_arhiva-JU-4.jpg-nggid03732-ngg0dyn-360x320x100-00f0w010c011r110f110r010t010.jpg\" data-title=\"Cret-Dubravica_arhiva-JU-4\" data-description=\" \" >\n\t\t\t\t\t\t\t\t<img title=\"Cret-Dubravica_arhiva-JU-4\" alt=\"Cret-Dubravica_arhiva-JU-4\" src=\"https:\/\/zeleni-prsten.hr\/portal\/wp-content\/gallery\/pp-cret-dubravica\/cache\/Cret-Dubravica_arhiva-JU-4.jpg-nggid03732-ngg0dyn-360x320x100-00f0w010c011r110f110r010t010.jpg\" width='360' height='320' \/>\n\t\t\t\t\t\t\t<\/a>\n\t\t\t<span> <\/span>\n\t\t<\/div>\n\t<\/div>\n\t\t \t\t\n\t<div id=\"ngg-image-733\" class=\"ngg-gallery-thumbnail-box\"  >\n\t\t<div class=\"ngg-gallery-thumbnail\" >\n\t\t\t<a href=\"https:\/\/zeleni-prsten.hr\/portal\/wp-content\/gallery\/pp-cret-dubravica\/Cret-Dubravica_-karta.jpg\"\n               title=\" \"\n               class=\"ngg-simplelightbox\" rel=\"e9719eb913d850623664043d370f4de4\" data-image-id=\"733\" data-src=\"https:\/\/zeleni-prsten.hr\/portal\/wp-content\/gallery\/pp-cret-dubravica\/Cret-Dubravica_-karta.jpg\" data-thumbnail=\"https:\/\/zeleni-prsten.hr\/portal\/wp-content\/gallery\/pp-cret-dubravica\/cache\/Cret-Dubravica_-karta.jpg-nggid03733-ngg0dyn-360x320x100-00f0w010c011r110f110r010t010.jpg\" data-title=\"Cret-Dubravica_-karta\" data-description=\" \" >\n\t\t\t\t\t\t\t\t<img title=\"Cret-Dubravica_-karta\" alt=\"Cret-Dubravica_-karta\" src=\"https:\/\/zeleni-prsten.hr\/portal\/wp-content\/gallery\/pp-cret-dubravica\/cache\/Cret-Dubravica_-karta.jpg-nggid03733-ngg0dyn-360x320x100-00f0w010c011r110f110r010t010.jpg\" width='360' height='320' \/>\n\t\t\t\t\t\t\t<\/a>\n\t\t\t<span> <\/span>\n\t\t<\/div>\n\t<\/div>\n\t\t \t\t\n\t<div id=\"ngg-image-734\" class=\"ngg-gallery-thumbnail-box\"  >\n\t\t<div class=\"ngg-gallery-thumbnail\" >\n\t\t\t<a href=\"https:\/\/zeleni-prsten.hr\/portal\/wp-content\/gallery\/pp-cret-dubravica\/2DR-Cret-Dubravica-2.jpg\"\n               title=\" \"\n               class=\"ngg-simplelightbox\" rel=\"e9719eb913d850623664043d370f4de4\" data-image-id=\"734\" data-src=\"https:\/\/zeleni-prsten.hr\/portal\/wp-content\/gallery\/pp-cret-dubravica\/2DR-Cret-Dubravica-2.jpg\" data-thumbnail=\"https:\/\/zeleni-prsten.hr\/portal\/wp-content\/gallery\/pp-cret-dubravica\/cache\/2DR-Cret-Dubravica-2.jpg-nggid03734-ngg0dyn-360x320x100-00f0w010c011r110f110r010t010.jpg\" data-title=\"2DR-Cret-Dubravica-2\" data-description=\" \" >\n\t\t\t\t\t\t\t\t<img title=\"2DR-Cret-Dubravica-2\" alt=\"2DR-Cret-Dubravica-2\" src=\"https:\/\/zeleni-prsten.hr\/portal\/wp-content\/gallery\/pp-cret-dubravica\/cache\/2DR-Cret-Dubravica-2.jpg-nggid03734-ngg0dyn-360x320x100-00f0w010c011r110f110r010t010.jpg\" width='360' height='320' \/>\n\t\t\t\t\t\t\t<\/a>\n\t\t\t<span> <\/span>\n\t\t<\/div>\n\t<\/div>\n\t\t \t\t\n\t<div id=\"ngg-image-735\" class=\"ngg-gallery-thumbnail-box\"  >\n\t\t<div class=\"ngg-gallery-thumbnail\" >\n\t\t\t<a href=\"https:\/\/zeleni-prsten.hr\/portal\/wp-content\/gallery\/pp-cret-dubravica\/2DR-Cret-Dubravica-5.jpg\"\n               title=\" \"\n               class=\"ngg-simplelightbox\" rel=\"e9719eb913d850623664043d370f4de4\" data-image-id=\"735\" data-src=\"https:\/\/zeleni-prsten.hr\/portal\/wp-content\/gallery\/pp-cret-dubravica\/2DR-Cret-Dubravica-5.jpg\" data-thumbnail=\"https:\/\/zeleni-prsten.hr\/portal\/wp-content\/gallery\/pp-cret-dubravica\/cache\/2DR-Cret-Dubravica-5.jpg-nggid03735-ngg0dyn-360x320x100-00f0w010c011r110f110r010t010.jpg\" data-title=\"2DR-Cret-Dubravica-5\" data-description=\" \" >\n\t\t\t\t\t\t\t\t<img title=\"2DR-Cret-Dubravica-5\" alt=\"2DR-Cret-Dubravica-5\" src=\"https:\/\/zeleni-prsten.hr\/portal\/wp-content\/gallery\/pp-cret-dubravica\/cache\/2DR-Cret-Dubravica-5.jpg-nggid03735-ngg0dyn-360x320x100-00f0w010c011r110f110r010t010.jpg\" width='360' height='320' \/>\n\t\t\t\t\t\t\t<\/a>\n\t\t\t<span> <\/span>\n\t\t<\/div>\n\t<\/div>\n\t\t \t\t\n\t<div id=\"ngg-image-736\" class=\"ngg-gallery-thumbnail-box\"  >\n\t\t<div class=\"ngg-gallery-thumbnail\" >\n\t\t\t<a href=\"https:\/\/zeleni-prsten.hr\/portal\/wp-content\/gallery\/pp-cret-dubravica\/2DR-Cret-Dubravica-10.jpg\"\n               title=\" \"\n               class=\"ngg-simplelightbox\" rel=\"e9719eb913d850623664043d370f4de4\" data-image-id=\"736\" data-src=\"https:\/\/zeleni-prsten.hr\/portal\/wp-content\/gallery\/pp-cret-dubravica\/2DR-Cret-Dubravica-10.jpg\" data-thumbnail=\"https:\/\/zeleni-prsten.hr\/portal\/wp-content\/gallery\/pp-cret-dubravica\/cache\/2DR-Cret-Dubravica-10.jpg-nggid03736-ngg0dyn-360x320x100-00f0w010c011r110f110r010t010.jpg\" data-title=\"2DR-Cret-Dubravica-10\" data-description=\" \" >\n\t\t\t\t\t\t\t\t<img title=\"2DR-Cret-Dubravica-10\" alt=\"2DR-Cret-Dubravica-10\" src=\"https:\/\/zeleni-prsten.hr\/portal\/wp-content\/gallery\/pp-cret-dubravica\/cache\/2DR-Cret-Dubravica-10.jpg-nggid03736-ngg0dyn-360x320x100-00f0w010c011r110f110r010t010.jpg\" width='360' height='320' \/>\n\t\t\t\t\t\t\t<\/a>\n\t\t\t<span> <\/span>\n\t\t<\/div>\n\t<\/div>\n\t\t \t \t\n\t<!-- Pagination -->\n \t<div class='ngg-clear'><\/div> \t\n<\/div>\n\n\n","protected":false},"excerpt":{"rendered":"<p>Druga dioni\u010dka radionica za izradu Plana upravljanja posebnim botani\u010dkim rezervatom Cret Dubravica i pridru\u017eenim podru\u010djem ekolo\u0161ke mre\u017ee odr\u017eana je ovog utorka, 20.9.2022., u Mariji Gorici. Na radionici su sudjelovali predstavnici Op\u0107ine Dubravica, Lova\u010dkog dru\u0161tva Vidra iz Dubravice, TZ Savsko-sutlanska dolina [&hellip;]<\/p>\n","protected":false},"author":5,"featured_media":3446,"comment_status":"closed","ping_status":"closed","sticky":false,"template":"","format":"standard","meta":{"ngg_post_thumbnail":0},"categories":[59],"tags":[427,65,67,147,235,79,81],"yoast_head":"<!-- This site is optimized with the Yoast SEO plugin v18.4.1 - https:\/\/yoast.com\/wordpress\/plugins\/seo\/ -->\n<title>Ujedinjeni u o\u010duvanju Creta Dubravica - JU Zeleni prsten Zagreba\u010dke \u017eupanije<\/title>\n<meta name=\"robots\" content=\"index, follow, max-snippet:-1, max-image-preview:large, max-video-preview:-1\" \/>\n<link rel=\"canonical\" href=\"https:\/\/zeleni-prsten.hr\/portal\/ujedinjeni-u-ocuvanju-creta-dubravica\/\" \/>\n<meta property=\"og:locale\" content=\"hr_HR\" \/>\n<meta property=\"og:type\" content=\"article\" \/>\n<meta property=\"og:title\" content=\"Ujedinjeni u o\u010duvanju Creta Dubravica - JU Zeleni prsten Zagreba\u010dke \u017eupanije\" \/>\n<meta property=\"og:description\" content=\"Druga dioni\u010dka radionica za izradu Plana upravljanja posebnim botani\u010dkim rezervatom Cret Dubravica i pridru\u017eenim podru\u010djem ekolo\u0161ke mre\u017ee odr\u017eana je ovog utorka, 20.9.2022., u Mariji Gorici. Na radionici su sudjelovali predstavnici Op\u0107ine Dubravica, Lova\u010dkog dru\u0161tva Vidra iz Dubravice, TZ Savsko-sutlanska dolina [&hellip;]\" \/>\n<meta property=\"og:url\" content=\"https:\/\/zeleni-prsten.hr\/portal\/ujedinjeni-u-ocuvanju-creta-dubravica\/\" \/>\n<meta property=\"og:site_name\" content=\"JU Zeleni prsten Zagreba\u010dke \u017eupanije\" \/>\n<meta property=\"article:published_time\" content=\"2022-09-22T08:13:12+00:00\" \/>\n<meta property=\"article:modified_time\" content=\"2023-01-19T15:01:18+00:00\" \/>\n<meta property=\"og:image\" content=\"https:\/\/zeleni-prsten.hr\/portal\/wp-content\/uploads\/2021\/03\/Posebni-rezervat-Cret-Dubravica.jpg\" \/>\n\t<meta property=\"og:image:width\" content=\"2500\" \/>\n\t<meta property=\"og:image:height\" content=\"1667\" \/>\n\t<meta property=\"og:image:type\" content=\"image\/jpeg\" \/>\n<meta name=\"twitter:card\" content=\"summary_large_image\" \/>\n<meta name=\"twitter:label1\" content=\"Napisao\/la\" \/>\n\t<meta name=\"twitter:data1\" content=\"\u017deljka \u0160abari\u0107\" \/>\n\t<meta name=\"twitter:label2\" content=\"Procijenjeno vrijeme \u010ditanja\" \/>\n\t<meta name=\"twitter:data2\" content=\"2 minute\" \/>\n<script type=\"application\/ld+json\" class=\"yoast-schema-graph\">{\"@context\":\"https:\/\/schema.org\",\"@graph\":[{\"@type\":\"WebSite\",\"@id\":\"https:\/\/zeleni-prsten.hr\/portal\/#website\",\"url\":\"https:\/\/zeleni-prsten.hr\/portal\/\",\"name\":\"JU Zeleni prsten Zagreba\u010dke \u017eupanije\",\"description\":\"JU Zeleni prsten Zagreba\u010dke \u017eupanije\",\"potentialAction\":[{\"@type\":\"SearchAction\",\"target\":{\"@type\":\"EntryPoint\",\"urlTemplate\":\"https:\/\/zeleni-prsten.hr\/portal\/?s={search_term_string}\"},\"query-input\":\"required name=search_term_string\"}],\"inLanguage\":\"hr\"},{\"@type\":\"ImageObject\",\"@id\":\"https:\/\/zeleni-prsten.hr\/portal\/ujedinjeni-u-ocuvanju-creta-dubravica\/#primaryimage\",\"inLanguage\":\"hr\",\"url\":\"https:\/\/zeleni-prsten.hr\/portal\/wp-content\/uploads\/2021\/03\/Posebni-rezervat-Cret-Dubravica.jpg\",\"contentUrl\":\"https:\/\/zeleni-prsten.hr\/portal\/wp-content\/uploads\/2021\/03\/Posebni-rezervat-Cret-Dubravica.jpg\",\"width\":2500,\"height\":1667},{\"@type\":\"WebPage\",\"@id\":\"https:\/\/zeleni-prsten.hr\/portal\/ujedinjeni-u-ocuvanju-creta-dubravica\/#webpage\",\"url\":\"https:\/\/zeleni-prsten.hr\/portal\/ujedinjeni-u-ocuvanju-creta-dubravica\/\",\"name\":\"Ujedinjeni u o\u010duvanju Creta Dubravica - JU Zeleni prsten Zagreba\u010dke \u017eupanije\",\"isPartOf\":{\"@id\":\"https:\/\/zeleni-prsten.hr\/portal\/#website\"},\"primaryImageOfPage\":{\"@id\":\"https:\/\/zeleni-prsten.hr\/portal\/ujedinjeni-u-ocuvanju-creta-dubravica\/#primaryimage\"},\"datePublished\":\"2022-09-22T08:13:12+00:00\",\"dateModified\":\"2023-01-19T15:01:18+00:00\",\"author\":{\"@id\":\"https:\/\/zeleni-prsten.hr\/portal\/#\/schema\/person\/055e03bf54bb9f1861485d75b692e69e\"},\"breadcrumb\":{\"@id\":\"https:\/\/zeleni-prsten.hr\/portal\/ujedinjeni-u-ocuvanju-creta-dubravica\/#breadcrumb\"},\"inLanguage\":\"hr\",\"potentialAction\":[{\"@type\":\"ReadAction\",\"target\":[\"https:\/\/zeleni-prsten.hr\/portal\/ujedinjeni-u-ocuvanju-creta-dubravica\/\"]}]},{\"@type\":\"BreadcrumbList\",\"@id\":\"https:\/\/zeleni-prsten.hr\/portal\/ujedinjeni-u-ocuvanju-creta-dubravica\/#breadcrumb\",\"itemListElement\":[{\"@type\":\"ListItem\",\"position\":1,\"name\":\"Home\",\"item\":\"https:\/\/zeleni-prsten.hr\/portal\/\"},{\"@type\":\"ListItem\",\"position\":2,\"name\":\"Ujedinjeni u o\u010duvanju Creta Dubravica\"}]},{\"@type\":\"Person\",\"@id\":\"https:\/\/zeleni-prsten.hr\/portal\/#\/schema\/person\/055e03bf54bb9f1861485d75b692e69e\",\"name\":\"\u017deljka \u0160abari\u0107\",\"url\":\"https:\/\/zeleni-prsten.hr\/portal\/author\/zeljka\/\"}]}<\/script>\n<!-- \/ Yoast SEO plugin. -->","yoast_head_json":{"title":"Ujedinjeni u o\u010duvanju Creta Dubravica - JU Zeleni prsten Zagreba\u010dke \u017eupanije","robots":{"index":"index","follow":"follow","max-snippet":"max-snippet:-1","max-image-preview":"max-image-preview:large","max-video-preview":"max-video-preview:-1"},"canonical":"https:\/\/zeleni-prsten.hr\/portal\/ujedinjeni-u-ocuvanju-creta-dubravica\/","og_locale":"hr_HR","og_type":"article","og_title":"Ujedinjeni u o\u010duvanju Creta Dubravica - JU Zeleni prsten Zagreba\u010dke \u017eupanije","og_description":"Druga dioni\u010dka radionica za izradu Plana upravljanja posebnim botani\u010dkim rezervatom Cret Dubravica i pridru\u017eenim podru\u010djem ekolo\u0161ke mre\u017ee odr\u017eana je ovog utorka, 20.9.2022., u Mariji Gorici. Na radionici su sudjelovali predstavnici Op\u0107ine Dubravica, Lova\u010dkog dru\u0161tva Vidra iz Dubravice, TZ Savsko-sutlanska dolina [&hellip;]","og_url":"https:\/\/zeleni-prsten.hr\/portal\/ujedinjeni-u-ocuvanju-creta-dubravica\/","og_site_name":"JU Zeleni prsten Zagreba\u010dke \u017eupanije","article_published_time":"2022-09-22T08:13:12+00:00","article_modified_time":"2023-01-19T15:01:18+00:00","og_image":[{"width":2500,"height":1667,"url":"https:\/\/zeleni-prsten.hr\/portal\/wp-content\/uploads\/2021\/03\/Posebni-rezervat-Cret-Dubravica.jpg","type":"image\/jpeg"}],"twitter_card":"summary_large_image","twitter_misc":{"Napisao\/la":"\u017deljka \u0160abari\u0107","Procijenjeno vrijeme \u010ditanja":"2 minute"},"schema":{"@context":"https:\/\/schema.org","@graph":[{"@type":"WebSite","@id":"https:\/\/zeleni-prsten.hr\/portal\/#website","url":"https:\/\/zeleni-prsten.hr\/portal\/","name":"JU Zeleni prsten Zagreba\u010dke \u017eupanije","description":"JU Zeleni prsten Zagreba\u010dke \u017eupanije","potentialAction":[{"@type":"SearchAction","target":{"@type":"EntryPoint","urlTemplate":"https:\/\/zeleni-prsten.hr\/portal\/?s={search_term_string}"},"query-input":"required name=search_term_string"}],"inLanguage":"hr"},{"@type":"ImageObject","@id":"https:\/\/zeleni-prsten.hr\/portal\/ujedinjeni-u-ocuvanju-creta-dubravica\/#primaryimage","inLanguage":"hr","url":"https:\/\/zeleni-prsten.hr\/portal\/wp-content\/uploads\/2021\/03\/Posebni-rezervat-Cret-Dubravica.jpg","contentUrl":"https:\/\/zeleni-prsten.hr\/portal\/wp-content\/uploads\/2021\/03\/Posebni-rezervat-Cret-Dubravica.jpg","width":2500,"height":1667},{"@type":"WebPage","@id":"https:\/\/zeleni-prsten.hr\/portal\/ujedinjeni-u-ocuvanju-creta-dubravica\/#webpage","url":"https:\/\/zeleni-prsten.hr\/portal\/ujedinjeni-u-ocuvanju-creta-dubravica\/","name":"Ujedinjeni u o\u010duvanju Creta Dubravica - JU Zeleni prsten Zagreba\u010dke \u017eupanije","isPartOf":{"@id":"https:\/\/zeleni-prsten.hr\/portal\/#website"},"primaryImageOfPage":{"@id":"https:\/\/zeleni-prsten.hr\/portal\/ujedinjeni-u-ocuvanju-creta-dubravica\/#primaryimage"},"datePublished":"2022-09-22T08:13:12+00:00","dateModified":"2023-01-19T15:01:18+00:00","author":{"@id":"https:\/\/zeleni-prsten.hr\/portal\/#\/schema\/person\/055e03bf54bb9f1861485d75b692e69e"},"breadcrumb":{"@id":"https:\/\/zeleni-prsten.hr\/portal\/ujedinjeni-u-ocuvanju-creta-dubravica\/#breadcrumb"},"inLanguage":"hr","potentialAction":[{"@type":"ReadAction","target":["https:\/\/zeleni-prsten.hr\/portal\/ujedinjeni-u-ocuvanju-creta-dubravica\/"]}]},{"@type":"BreadcrumbList","@id":"https:\/\/zeleni-prsten.hr\/portal\/ujedinjeni-u-ocuvanju-creta-dubravica\/#breadcrumb","itemListElement":[{"@type":"ListItem","position":1,"name":"Home","item":"https:\/\/zeleni-prsten.hr\/portal\/"},{"@type":"ListItem","position":2,"name":"Ujedinjeni u o\u010duvanju Creta Dubravica"}]},{"@type":"Person","@id":"https:\/\/zeleni-prsten.hr\/portal\/#\/schema\/person\/055e03bf54bb9f1861485d75b692e69e","name":"\u017deljka \u0160abari\u0107","url":"https:\/\/zeleni-prsten.hr\/portal\/author\/zeljka\/"}]}},"_links":{"self":[{"href":"https:\/\/zeleni-prsten.hr\/portal\/wp-json\/wp\/v2\/posts\/13577"}],"collection":[{"href":"https:\/\/zeleni-prsten.hr\/portal\/wp-json\/wp\/v2\/posts"}],"about":[{"href":"https:\/\/zeleni-prsten.hr\/portal\/wp-json\/wp\/v2\/types\/post"}],"author":[{"embeddable":true,"href":"https:\/\/zeleni-prsten.hr\/portal\/wp-json\/wp\/v2\/users\/5"}],"replies":[{"embeddable":true,"href":"https:\/\/zeleni-prsten.hr\/portal\/wp-json\/wp\/v2\/comments?post=13577"}],"version-history":[{"count":3,"href":"https:\/\/zeleni-prsten.hr\/portal\/wp-json\/wp\/v2\/posts\/13577\/revisions"}],"predecessor-version":[{"id":13596,"href":"https:\/\/zeleni-prsten.hr\/portal\/wp-json\/wp\/v2\/posts\/13577\/revisions\/13596"}],"wp:featuredmedia":[{"embeddable":true,"href":"https:\/\/zeleni-prsten.hr\/portal\/wp-json\/wp\/v2\/media\/3446"}],"wp:attachment":[{"href":"https:\/\/zeleni-prsten.hr\/portal\/wp-json\/wp\/v2\/media?parent=13577"}],"wp:term":[{"taxonomy":"category","embeddable":true,"href":"https:\/\/zeleni-prsten.hr\/portal\/wp-json\/wp\/v2\/categories?post=13577"},{"taxonomy":"post_tag","embeddable":true,"href":"https:\/\/zeleni-prsten.hr\/portal\/wp-json\/wp\/v2\/tags?post=13577"}],"curies":[{"name":"wp","href":"https:\/\/api.w.org\/{rel}","templated":true}]}}