{"id":13624,"date":"2022-10-03T13:17:38","date_gmt":"2022-10-03T11:17:38","guid":{"rendered":"https:\/\/zeleni-prsten.hr\/portal\/?p=13624"},"modified":"2023-01-19T16:01:15","modified_gmt":"2023-01-19T15:01:15","slug":"stupnicki-lug-dom-kornjasa","status":"publish","type":"post","link":"https:\/\/zeleni-prsten.hr\/portal\/stupnicki-lug-dom-kornjasa\/","title":{"rendered":"Stupni\u010dki lug dom kornja\u0161a"},"content":{"rendered":"<p>Stupni\u010dki lug za\u0161ti\u0107en je 1964. godine kao posebni rezervat \u0161umske vegetacije na povr\u0161ini od 16,27 ha, a od 2013. godine, \u0161ire podru\u010dje povr\u0161ine 760,86 ha uvr\u0161teno je i u europsku ekolo\u0161ku mre\u017eu Natura 2000. Nalazi se oko 15 km jugozapadno od sredi\u0161ta Zagreba. Na podru\u010dju rezervata nalazimo jednu od najstarijih \u0161uma u Hrvatskoj, starosti oko 185 godina te spada u sekundarne pra\u0161ume. S obzirom na autohtonost i starost hrasta lu\u017enjaka Stupni\u010dki lug ima veliku znanstvenu vrijednost za komparativna istra\u017eivanja. S ciljem nadopune poznavanja bioraznolikosti Stupni\u010dkog luga, u 2022. godini dogovorili smo suradnju s entomolozima iz Udruge HYLA koji od o\u017eujka redovito provode istra\u017eivanje podru\u010dja.<\/p>\n<p>Ovih dana istra\u017eivanje zavr\u0161ava, a do sad je ve\u0107 zabilje\u017eeno vi\u0161e od 100 vrsta kornja\u0161a. Jo\u0161 se o\u010dekuju i rezultati laboratorijske analize primjeraka koje nije bilo mogu\u0107e determinirati na terenu. Posebno treba istaknuti nalaze pet kvalifikacijskih vrsta Natura 2000 ekolo\u0161ke mre\u017ee &#8211; miri\u0161ljavog samotara, jelenka, velike hrastove strizibube, alpinske strizibube i \u010detveropjege strizibube. Uz njih je zabilje\u017een i zna\u010dajan broj saproksilnih kornja\u0161a ugro\u017eenih na razini cijele Europe. Velik broj zabilje\u017eenih ugro\u017eenih i gotovo ugro\u017eenih vrsta ukazuje da je podru\u010dje Stupni\u010dkog luga bogat \u0161umski ekosustav koji nudi kvalitetna stani\u0161ta nu\u017ena za opstanak iznimno rijetkih vrsta.<\/p>\n\n<div class=\"ngg-galleryoverview ngg-template-caption\" id=\"ngg-gallery-aa79669c65beacdbfd6ceb84c4f8723a-13624\">\n\n\n\t<!-- Thumbnails -->\n    \t\t\n\t<div id=\"ngg-image-741\" class=\"ngg-gallery-thumbnail-box\"  >\n\t\t<div class=\"ngg-gallery-thumbnail\" >\n\t\t\t<a href=\"https:\/\/zeleni-prsten.hr\/portal\/wp-content\/gallery\/kornjasi\/P6270058.jpg\"\n               title=\" \"\n               class=\"ngg-simplelightbox\" rel=\"aa79669c65beacdbfd6ceb84c4f8723a\" data-image-id=\"741\" data-src=\"https:\/\/zeleni-prsten.hr\/portal\/wp-content\/gallery\/kornjasi\/P6270058.jpg\" data-thumbnail=\"https:\/\/zeleni-prsten.hr\/portal\/wp-content\/gallery\/kornjasi\/cache\/P6270058.jpg-nggid03741-ngg0dyn-360x320x100-00f0w010c011r110f110r010t010.jpg\" data-title=\"P6270058\" data-description=\" \" >\n\t\t\t\t\t\t\t\t<img title=\"P6270058\" alt=\"P6270058\" src=\"https:\/\/zeleni-prsten.hr\/portal\/wp-content\/gallery\/kornjasi\/cache\/P6270058.jpg-nggid03741-ngg0dyn-360x320x100-00f0w010c011r110f110r010t010.jpg\" width='360' height='320' \/>\n\t\t\t\t\t\t\t<\/a>\n\t\t\t<span> <\/span>\n\t\t<\/div>\n\t<\/div>\n\t\t \t\t\n\t<div id=\"ngg-image-742\" class=\"ngg-gallery-thumbnail-box\"  >\n\t\t<div class=\"ngg-gallery-thumbnail\" >\n\t\t\t<a href=\"https:\/\/zeleni-prsten.hr\/portal\/wp-content\/gallery\/kornjasi\/P6270119_Gnorimus-variabilis_Cetoniidae_BL.jpg\"\n               title=\" \"\n               class=\"ngg-simplelightbox\" rel=\"aa79669c65beacdbfd6ceb84c4f8723a\" data-image-id=\"742\" data-src=\"https:\/\/zeleni-prsten.hr\/portal\/wp-content\/gallery\/kornjasi\/P6270119_Gnorimus-variabilis_Cetoniidae_BL.jpg\" data-thumbnail=\"https:\/\/zeleni-prsten.hr\/portal\/wp-content\/gallery\/kornjasi\/cache\/P6270119_Gnorimus-variabilis_Cetoniidae_BL.jpg-nggid03742-ngg0dyn-360x320x100-00f0w010c011r110f110r010t010.jpg\" data-title=\"P6270119_Gnorimus-variabilis_Cetoniidae_BL\" data-description=\" \" >\n\t\t\t\t\t\t\t\t<img title=\"P6270119_Gnorimus-variabilis_Cetoniidae_BL\" alt=\"P6270119_Gnorimus-variabilis_Cetoniidae_BL\" src=\"https:\/\/zeleni-prsten.hr\/portal\/wp-content\/gallery\/kornjasi\/cache\/P6270119_Gnorimus-variabilis_Cetoniidae_BL.jpg-nggid03742-ngg0dyn-360x320x100-00f0w010c011r110f110r010t010.jpg\" width='360' height='320' \/>\n\t\t\t\t\t\t\t<\/a>\n\t\t\t<span> <\/span>\n\t\t<\/div>\n\t<\/div>\n\t\t \t\t\n\t<div id=\"ngg-image-743\" class=\"ngg-gallery-thumbnail-box\"  >\n\t\t<div class=\"ngg-gallery-thumbnail\" >\n\t\t\t<a href=\"https:\/\/zeleni-prsten.hr\/portal\/wp-content\/gallery\/kornjasi\/P6270133_Morimus_Cerambycidae_BL.jpg\"\n               title=\" \"\n               class=\"ngg-simplelightbox\" rel=\"aa79669c65beacdbfd6ceb84c4f8723a\" data-image-id=\"743\" data-src=\"https:\/\/zeleni-prsten.hr\/portal\/wp-content\/gallery\/kornjasi\/P6270133_Morimus_Cerambycidae_BL.jpg\" data-thumbnail=\"https:\/\/zeleni-prsten.hr\/portal\/wp-content\/gallery\/kornjasi\/cache\/P6270133_Morimus_Cerambycidae_BL.jpg-nggid03743-ngg0dyn-360x320x100-00f0w010c011r110f110r010t010.jpg\" data-title=\"P6270133_Morimus_Cerambycidae_BL\" data-description=\" \" >\n\t\t\t\t\t\t\t\t<img title=\"P6270133_Morimus_Cerambycidae_BL\" alt=\"P6270133_Morimus_Cerambycidae_BL\" src=\"https:\/\/zeleni-prsten.hr\/portal\/wp-content\/gallery\/kornjasi\/cache\/P6270133_Morimus_Cerambycidae_BL.jpg-nggid03743-ngg0dyn-360x320x100-00f0w010c011r110f110r010t010.jpg\" width='360' height='320' \/>\n\t\t\t\t\t\t\t<\/a>\n\t\t\t<span> <\/span>\n\t\t<\/div>\n\t<\/div>\n\t\t \t\t\n\t<div id=\"ngg-image-744\" class=\"ngg-gallery-thumbnail-box\"  >\n\t\t<div class=\"ngg-gallery-thumbnail\" >\n\t\t\t<a href=\"https:\/\/zeleni-prsten.hr\/portal\/wp-content\/gallery\/kornjasi\/P5230400_Pyrochroa-coccinea_Pyrochroidae_BL.jpg\"\n               title=\" \"\n               class=\"ngg-simplelightbox\" rel=\"aa79669c65beacdbfd6ceb84c4f8723a\" data-image-id=\"744\" data-src=\"https:\/\/zeleni-prsten.hr\/portal\/wp-content\/gallery\/kornjasi\/P5230400_Pyrochroa-coccinea_Pyrochroidae_BL.jpg\" data-thumbnail=\"https:\/\/zeleni-prsten.hr\/portal\/wp-content\/gallery\/kornjasi\/cache\/P5230400_Pyrochroa-coccinea_Pyrochroidae_BL.jpg-nggid03744-ngg0dyn-360x320x100-00f0w010c011r110f110r010t010.jpg\" data-title=\"P5230400_Pyrochroa-coccinea_Pyrochroidae_BL\" data-description=\" \" >\n\t\t\t\t\t\t\t\t<img title=\"P5230400_Pyrochroa-coccinea_Pyrochroidae_BL\" alt=\"P5230400_Pyrochroa-coccinea_Pyrochroidae_BL\" src=\"https:\/\/zeleni-prsten.hr\/portal\/wp-content\/gallery\/kornjasi\/cache\/P5230400_Pyrochroa-coccinea_Pyrochroidae_BL.jpg-nggid03744-ngg0dyn-360x320x100-00f0w010c011r110f110r010t010.jpg\" width='360' height='320' \/>\n\t\t\t\t\t\t\t<\/a>\n\t\t\t<span> <\/span>\n\t\t<\/div>\n\t<\/div>\n\t\t \t\t\n\t<div id=\"ngg-image-745\" class=\"ngg-gallery-thumbnail-box\"  >\n\t\t<div class=\"ngg-gallery-thumbnail\" >\n\t\t\t<a href=\"https:\/\/zeleni-prsten.hr\/portal\/wp-content\/gallery\/kornjasi\/DSC_5049_Lucanus-cervus_Lucanidae_MI.jpg\"\n               title=\" \"\n               class=\"ngg-simplelightbox\" rel=\"aa79669c65beacdbfd6ceb84c4f8723a\" data-image-id=\"745\" data-src=\"https:\/\/zeleni-prsten.hr\/portal\/wp-content\/gallery\/kornjasi\/DSC_5049_Lucanus-cervus_Lucanidae_MI.jpg\" data-thumbnail=\"https:\/\/zeleni-prsten.hr\/portal\/wp-content\/gallery\/kornjasi\/cache\/DSC_5049_Lucanus-cervus_Lucanidae_MI.jpg-nggid03745-ngg0dyn-360x320x100-00f0w010c011r110f110r010t010.jpg\" data-title=\"DSC_5049_Lucanus-cervus_Lucanidae_MI\" data-description=\" \" >\n\t\t\t\t\t\t\t\t<img title=\"DSC_5049_Lucanus-cervus_Lucanidae_MI\" alt=\"DSC_5049_Lucanus-cervus_Lucanidae_MI\" src=\"https:\/\/zeleni-prsten.hr\/portal\/wp-content\/gallery\/kornjasi\/cache\/DSC_5049_Lucanus-cervus_Lucanidae_MI.jpg-nggid03745-ngg0dyn-360x320x100-00f0w010c011r110f110r010t010.jpg\" width='360' height='320' \/>\n\t\t\t\t\t\t\t<\/a>\n\t\t\t<span> <\/span>\n\t\t<\/div>\n\t<\/div>\n\t\t \t\t\n\t<div id=\"ngg-image-746\" class=\"ngg-gallery-thumbnail-box\"  >\n\t\t<div class=\"ngg-gallery-thumbnail\" >\n\t\t\t<a href=\"https:\/\/zeleni-prsten.hr\/portal\/wp-content\/gallery\/kornjasi\/DSC_5058.jpg\"\n               title=\" \"\n               class=\"ngg-simplelightbox\" rel=\"aa79669c65beacdbfd6ceb84c4f8723a\" data-image-id=\"746\" data-src=\"https:\/\/zeleni-prsten.hr\/portal\/wp-content\/gallery\/kornjasi\/DSC_5058.jpg\" data-thumbnail=\"https:\/\/zeleni-prsten.hr\/portal\/wp-content\/gallery\/kornjasi\/cache\/DSC_5058.jpg-nggid03746-ngg0dyn-360x320x100-00f0w010c011r110f110r010t010.jpg\" data-title=\"DSC_5058\" data-description=\" \" >\n\t\t\t\t\t\t\t\t<img title=\"DSC_5058\" alt=\"DSC_5058\" src=\"https:\/\/zeleni-prsten.hr\/portal\/wp-content\/gallery\/kornjasi\/cache\/DSC_5058.jpg-nggid03746-ngg0dyn-360x320x100-00f0w010c011r110f110r010t010.jpg\" width='360' height='320' \/>\n\t\t\t\t\t\t\t<\/a>\n\t\t\t<span> <\/span>\n\t\t<\/div>\n\t<\/div>\n\t\t \t \t\n\t<!-- Pagination -->\n \t<div class='ngg-clear'><\/div> \t\n<\/div>\n\n\n","protected":false},"excerpt":{"rendered":"<p>Stupni\u010dki lug za\u0161ti\u0107en je 1964. godine kao posebni rezervat \u0161umske vegetacije na povr\u0161ini od 16,27 ha, a od 2013. godine, \u0161ire podru\u010dje povr\u0161ine 760,86 ha uvr\u0161teno je i u europsku ekolo\u0161ku mre\u017eu Natura 2000. Nalazi se oko 15 km jugozapadno [&hellip;]<\/p>\n","protected":false},"author":5,"featured_media":13618,"comment_status":"closed","ping_status":"closed","sticky":false,"template":"","format":"standard","meta":{"ngg_post_thumbnail":0},"categories":[59],"tags":[],"yoast_head":"<!-- This site is optimized with the Yoast SEO plugin v18.4.1 - https:\/\/yoast.com\/wordpress\/plugins\/seo\/ -->\n<title>Stupni\u010dki lug dom kornja\u0161a - JU Zeleni prsten Zagreba\u010dke \u017eupanije<\/title>\n<meta name=\"robots\" content=\"index, follow, max-snippet:-1, max-image-preview:large, max-video-preview:-1\" \/>\n<link rel=\"canonical\" href=\"https:\/\/zeleni-prsten.hr\/portal\/stupnicki-lug-dom-kornjasa\/\" \/>\n<meta property=\"og:locale\" content=\"hr_HR\" \/>\n<meta property=\"og:type\" content=\"article\" \/>\n<meta property=\"og:title\" content=\"Stupni\u010dki lug dom kornja\u0161a - JU Zeleni prsten Zagreba\u010dke \u017eupanije\" \/>\n<meta property=\"og:description\" content=\"Stupni\u010dki lug za\u0161ti\u0107en je 1964. godine kao posebni rezervat \u0161umske vegetacije na povr\u0161ini od 16,27 ha, a od 2013. godine, \u0161ire podru\u010dje povr\u0161ine 760,86 ha uvr\u0161teno je i u europsku ekolo\u0161ku mre\u017eu Natura 2000. Nalazi se oko 15 km jugozapadno [&hellip;]\" \/>\n<meta property=\"og:url\" content=\"https:\/\/zeleni-prsten.hr\/portal\/stupnicki-lug-dom-kornjasa\/\" \/>\n<meta property=\"og:site_name\" content=\"JU Zeleni prsten Zagreba\u010dke \u017eupanije\" \/>\n<meta property=\"article:published_time\" content=\"2022-10-03T11:17:38+00:00\" \/>\n<meta property=\"article:modified_time\" content=\"2023-01-19T15:01:15+00:00\" \/>\n<meta property=\"og:image\" content=\"https:\/\/zeleni-prsten.hr\/portal\/wp-content\/uploads\/2022\/10\/DSC_5049_Lucanus-cervus_Lucanidae_MI.jpg\" \/>\n\t<meta property=\"og:image:width\" content=\"1920\" \/>\n\t<meta property=\"og:image:height\" content=\"1280\" \/>\n\t<meta property=\"og:image:type\" content=\"image\/jpeg\" \/>\n<meta name=\"twitter:card\" content=\"summary_large_image\" \/>\n<meta name=\"twitter:label1\" content=\"Napisao\/la\" \/>\n\t<meta name=\"twitter:data1\" content=\"\u017deljka \u0160abari\u0107\" \/>\n\t<meta name=\"twitter:label2\" content=\"Procijenjeno vrijeme \u010ditanja\" \/>\n\t<meta name=\"twitter:data2\" content=\"2 minute\" \/>\n<script type=\"application\/ld+json\" class=\"yoast-schema-graph\">{\"@context\":\"https:\/\/schema.org\",\"@graph\":[{\"@type\":\"WebSite\",\"@id\":\"https:\/\/zeleni-prsten.hr\/portal\/#website\",\"url\":\"https:\/\/zeleni-prsten.hr\/portal\/\",\"name\":\"JU Zeleni prsten Zagreba\u010dke \u017eupanije\",\"description\":\"JU Zeleni prsten Zagreba\u010dke \u017eupanije\",\"potentialAction\":[{\"@type\":\"SearchAction\",\"target\":{\"@type\":\"EntryPoint\",\"urlTemplate\":\"https:\/\/zeleni-prsten.hr\/portal\/?s={search_term_string}\"},\"query-input\":\"required name=search_term_string\"}],\"inLanguage\":\"hr\"},{\"@type\":\"ImageObject\",\"@id\":\"https:\/\/zeleni-prsten.hr\/portal\/stupnicki-lug-dom-kornjasa\/#primaryimage\",\"inLanguage\":\"hr\",\"url\":\"https:\/\/zeleni-prsten.hr\/portal\/wp-content\/uploads\/2022\/10\/DSC_5049_Lucanus-cervus_Lucanidae_MI.jpg\",\"contentUrl\":\"https:\/\/zeleni-prsten.hr\/portal\/wp-content\/uploads\/2022\/10\/DSC_5049_Lucanus-cervus_Lucanidae_MI.jpg\",\"width\":1920,\"height\":1280,\"caption\":\"Jelenak\"},{\"@type\":\"WebPage\",\"@id\":\"https:\/\/zeleni-prsten.hr\/portal\/stupnicki-lug-dom-kornjasa\/#webpage\",\"url\":\"https:\/\/zeleni-prsten.hr\/portal\/stupnicki-lug-dom-kornjasa\/\",\"name\":\"Stupni\u010dki lug dom kornja\u0161a - JU Zeleni prsten Zagreba\u010dke \u017eupanije\",\"isPartOf\":{\"@id\":\"https:\/\/zeleni-prsten.hr\/portal\/#website\"},\"primaryImageOfPage\":{\"@id\":\"https:\/\/zeleni-prsten.hr\/portal\/stupnicki-lug-dom-kornjasa\/#primaryimage\"},\"datePublished\":\"2022-10-03T11:17:38+00:00\",\"dateModified\":\"2023-01-19T15:01:15+00:00\",\"author\":{\"@id\":\"https:\/\/zeleni-prsten.hr\/portal\/#\/schema\/person\/055e03bf54bb9f1861485d75b692e69e\"},\"breadcrumb\":{\"@id\":\"https:\/\/zeleni-prsten.hr\/portal\/stupnicki-lug-dom-kornjasa\/#breadcrumb\"},\"inLanguage\":\"hr\",\"potentialAction\":[{\"@type\":\"ReadAction\",\"target\":[\"https:\/\/zeleni-prsten.hr\/portal\/stupnicki-lug-dom-kornjasa\/\"]}]},{\"@type\":\"BreadcrumbList\",\"@id\":\"https:\/\/zeleni-prsten.hr\/portal\/stupnicki-lug-dom-kornjasa\/#breadcrumb\",\"itemListElement\":[{\"@type\":\"ListItem\",\"position\":1,\"name\":\"Home\",\"item\":\"https:\/\/zeleni-prsten.hr\/portal\/\"},{\"@type\":\"ListItem\",\"position\":2,\"name\":\"Stupni\u010dki lug dom kornja\u0161a\"}]},{\"@type\":\"Person\",\"@id\":\"https:\/\/zeleni-prsten.hr\/portal\/#\/schema\/person\/055e03bf54bb9f1861485d75b692e69e\",\"name\":\"\u017deljka \u0160abari\u0107\",\"url\":\"https:\/\/zeleni-prsten.hr\/portal\/author\/zeljka\/\"}]}<\/script>\n<!-- \/ Yoast SEO plugin. -->","yoast_head_json":{"title":"Stupni\u010dki lug dom kornja\u0161a - JU Zeleni prsten Zagreba\u010dke \u017eupanije","robots":{"index":"index","follow":"follow","max-snippet":"max-snippet:-1","max-image-preview":"max-image-preview:large","max-video-preview":"max-video-preview:-1"},"canonical":"https:\/\/zeleni-prsten.hr\/portal\/stupnicki-lug-dom-kornjasa\/","og_locale":"hr_HR","og_type":"article","og_title":"Stupni\u010dki lug dom kornja\u0161a - JU Zeleni prsten Zagreba\u010dke \u017eupanije","og_description":"Stupni\u010dki lug za\u0161ti\u0107en je 1964. godine kao posebni rezervat \u0161umske vegetacije na povr\u0161ini od 16,27 ha, a od 2013. godine, \u0161ire podru\u010dje povr\u0161ine 760,86 ha uvr\u0161teno je i u europsku ekolo\u0161ku mre\u017eu Natura 2000. Nalazi se oko 15 km jugozapadno [&hellip;]","og_url":"https:\/\/zeleni-prsten.hr\/portal\/stupnicki-lug-dom-kornjasa\/","og_site_name":"JU Zeleni prsten Zagreba\u010dke \u017eupanije","article_published_time":"2022-10-03T11:17:38+00:00","article_modified_time":"2023-01-19T15:01:15+00:00","og_image":[{"width":1920,"height":1280,"url":"https:\/\/zeleni-prsten.hr\/portal\/wp-content\/uploads\/2022\/10\/DSC_5049_Lucanus-cervus_Lucanidae_MI.jpg","type":"image\/jpeg"}],"twitter_card":"summary_large_image","twitter_misc":{"Napisao\/la":"\u017deljka \u0160abari\u0107","Procijenjeno vrijeme \u010ditanja":"2 minute"},"schema":{"@context":"https:\/\/schema.org","@graph":[{"@type":"WebSite","@id":"https:\/\/zeleni-prsten.hr\/portal\/#website","url":"https:\/\/zeleni-prsten.hr\/portal\/","name":"JU Zeleni prsten Zagreba\u010dke \u017eupanije","description":"JU Zeleni prsten Zagreba\u010dke \u017eupanije","potentialAction":[{"@type":"SearchAction","target":{"@type":"EntryPoint","urlTemplate":"https:\/\/zeleni-prsten.hr\/portal\/?s={search_term_string}"},"query-input":"required name=search_term_string"}],"inLanguage":"hr"},{"@type":"ImageObject","@id":"https:\/\/zeleni-prsten.hr\/portal\/stupnicki-lug-dom-kornjasa\/#primaryimage","inLanguage":"hr","url":"https:\/\/zeleni-prsten.hr\/portal\/wp-content\/uploads\/2022\/10\/DSC_5049_Lucanus-cervus_Lucanidae_MI.jpg","contentUrl":"https:\/\/zeleni-prsten.hr\/portal\/wp-content\/uploads\/2022\/10\/DSC_5049_Lucanus-cervus_Lucanidae_MI.jpg","width":1920,"height":1280,"caption":"Jelenak"},{"@type":"WebPage","@id":"https:\/\/zeleni-prsten.hr\/portal\/stupnicki-lug-dom-kornjasa\/#webpage","url":"https:\/\/zeleni-prsten.hr\/portal\/stupnicki-lug-dom-kornjasa\/","name":"Stupni\u010dki lug dom kornja\u0161a - JU Zeleni prsten Zagreba\u010dke \u017eupanije","isPartOf":{"@id":"https:\/\/zeleni-prsten.hr\/portal\/#website"},"primaryImageOfPage":{"@id":"https:\/\/zeleni-prsten.hr\/portal\/stupnicki-lug-dom-kornjasa\/#primaryimage"},"datePublished":"2022-10-03T11:17:38+00:00","dateModified":"2023-01-19T15:01:15+00:00","author":{"@id":"https:\/\/zeleni-prsten.hr\/portal\/#\/schema\/person\/055e03bf54bb9f1861485d75b692e69e"},"breadcrumb":{"@id":"https:\/\/zeleni-prsten.hr\/portal\/stupnicki-lug-dom-kornjasa\/#breadcrumb"},"inLanguage":"hr","potentialAction":[{"@type":"ReadAction","target":["https:\/\/zeleni-prsten.hr\/portal\/stupnicki-lug-dom-kornjasa\/"]}]},{"@type":"BreadcrumbList","@id":"https:\/\/zeleni-prsten.hr\/portal\/stupnicki-lug-dom-kornjasa\/#breadcrumb","itemListElement":[{"@type":"ListItem","position":1,"name":"Home","item":"https:\/\/zeleni-prsten.hr\/portal\/"},{"@type":"ListItem","position":2,"name":"Stupni\u010dki lug dom kornja\u0161a"}]},{"@type":"Person","@id":"https:\/\/zeleni-prsten.hr\/portal\/#\/schema\/person\/055e03bf54bb9f1861485d75b692e69e","name":"\u017deljka \u0160abari\u0107","url":"https:\/\/zeleni-prsten.hr\/portal\/author\/zeljka\/"}]}},"_links":{"self":[{"href":"https:\/\/zeleni-prsten.hr\/portal\/wp-json\/wp\/v2\/posts\/13624"}],"collection":[{"href":"https:\/\/zeleni-prsten.hr\/portal\/wp-json\/wp\/v2\/posts"}],"about":[{"href":"https:\/\/zeleni-prsten.hr\/portal\/wp-json\/wp\/v2\/types\/post"}],"author":[{"embeddable":true,"href":"https:\/\/zeleni-prsten.hr\/portal\/wp-json\/wp\/v2\/users\/5"}],"replies":[{"embeddable":true,"href":"https:\/\/zeleni-prsten.hr\/portal\/wp-json\/wp\/v2\/comments?post=13624"}],"version-history":[{"count":1,"href":"https:\/\/zeleni-prsten.hr\/portal\/wp-json\/wp\/v2\/posts\/13624\/revisions"}],"predecessor-version":[{"id":13634,"href":"https:\/\/zeleni-prsten.hr\/portal\/wp-json\/wp\/v2\/posts\/13624\/revisions\/13634"}],"wp:featuredmedia":[{"embeddable":true,"href":"https:\/\/zeleni-prsten.hr\/portal\/wp-json\/wp\/v2\/media\/13618"}],"wp:attachment":[{"href":"https:\/\/zeleni-prsten.hr\/portal\/wp-json\/wp\/v2\/media?parent=13624"}],"wp:term":[{"taxonomy":"category","embeddable":true,"href":"https:\/\/zeleni-prsten.hr\/portal\/wp-json\/wp\/v2\/categories?post=13624"},{"taxonomy":"post_tag","embeddable":true,"href":"https:\/\/zeleni-prsten.hr\/portal\/wp-json\/wp\/v2\/tags?post=13624"}],"curies":[{"name":"wp","href":"https:\/\/api.w.org\/{rel}","templated":true}]}}