{"id":13635,"date":"2022-10-10T10:44:16","date_gmt":"2022-10-10T08:44:16","guid":{"rendered":"https:\/\/zeleni-prsten.hr\/portal\/?p=13635"},"modified":"2023-01-19T16:01:11","modified_gmt":"2023-01-19T15:01:11","slug":"7-listopada-dan-zastite-dinarida","status":"publish","type":"post","link":"https:\/\/zeleni-prsten.hr\/portal\/7-listopada-dan-zastite-dinarida\/","title":{"rendered":"7. listopada &#8211; Dan za\u0161tite Dinarida"},"content":{"rendered":"<p>Obilje\u017eavanjem Dana za\u0161tite Dinarida ukazuje se na va\u017enost prirodne i kulturne ba\u0161tine zemalja Dinarskog luka, kao i na pro\u017eimanje prirodnih bogatstava i kulturno-povijesnih vrijednosti ovog po mnogo\u010demu posebnog podru\u010dja Europe.<\/p>\n<p>U tu svrhu, ove godine \u017eelimo ukazati na va\u017enost provedbe Europskog zelenog plana, odnosno Zelene agende za Zapadni Balkan za budu\u0107nost za\u0161ti\u0107enih podru\u010dja Dinarskog luka.<br \/>\n\u201eJedan od klju\u010dnih prioriteta Zelene agende za Zapadni Balkan je zaustaviti gubitak bioraznolikosti i integrirati ciljeve EU Strategije bioraznolikosti za 30% za\u0161ti\u0107enih podru\u010dja i 10% strogo za\u0161ti\u0107enih podru\u010dja do 2030. godine. U tom smislu ohrabruje \u010dinjenica da je u svim zemljama Dinarskog luka do\u0161lo do pove\u0107anja aktivnosti na uspostavljanju za\u0161ti\u0107enih podru\u010dja, pri \u010demu je posebno zna\u010dajan porast broja novih za\u0161ti\u0107enih podru\u010dja u Bosni i Hercegovini i Crnoj Gori.\u201c \u2013 rekao je Zoran Mrdak, predsjednik Uprave Parkova Dinarida.<\/p>\n<p>Me\u0111utim, dinamiku uspostave novih za\u0161ti\u0107enih podru\u010dja uglavnom ne prati uspostava odgovaraju\u0107ih upravlja\u010dkih struktura, dono\u0161enje potrebnih planskih dokumenata, kao ni financijska odr\u017eivost. Zelena agenda, kao i povezani mehanizmi financiranja, pru\u017eaju velike mogu\u0107nosti za podizanje profila za\u0161ti\u0107enih podru\u010dja i postizanje u\u010dinkovitijeg upravljanja njima. Upravo kroz ovaj proces o\u010dekuje se sna\u017enije opredjeljenje za stvaranje sustavnih rje\u0161enja za financiranje za\u0161ti\u0107enih podru\u010dja.<br \/>\n\u201eOvo je zna\u010dajno, s jedne strane, radi osiguranja u\u010dinkovitosti obavljanja osnovnih funkcija novih za\u0161ti\u0107enih podru\u010dja, a s druge strane, relaksacije velikog broja postoje\u0107ih za\u0161ti\u0107enih podru\u010dja od potrebe osiguranja financijske odr\u017eivosti kroz masovni turizam. i ekonomskom iskori\u0161tavanju \u0161uma, a sve u cilju povratka njihovoj primarnoj funkciji \u2013 za\u0161titi prirode\u201c \u2013 istaknuo je Amarildo Muli\u0107, predsjednik Upravnog odbora Parkova Dinarida i direktor Nacionalnog parka Una.<\/p>\n<p>Zelena agenda za zapadni Balkan prepoznaje da va\u017ena podru\u010dja biolo\u0161ke raznolikosti \u010desto imaju prekograni\u010dni zna\u010daj i da je neophodan pristup koji se temelji na koordinaciji prekograni\u010dnih podru\u010dja i regija. Regionalna suradnja nadle\u017enih tijela u postupku progla\u0161enja i upravljanja za\u0161ti\u0107enim podru\u010djima klju\u010dni je \u010dimbenik za postizanje bolje sinergije i kvalitetnijeg upravljanja mre\u017eama za\u0161ti\u0107enih podru\u010dja i ekolo\u0161kim mre\u017eama.<br \/>\nStoga \u017eelimo skrenuti pozornost na \u010dinjenicu da su za\u0161ti\u0107ena podru\u010dja Dinarskog luka, koja trenutno \u010dine vi\u0161e od 10% teritorija ove regije, u zajedni\u010dkom djelovanju dr\u017eavnih institucija, civilnog dru\u0161tva, poslovnog sektora i lokalne zajednice, mogu dati va\u017ean doprinos Europskom zelenom planu kao novoj strategiji Europske unije u cilju modernog, klimatski neutralnog i konkurentnog gospodarstva, koje u\u010dinkovito koristi resurse.<\/p>\n<p>U tom smislu, Parkovi Dinarida kao regionalna organizacija pozivaju na unapre\u0111enje suradnje i uspostavu regionalnih mehanizama za koordinaciju zajedni\u010dkih aktivnosti koje \u0107e doprinijeti u\u010dinkovitoj provedbi Zelene agende u cilju unapre\u0111enja za\u0161ti\u0107enih podru\u010dja.<br \/>\n7. listopada, Dan za\u0161tite Dinarida, ustanovljen je 29. svibnja 2019. godine na Glavnoj skup\u0161tini Parkova Dinarida \u2013 mre\u017ee za\u0161ti\u0107enih podru\u010dja Dinarida u Parku prirode Blidinje (Bosna i Hercegovina). Dinaridi (Dinarski luk) predstavljaju jedan od najve\u0107ih planinskih lanaca u Europi koji povezuje osam zemalja jugoisto\u010dne Europe: Albaniju, Bosnu i Hercegovinu, Crnu Goru, Hrvatsku, Kosovo, Makedoniju, Sloveniju i Srbiju.<\/p>\n<p>Mre\u017ea parkova Dinarida trenutno se sastoji od 110 za\u0161ti\u0107enih podru\u010dja iz 8 zemalja, Albanije, Bosne i Hercegovine, Crne Gore, Hrvatske, Kosova*, Sjeverne Makedonije, Slovenije i Srbije. \u010clanovi Parkova Dinarida su i fizi\u010dke osobe, ljubitelji prirode i prijatelji mre\u017ee od njezina osnutka. Udruga \u201eParkovi Dinarida \u2013 mre\u017ea za\u0161ti\u0107enih podru\u010dja Dinarida\u201c osnovana je krajem 2014. godine sa sjedi\u0161tem u Podgorici temeljem sporazuma 8 zemalja Dinarskog luka \u2013 Big Win II.<\/p>\n","protected":false},"excerpt":{"rendered":"<p>Obilje\u017eavanjem Dana za\u0161tite Dinarida ukazuje se na va\u017enost prirodne i kulturne ba\u0161tine zemalja Dinarskog luka, kao i na pro\u017eimanje prirodnih bogatstava i kulturno-povijesnih vrijednosti ovog po mnogo\u010demu posebnog podru\u010dja Europe. U tu svrhu, ove godine \u017eelimo ukazati na va\u017enost provedbe [&hellip;]<\/p>\n","protected":false},"author":5,"featured_media":13636,"comment_status":"closed","ping_status":"closed","sticky":false,"template":"","format":"standard","meta":{"ngg_post_thumbnail":0},"categories":[59],"tags":[],"yoast_head":"<!-- This site is optimized with the Yoast SEO plugin v18.4.1 - https:\/\/yoast.com\/wordpress\/plugins\/seo\/ -->\n<title>7. listopada - Dan za\u0161tite Dinarida - JU Zeleni prsten Zagreba\u010dke \u017eupanije<\/title>\n<meta name=\"robots\" content=\"index, follow, max-snippet:-1, max-image-preview:large, max-video-preview:-1\" \/>\n<link rel=\"canonical\" href=\"https:\/\/zeleni-prsten.hr\/portal\/7-listopada-dan-zastite-dinarida\/\" \/>\n<meta property=\"og:locale\" content=\"hr_HR\" \/>\n<meta property=\"og:type\" content=\"article\" \/>\n<meta property=\"og:title\" content=\"7. listopada - Dan za\u0161tite Dinarida - JU Zeleni prsten Zagreba\u010dke \u017eupanije\" \/>\n<meta property=\"og:description\" content=\"Obilje\u017eavanjem Dana za\u0161tite Dinarida ukazuje se na va\u017enost prirodne i kulturne ba\u0161tine zemalja Dinarskog luka, kao i na pro\u017eimanje prirodnih bogatstava i kulturno-povijesnih vrijednosti ovog po mnogo\u010demu posebnog podru\u010dja Europe. U tu svrhu, ove godine \u017eelimo ukazati na va\u017enost provedbe [&hellip;]\" \/>\n<meta property=\"og:url\" content=\"https:\/\/zeleni-prsten.hr\/portal\/7-listopada-dan-zastite-dinarida\/\" \/>\n<meta property=\"og:site_name\" content=\"JU Zeleni prsten Zagreba\u010dke \u017eupanije\" \/>\n<meta property=\"article:published_time\" content=\"2022-10-10T08:44:16+00:00\" \/>\n<meta property=\"article:modified_time\" content=\"2023-01-19T15:01:11+00:00\" \/>\n<meta property=\"og:image\" content=\"https:\/\/zeleni-prsten.hr\/portal\/wp-content\/uploads\/2022\/10\/285317475_5126330164140447_511588565992004336_n.jpg\" \/>\n\t<meta property=\"og:image:width\" content=\"1079\" \/>\n\t<meta property=\"og:image:height\" content=\"720\" \/>\n\t<meta property=\"og:image:type\" content=\"image\/jpeg\" \/>\n<meta name=\"twitter:card\" content=\"summary_large_image\" \/>\n<meta name=\"twitter:label1\" content=\"Napisao\/la\" \/>\n\t<meta name=\"twitter:data1\" content=\"\u017deljka \u0160abari\u0107\" \/>\n\t<meta name=\"twitter:label2\" content=\"Procijenjeno vrijeme \u010ditanja\" \/>\n\t<meta name=\"twitter:data2\" content=\"3 minute\" \/>\n<script type=\"application\/ld+json\" class=\"yoast-schema-graph\">{\"@context\":\"https:\/\/schema.org\",\"@graph\":[{\"@type\":\"WebSite\",\"@id\":\"https:\/\/zeleni-prsten.hr\/portal\/#website\",\"url\":\"https:\/\/zeleni-prsten.hr\/portal\/\",\"name\":\"JU Zeleni prsten Zagreba\u010dke \u017eupanije\",\"description\":\"JU Zeleni prsten Zagreba\u010dke \u017eupanije\",\"potentialAction\":[{\"@type\":\"SearchAction\",\"target\":{\"@type\":\"EntryPoint\",\"urlTemplate\":\"https:\/\/zeleni-prsten.hr\/portal\/?s={search_term_string}\"},\"query-input\":\"required name=search_term_string\"}],\"inLanguage\":\"hr\"},{\"@type\":\"ImageObject\",\"@id\":\"https:\/\/zeleni-prsten.hr\/portal\/7-listopada-dan-zastite-dinarida\/#primaryimage\",\"inLanguage\":\"hr\",\"url\":\"https:\/\/zeleni-prsten.hr\/portal\/wp-content\/uploads\/2022\/10\/285317475_5126330164140447_511588565992004336_n.jpg\",\"contentUrl\":\"https:\/\/zeleni-prsten.hr\/portal\/wp-content\/uploads\/2022\/10\/285317475_5126330164140447_511588565992004336_n.jpg\",\"width\":1079,\"height\":720,\"caption\":\"dinaridi\"},{\"@type\":\"WebPage\",\"@id\":\"https:\/\/zeleni-prsten.hr\/portal\/7-listopada-dan-zastite-dinarida\/#webpage\",\"url\":\"https:\/\/zeleni-prsten.hr\/portal\/7-listopada-dan-zastite-dinarida\/\",\"name\":\"7. listopada - Dan za\u0161tite Dinarida - JU Zeleni prsten Zagreba\u010dke \u017eupanije\",\"isPartOf\":{\"@id\":\"https:\/\/zeleni-prsten.hr\/portal\/#website\"},\"primaryImageOfPage\":{\"@id\":\"https:\/\/zeleni-prsten.hr\/portal\/7-listopada-dan-zastite-dinarida\/#primaryimage\"},\"datePublished\":\"2022-10-10T08:44:16+00:00\",\"dateModified\":\"2023-01-19T15:01:11+00:00\",\"author\":{\"@id\":\"https:\/\/zeleni-prsten.hr\/portal\/#\/schema\/person\/055e03bf54bb9f1861485d75b692e69e\"},\"breadcrumb\":{\"@id\":\"https:\/\/zeleni-prsten.hr\/portal\/7-listopada-dan-zastite-dinarida\/#breadcrumb\"},\"inLanguage\":\"hr\",\"potentialAction\":[{\"@type\":\"ReadAction\",\"target\":[\"https:\/\/zeleni-prsten.hr\/portal\/7-listopada-dan-zastite-dinarida\/\"]}]},{\"@type\":\"BreadcrumbList\",\"@id\":\"https:\/\/zeleni-prsten.hr\/portal\/7-listopada-dan-zastite-dinarida\/#breadcrumb\",\"itemListElement\":[{\"@type\":\"ListItem\",\"position\":1,\"name\":\"Home\",\"item\":\"https:\/\/zeleni-prsten.hr\/portal\/\"},{\"@type\":\"ListItem\",\"position\":2,\"name\":\"7. listopada &#8211; Dan za\u0161tite Dinarida\"}]},{\"@type\":\"Person\",\"@id\":\"https:\/\/zeleni-prsten.hr\/portal\/#\/schema\/person\/055e03bf54bb9f1861485d75b692e69e\",\"name\":\"\u017deljka \u0160abari\u0107\",\"url\":\"https:\/\/zeleni-prsten.hr\/portal\/author\/zeljka\/\"}]}<\/script>\n<!-- \/ Yoast SEO plugin. -->","yoast_head_json":{"title":"7. listopada - Dan za\u0161tite Dinarida - JU Zeleni prsten Zagreba\u010dke \u017eupanije","robots":{"index":"index","follow":"follow","max-snippet":"max-snippet:-1","max-image-preview":"max-image-preview:large","max-video-preview":"max-video-preview:-1"},"canonical":"https:\/\/zeleni-prsten.hr\/portal\/7-listopada-dan-zastite-dinarida\/","og_locale":"hr_HR","og_type":"article","og_title":"7. listopada - Dan za\u0161tite Dinarida - JU Zeleni prsten Zagreba\u010dke \u017eupanije","og_description":"Obilje\u017eavanjem Dana za\u0161tite Dinarida ukazuje se na va\u017enost prirodne i kulturne ba\u0161tine zemalja Dinarskog luka, kao i na pro\u017eimanje prirodnih bogatstava i kulturno-povijesnih vrijednosti ovog po mnogo\u010demu posebnog podru\u010dja Europe. U tu svrhu, ove godine \u017eelimo ukazati na va\u017enost provedbe [&hellip;]","og_url":"https:\/\/zeleni-prsten.hr\/portal\/7-listopada-dan-zastite-dinarida\/","og_site_name":"JU Zeleni prsten Zagreba\u010dke \u017eupanije","article_published_time":"2022-10-10T08:44:16+00:00","article_modified_time":"2023-01-19T15:01:11+00:00","og_image":[{"width":1079,"height":720,"url":"https:\/\/zeleni-prsten.hr\/portal\/wp-content\/uploads\/2022\/10\/285317475_5126330164140447_511588565992004336_n.jpg","type":"image\/jpeg"}],"twitter_card":"summary_large_image","twitter_misc":{"Napisao\/la":"\u017deljka \u0160abari\u0107","Procijenjeno vrijeme \u010ditanja":"3 minute"},"schema":{"@context":"https:\/\/schema.org","@graph":[{"@type":"WebSite","@id":"https:\/\/zeleni-prsten.hr\/portal\/#website","url":"https:\/\/zeleni-prsten.hr\/portal\/","name":"JU Zeleni prsten Zagreba\u010dke \u017eupanije","description":"JU Zeleni prsten Zagreba\u010dke \u017eupanije","potentialAction":[{"@type":"SearchAction","target":{"@type":"EntryPoint","urlTemplate":"https:\/\/zeleni-prsten.hr\/portal\/?s={search_term_string}"},"query-input":"required name=search_term_string"}],"inLanguage":"hr"},{"@type":"ImageObject","@id":"https:\/\/zeleni-prsten.hr\/portal\/7-listopada-dan-zastite-dinarida\/#primaryimage","inLanguage":"hr","url":"https:\/\/zeleni-prsten.hr\/portal\/wp-content\/uploads\/2022\/10\/285317475_5126330164140447_511588565992004336_n.jpg","contentUrl":"https:\/\/zeleni-prsten.hr\/portal\/wp-content\/uploads\/2022\/10\/285317475_5126330164140447_511588565992004336_n.jpg","width":1079,"height":720,"caption":"dinaridi"},{"@type":"WebPage","@id":"https:\/\/zeleni-prsten.hr\/portal\/7-listopada-dan-zastite-dinarida\/#webpage","url":"https:\/\/zeleni-prsten.hr\/portal\/7-listopada-dan-zastite-dinarida\/","name":"7. listopada - Dan za\u0161tite Dinarida - JU Zeleni prsten Zagreba\u010dke \u017eupanije","isPartOf":{"@id":"https:\/\/zeleni-prsten.hr\/portal\/#website"},"primaryImageOfPage":{"@id":"https:\/\/zeleni-prsten.hr\/portal\/7-listopada-dan-zastite-dinarida\/#primaryimage"},"datePublished":"2022-10-10T08:44:16+00:00","dateModified":"2023-01-19T15:01:11+00:00","author":{"@id":"https:\/\/zeleni-prsten.hr\/portal\/#\/schema\/person\/055e03bf54bb9f1861485d75b692e69e"},"breadcrumb":{"@id":"https:\/\/zeleni-prsten.hr\/portal\/7-listopada-dan-zastite-dinarida\/#breadcrumb"},"inLanguage":"hr","potentialAction":[{"@type":"ReadAction","target":["https:\/\/zeleni-prsten.hr\/portal\/7-listopada-dan-zastite-dinarida\/"]}]},{"@type":"BreadcrumbList","@id":"https:\/\/zeleni-prsten.hr\/portal\/7-listopada-dan-zastite-dinarida\/#breadcrumb","itemListElement":[{"@type":"ListItem","position":1,"name":"Home","item":"https:\/\/zeleni-prsten.hr\/portal\/"},{"@type":"ListItem","position":2,"name":"7. listopada &#8211; Dan za\u0161tite Dinarida"}]},{"@type":"Person","@id":"https:\/\/zeleni-prsten.hr\/portal\/#\/schema\/person\/055e03bf54bb9f1861485d75b692e69e","name":"\u017deljka \u0160abari\u0107","url":"https:\/\/zeleni-prsten.hr\/portal\/author\/zeljka\/"}]}},"_links":{"self":[{"href":"https:\/\/zeleni-prsten.hr\/portal\/wp-json\/wp\/v2\/posts\/13635"}],"collection":[{"href":"https:\/\/zeleni-prsten.hr\/portal\/wp-json\/wp\/v2\/posts"}],"about":[{"href":"https:\/\/zeleni-prsten.hr\/portal\/wp-json\/wp\/v2\/types\/post"}],"author":[{"embeddable":true,"href":"https:\/\/zeleni-prsten.hr\/portal\/wp-json\/wp\/v2\/users\/5"}],"replies":[{"embeddable":true,"href":"https:\/\/zeleni-prsten.hr\/portal\/wp-json\/wp\/v2\/comments?post=13635"}],"version-history":[{"count":2,"href":"https:\/\/zeleni-prsten.hr\/portal\/wp-json\/wp\/v2\/posts\/13635\/revisions"}],"predecessor-version":[{"id":13638,"href":"https:\/\/zeleni-prsten.hr\/portal\/wp-json\/wp\/v2\/posts\/13635\/revisions\/13638"}],"wp:featuredmedia":[{"embeddable":true,"href":"https:\/\/zeleni-prsten.hr\/portal\/wp-json\/wp\/v2\/media\/13636"}],"wp:attachment":[{"href":"https:\/\/zeleni-prsten.hr\/portal\/wp-json\/wp\/v2\/media?parent=13635"}],"wp:term":[{"taxonomy":"category","embeddable":true,"href":"https:\/\/zeleni-prsten.hr\/portal\/wp-json\/wp\/v2\/categories?post=13635"},{"taxonomy":"post_tag","embeddable":true,"href":"https:\/\/zeleni-prsten.hr\/portal\/wp-json\/wp\/v2\/tags?post=13635"}],"curies":[{"name":"wp","href":"https:\/\/api.w.org\/{rel}","templated":true}]}}