{"id":13807,"date":"2022-11-14T15:15:59","date_gmt":"2022-11-14T14:15:59","guid":{"rendered":"https:\/\/zeleni-prsten.hr\/portal\/?p=13807"},"modified":"2022-11-15T09:34:25","modified_gmt":"2022-11-15T08:34:25","slug":"isplacene-naknade-za-gnijezda-bijele-rode","status":"publish","type":"post","link":"https:\/\/zeleni-prsten.hr\/portal\/isplacene-naknade-za-gnijezda-bijele-rode\/","title":{"rendered":"Ispla\u0107ene naknade za gnijezda bijele rode"},"content":{"rendered":"<p>Bijele rode vole dru\u0161tvo i blizinu ljudi, gnijezde se na krovovima ku\u0107a i gospodarskih objektima i nagra\u0111uju vlasnike tih objekata. Vlasnicima objekata koji imaju gnijezdo rode na krovovima svojih ku\u0107a ili gospodarskih objekata ispla\u0107ena je naknada u iznosu od 700 kn po gnijezdu bijele rode. Ve\u0107 13 godina Fond za za\u0161titu okoli\u0161a i energetsku u\u010dinkovitost i Javna ustanova Zeleni prsten Zagreba\u010dke \u017eupanije projektom \u201eZa\u0161tita i o\u010duvanje bijele rode\u201d ispla\u0107uju naknadu zbog sanacije \u0161teta na krovovima. A time se ujedno doprinosi o\u010duvanju prostora i biolo\u0161ke raznolikosti. Tako se \u0161tite rode, a istovremeno se stvaraju i uvjeti za razvoj ekolo\u0161kog turizma u ruralnim podru\u010djima.<\/p>\n<p>Naknada se ispla\u0107uje za popravak i zamjenu krovi\u0161ta zbog \u0161teta koju gnijezda \u010dine svojom te\u017einom. Rode svake godine nadogra\u0111uju svoja gnijezda, a isto gnijezdo mo\u017ee se koristiti desetlje\u0107ima pa \u010dak i preko 100 godina, tako da gnijezda dosti\u017eu impresivnu te\u017einu. Najve\u0107a zabilje\u017eena gnijezda mogu biti visoka i \u0161iroka preko 2 metra te dose\u0107i masu od \u010dak 1000, kg zbog \u010dega dolazi do o\u0161te\u0107enja krovi\u0161ta. Stoga krovovi na kojima se nalazi gnijezdo bijele rode imaju kra\u0107i vijek trajanja. Od po\u010detka projekta ispla\u0107eno je oko 700.000 kuna za popravak krovi\u0161ta.<\/p>\n<p>Unato\u010d naknadi koja se ispla\u0107uje, u zadnjih 10 godina evidentan je pad broja gnijezda na objektima i pove\u0107anje broja gnijezda na stupovima elektri\u010dne mre\u017ee. Glavni razlozi su ru\u0161enje gnijezda uslijed vremenskih nepogoda, premje\u0161tanje gnijezda uslijed promjene krovi\u0161ta, uru\u0161avanje starih ku\u0107a i \u0161tagljeva.<\/p>\n<p>Ove godine na podru\u010dju Zagreba\u010dke \u017eupanije zabilje\u017eeno je 267 gnijezda bijele rode od \u010dega 31 gnijezdo na obiteljskim ku\u0107ama i gospodarskim objektima a 236 na stupovima:<br \/>\n\u2022 gradovi s najve\u0107im brojem gnijezda su: Vrbovec (56) i Ivani\u0107 Grad (28)<br \/>\n\u2022 op\u0107ine s najve\u0107im brojem gnijezda su: Dubrava (30), Pisarovina (29) i Klin\u010da Sela (29)<br \/>\n\u2022 sela s najve\u0107im brojem gnijezda su: Donja Kup\u010dina (23), Donja Zden\u010dina (19) i Br\u010devec (16)<\/p>\n<p>Zanijma li Vas koliko gnijezda bijele rode ima Va\u0161em gradu ili op\u0107ini, kliknite na <a href=\"https:\/\/zeleni-prsten.hr\/portal\/wp-content\/uploads\/2022\/11\/POPIS-BROJ-GNIJEZDA-PO-OPCINAMA-I-GRADOVIMA.pdf\">link<\/a>.<\/p>\n<p>Bijela roda je simbol o\u010duvanih prirodnih stani\u0161ta te tradicionalnih krajolika, a njihova prisutnost u na\u0161oj blizini potvrda je da \u017eivimo u zdravom okoli\u0161u. Hvala svim stanovnicima Zagreba\u010dke \u017eupanije \u0161to nam poma\u017eu u brizi i o\u010duvanju ove posebne vrste.<\/p>\n\n<div class=\"ngg-galleryoverview ngg-template-caption\" id=\"ngg-gallery-64da146d8ca5bf3f707246bfebb456aa-13807\">\n\n\n\t<!-- Thumbnails -->\n    \t\t\n\t<div id=\"ngg-image-221\" class=\"ngg-gallery-thumbnail-box\"  >\n\t\t<div class=\"ngg-gallery-thumbnail\" >\n\t\t\t<a href=\"https:\/\/zeleni-prsten.hr\/portal\/wp-content\/gallery\/bijela-roda\/Roda-u-polju-umanjena.jpg\"\n               title=\" \"\n               class=\"ngg-simplelightbox\" rel=\"64da146d8ca5bf3f707246bfebb456aa\" data-image-id=\"221\" data-src=\"https:\/\/zeleni-prsten.hr\/portal\/wp-content\/gallery\/bijela-roda\/Roda-u-polju-umanjena.jpg\" data-thumbnail=\"https:\/\/zeleni-prsten.hr\/portal\/wp-content\/gallery\/bijela-roda\/cache\/Roda-u-polju-umanjena.jpg-nggid03221-ngg0dyn-360x320x100-00f0w010c011r110f110r010t010.jpg\" data-title=\"Roda-u-polju-umanjena\" data-description=\" \" >\n\t\t\t\t\t\t\t\t<img title=\"Roda-u-polju-umanjena\" alt=\"Roda-u-polju-umanjena\" src=\"https:\/\/zeleni-prsten.hr\/portal\/wp-content\/gallery\/bijela-roda\/cache\/Roda-u-polju-umanjena.jpg-nggid03221-ngg0dyn-360x320x100-00f0w010c011r110f110r010t010.jpg\" width='360' height='320' \/>\n\t\t\t\t\t\t\t<\/a>\n\t\t\t<span> <\/span>\n\t\t<\/div>\n\t<\/div>\n\t\t \t\t\n\t<div id=\"ngg-image-222\" class=\"ngg-gallery-thumbnail-box\"  >\n\t\t<div class=\"ngg-gallery-thumbnail\" >\n\t\t\t<a href=\"https:\/\/zeleni-prsten.hr\/portal\/wp-content\/gallery\/bijela-roda\/bijela-roda_V.Pirsa_-e1617017179982.jpg\"\n               title=\" \"\n               class=\"ngg-simplelightbox\" rel=\"64da146d8ca5bf3f707246bfebb456aa\" data-image-id=\"222\" data-src=\"https:\/\/zeleni-prsten.hr\/portal\/wp-content\/gallery\/bijela-roda\/bijela-roda_V.Pirsa_-e1617017179982.jpg\" data-thumbnail=\"https:\/\/zeleni-prsten.hr\/portal\/wp-content\/gallery\/bijela-roda\/cache\/bijela-roda_V.Pirsa_-e1617017179982.jpg-nggid03222-ngg0dyn-360x320x100-00f0w010c011r110f110r010t010.jpg\" data-title=\"bijela-roda_V.Pirsa_-e1617017179982\" data-description=\" \" >\n\t\t\t\t\t\t\t\t<img title=\"bijela-roda_V.Pirsa_-e1617017179982\" alt=\"bijela-roda_V.Pirsa_-e1617017179982\" src=\"https:\/\/zeleni-prsten.hr\/portal\/wp-content\/gallery\/bijela-roda\/cache\/bijela-roda_V.Pirsa_-e1617017179982.jpg-nggid03222-ngg0dyn-360x320x100-00f0w010c011r110f110r010t010.jpg\" width='360' height='320' \/>\n\t\t\t\t\t\t\t<\/a>\n\t\t\t<span> <\/span>\n\t\t<\/div>\n\t<\/div>\n\t\t \t\t\n\t<div id=\"ngg-image-223\" class=\"ngg-gallery-thumbnail-box\"  >\n\t\t<div class=\"ngg-gallery-thumbnail\" >\n\t\t\t<a href=\"https:\/\/zeleni-prsten.hr\/portal\/wp-content\/gallery\/bijela-roda\/roda-klak2.jpg\"\n               title=\" \"\n               class=\"ngg-simplelightbox\" rel=\"64da146d8ca5bf3f707246bfebb456aa\" data-image-id=\"223\" data-src=\"https:\/\/zeleni-prsten.hr\/portal\/wp-content\/gallery\/bijela-roda\/roda-klak2.jpg\" data-thumbnail=\"https:\/\/zeleni-prsten.hr\/portal\/wp-content\/gallery\/bijela-roda\/cache\/roda-klak2.jpg-nggid03223-ngg0dyn-360x320x100-00f0w010c011r110f110r010t010.jpg\" data-title=\"roda-klak2\" data-description=\" \" >\n\t\t\t\t\t\t\t\t<img title=\"roda-klak2\" alt=\"roda-klak2\" src=\"https:\/\/zeleni-prsten.hr\/portal\/wp-content\/gallery\/bijela-roda\/cache\/roda-klak2.jpg-nggid03223-ngg0dyn-360x320x100-00f0w010c011r110f110r010t010.jpg\" width='360' height='320' \/>\n\t\t\t\t\t\t\t<\/a>\n\t\t\t<span> <\/span>\n\t\t<\/div>\n\t<\/div>\n\t\t \t\t\n\t<div id=\"ngg-image-224\" class=\"ngg-gallery-thumbnail-box\"  >\n\t\t<div class=\"ngg-gallery-thumbnail\" >\n\t\t\t<a href=\"https:\/\/zeleni-prsten.hr\/portal\/wp-content\/gallery\/bijela-roda\/roda-mala.jpg\"\n               title=\" \"\n               class=\"ngg-simplelightbox\" rel=\"64da146d8ca5bf3f707246bfebb456aa\" data-image-id=\"224\" data-src=\"https:\/\/zeleni-prsten.hr\/portal\/wp-content\/gallery\/bijela-roda\/roda-mala.jpg\" data-thumbnail=\"https:\/\/zeleni-prsten.hr\/portal\/wp-content\/gallery\/bijela-roda\/cache\/roda-mala.jpg-nggid03224-ngg0dyn-360x320x100-00f0w010c011r110f110r010t010.jpg\" data-title=\"roda-mala\" data-description=\" \" >\n\t\t\t\t\t\t\t\t<img title=\"roda-mala\" alt=\"roda-mala\" src=\"https:\/\/zeleni-prsten.hr\/portal\/wp-content\/gallery\/bijela-roda\/cache\/roda-mala.jpg-nggid03224-ngg0dyn-360x320x100-00f0w010c011r110f110r010t010.jpg\" width='360' height='320' \/>\n\t\t\t\t\t\t\t<\/a>\n\t\t\t<span> <\/span>\n\t\t<\/div>\n\t<\/div>\n\t\t \t\t\n\t<div id=\"ngg-image-225\" class=\"ngg-gallery-thumbnail-box\"  >\n\t\t<div class=\"ngg-gallery-thumbnail\" >\n\t\t\t<a href=\"https:\/\/zeleni-prsten.hr\/portal\/wp-content\/gallery\/bijela-roda\/Crna-roda-Tomica-Rubinic.jpg\"\n               title=\" \"\n               class=\"ngg-simplelightbox\" rel=\"64da146d8ca5bf3f707246bfebb456aa\" data-image-id=\"225\" data-src=\"https:\/\/zeleni-prsten.hr\/portal\/wp-content\/gallery\/bijela-roda\/Crna-roda-Tomica-Rubinic.jpg\" data-thumbnail=\"https:\/\/zeleni-prsten.hr\/portal\/wp-content\/gallery\/bijela-roda\/cache\/Crna-roda-Tomica-Rubinic.jpg-nggid03225-ngg0dyn-360x320x100-00f0w010c011r110f110r010t010.jpg\" data-title=\"Crna-roda-Tomica-Rubinic\" data-description=\" \" >\n\t\t\t\t\t\t\t\t<img title=\"Crna-roda-Tomica-Rubinic\" alt=\"Crna-roda-Tomica-Rubinic\" src=\"https:\/\/zeleni-prsten.hr\/portal\/wp-content\/gallery\/bijela-roda\/cache\/Crna-roda-Tomica-Rubinic.jpg-nggid03225-ngg0dyn-360x320x100-00f0w010c011r110f110r010t010.jpg\" width='360' height='320' \/>\n\t\t\t\t\t\t\t<\/a>\n\t\t\t<span> <\/span>\n\t\t<\/div>\n\t<\/div>\n\t\t \t\t\n\t<div id=\"ngg-image-226\" class=\"ngg-gallery-thumbnail-box\"  >\n\t\t<div class=\"ngg-gallery-thumbnail\" >\n\t\t\t<a href=\"https:\/\/zeleni-prsten.hr\/portal\/wp-content\/gallery\/bijela-roda\/rode-Zeljka-Sabaric.jpg\"\n               title=\" \"\n               class=\"ngg-simplelightbox\" rel=\"64da146d8ca5bf3f707246bfebb456aa\" data-image-id=\"226\" data-src=\"https:\/\/zeleni-prsten.hr\/portal\/wp-content\/gallery\/bijela-roda\/rode-Zeljka-Sabaric.jpg\" data-thumbnail=\"https:\/\/zeleni-prsten.hr\/portal\/wp-content\/gallery\/bijela-roda\/cache\/rode-Zeljka-Sabaric.jpg-nggid03226-ngg0dyn-360x320x100-00f0w010c011r110f110r010t010.jpg\" data-title=\"rode-Zeljka-Sabaric\" data-description=\" \" >\n\t\t\t\t\t\t\t\t<img title=\"rode-Zeljka-Sabaric\" alt=\"rode-Zeljka-Sabaric\" src=\"https:\/\/zeleni-prsten.hr\/portal\/wp-content\/gallery\/bijela-roda\/cache\/rode-Zeljka-Sabaric.jpg-nggid03226-ngg0dyn-360x320x100-00f0w010c011r110f110r010t010.jpg\" width='360' height='320' \/>\n\t\t\t\t\t\t\t<\/a>\n\t\t\t<span> <\/span>\n\t\t<\/div>\n\t<\/div>\n\t\t \t \t\n\t<!-- Pagination -->\n \t<div class='ngg-clear'><\/div> \t\n<\/div>\n\n\n","protected":false},"excerpt":{"rendered":"<p>Bijele rode vole dru\u0161tvo i blizinu ljudi, gnijezde se na krovovima ku\u0107a i gospodarskih objektima i nagra\u0111uju vlasnike tih objekata. Vlasnicima objekata koji imaju gnijezdo rode na krovovima svojih ku\u0107a ili gospodarskih objekata ispla\u0107ena je naknada u iznosu od 700 [&hellip;]<\/p>\n","protected":false},"author":5,"featured_media":9164,"comment_status":"closed","ping_status":"closed","sticky":false,"template":"","format":"standard","meta":{"ngg_post_thumbnail":0},"categories":[83,59],"tags":[193,441,65,67,149,151,195,197,75,77,79,81],"yoast_head":"<!-- This site is optimized with the Yoast SEO plugin v18.4.1 - https:\/\/yoast.com\/wordpress\/plugins\/seo\/ -->\n<title>Ispla\u0107ene naknade za gnijezda bijele rode - JU Zeleni prsten Zagreba\u010dke \u017eupanije<\/title>\n<meta name=\"robots\" content=\"index, follow, max-snippet:-1, max-image-preview:large, max-video-preview:-1\" \/>\n<link rel=\"canonical\" href=\"https:\/\/zeleni-prsten.hr\/portal\/isplacene-naknade-za-gnijezda-bijele-rode\/\" \/>\n<meta property=\"og:locale\" content=\"hr_HR\" \/>\n<meta property=\"og:type\" content=\"article\" \/>\n<meta property=\"og:title\" content=\"Ispla\u0107ene naknade za gnijezda bijele rode - JU Zeleni prsten Zagreba\u010dke \u017eupanije\" \/>\n<meta property=\"og:description\" content=\"Bijele rode vole dru\u0161tvo i blizinu ljudi, gnijezde se na krovovima ku\u0107a i gospodarskih objektima i nagra\u0111uju vlasnike tih objekata. Vlasnicima objekata koji imaju gnijezdo rode na krovovima svojih ku\u0107a ili gospodarskih objekata ispla\u0107ena je naknada u iznosu od 700 [&hellip;]\" \/>\n<meta property=\"og:url\" content=\"https:\/\/zeleni-prsten.hr\/portal\/isplacene-naknade-za-gnijezda-bijele-rode\/\" \/>\n<meta property=\"og:site_name\" content=\"JU Zeleni prsten Zagreba\u010dke \u017eupanije\" \/>\n<meta property=\"article:published_time\" content=\"2022-11-14T14:15:59+00:00\" \/>\n<meta property=\"article:modified_time\" content=\"2022-11-15T08:34:25+00:00\" \/>\n<meta property=\"og:image\" content=\"https:\/\/zeleni-prsten.hr\/portal\/wp-content\/uploads\/2019\/08\/rode-na-krovu-male.jpg\" \/>\n\t<meta property=\"og:image:width\" content=\"1000\" \/>\n\t<meta property=\"og:image:height\" content=\"669\" \/>\n\t<meta property=\"og:image:type\" content=\"image\/jpeg\" \/>\n<meta name=\"twitter:card\" content=\"summary_large_image\" \/>\n<meta name=\"twitter:label1\" content=\"Napisao\/la\" \/>\n\t<meta name=\"twitter:data1\" content=\"\u017deljka \u0160abari\u0107\" \/>\n\t<meta name=\"twitter:label2\" content=\"Procijenjeno vrijeme \u010ditanja\" \/>\n\t<meta name=\"twitter:data2\" content=\"2 minute\" \/>\n<script type=\"application\/ld+json\" class=\"yoast-schema-graph\">{\"@context\":\"https:\/\/schema.org\",\"@graph\":[{\"@type\":\"WebSite\",\"@id\":\"https:\/\/zeleni-prsten.hr\/portal\/#website\",\"url\":\"https:\/\/zeleni-prsten.hr\/portal\/\",\"name\":\"JU Zeleni prsten Zagreba\u010dke \u017eupanije\",\"description\":\"JU Zeleni prsten Zagreba\u010dke \u017eupanije\",\"potentialAction\":[{\"@type\":\"SearchAction\",\"target\":{\"@type\":\"EntryPoint\",\"urlTemplate\":\"https:\/\/zeleni-prsten.hr\/portal\/?s={search_term_string}\"},\"query-input\":\"required name=search_term_string\"}],\"inLanguage\":\"hr\"},{\"@type\":\"ImageObject\",\"@id\":\"https:\/\/zeleni-prsten.hr\/portal\/isplacene-naknade-za-gnijezda-bijele-rode\/#primaryimage\",\"inLanguage\":\"hr\",\"url\":\"https:\/\/zeleni-prsten.hr\/portal\/wp-content\/uploads\/2019\/08\/rode-na-krovu-male.jpg\",\"contentUrl\":\"https:\/\/zeleni-prsten.hr\/portal\/wp-content\/uploads\/2019\/08\/rode-na-krovu-male.jpg\",\"width\":1000,\"height\":669,\"caption\":\"SONY DSC\"},{\"@type\":\"WebPage\",\"@id\":\"https:\/\/zeleni-prsten.hr\/portal\/isplacene-naknade-za-gnijezda-bijele-rode\/#webpage\",\"url\":\"https:\/\/zeleni-prsten.hr\/portal\/isplacene-naknade-za-gnijezda-bijele-rode\/\",\"name\":\"Ispla\u0107ene naknade za gnijezda bijele rode - JU Zeleni prsten Zagreba\u010dke \u017eupanije\",\"isPartOf\":{\"@id\":\"https:\/\/zeleni-prsten.hr\/portal\/#website\"},\"primaryImageOfPage\":{\"@id\":\"https:\/\/zeleni-prsten.hr\/portal\/isplacene-naknade-za-gnijezda-bijele-rode\/#primaryimage\"},\"datePublished\":\"2022-11-14T14:15:59+00:00\",\"dateModified\":\"2022-11-15T08:34:25+00:00\",\"author\":{\"@id\":\"https:\/\/zeleni-prsten.hr\/portal\/#\/schema\/person\/055e03bf54bb9f1861485d75b692e69e\"},\"breadcrumb\":{\"@id\":\"https:\/\/zeleni-prsten.hr\/portal\/isplacene-naknade-za-gnijezda-bijele-rode\/#breadcrumb\"},\"inLanguage\":\"hr\",\"potentialAction\":[{\"@type\":\"ReadAction\",\"target\":[\"https:\/\/zeleni-prsten.hr\/portal\/isplacene-naknade-za-gnijezda-bijele-rode\/\"]}]},{\"@type\":\"BreadcrumbList\",\"@id\":\"https:\/\/zeleni-prsten.hr\/portal\/isplacene-naknade-za-gnijezda-bijele-rode\/#breadcrumb\",\"itemListElement\":[{\"@type\":\"ListItem\",\"position\":1,\"name\":\"Home\",\"item\":\"https:\/\/zeleni-prsten.hr\/portal\/\"},{\"@type\":\"ListItem\",\"position\":2,\"name\":\"Ispla\u0107ene naknade za gnijezda bijele rode\"}]},{\"@type\":\"Person\",\"@id\":\"https:\/\/zeleni-prsten.hr\/portal\/#\/schema\/person\/055e03bf54bb9f1861485d75b692e69e\",\"name\":\"\u017deljka \u0160abari\u0107\",\"url\":\"https:\/\/zeleni-prsten.hr\/portal\/author\/zeljka\/\"}]}<\/script>\n<!-- \/ Yoast SEO plugin. -->","yoast_head_json":{"title":"Ispla\u0107ene naknade za gnijezda bijele rode - JU Zeleni prsten Zagreba\u010dke \u017eupanije","robots":{"index":"index","follow":"follow","max-snippet":"max-snippet:-1","max-image-preview":"max-image-preview:large","max-video-preview":"max-video-preview:-1"},"canonical":"https:\/\/zeleni-prsten.hr\/portal\/isplacene-naknade-za-gnijezda-bijele-rode\/","og_locale":"hr_HR","og_type":"article","og_title":"Ispla\u0107ene naknade za gnijezda bijele rode - JU Zeleni prsten Zagreba\u010dke \u017eupanije","og_description":"Bijele rode vole dru\u0161tvo i blizinu ljudi, gnijezde se na krovovima ku\u0107a i gospodarskih objektima i nagra\u0111uju vlasnike tih objekata. Vlasnicima objekata koji imaju gnijezdo rode na krovovima svojih ku\u0107a ili gospodarskih objekata ispla\u0107ena je naknada u iznosu od 700 [&hellip;]","og_url":"https:\/\/zeleni-prsten.hr\/portal\/isplacene-naknade-za-gnijezda-bijele-rode\/","og_site_name":"JU Zeleni prsten Zagreba\u010dke \u017eupanije","article_published_time":"2022-11-14T14:15:59+00:00","article_modified_time":"2022-11-15T08:34:25+00:00","og_image":[{"width":1000,"height":669,"url":"https:\/\/zeleni-prsten.hr\/portal\/wp-content\/uploads\/2019\/08\/rode-na-krovu-male.jpg","type":"image\/jpeg"}],"twitter_card":"summary_large_image","twitter_misc":{"Napisao\/la":"\u017deljka \u0160abari\u0107","Procijenjeno vrijeme \u010ditanja":"2 minute"},"schema":{"@context":"https:\/\/schema.org","@graph":[{"@type":"WebSite","@id":"https:\/\/zeleni-prsten.hr\/portal\/#website","url":"https:\/\/zeleni-prsten.hr\/portal\/","name":"JU Zeleni prsten Zagreba\u010dke \u017eupanije","description":"JU Zeleni prsten Zagreba\u010dke \u017eupanije","potentialAction":[{"@type":"SearchAction","target":{"@type":"EntryPoint","urlTemplate":"https:\/\/zeleni-prsten.hr\/portal\/?s={search_term_string}"},"query-input":"required name=search_term_string"}],"inLanguage":"hr"},{"@type":"ImageObject","@id":"https:\/\/zeleni-prsten.hr\/portal\/isplacene-naknade-za-gnijezda-bijele-rode\/#primaryimage","inLanguage":"hr","url":"https:\/\/zeleni-prsten.hr\/portal\/wp-content\/uploads\/2019\/08\/rode-na-krovu-male.jpg","contentUrl":"https:\/\/zeleni-prsten.hr\/portal\/wp-content\/uploads\/2019\/08\/rode-na-krovu-male.jpg","width":1000,"height":669,"caption":"SONY DSC"},{"@type":"WebPage","@id":"https:\/\/zeleni-prsten.hr\/portal\/isplacene-naknade-za-gnijezda-bijele-rode\/#webpage","url":"https:\/\/zeleni-prsten.hr\/portal\/isplacene-naknade-za-gnijezda-bijele-rode\/","name":"Ispla\u0107ene naknade za gnijezda bijele rode - JU Zeleni prsten Zagreba\u010dke \u017eupanije","isPartOf":{"@id":"https:\/\/zeleni-prsten.hr\/portal\/#website"},"primaryImageOfPage":{"@id":"https:\/\/zeleni-prsten.hr\/portal\/isplacene-naknade-za-gnijezda-bijele-rode\/#primaryimage"},"datePublished":"2022-11-14T14:15:59+00:00","dateModified":"2022-11-15T08:34:25+00:00","author":{"@id":"https:\/\/zeleni-prsten.hr\/portal\/#\/schema\/person\/055e03bf54bb9f1861485d75b692e69e"},"breadcrumb":{"@id":"https:\/\/zeleni-prsten.hr\/portal\/isplacene-naknade-za-gnijezda-bijele-rode\/#breadcrumb"},"inLanguage":"hr","potentialAction":[{"@type":"ReadAction","target":["https:\/\/zeleni-prsten.hr\/portal\/isplacene-naknade-za-gnijezda-bijele-rode\/"]}]},{"@type":"BreadcrumbList","@id":"https:\/\/zeleni-prsten.hr\/portal\/isplacene-naknade-za-gnijezda-bijele-rode\/#breadcrumb","itemListElement":[{"@type":"ListItem","position":1,"name":"Home","item":"https:\/\/zeleni-prsten.hr\/portal\/"},{"@type":"ListItem","position":2,"name":"Ispla\u0107ene naknade za gnijezda bijele rode"}]},{"@type":"Person","@id":"https:\/\/zeleni-prsten.hr\/portal\/#\/schema\/person\/055e03bf54bb9f1861485d75b692e69e","name":"\u017deljka \u0160abari\u0107","url":"https:\/\/zeleni-prsten.hr\/portal\/author\/zeljka\/"}]}},"_links":{"self":[{"href":"https:\/\/zeleni-prsten.hr\/portal\/wp-json\/wp\/v2\/posts\/13807"}],"collection":[{"href":"https:\/\/zeleni-prsten.hr\/portal\/wp-json\/wp\/v2\/posts"}],"about":[{"href":"https:\/\/zeleni-prsten.hr\/portal\/wp-json\/wp\/v2\/types\/post"}],"author":[{"embeddable":true,"href":"https:\/\/zeleni-prsten.hr\/portal\/wp-json\/wp\/v2\/users\/5"}],"replies":[{"embeddable":true,"href":"https:\/\/zeleni-prsten.hr\/portal\/wp-json\/wp\/v2\/comments?post=13807"}],"version-history":[{"count":4,"href":"https:\/\/zeleni-prsten.hr\/portal\/wp-json\/wp\/v2\/posts\/13807\/revisions"}],"predecessor-version":[{"id":13812,"href":"https:\/\/zeleni-prsten.hr\/portal\/wp-json\/wp\/v2\/posts\/13807\/revisions\/13812"}],"wp:featuredmedia":[{"embeddable":true,"href":"https:\/\/zeleni-prsten.hr\/portal\/wp-json\/wp\/v2\/media\/9164"}],"wp:attachment":[{"href":"https:\/\/zeleni-prsten.hr\/portal\/wp-json\/wp\/v2\/media?parent=13807"}],"wp:term":[{"taxonomy":"category","embeddable":true,"href":"https:\/\/zeleni-prsten.hr\/portal\/wp-json\/wp\/v2\/categories?post=13807"},{"taxonomy":"post_tag","embeddable":true,"href":"https:\/\/zeleni-prsten.hr\/portal\/wp-json\/wp\/v2\/tags?post=13807"}],"curies":[{"name":"wp","href":"https:\/\/api.w.org\/{rel}","templated":true}]}}