{"id":14268,"date":"2023-03-07T12:29:51","date_gmt":"2023-03-07T11:29:51","guid":{"rendered":"https:\/\/zeleni-prsten.hr\/portal\/?p=14268"},"modified":"2023-03-07T12:30:34","modified_gmt":"2023-03-07T11:30:34","slug":"zajedno-za-ocuvanje-varoskog-luga","status":"publish","type":"post","link":"https:\/\/zeleni-prsten.hr\/portal\/zajedno-za-ocuvanje-varoskog-luga\/","title":{"rendered":"Zajedno za o\u010duvanje Varo\u0161kog luga"},"content":{"rendered":"<p>Druga dioni\u010dka radionica za izradu Plana upravljanja posebnim rezervatima i podru\u010djem ekolo\u0161ke mre\u017ee Varo\u0161ki lug odr\u017eana je u utorak, 28. velja\u010de 2023. u Dubravi. Teme radionice bile su komentari na opis podru\u010dja i evaluaciju stanja te prijedlozi aktivnosti upravljanja i mogu\u0107nosti za suradnju.<\/p>\n<p>Na radionici su sudjelovali predstavnici Ministarstva gospodarstva i odr\u017eivog razvoja, Ministarstva poljoprivrede, Hrvatskih \u0161uma, Hrvatskih voda, tvrtke Dombra 1094 d.o.o., Lova\u010dkog dru\u0161tva Golub i Planinarskog dru\u0161tva \u0160umar. Zahvaljujemo svima koji su se odazvali te svojim sudjelovanjem doprinijeli kvaliteti budu\u0107eg Plana upravljanja.<\/p>\n<p>Plan upravljanja izra\u0111uje se u sklopu projekta \u201eRazvoj okvira za upravljanje ekolo\u0161kom mre\u017eom Natura 2000\u201c koji je sufinanciran sredstvima Europske unije. Plan upravljanja za\u0161ti\u0107enim podru\u010djem i\/ili podru\u010djem ekolo\u0161ke mre\u017ee je strate\u0161ki dokument javne ustanove kojim se utvr\u0111uje stanje za\u0161ti\u0107enog podru\u010dja i\/ili podru\u010dja ekolo\u0161ke mre\u017ee te odre\u0111uju ciljevi upravljanja, aktivnosti za postizanje ciljeva i pokazatelji provedbe plana.<\/p>\n<p>Vretence veliki tresetar (Leucorrhinia pectoralis), najve\u0107a europska vrsta vretenaca, ciljna je vrsta na ovom podru\u010dju ekolo\u0161ke mre\u017ee, dok su ciljni stani\u0161ni tipovi subatlantske i srednjoeuropske hrastove i hrastovo-grabove \u0161ume Carpinion betuli, aluvijalne \u0161ume (Alno-Padion, Alnion incanae, Salicion albae) te poplavne mije\u0161ane \u0161ume Quercus robur, Ulmus laevis, Ulmus minor, Fraxinus excelsior ili Fraxinus angustifolia.<\/p>\n<p>Podru\u010dje ekolo\u0161ke mre\u017ee Varo\u0161ki lug preklapa se sa za\u0161ti\u0107enim podru\u010djima \u2013 posebnim zoolo\u0161kim rezervatom i posebnim rezervatom \u0161umske vegetacije. U zoolo\u0161kom rezervatu obitavaju brojni predstavnici srednjoeuropske faune: jelen, srna, divlja svinja, divlja ma\u010dka, jazavac, kuna zlatica, lisica, lasica i dr. Nizinske poplavne \u0161ume Varo\u0161kog luga obiluju i pti\u010djim vrstama, a posebna ornitolo\u0161ka vrijednost su ugro\u017eene gnjezdarice \u0161tekavac i crna roda. \u0160umska stani\u0161ta predstavljaju i povoljna stani\u0161ta za saproksilne kornja\u0161e. Posebni rezervat \u0161umske vegetacije Varo\u0161ki lug tipi\u010dno je stani\u0161te \u0161ume hrasta lu\u017enjaka u kojem su zastupljene zajednice hrasta lu\u017enjaka i graba na gredama, a u nizinama \u0161ume hrasta lu\u017enjaka s velikom \u017eutilovkom i rastavljenim \u0161a\u0161em.<\/p>\n\n<div class=\"ngg-galleryoverview ngg-template-caption\" id=\"ngg-gallery-a21218b8f9246844017a44b7e6ef59d6-14268\">\n\n\n\t<!-- Thumbnails -->\n    \t\t\n\t<div id=\"ngg-image-857\" class=\"ngg-gallery-thumbnail-box\"  >\n\t\t<div class=\"ngg-gallery-thumbnail\" >\n\t\t\t<a href=\"https:\/\/zeleni-prsten.hr\/portal\/wp-content\/gallery\/varoski-lug-dionicka-radionica\/2.-dionicka-radionica-Varoski-lug.jpg\"\n               title=\" \"\n               class=\"ngg-simplelightbox\" rel=\"a21218b8f9246844017a44b7e6ef59d6\" data-image-id=\"857\" data-src=\"https:\/\/zeleni-prsten.hr\/portal\/wp-content\/gallery\/varoski-lug-dionicka-radionica\/2.-dionicka-radionica-Varoski-lug.jpg\" data-thumbnail=\"https:\/\/zeleni-prsten.hr\/portal\/wp-content\/gallery\/varoski-lug-dionicka-radionica\/cache\/2.-dionicka-radionica-Varoski-lug.jpg-nggid03857-ngg0dyn-360x320x100-00f0w010c011r110f110r010t010.jpg\" data-title=\"2.-dionicka-radionica-Varoski-lug\" data-description=\" \" >\n\t\t\t\t\t\t\t\t<img title=\"2.-dionicka-radionica-Varoski-lug\" alt=\"2.-dionicka-radionica-Varoski-lug\" src=\"https:\/\/zeleni-prsten.hr\/portal\/wp-content\/gallery\/varoski-lug-dionicka-radionica\/cache\/2.-dionicka-radionica-Varoski-lug.jpg-nggid03857-ngg0dyn-360x320x100-00f0w010c011r110f110r010t010.jpg\" width='360' height='320' \/>\n\t\t\t\t\t\t\t<\/a>\n\t\t\t<span> <\/span>\n\t\t<\/div>\n\t<\/div>\n\t\t \t\t\n\t<div id=\"ngg-image-858\" class=\"ngg-gallery-thumbnail-box\"  >\n\t\t<div class=\"ngg-gallery-thumbnail\" >\n\t\t\t<a href=\"https:\/\/zeleni-prsten.hr\/portal\/wp-content\/gallery\/varoski-lug-dionicka-radionica\/Varoski-lug-dan-planete-zemlje-.jpg\"\n               title=\" \"\n               class=\"ngg-simplelightbox\" rel=\"a21218b8f9246844017a44b7e6ef59d6\" data-image-id=\"858\" data-src=\"https:\/\/zeleni-prsten.hr\/portal\/wp-content\/gallery\/varoski-lug-dionicka-radionica\/Varoski-lug-dan-planete-zemlje-.jpg\" data-thumbnail=\"https:\/\/zeleni-prsten.hr\/portal\/wp-content\/gallery\/varoski-lug-dionicka-radionica\/cache\/Varoski-lug-dan-planete-zemlje-.jpg-nggid03858-ngg0dyn-360x320x100-00f0w010c011r110f110r010t010.jpg\" data-title=\"Varoski-lug-dan-planete-zemlje-\" data-description=\" \" >\n\t\t\t\t\t\t\t\t<img title=\"Varoski-lug-dan-planete-zemlje-\" alt=\"Varoski-lug-dan-planete-zemlje-\" src=\"https:\/\/zeleni-prsten.hr\/portal\/wp-content\/gallery\/varoski-lug-dionicka-radionica\/cache\/Varoski-lug-dan-planete-zemlje-.jpg-nggid03858-ngg0dyn-360x320x100-00f0w010c011r110f110r010t010.jpg\" width='360' height='320' \/>\n\t\t\t\t\t\t\t<\/a>\n\t\t\t<span> <\/span>\n\t\t<\/div>\n\t<\/div>\n\t\t \t\t\n\t<div id=\"ngg-image-859\" class=\"ngg-gallery-thumbnail-box\"  >\n\t\t<div class=\"ngg-gallery-thumbnail\" >\n\t\t\t<a href=\"https:\/\/zeleni-prsten.hr\/portal\/wp-content\/gallery\/varoski-lug-dionicka-radionica\/Veliki-tresetar_Andreas-Eichler-Large.jpg\"\n               title=\" \"\n               class=\"ngg-simplelightbox\" rel=\"a21218b8f9246844017a44b7e6ef59d6\" data-image-id=\"859\" data-src=\"https:\/\/zeleni-prsten.hr\/portal\/wp-content\/gallery\/varoski-lug-dionicka-radionica\/Veliki-tresetar_Andreas-Eichler-Large.jpg\" data-thumbnail=\"https:\/\/zeleni-prsten.hr\/portal\/wp-content\/gallery\/varoski-lug-dionicka-radionica\/cache\/Veliki-tresetar_Andreas-Eichler-Large.jpg-nggid03859-ngg0dyn-360x320x100-00f0w010c011r110f110r010t010.jpg\" data-title=\"Veliki-tresetar_Andreas-Eichler-Large\" data-description=\" \" >\n\t\t\t\t\t\t\t\t<img title=\"Veliki-tresetar_Andreas-Eichler-Large\" alt=\"Veliki-tresetar_Andreas-Eichler-Large\" src=\"https:\/\/zeleni-prsten.hr\/portal\/wp-content\/gallery\/varoski-lug-dionicka-radionica\/cache\/Veliki-tresetar_Andreas-Eichler-Large.jpg-nggid03859-ngg0dyn-360x320x100-00f0w010c011r110f110r010t010.jpg\" width='360' height='320' \/>\n\t\t\t\t\t\t\t<\/a>\n\t\t\t<span> <\/span>\n\t\t<\/div>\n\t<\/div>\n\t\t \t \t\n\t<!-- Pagination -->\n \t<div class='ngg-clear'><\/div> \t\n<\/div>\n\n\n","protected":false},"excerpt":{"rendered":"<p>Druga dioni\u010dka radionica za izradu Plana upravljanja posebnim rezervatima i podru\u010djem ekolo\u0161ke mre\u017ee Varo\u0161ki lug odr\u017eana je u utorak, 28. velja\u010de 2023. u Dubravi. Teme radionice bile su komentari na opis podru\u010dja i evaluaciju stanja te prijedlozi aktivnosti upravljanja i [&hellip;]<\/p>\n","protected":false},"author":5,"featured_media":13144,"comment_status":"closed","ping_status":"closed","sticky":false,"template":"","format":"standard","meta":{"ngg_post_thumbnail":0},"categories":[59],"tags":[65,67,147,301,235,391,77,79,81],"yoast_head":"<!-- This site is optimized with the Yoast SEO plugin v18.4.1 - https:\/\/yoast.com\/wordpress\/plugins\/seo\/ -->\n<title>Zajedno za o\u010duvanje Varo\u0161kog luga - JU Zeleni prsten Zagreba\u010dke \u017eupanije<\/title>\n<meta name=\"robots\" content=\"index, follow, max-snippet:-1, max-image-preview:large, max-video-preview:-1\" \/>\n<link rel=\"canonical\" href=\"https:\/\/zeleni-prsten.hr\/portal\/zajedno-za-ocuvanje-varoskog-luga\/\" \/>\n<meta property=\"og:locale\" content=\"hr_HR\" \/>\n<meta property=\"og:type\" content=\"article\" \/>\n<meta property=\"og:title\" content=\"Zajedno za o\u010duvanje Varo\u0161kog luga - JU Zeleni prsten Zagreba\u010dke \u017eupanije\" \/>\n<meta property=\"og:description\" content=\"Druga dioni\u010dka radionica za izradu Plana upravljanja posebnim rezervatima i podru\u010djem ekolo\u0161ke mre\u017ee Varo\u0161ki lug odr\u017eana je u utorak, 28. velja\u010de 2023. u Dubravi. Teme radionice bile su komentari na opis podru\u010dja i evaluaciju stanja te prijedlozi aktivnosti upravljanja i [&hellip;]\" \/>\n<meta property=\"og:url\" content=\"https:\/\/zeleni-prsten.hr\/portal\/zajedno-za-ocuvanje-varoskog-luga\/\" \/>\n<meta property=\"og:site_name\" content=\"JU Zeleni prsten Zagreba\u010dke \u017eupanije\" \/>\n<meta property=\"article:published_time\" content=\"2023-03-07T11:29:51+00:00\" \/>\n<meta property=\"article:modified_time\" content=\"2023-03-07T11:30:34+00:00\" \/>\n<meta property=\"og:image\" content=\"https:\/\/zeleni-prsten.hr\/portal\/wp-content\/uploads\/2022\/05\/Varoski-lug-dan-planete-zemlje-.jpg\" \/>\n\t<meta property=\"og:image:width\" content=\"1920\" \/>\n\t<meta property=\"og:image:height\" content=\"884\" \/>\n\t<meta property=\"og:image:type\" content=\"image\/jpeg\" \/>\n<meta name=\"twitter:card\" content=\"summary_large_image\" \/>\n<meta name=\"twitter:label1\" content=\"Napisao\/la\" \/>\n\t<meta name=\"twitter:data1\" content=\"\u017deljka \u0160abari\u0107\" \/>\n\t<meta name=\"twitter:label2\" content=\"Procijenjeno vrijeme \u010ditanja\" \/>\n\t<meta name=\"twitter:data2\" content=\"2 minute\" \/>\n<script type=\"application\/ld+json\" class=\"yoast-schema-graph\">{\"@context\":\"https:\/\/schema.org\",\"@graph\":[{\"@type\":\"WebSite\",\"@id\":\"https:\/\/zeleni-prsten.hr\/portal\/#website\",\"url\":\"https:\/\/zeleni-prsten.hr\/portal\/\",\"name\":\"JU Zeleni prsten Zagreba\u010dke \u017eupanije\",\"description\":\"JU Zeleni prsten Zagreba\u010dke \u017eupanije\",\"potentialAction\":[{\"@type\":\"SearchAction\",\"target\":{\"@type\":\"EntryPoint\",\"urlTemplate\":\"https:\/\/zeleni-prsten.hr\/portal\/?s={search_term_string}\"},\"query-input\":\"required name=search_term_string\"}],\"inLanguage\":\"hr\"},{\"@type\":\"ImageObject\",\"@id\":\"https:\/\/zeleni-prsten.hr\/portal\/zajedno-za-ocuvanje-varoskog-luga\/#primaryimage\",\"inLanguage\":\"hr\",\"url\":\"https:\/\/zeleni-prsten.hr\/portal\/wp-content\/uploads\/2022\/05\/Varoski-lug-dan-planete-zemlje-.jpg\",\"contentUrl\":\"https:\/\/zeleni-prsten.hr\/portal\/wp-content\/uploads\/2022\/05\/Varoski-lug-dan-planete-zemlje-.jpg\",\"width\":1920,\"height\":884},{\"@type\":\"WebPage\",\"@id\":\"https:\/\/zeleni-prsten.hr\/portal\/zajedno-za-ocuvanje-varoskog-luga\/#webpage\",\"url\":\"https:\/\/zeleni-prsten.hr\/portal\/zajedno-za-ocuvanje-varoskog-luga\/\",\"name\":\"Zajedno za o\u010duvanje Varo\u0161kog luga - JU Zeleni prsten Zagreba\u010dke \u017eupanije\",\"isPartOf\":{\"@id\":\"https:\/\/zeleni-prsten.hr\/portal\/#website\"},\"primaryImageOfPage\":{\"@id\":\"https:\/\/zeleni-prsten.hr\/portal\/zajedno-za-ocuvanje-varoskog-luga\/#primaryimage\"},\"datePublished\":\"2023-03-07T11:29:51+00:00\",\"dateModified\":\"2023-03-07T11:30:34+00:00\",\"author\":{\"@id\":\"https:\/\/zeleni-prsten.hr\/portal\/#\/schema\/person\/055e03bf54bb9f1861485d75b692e69e\"},\"breadcrumb\":{\"@id\":\"https:\/\/zeleni-prsten.hr\/portal\/zajedno-za-ocuvanje-varoskog-luga\/#breadcrumb\"},\"inLanguage\":\"hr\",\"potentialAction\":[{\"@type\":\"ReadAction\",\"target\":[\"https:\/\/zeleni-prsten.hr\/portal\/zajedno-za-ocuvanje-varoskog-luga\/\"]}]},{\"@type\":\"BreadcrumbList\",\"@id\":\"https:\/\/zeleni-prsten.hr\/portal\/zajedno-za-ocuvanje-varoskog-luga\/#breadcrumb\",\"itemListElement\":[{\"@type\":\"ListItem\",\"position\":1,\"name\":\"Home\",\"item\":\"https:\/\/zeleni-prsten.hr\/portal\/\"},{\"@type\":\"ListItem\",\"position\":2,\"name\":\"Zajedno za o\u010duvanje Varo\u0161kog luga\"}]},{\"@type\":\"Person\",\"@id\":\"https:\/\/zeleni-prsten.hr\/portal\/#\/schema\/person\/055e03bf54bb9f1861485d75b692e69e\",\"name\":\"\u017deljka \u0160abari\u0107\",\"url\":\"https:\/\/zeleni-prsten.hr\/portal\/author\/zeljka\/\"}]}<\/script>\n<!-- \/ Yoast SEO plugin. -->","yoast_head_json":{"title":"Zajedno za o\u010duvanje Varo\u0161kog luga - JU Zeleni prsten Zagreba\u010dke \u017eupanije","robots":{"index":"index","follow":"follow","max-snippet":"max-snippet:-1","max-image-preview":"max-image-preview:large","max-video-preview":"max-video-preview:-1"},"canonical":"https:\/\/zeleni-prsten.hr\/portal\/zajedno-za-ocuvanje-varoskog-luga\/","og_locale":"hr_HR","og_type":"article","og_title":"Zajedno za o\u010duvanje Varo\u0161kog luga - JU Zeleni prsten Zagreba\u010dke \u017eupanije","og_description":"Druga dioni\u010dka radionica za izradu Plana upravljanja posebnim rezervatima i podru\u010djem ekolo\u0161ke mre\u017ee Varo\u0161ki lug odr\u017eana je u utorak, 28. velja\u010de 2023. u Dubravi. Teme radionice bile su komentari na opis podru\u010dja i evaluaciju stanja te prijedlozi aktivnosti upravljanja i [&hellip;]","og_url":"https:\/\/zeleni-prsten.hr\/portal\/zajedno-za-ocuvanje-varoskog-luga\/","og_site_name":"JU Zeleni prsten Zagreba\u010dke \u017eupanije","article_published_time":"2023-03-07T11:29:51+00:00","article_modified_time":"2023-03-07T11:30:34+00:00","og_image":[{"width":1920,"height":884,"url":"https:\/\/zeleni-prsten.hr\/portal\/wp-content\/uploads\/2022\/05\/Varoski-lug-dan-planete-zemlje-.jpg","type":"image\/jpeg"}],"twitter_card":"summary_large_image","twitter_misc":{"Napisao\/la":"\u017deljka \u0160abari\u0107","Procijenjeno vrijeme \u010ditanja":"2 minute"},"schema":{"@context":"https:\/\/schema.org","@graph":[{"@type":"WebSite","@id":"https:\/\/zeleni-prsten.hr\/portal\/#website","url":"https:\/\/zeleni-prsten.hr\/portal\/","name":"JU Zeleni prsten Zagreba\u010dke \u017eupanije","description":"JU Zeleni prsten Zagreba\u010dke \u017eupanije","potentialAction":[{"@type":"SearchAction","target":{"@type":"EntryPoint","urlTemplate":"https:\/\/zeleni-prsten.hr\/portal\/?s={search_term_string}"},"query-input":"required name=search_term_string"}],"inLanguage":"hr"},{"@type":"ImageObject","@id":"https:\/\/zeleni-prsten.hr\/portal\/zajedno-za-ocuvanje-varoskog-luga\/#primaryimage","inLanguage":"hr","url":"https:\/\/zeleni-prsten.hr\/portal\/wp-content\/uploads\/2022\/05\/Varoski-lug-dan-planete-zemlje-.jpg","contentUrl":"https:\/\/zeleni-prsten.hr\/portal\/wp-content\/uploads\/2022\/05\/Varoski-lug-dan-planete-zemlje-.jpg","width":1920,"height":884},{"@type":"WebPage","@id":"https:\/\/zeleni-prsten.hr\/portal\/zajedno-za-ocuvanje-varoskog-luga\/#webpage","url":"https:\/\/zeleni-prsten.hr\/portal\/zajedno-za-ocuvanje-varoskog-luga\/","name":"Zajedno za o\u010duvanje Varo\u0161kog luga - JU Zeleni prsten Zagreba\u010dke \u017eupanije","isPartOf":{"@id":"https:\/\/zeleni-prsten.hr\/portal\/#website"},"primaryImageOfPage":{"@id":"https:\/\/zeleni-prsten.hr\/portal\/zajedno-za-ocuvanje-varoskog-luga\/#primaryimage"},"datePublished":"2023-03-07T11:29:51+00:00","dateModified":"2023-03-07T11:30:34+00:00","author":{"@id":"https:\/\/zeleni-prsten.hr\/portal\/#\/schema\/person\/055e03bf54bb9f1861485d75b692e69e"},"breadcrumb":{"@id":"https:\/\/zeleni-prsten.hr\/portal\/zajedno-za-ocuvanje-varoskog-luga\/#breadcrumb"},"inLanguage":"hr","potentialAction":[{"@type":"ReadAction","target":["https:\/\/zeleni-prsten.hr\/portal\/zajedno-za-ocuvanje-varoskog-luga\/"]}]},{"@type":"BreadcrumbList","@id":"https:\/\/zeleni-prsten.hr\/portal\/zajedno-za-ocuvanje-varoskog-luga\/#breadcrumb","itemListElement":[{"@type":"ListItem","position":1,"name":"Home","item":"https:\/\/zeleni-prsten.hr\/portal\/"},{"@type":"ListItem","position":2,"name":"Zajedno za o\u010duvanje Varo\u0161kog luga"}]},{"@type":"Person","@id":"https:\/\/zeleni-prsten.hr\/portal\/#\/schema\/person\/055e03bf54bb9f1861485d75b692e69e","name":"\u017deljka \u0160abari\u0107","url":"https:\/\/zeleni-prsten.hr\/portal\/author\/zeljka\/"}]}},"_links":{"self":[{"href":"https:\/\/zeleni-prsten.hr\/portal\/wp-json\/wp\/v2\/posts\/14268"}],"collection":[{"href":"https:\/\/zeleni-prsten.hr\/portal\/wp-json\/wp\/v2\/posts"}],"about":[{"href":"https:\/\/zeleni-prsten.hr\/portal\/wp-json\/wp\/v2\/types\/post"}],"author":[{"embeddable":true,"href":"https:\/\/zeleni-prsten.hr\/portal\/wp-json\/wp\/v2\/users\/5"}],"replies":[{"embeddable":true,"href":"https:\/\/zeleni-prsten.hr\/portal\/wp-json\/wp\/v2\/comments?post=14268"}],"version-history":[{"count":2,"href":"https:\/\/zeleni-prsten.hr\/portal\/wp-json\/wp\/v2\/posts\/14268\/revisions"}],"predecessor-version":[{"id":14275,"href":"https:\/\/zeleni-prsten.hr\/portal\/wp-json\/wp\/v2\/posts\/14268\/revisions\/14275"}],"wp:featuredmedia":[{"embeddable":true,"href":"https:\/\/zeleni-prsten.hr\/portal\/wp-json\/wp\/v2\/media\/13144"}],"wp:attachment":[{"href":"https:\/\/zeleni-prsten.hr\/portal\/wp-json\/wp\/v2\/media?parent=14268"}],"wp:term":[{"taxonomy":"category","embeddable":true,"href":"https:\/\/zeleni-prsten.hr\/portal\/wp-json\/wp\/v2\/categories?post=14268"},{"taxonomy":"post_tag","embeddable":true,"href":"https:\/\/zeleni-prsten.hr\/portal\/wp-json\/wp\/v2\/tags?post=14268"}],"curies":[{"name":"wp","href":"https:\/\/api.w.org\/{rel}","templated":true}]}}