{"id":14276,"date":"2023-03-03T12:42:55","date_gmt":"2023-03-03T11:42:55","guid":{"rendered":"https:\/\/zeleni-prsten.hr\/portal\/?p=14276"},"modified":"2023-03-07T12:50:11","modified_gmt":"2023-03-07T11:50:11","slug":"14276-2","status":"publish","type":"post","link":"https:\/\/zeleni-prsten.hr\/portal\/14276-2\/","title":{"rendered":"Javno izlaganje &#8211; PP Cret Dubravica"},"content":{"rendered":"<p>U srijedu, 1. o\u017eujka 2023., u Mariji Gorici bilo je organizirano javno izlaganje prijedloga Plana upravljanja Posebnim botani\u010dkim rezervatom Cret Dubravica i pridru\u017eenim podru\u010djem ekolo\u0161ke mre\u017ee. Javno izlaganje organizirano je s ciljem predstavljanja prijedloga Plana upravljanja i kako bi zainteresirana javnost mogla iznijeti svoja mi\u0161ljenja, primjedbe i prijedloge.<\/p>\n<p>Na radionici su sudjelovali predstavnici Op\u0107ine Dubravica, Turisti\u010dke zajednice Savsko-sutlanska dolina i brigi, Lova\u010dkog dru\u0161tva Vidra i Prirodoslovno-matemati\u010dkog fakulteta Sveu\u010dili\u0161ta u Zagrebu. Zahvaljujemo svima koji su se odazvali te svojim sudjelovanjem i danim prijedlozima i primjedbama doprinijeli kvaliteti budu\u0107eg Plana upravljanja.<\/p>\n<p>Ukoliko jo\u0161 ima pitanja, prijedloga i mi\u0161ljenja, javna rasprava o Planu upravljanja Cretom Dubravica traje do 22. o\u017eujka 2023. godine te se do tada ista mogu dostaviti po\u0161tom, elektronskom po\u0161tom ili upisom u knjigu primjedbi u Javnoj ustanovi.<\/p>\n<p>Obavijest o provo\u0111enju javne rasprave i prijedlog Plana upravljanja Posebnim botani\u010dkim rezervatom Cret Dubravica i pridru\u017eenim podru\u010djem ekolo\u0161ke mre\u017ee dostupni su na mre\u017enim stranicama JU Zeleni prsten Zagreba\u010dke \u017eupanije.<\/p>\n<p>Plan upravljanja izra\u0111uje se u sklopu projekta \u201eRazvoj okvira za upravljanje ekolo\u0161kom mre\u017eom Natura 2000\u201c koji je sufinanciran sredstvima Europske unije. Plan upravljanja za\u0161ti\u0107enim podru\u010djem i\/ili podru\u010djem ekolo\u0161ke mre\u017ee je strate\u0161ki dokument javne ustanove kojim se utvr\u0111uje stanje za\u0161ti\u0107enog podru\u010dja i\/ili podru\u010dja ekolo\u0161ke mre\u017ee te odre\u0111uju ciljevi upravljanja, aktivnosti za postizanje ciljeva i pokazatelji provedbe plana.<\/p>\n<p>Podru\u010dje creta kod Dubravice s okolnom \u0161umom progla\u0161eno je posebnim botani\u010dkim rezervatom 29. lipnja 1966. godine radi o\u010duvanja na njemu prisutne, a u Hrvatskoj vrlo rijetke i ugro\u017eene flore. Cret Dubravica karakteristi\u010dan je cret zvjezdastog \u0161a\u0161a i rosike, a pripada acidofilnim, prijelaznim cretovima. Kod nas su cretovi rijetka stani\u0161ta, a acidofilni cretovi jedni od najugro\u017eenijih i povr\u0161inom najmanjih stani\u0161ta u Hrvatskoj. Kada su 1939. godine provedena prva istra\u017eivanja u Dubravici postojala su tri creta ukupne povr\u0161ine preko 2.500 m2, a do danas je ostao sa\u010duvan samo jedan povr\u0161ine oko 500 m2.<\/p>\n<p>Cret Dubravica jedno je od rijetkih stani\u0161ta gdje jo\u0161 raste kukcojedna biljka okrugolisna rosika koja je zbog svoje jedinstvenosti postala i za\u0161titni znak Op\u0107ine Dubravica te se nalazi na njezinom grbu i zastavi. Na cretu su zabilje\u017eene i druge rijetke i ugro\u017eene biljne vrste poput uskolisnog suhopera, bijele \u0161iljkice, crnog \u0161a\u0161a, zvjezdastog \u0161a\u0161a, mo\u010dvarne bro\u0107ike, gorkog trolista itd. Na podru\u010dju creta zabilje\u017eene su i \u010detiri kriti\u010dno ugro\u017eene i strogo za\u0161ti\u0107ene vrste cretnih gljiva: mo\u010dvarna patuljica, cretna patuljica, cretna vla\u017enica i suhoperkina mo\u010dvarnica. Prve tri na\u0111ene su na jo\u0161 tri lokaliteta u Hrvatskoj, dok je suhoperkina mo\u010dvarnica prona\u0111ena samo na cretu Dubravica.<\/p>\n\n<div class=\"ngg-galleryoverview ngg-template-caption\" id=\"ngg-gallery-9a61f07b12e778240b8f9080842e9d2f-14276\">\n\n\n\t<!-- Thumbnails -->\n    \t\t\n\t<div id=\"ngg-image-862\" class=\"ngg-gallery-thumbnail-box\"  >\n\t\t<div class=\"ngg-gallery-thumbnail\" >\n\t\t\t<a href=\"https:\/\/zeleni-prsten.hr\/portal\/wp-content\/gallery\/javna-rasparava-cret-dubravica\/Cret-Dubravica_-karta.jpg\"\n               title=\" \"\n               class=\"ngg-simplelightbox\" rel=\"9a61f07b12e778240b8f9080842e9d2f\" data-image-id=\"862\" data-src=\"https:\/\/zeleni-prsten.hr\/portal\/wp-content\/gallery\/javna-rasparava-cret-dubravica\/Cret-Dubravica_-karta.jpg\" data-thumbnail=\"https:\/\/zeleni-prsten.hr\/portal\/wp-content\/gallery\/javna-rasparava-cret-dubravica\/cache\/Cret-Dubravica_-karta.jpg-nggid03862-ngg0dyn-360x320x100-00f0w010c011r110f110r010t010.jpg\" data-title=\"Cret-Dubravica_-karta\" data-description=\" \" >\n\t\t\t\t\t\t\t\t<img title=\"Cret-Dubravica_-karta\" alt=\"Cret-Dubravica_-karta\" src=\"https:\/\/zeleni-prsten.hr\/portal\/wp-content\/gallery\/javna-rasparava-cret-dubravica\/cache\/Cret-Dubravica_-karta.jpg-nggid03862-ngg0dyn-360x320x100-00f0w010c011r110f110r010t010.jpg\" width='360' height='320' \/>\n\t\t\t\t\t\t\t<\/a>\n\t\t\t<span> <\/span>\n\t\t<\/div>\n\t<\/div>\n\t\t \t\t\n\t<div id=\"ngg-image-863\" class=\"ngg-gallery-thumbnail-box\"  >\n\t\t<div class=\"ngg-gallery-thumbnail\" >\n\t\t\t<a href=\"https:\/\/zeleni-prsten.hr\/portal\/wp-content\/gallery\/javna-rasparava-cret-dubravica\/Javno-izlaganje_cret-Dubravica-2.jpg\"\n               title=\" \"\n               class=\"ngg-simplelightbox\" rel=\"9a61f07b12e778240b8f9080842e9d2f\" data-image-id=\"863\" data-src=\"https:\/\/zeleni-prsten.hr\/portal\/wp-content\/gallery\/javna-rasparava-cret-dubravica\/Javno-izlaganje_cret-Dubravica-2.jpg\" data-thumbnail=\"https:\/\/zeleni-prsten.hr\/portal\/wp-content\/gallery\/javna-rasparava-cret-dubravica\/cache\/Javno-izlaganje_cret-Dubravica-2.jpg-nggid03863-ngg0dyn-360x320x100-00f0w010c011r110f110r010t010.jpg\" data-title=\"Javno-izlaganje_cret-Dubravica-2\" data-description=\" \" >\n\t\t\t\t\t\t\t\t<img title=\"Javno-izlaganje_cret-Dubravica-2\" alt=\"Javno-izlaganje_cret-Dubravica-2\" src=\"https:\/\/zeleni-prsten.hr\/portal\/wp-content\/gallery\/javna-rasparava-cret-dubravica\/cache\/Javno-izlaganje_cret-Dubravica-2.jpg-nggid03863-ngg0dyn-360x320x100-00f0w010c011r110f110r010t010.jpg\" width='360' height='320' \/>\n\t\t\t\t\t\t\t<\/a>\n\t\t\t<span> <\/span>\n\t\t<\/div>\n\t<\/div>\n\t\t \t\t\n\t<div id=\"ngg-image-864\" class=\"ngg-gallery-thumbnail-box\"  >\n\t\t<div class=\"ngg-gallery-thumbnail\" >\n\t\t\t<a href=\"https:\/\/zeleni-prsten.hr\/portal\/wp-content\/gallery\/javna-rasparava-cret-dubravica\/Javno-izlaganje_cret-Dubravica-4.jpg\"\n               title=\" \"\n               class=\"ngg-simplelightbox\" rel=\"9a61f07b12e778240b8f9080842e9d2f\" data-image-id=\"864\" data-src=\"https:\/\/zeleni-prsten.hr\/portal\/wp-content\/gallery\/javna-rasparava-cret-dubravica\/Javno-izlaganje_cret-Dubravica-4.jpg\" data-thumbnail=\"https:\/\/zeleni-prsten.hr\/portal\/wp-content\/gallery\/javna-rasparava-cret-dubravica\/cache\/Javno-izlaganje_cret-Dubravica-4.jpg-nggid03864-ngg0dyn-360x320x100-00f0w010c011r110f110r010t010.jpg\" data-title=\"Javno-izlaganje_cret-Dubravica-4\" data-description=\" \" >\n\t\t\t\t\t\t\t\t<img title=\"Javno-izlaganje_cret-Dubravica-4\" alt=\"Javno-izlaganje_cret-Dubravica-4\" src=\"https:\/\/zeleni-prsten.hr\/portal\/wp-content\/gallery\/javna-rasparava-cret-dubravica\/cache\/Javno-izlaganje_cret-Dubravica-4.jpg-nggid03864-ngg0dyn-360x320x100-00f0w010c011r110f110r010t010.jpg\" width='360' height='320' \/>\n\t\t\t\t\t\t\t<\/a>\n\t\t\t<span> <\/span>\n\t\t<\/div>\n\t<\/div>\n\t\t \t \t\n\t<!-- Pagination -->\n \t<div class='ngg-clear'><\/div> \t\n<\/div>\n\n\n","protected":false},"excerpt":{"rendered":"<p>U srijedu, 1. o\u017eujka 2023., u Mariji Gorici bilo je organizirano javno izlaganje prijedloga Plana upravljanja Posebnim botani\u010dkim rezervatom Cret Dubravica i pridru\u017eenim podru\u010djem ekolo\u0161ke mre\u017ee. Javno izlaganje organizirano je s ciljem predstavljanja prijedloga Plana upravljanja i kako bi zainteresirana [&hellip;]<\/p>\n","protected":false},"author":5,"featured_media":3909,"comment_status":"closed","ping_status":"closed","sticky":false,"template":"","format":"standard","meta":{"ngg_post_thumbnail":0},"categories":[59],"tags":[427,65,67,147,235,363,77,79,81],"yoast_head":"<!-- This site is optimized with the Yoast SEO plugin v18.4.1 - https:\/\/yoast.com\/wordpress\/plugins\/seo\/ -->\n<title>Javno izlaganje - PP Cret Dubravica - JU Zeleni prsten Zagreba\u010dke \u017eupanije<\/title>\n<meta name=\"robots\" content=\"index, follow, max-snippet:-1, max-image-preview:large, max-video-preview:-1\" \/>\n<link rel=\"canonical\" href=\"https:\/\/zeleni-prsten.hr\/portal\/14276-2\/\" \/>\n<meta property=\"og:locale\" content=\"hr_HR\" \/>\n<meta property=\"og:type\" content=\"article\" \/>\n<meta property=\"og:title\" content=\"Javno izlaganje - PP Cret Dubravica - JU Zeleni prsten Zagreba\u010dke \u017eupanije\" \/>\n<meta property=\"og:description\" content=\"U srijedu, 1. o\u017eujka 2023., u Mariji Gorici bilo je organizirano javno izlaganje prijedloga Plana upravljanja Posebnim botani\u010dkim rezervatom Cret Dubravica i pridru\u017eenim podru\u010djem ekolo\u0161ke mre\u017ee. Javno izlaganje organizirano je s ciljem predstavljanja prijedloga Plana upravljanja i kako bi zainteresirana [&hellip;]\" \/>\n<meta property=\"og:url\" content=\"https:\/\/zeleni-prsten.hr\/portal\/14276-2\/\" \/>\n<meta property=\"og:site_name\" content=\"JU Zeleni prsten Zagreba\u010dke \u017eupanije\" \/>\n<meta property=\"article:published_time\" content=\"2023-03-03T11:42:55+00:00\" \/>\n<meta property=\"article:modified_time\" content=\"2023-03-07T11:50:11+00:00\" \/>\n<meta property=\"og:image\" content=\"https:\/\/zeleni-prsten.hr\/portal\/wp-content\/uploads\/2021\/11\/Cret-Dubravica_arhiva-JU-3.jpg\" \/>\n\t<meta property=\"og:image:width\" content=\"1920\" \/>\n\t<meta property=\"og:image:height\" content=\"1280\" \/>\n\t<meta property=\"og:image:type\" content=\"image\/jpeg\" \/>\n<meta name=\"twitter:card\" content=\"summary_large_image\" \/>\n<meta name=\"twitter:label1\" content=\"Napisao\/la\" \/>\n\t<meta name=\"twitter:data1\" content=\"\u017deljka \u0160abari\u0107\" \/>\n\t<meta name=\"twitter:label2\" content=\"Procijenjeno vrijeme \u010ditanja\" \/>\n\t<meta name=\"twitter:data2\" content=\"3 minute\" \/>\n<script type=\"application\/ld+json\" class=\"yoast-schema-graph\">{\"@context\":\"https:\/\/schema.org\",\"@graph\":[{\"@type\":\"WebSite\",\"@id\":\"https:\/\/zeleni-prsten.hr\/portal\/#website\",\"url\":\"https:\/\/zeleni-prsten.hr\/portal\/\",\"name\":\"JU Zeleni prsten Zagreba\u010dke \u017eupanije\",\"description\":\"JU Zeleni prsten Zagreba\u010dke \u017eupanije\",\"potentialAction\":[{\"@type\":\"SearchAction\",\"target\":{\"@type\":\"EntryPoint\",\"urlTemplate\":\"https:\/\/zeleni-prsten.hr\/portal\/?s={search_term_string}\"},\"query-input\":\"required name=search_term_string\"}],\"inLanguage\":\"hr\"},{\"@type\":\"ImageObject\",\"@id\":\"https:\/\/zeleni-prsten.hr\/portal\/14276-2\/#primaryimage\",\"inLanguage\":\"hr\",\"url\":\"https:\/\/zeleni-prsten.hr\/portal\/wp-content\/uploads\/2021\/11\/Cret-Dubravica_arhiva-JU-3.jpg\",\"contentUrl\":\"https:\/\/zeleni-prsten.hr\/portal\/wp-content\/uploads\/2021\/11\/Cret-Dubravica_arhiva-JU-3.jpg\",\"width\":1920,\"height\":1280},{\"@type\":\"WebPage\",\"@id\":\"https:\/\/zeleni-prsten.hr\/portal\/14276-2\/#webpage\",\"url\":\"https:\/\/zeleni-prsten.hr\/portal\/14276-2\/\",\"name\":\"Javno izlaganje - PP Cret Dubravica - JU Zeleni prsten Zagreba\u010dke \u017eupanije\",\"isPartOf\":{\"@id\":\"https:\/\/zeleni-prsten.hr\/portal\/#website\"},\"primaryImageOfPage\":{\"@id\":\"https:\/\/zeleni-prsten.hr\/portal\/14276-2\/#primaryimage\"},\"datePublished\":\"2023-03-03T11:42:55+00:00\",\"dateModified\":\"2023-03-07T11:50:11+00:00\",\"author\":{\"@id\":\"https:\/\/zeleni-prsten.hr\/portal\/#\/schema\/person\/055e03bf54bb9f1861485d75b692e69e\"},\"breadcrumb\":{\"@id\":\"https:\/\/zeleni-prsten.hr\/portal\/14276-2\/#breadcrumb\"},\"inLanguage\":\"hr\",\"potentialAction\":[{\"@type\":\"ReadAction\",\"target\":[\"https:\/\/zeleni-prsten.hr\/portal\/14276-2\/\"]}]},{\"@type\":\"BreadcrumbList\",\"@id\":\"https:\/\/zeleni-prsten.hr\/portal\/14276-2\/#breadcrumb\",\"itemListElement\":[{\"@type\":\"ListItem\",\"position\":1,\"name\":\"Home\",\"item\":\"https:\/\/zeleni-prsten.hr\/portal\/\"},{\"@type\":\"ListItem\",\"position\":2,\"name\":\"Javno izlaganje &#8211; PP Cret Dubravica\"}]},{\"@type\":\"Person\",\"@id\":\"https:\/\/zeleni-prsten.hr\/portal\/#\/schema\/person\/055e03bf54bb9f1861485d75b692e69e\",\"name\":\"\u017deljka \u0160abari\u0107\",\"url\":\"https:\/\/zeleni-prsten.hr\/portal\/author\/zeljka\/\"}]}<\/script>\n<!-- \/ Yoast SEO plugin. -->","yoast_head_json":{"title":"Javno izlaganje - PP Cret Dubravica - JU Zeleni prsten Zagreba\u010dke \u017eupanije","robots":{"index":"index","follow":"follow","max-snippet":"max-snippet:-1","max-image-preview":"max-image-preview:large","max-video-preview":"max-video-preview:-1"},"canonical":"https:\/\/zeleni-prsten.hr\/portal\/14276-2\/","og_locale":"hr_HR","og_type":"article","og_title":"Javno izlaganje - PP Cret Dubravica - JU Zeleni prsten Zagreba\u010dke \u017eupanije","og_description":"U srijedu, 1. o\u017eujka 2023., u Mariji Gorici bilo je organizirano javno izlaganje prijedloga Plana upravljanja Posebnim botani\u010dkim rezervatom Cret Dubravica i pridru\u017eenim podru\u010djem ekolo\u0161ke mre\u017ee. Javno izlaganje organizirano je s ciljem predstavljanja prijedloga Plana upravljanja i kako bi zainteresirana [&hellip;]","og_url":"https:\/\/zeleni-prsten.hr\/portal\/14276-2\/","og_site_name":"JU Zeleni prsten Zagreba\u010dke \u017eupanije","article_published_time":"2023-03-03T11:42:55+00:00","article_modified_time":"2023-03-07T11:50:11+00:00","og_image":[{"width":1920,"height":1280,"url":"https:\/\/zeleni-prsten.hr\/portal\/wp-content\/uploads\/2021\/11\/Cret-Dubravica_arhiva-JU-3.jpg","type":"image\/jpeg"}],"twitter_card":"summary_large_image","twitter_misc":{"Napisao\/la":"\u017deljka \u0160abari\u0107","Procijenjeno vrijeme \u010ditanja":"3 minute"},"schema":{"@context":"https:\/\/schema.org","@graph":[{"@type":"WebSite","@id":"https:\/\/zeleni-prsten.hr\/portal\/#website","url":"https:\/\/zeleni-prsten.hr\/portal\/","name":"JU Zeleni prsten Zagreba\u010dke \u017eupanije","description":"JU Zeleni prsten Zagreba\u010dke \u017eupanije","potentialAction":[{"@type":"SearchAction","target":{"@type":"EntryPoint","urlTemplate":"https:\/\/zeleni-prsten.hr\/portal\/?s={search_term_string}"},"query-input":"required name=search_term_string"}],"inLanguage":"hr"},{"@type":"ImageObject","@id":"https:\/\/zeleni-prsten.hr\/portal\/14276-2\/#primaryimage","inLanguage":"hr","url":"https:\/\/zeleni-prsten.hr\/portal\/wp-content\/uploads\/2021\/11\/Cret-Dubravica_arhiva-JU-3.jpg","contentUrl":"https:\/\/zeleni-prsten.hr\/portal\/wp-content\/uploads\/2021\/11\/Cret-Dubravica_arhiva-JU-3.jpg","width":1920,"height":1280},{"@type":"WebPage","@id":"https:\/\/zeleni-prsten.hr\/portal\/14276-2\/#webpage","url":"https:\/\/zeleni-prsten.hr\/portal\/14276-2\/","name":"Javno izlaganje - PP Cret Dubravica - JU Zeleni prsten Zagreba\u010dke \u017eupanije","isPartOf":{"@id":"https:\/\/zeleni-prsten.hr\/portal\/#website"},"primaryImageOfPage":{"@id":"https:\/\/zeleni-prsten.hr\/portal\/14276-2\/#primaryimage"},"datePublished":"2023-03-03T11:42:55+00:00","dateModified":"2023-03-07T11:50:11+00:00","author":{"@id":"https:\/\/zeleni-prsten.hr\/portal\/#\/schema\/person\/055e03bf54bb9f1861485d75b692e69e"},"breadcrumb":{"@id":"https:\/\/zeleni-prsten.hr\/portal\/14276-2\/#breadcrumb"},"inLanguage":"hr","potentialAction":[{"@type":"ReadAction","target":["https:\/\/zeleni-prsten.hr\/portal\/14276-2\/"]}]},{"@type":"BreadcrumbList","@id":"https:\/\/zeleni-prsten.hr\/portal\/14276-2\/#breadcrumb","itemListElement":[{"@type":"ListItem","position":1,"name":"Home","item":"https:\/\/zeleni-prsten.hr\/portal\/"},{"@type":"ListItem","position":2,"name":"Javno izlaganje &#8211; PP Cret Dubravica"}]},{"@type":"Person","@id":"https:\/\/zeleni-prsten.hr\/portal\/#\/schema\/person\/055e03bf54bb9f1861485d75b692e69e","name":"\u017deljka \u0160abari\u0107","url":"https:\/\/zeleni-prsten.hr\/portal\/author\/zeljka\/"}]}},"_links":{"self":[{"href":"https:\/\/zeleni-prsten.hr\/portal\/wp-json\/wp\/v2\/posts\/14276"}],"collection":[{"href":"https:\/\/zeleni-prsten.hr\/portal\/wp-json\/wp\/v2\/posts"}],"about":[{"href":"https:\/\/zeleni-prsten.hr\/portal\/wp-json\/wp\/v2\/types\/post"}],"author":[{"embeddable":true,"href":"https:\/\/zeleni-prsten.hr\/portal\/wp-json\/wp\/v2\/users\/5"}],"replies":[{"embeddable":true,"href":"https:\/\/zeleni-prsten.hr\/portal\/wp-json\/wp\/v2\/comments?post=14276"}],"version-history":[{"count":4,"href":"https:\/\/zeleni-prsten.hr\/portal\/wp-json\/wp\/v2\/posts\/14276\/revisions"}],"predecessor-version":[{"id":14288,"href":"https:\/\/zeleni-prsten.hr\/portal\/wp-json\/wp\/v2\/posts\/14276\/revisions\/14288"}],"wp:featuredmedia":[{"embeddable":true,"href":"https:\/\/zeleni-prsten.hr\/portal\/wp-json\/wp\/v2\/media\/3909"}],"wp:attachment":[{"href":"https:\/\/zeleni-prsten.hr\/portal\/wp-json\/wp\/v2\/media?parent=14276"}],"wp:term":[{"taxonomy":"category","embeddable":true,"href":"https:\/\/zeleni-prsten.hr\/portal\/wp-json\/wp\/v2\/categories?post=14276"},{"taxonomy":"post_tag","embeddable":true,"href":"https:\/\/zeleni-prsten.hr\/portal\/wp-json\/wp\/v2\/tags?post=14276"}],"curies":[{"name":"wp","href":"https:\/\/api.w.org\/{rel}","templated":true}]}}