{"id":14396,"date":"2023-03-29T17:06:37","date_gmt":"2023-03-29T15:06:37","guid":{"rendered":"https:\/\/zeleni-prsten.hr\/portal\/?p=14396"},"modified":"2023-03-29T17:07:01","modified_gmt":"2023-03-29T15:07:01","slug":"planovi-upravljanja-ocuvajmo-sljuncane-i-pjeskovite-sprudove","status":"publish","type":"post","link":"https:\/\/zeleni-prsten.hr\/portal\/planovi-upravljanja-ocuvajmo-sljuncane-i-pjeskovite-sprudove\/","title":{"rendered":"Planovi upravljanja &#8211; o\u010duvajmo \u0161ljun\u010dane i pjeskovite sprudove"},"content":{"rendered":"<p>Druga dioni\u010dka radionica za izradu Plana upravljanja podru\u010djem ekolo\u0161ke mre\u017ee Sava kod Hru\u0161\u0107ice sa \u0161ljun\u010darom Rakitje odr\u017eana je u utorak, 28. o\u017eujka 2023. u Svetoj Nedelji. Teme radionice bile su komentari na opis podru\u010dja i evaluaciju stanja te prijedlozi aktivnosti upravljanja i mogu\u0107nosti za suradnju. Za izradu ovog plana nadle\u017ene su dvije javne ustanove \u2013 JU Zeleni prsten Zagreba\u010dke \u017eupanije i JU Maksimir za upravljanje za\u0161ti\u0107enim podru\u010djima Grada Zagreba.<\/p>\n<p>Plan upravljanja obuhva\u0107a podru\u010dje ekolo\u0161ke mre\u017ee zna\u010dajno za o\u010duvanje ptica, a sastoji se od dva dijela me\u0111usobno udaljena oko 25 km: dijela toka rijeke Save kod naselja Hru\u0161\u0107ica i \u0161ljun\u010dare Rakitje. Glavna posebnost Save na ovom dijelu toka su razvijeni \u0161ljun\u010dani i pjeskoviti sprudovi i neobra\u0161tene strme obale rijeke, \u0161to ovo podru\u010dje \u010dini jednim od posljednjih na rijeci Savi i op\u0107enito rijetkim i ugro\u017eenim. Upravo su ovakvi tipovi stani\u0161ta zna\u010dajni za gnije\u017e\u0111enje pet ciljnih i strogo za\u0161ti\u0107enih vrsta ptica: crvenokljune \u010digre, male \u010digre i male prutke, koje gnijezda rade na \u0161ljunkovitim sprudovima, te vodomara i bregunice, koje svoja gnijezda rade u strmim pje\u0161\u010danim neobra\u0161tenim obalama. Iako za podru\u010dje nisu utvr\u0111eni ciljni stani\u0161ni tipovi, kroz za\u0161titu navedenih ciljnih vrsta ptica, koje su indikatorske vrste za o\u010duvana stani\u0161ta rije\u010dnih \u0161ljun\u010danih sprudova i otoka te strmih, zemljanih odrona nereguliranih obala rijeka, \u010duvaju se i ta kriti\u010dno va\u017ena stani\u0161ta.<\/p>\n<p>Na radionici su sudjelovali predstavnici Ministarstva gospodarstva i odr\u017eivog razvoja, Grada Svete Nedelje, Op\u0107ine Rugvica, Hrvatskih voda, Prirodoslovno-matemati\u010dkog fakulteta Sveu\u010dili\u0161ta u Zagrebu, Hrvatskog prirodoslovnog muzeja, Zavoda za ornitologiju HAZU-a, \u0160portsko-ribolovnog dru\u0161tva Rak Rakitje te Osnovne \u0161kole Rugvica. Zahvaljujemo svima koji su se odazvali te svojim sudjelovanjem doprinijeli kvaliteti budu\u0107eg Plana upravljanja.<\/p>\n<p>Plan upravljanja izra\u0111uje se u sklopu projekta \u201eRazvoj okvira za upravljanje ekolo\u0161kom mre\u017eom Natura 2000\u201c koji je sufinanciran sredstvima Europske unije. Plan upravljanja za\u0161ti\u0107enim podru\u010djem i\/ili podru\u010djem ekolo\u0161ke mre\u017ee je strate\u0161ki dokument javne ustanove kojim se utvr\u0111uje stanje za\u0161ti\u0107enog podru\u010dja i\/ili podru\u010dja ekolo\u0161ke mre\u017ee te odre\u0111uju ciljevi upravljanja, aktivnosti za postizanje ciljeva i pokazatelji provedbe plana.<\/p>\n\n<div class=\"ngg-galleryoverview ngg-template-caption\" id=\"ngg-gallery-08d3b99e6b8c22e5c92ac47eb3989aae-14396\">\n\n\n\t<!-- Thumbnails -->\n    \t\t\n\t<div id=\"ngg-image-902\" class=\"ngg-gallery-thumbnail-box\"  >\n\t\t<div class=\"ngg-gallery-thumbnail\" >\n\t\t\t<a href=\"https:\/\/zeleni-prsten.hr\/portal\/wp-content\/gallery\/pu-sava-kod-hruscica\/DR-Sveta-Nedelja-PU7013-Sava-i-Rakitje-3.jpg\"\n               title=\" \"\n               class=\"ngg-simplelightbox\" rel=\"08d3b99e6b8c22e5c92ac47eb3989aae\" data-image-id=\"902\" data-src=\"https:\/\/zeleni-prsten.hr\/portal\/wp-content\/gallery\/pu-sava-kod-hruscica\/DR-Sveta-Nedelja-PU7013-Sava-i-Rakitje-3.jpg\" data-thumbnail=\"https:\/\/zeleni-prsten.hr\/portal\/wp-content\/gallery\/pu-sava-kod-hruscica\/cache\/DR-Sveta-Nedelja-PU7013-Sava-i-Rakitje-3.jpg-nggid03902-ngg0dyn-360x320x100-00f0w010c011r110f110r010t010.jpg\" data-title=\"DR-Sveta-Nedelja-PU7013-Sava-i-Rakitje-3\" data-description=\" \" >\n\t\t\t\t\t\t\t\t<img title=\"DR-Sveta-Nedelja-PU7013-Sava-i-Rakitje-3\" alt=\"DR-Sveta-Nedelja-PU7013-Sava-i-Rakitje-3\" src=\"https:\/\/zeleni-prsten.hr\/portal\/wp-content\/gallery\/pu-sava-kod-hruscica\/cache\/DR-Sveta-Nedelja-PU7013-Sava-i-Rakitje-3.jpg-nggid03902-ngg0dyn-360x320x100-00f0w010c011r110f110r010t010.jpg\" width='360' height='320' \/>\n\t\t\t\t\t\t\t<\/a>\n\t\t\t<span> <\/span>\n\t\t<\/div>\n\t<\/div>\n\t\t \t\t\n\t<div id=\"ngg-image-903\" class=\"ngg-gallery-thumbnail-box\"  >\n\t\t<div class=\"ngg-gallery-thumbnail\" >\n\t\t\t<a href=\"https:\/\/zeleni-prsten.hr\/portal\/wp-content\/gallery\/pu-sava-kod-hruscica\/DR-Sveta-Nedelja-PU7013-Sava-i-Rakitje-2.jpg\"\n               title=\" \"\n               class=\"ngg-simplelightbox\" rel=\"08d3b99e6b8c22e5c92ac47eb3989aae\" data-image-id=\"903\" data-src=\"https:\/\/zeleni-prsten.hr\/portal\/wp-content\/gallery\/pu-sava-kod-hruscica\/DR-Sveta-Nedelja-PU7013-Sava-i-Rakitje-2.jpg\" data-thumbnail=\"https:\/\/zeleni-prsten.hr\/portal\/wp-content\/gallery\/pu-sava-kod-hruscica\/cache\/DR-Sveta-Nedelja-PU7013-Sava-i-Rakitje-2.jpg-nggid03903-ngg0dyn-360x320x100-00f0w010c011r110f110r010t010.jpg\" data-title=\"DR-Sveta-Nedelja-PU7013-Sava-i-Rakitje-2\" data-description=\" \" >\n\t\t\t\t\t\t\t\t<img title=\"DR-Sveta-Nedelja-PU7013-Sava-i-Rakitje-2\" alt=\"DR-Sveta-Nedelja-PU7013-Sava-i-Rakitje-2\" src=\"https:\/\/zeleni-prsten.hr\/portal\/wp-content\/gallery\/pu-sava-kod-hruscica\/cache\/DR-Sveta-Nedelja-PU7013-Sava-i-Rakitje-2.jpg-nggid03903-ngg0dyn-360x320x100-00f0w010c011r110f110r010t010.jpg\" width='360' height='320' \/>\n\t\t\t\t\t\t\t<\/a>\n\t\t\t<span> <\/span>\n\t\t<\/div>\n\t<\/div>\n\t\t \t\t\n\t<div id=\"ngg-image-904\" class=\"ngg-gallery-thumbnail-box\"  >\n\t\t<div class=\"ngg-gallery-thumbnail\" >\n\t\t\t<a href=\"https:\/\/zeleni-prsten.hr\/portal\/wp-content\/gallery\/pu-sava-kod-hruscica\/sava-zilec-2.jpg\"\n               title=\" \"\n               class=\"ngg-simplelightbox\" rel=\"08d3b99e6b8c22e5c92ac47eb3989aae\" data-image-id=\"904\" data-src=\"https:\/\/zeleni-prsten.hr\/portal\/wp-content\/gallery\/pu-sava-kod-hruscica\/sava-zilec-2.jpg\" data-thumbnail=\"https:\/\/zeleni-prsten.hr\/portal\/wp-content\/gallery\/pu-sava-kod-hruscica\/cache\/sava-zilec-2.jpg-nggid03904-ngg0dyn-360x320x100-00f0w010c011r110f110r010t010.jpg\" data-title=\"sava-zilec-2\" data-description=\" \" >\n\t\t\t\t\t\t\t\t<img title=\"sava-zilec-2\" alt=\"sava-zilec-2\" src=\"https:\/\/zeleni-prsten.hr\/portal\/wp-content\/gallery\/pu-sava-kod-hruscica\/cache\/sava-zilec-2.jpg-nggid03904-ngg0dyn-360x320x100-00f0w010c011r110f110r010t010.jpg\" width='360' height='320' \/>\n\t\t\t\t\t\t\t<\/a>\n\t\t\t<span> <\/span>\n\t\t<\/div>\n\t<\/div>\n\t\t \t\t\n\t<div id=\"ngg-image-905\" class=\"ngg-gallery-thumbnail-box\"  >\n\t\t<div class=\"ngg-gallery-thumbnail\" >\n\t\t\t<a href=\"https:\/\/zeleni-prsten.hr\/portal\/wp-content\/gallery\/pu-sava-kod-hruscica\/sava-zilec.jpg\"\n               title=\" \"\n               class=\"ngg-simplelightbox\" rel=\"08d3b99e6b8c22e5c92ac47eb3989aae\" data-image-id=\"905\" data-src=\"https:\/\/zeleni-prsten.hr\/portal\/wp-content\/gallery\/pu-sava-kod-hruscica\/sava-zilec.jpg\" data-thumbnail=\"https:\/\/zeleni-prsten.hr\/portal\/wp-content\/gallery\/pu-sava-kod-hruscica\/cache\/sava-zilec.jpg-nggid03905-ngg0dyn-360x320x100-00f0w010c011r110f110r010t010.jpg\" data-title=\"sava-zilec\" data-description=\" \" >\n\t\t\t\t\t\t\t\t<img title=\"sava-zilec\" alt=\"sava-zilec\" src=\"https:\/\/zeleni-prsten.hr\/portal\/wp-content\/gallery\/pu-sava-kod-hruscica\/cache\/sava-zilec.jpg-nggid03905-ngg0dyn-360x320x100-00f0w010c011r110f110r010t010.jpg\" width='360' height='320' \/>\n\t\t\t\t\t\t\t<\/a>\n\t\t\t<span> <\/span>\n\t\t<\/div>\n\t<\/div>\n\t\t \t\t\n\t<div id=\"ngg-image-906\" class=\"ngg-gallery-thumbnail-box\"  >\n\t\t<div class=\"ngg-gallery-thumbnail\" >\n\t\t\t<a href=\"https:\/\/zeleni-prsten.hr\/portal\/wp-content\/gallery\/pu-sava-kod-hruscica\/rakitje-zilec.jpg\"\n               title=\" \"\n               class=\"ngg-simplelightbox\" rel=\"08d3b99e6b8c22e5c92ac47eb3989aae\" data-image-id=\"906\" data-src=\"https:\/\/zeleni-prsten.hr\/portal\/wp-content\/gallery\/pu-sava-kod-hruscica\/rakitje-zilec.jpg\" data-thumbnail=\"https:\/\/zeleni-prsten.hr\/portal\/wp-content\/gallery\/pu-sava-kod-hruscica\/cache\/rakitje-zilec.jpg-nggid03906-ngg0dyn-360x320x100-00f0w010c011r110f110r010t010.jpg\" data-title=\"rakitje-zilec\" data-description=\" \" >\n\t\t\t\t\t\t\t\t<img title=\"rakitje-zilec\" alt=\"rakitje-zilec\" src=\"https:\/\/zeleni-prsten.hr\/portal\/wp-content\/gallery\/pu-sava-kod-hruscica\/cache\/rakitje-zilec.jpg-nggid03906-ngg0dyn-360x320x100-00f0w010c011r110f110r010t010.jpg\" width='360' height='320' \/>\n\t\t\t\t\t\t\t<\/a>\n\t\t\t<span> <\/span>\n\t\t<\/div>\n\t<\/div>\n\t\t \t\t\n\t<div id=\"ngg-image-907\" class=\"ngg-gallery-thumbnail-box\"  >\n\t\t<div class=\"ngg-gallery-thumbnail\" >\n\t\t\t<a href=\"https:\/\/zeleni-prsten.hr\/portal\/wp-content\/gallery\/pu-sava-kod-hruscica\/DR-Sveta-Nedelja-PU7013-Sava-i-Rakitje-1.jpg\"\n               title=\" \"\n               class=\"ngg-simplelightbox\" rel=\"08d3b99e6b8c22e5c92ac47eb3989aae\" data-image-id=\"907\" data-src=\"https:\/\/zeleni-prsten.hr\/portal\/wp-content\/gallery\/pu-sava-kod-hruscica\/DR-Sveta-Nedelja-PU7013-Sava-i-Rakitje-1.jpg\" data-thumbnail=\"https:\/\/zeleni-prsten.hr\/portal\/wp-content\/gallery\/pu-sava-kod-hruscica\/cache\/DR-Sveta-Nedelja-PU7013-Sava-i-Rakitje-1.jpg-nggid03907-ngg0dyn-360x320x100-00f0w010c011r110f110r010t010.jpg\" data-title=\"DR-Sveta-Nedelja-PU7013-Sava-i-Rakitje-1\" data-description=\" \" >\n\t\t\t\t\t\t\t\t<img title=\"DR-Sveta-Nedelja-PU7013-Sava-i-Rakitje-1\" alt=\"DR-Sveta-Nedelja-PU7013-Sava-i-Rakitje-1\" src=\"https:\/\/zeleni-prsten.hr\/portal\/wp-content\/gallery\/pu-sava-kod-hruscica\/cache\/DR-Sveta-Nedelja-PU7013-Sava-i-Rakitje-1.jpg-nggid03907-ngg0dyn-360x320x100-00f0w010c011r110f110r010t010.jpg\" width='360' height='320' \/>\n\t\t\t\t\t\t\t<\/a>\n\t\t\t<span> <\/span>\n\t\t<\/div>\n\t<\/div>\n\t\t \t\t\n\t<div id=\"ngg-image-908\" class=\"ngg-gallery-thumbnail-box\"  >\n\t\t<div class=\"ngg-gallery-thumbnail\" >\n\t\t\t<a href=\"https:\/\/zeleni-prsten.hr\/portal\/wp-content\/gallery\/pu-sava-kod-hruscica\/Cigra-mala.jpg\"\n               title=\" \"\n               class=\"ngg-simplelightbox\" rel=\"08d3b99e6b8c22e5c92ac47eb3989aae\" data-image-id=\"908\" data-src=\"https:\/\/zeleni-prsten.hr\/portal\/wp-content\/gallery\/pu-sava-kod-hruscica\/Cigra-mala.jpg\" data-thumbnail=\"https:\/\/zeleni-prsten.hr\/portal\/wp-content\/gallery\/pu-sava-kod-hruscica\/cache\/Cigra-mala.jpg-nggid03908-ngg0dyn-360x320x100-00f0w010c011r110f110r010t010.jpg\" data-title=\"Cigra-mala\" data-description=\" \" >\n\t\t\t\t\t\t\t\t<img title=\"Cigra-mala\" alt=\"Cigra-mala\" src=\"https:\/\/zeleni-prsten.hr\/portal\/wp-content\/gallery\/pu-sava-kod-hruscica\/cache\/Cigra-mala.jpg-nggid03908-ngg0dyn-360x320x100-00f0w010c011r110f110r010t010.jpg\" width='360' height='320' \/>\n\t\t\t\t\t\t\t<\/a>\n\t\t\t<span> <\/span>\n\t\t<\/div>\n\t<\/div>\n\t\t \t\t\n\t<div id=\"ngg-image-909\" class=\"ngg-gallery-thumbnail-box\"  >\n\t\t<div class=\"ngg-gallery-thumbnail\" >\n\t\t\t<a href=\"https:\/\/zeleni-prsten.hr\/portal\/wp-content\/gallery\/pu-sava-kod-hruscica\/Bregunica_D.-Krnjeta-Large.jpg\"\n               title=\" \"\n               class=\"ngg-simplelightbox\" rel=\"08d3b99e6b8c22e5c92ac47eb3989aae\" data-image-id=\"909\" data-src=\"https:\/\/zeleni-prsten.hr\/portal\/wp-content\/gallery\/pu-sava-kod-hruscica\/Bregunica_D.-Krnjeta-Large.jpg\" data-thumbnail=\"https:\/\/zeleni-prsten.hr\/portal\/wp-content\/gallery\/pu-sava-kod-hruscica\/cache\/Bregunica_D.-Krnjeta-Large.jpg-nggid03909-ngg0dyn-360x320x100-00f0w010c011r110f110r010t010.jpg\" data-title=\"Bregunica_D.-Krnjeta-Large\" data-description=\" \" >\n\t\t\t\t\t\t\t\t<img title=\"Bregunica_D.-Krnjeta-Large\" alt=\"Bregunica_D.-Krnjeta-Large\" src=\"https:\/\/zeleni-prsten.hr\/portal\/wp-content\/gallery\/pu-sava-kod-hruscica\/cache\/Bregunica_D.-Krnjeta-Large.jpg-nggid03909-ngg0dyn-360x320x100-00f0w010c011r110f110r010t010.jpg\" width='360' height='320' \/>\n\t\t\t\t\t\t\t<\/a>\n\t\t\t<span> <\/span>\n\t\t<\/div>\n\t<\/div>\n\t\t \t \t\n\t<!-- Pagination -->\n \t<div class='ngg-clear'><\/div> \t\n<\/div>\n\n\n","protected":false},"excerpt":{"rendered":"<p>Druga dioni\u010dka radionica za izradu Plana upravljanja podru\u010djem ekolo\u0161ke mre\u017ee Sava kod Hru\u0161\u0107ice sa \u0161ljun\u010darom Rakitje odr\u017eana je u utorak, 28. o\u017eujka 2023. u Svetoj Nedelji. Teme radionice bile su komentari na opis podru\u010dja i evaluaciju stanja te prijedlozi aktivnosti [&hellip;]<\/p>\n","protected":false},"author":5,"featured_media":14402,"comment_status":"closed","ping_status":"closed","sticky":false,"template":"","format":"standard","meta":{"ngg_post_thumbnail":0},"categories":[59],"tags":[131,65,67,147,301,235,371,77,79,81],"yoast_head":"<!-- This site is optimized with the Yoast SEO plugin v18.4.1 - https:\/\/yoast.com\/wordpress\/plugins\/seo\/ -->\n<title>Planovi upravljanja - o\u010duvajmo \u0161ljun\u010dane i pjeskovite sprudove - JU Zeleni prsten Zagreba\u010dke \u017eupanije<\/title>\n<meta name=\"robots\" content=\"index, follow, max-snippet:-1, max-image-preview:large, max-video-preview:-1\" \/>\n<link rel=\"canonical\" href=\"https:\/\/zeleni-prsten.hr\/portal\/planovi-upravljanja-ocuvajmo-sljuncane-i-pjeskovite-sprudove\/\" \/>\n<meta property=\"og:locale\" content=\"hr_HR\" \/>\n<meta property=\"og:type\" content=\"article\" \/>\n<meta property=\"og:title\" content=\"Planovi upravljanja - o\u010duvajmo \u0161ljun\u010dane i pjeskovite sprudove - JU Zeleni prsten Zagreba\u010dke \u017eupanije\" \/>\n<meta property=\"og:description\" content=\"Druga dioni\u010dka radionica za izradu Plana upravljanja podru\u010djem ekolo\u0161ke mre\u017ee Sava kod Hru\u0161\u0107ice sa \u0161ljun\u010darom Rakitje odr\u017eana je u utorak, 28. o\u017eujka 2023. u Svetoj Nedelji. Teme radionice bile su komentari na opis podru\u010dja i evaluaciju stanja te prijedlozi aktivnosti [&hellip;]\" \/>\n<meta property=\"og:url\" content=\"https:\/\/zeleni-prsten.hr\/portal\/planovi-upravljanja-ocuvajmo-sljuncane-i-pjeskovite-sprudove\/\" \/>\n<meta property=\"og:site_name\" content=\"JU Zeleni prsten Zagreba\u010dke \u017eupanije\" \/>\n<meta property=\"article:published_time\" content=\"2023-03-29T15:06:37+00:00\" \/>\n<meta property=\"article:modified_time\" content=\"2023-03-29T15:07:01+00:00\" \/>\n<meta property=\"og:image\" content=\"https:\/\/zeleni-prsten.hr\/portal\/wp-content\/uploads\/2023\/03\/rakitje-zilec.jpg\" \/>\n\t<meta property=\"og:image:width\" content=\"1920\" \/>\n\t<meta property=\"og:image:height\" content=\"1279\" \/>\n\t<meta property=\"og:image:type\" content=\"image\/jpeg\" \/>\n<meta name=\"twitter:card\" content=\"summary_large_image\" \/>\n<meta name=\"twitter:label1\" content=\"Napisao\/la\" \/>\n\t<meta name=\"twitter:data1\" content=\"\u017deljka \u0160abari\u0107\" \/>\n\t<meta name=\"twitter:label2\" content=\"Procijenjeno vrijeme \u010ditanja\" \/>\n\t<meta name=\"twitter:data2\" content=\"2 minute\" \/>\n<script type=\"application\/ld+json\" class=\"yoast-schema-graph\">{\"@context\":\"https:\/\/schema.org\",\"@graph\":[{\"@type\":\"WebSite\",\"@id\":\"https:\/\/zeleni-prsten.hr\/portal\/#website\",\"url\":\"https:\/\/zeleni-prsten.hr\/portal\/\",\"name\":\"JU Zeleni prsten Zagreba\u010dke \u017eupanije\",\"description\":\"JU Zeleni prsten Zagreba\u010dke \u017eupanije\",\"potentialAction\":[{\"@type\":\"SearchAction\",\"target\":{\"@type\":\"EntryPoint\",\"urlTemplate\":\"https:\/\/zeleni-prsten.hr\/portal\/?s={search_term_string}\"},\"query-input\":\"required name=search_term_string\"}],\"inLanguage\":\"hr\"},{\"@type\":\"ImageObject\",\"@id\":\"https:\/\/zeleni-prsten.hr\/portal\/planovi-upravljanja-ocuvajmo-sljuncane-i-pjeskovite-sprudove\/#primaryimage\",\"inLanguage\":\"hr\",\"url\":\"https:\/\/zeleni-prsten.hr\/portal\/wp-content\/uploads\/2023\/03\/rakitje-zilec.jpg\",\"contentUrl\":\"https:\/\/zeleni-prsten.hr\/portal\/wp-content\/uploads\/2023\/03\/rakitje-zilec.jpg\",\"width\":1920,\"height\":1279},{\"@type\":\"WebPage\",\"@id\":\"https:\/\/zeleni-prsten.hr\/portal\/planovi-upravljanja-ocuvajmo-sljuncane-i-pjeskovite-sprudove\/#webpage\",\"url\":\"https:\/\/zeleni-prsten.hr\/portal\/planovi-upravljanja-ocuvajmo-sljuncane-i-pjeskovite-sprudove\/\",\"name\":\"Planovi upravljanja - o\u010duvajmo \u0161ljun\u010dane i pjeskovite sprudove - JU Zeleni prsten Zagreba\u010dke \u017eupanije\",\"isPartOf\":{\"@id\":\"https:\/\/zeleni-prsten.hr\/portal\/#website\"},\"primaryImageOfPage\":{\"@id\":\"https:\/\/zeleni-prsten.hr\/portal\/planovi-upravljanja-ocuvajmo-sljuncane-i-pjeskovite-sprudove\/#primaryimage\"},\"datePublished\":\"2023-03-29T15:06:37+00:00\",\"dateModified\":\"2023-03-29T15:07:01+00:00\",\"author\":{\"@id\":\"https:\/\/zeleni-prsten.hr\/portal\/#\/schema\/person\/055e03bf54bb9f1861485d75b692e69e\"},\"breadcrumb\":{\"@id\":\"https:\/\/zeleni-prsten.hr\/portal\/planovi-upravljanja-ocuvajmo-sljuncane-i-pjeskovite-sprudove\/#breadcrumb\"},\"inLanguage\":\"hr\",\"potentialAction\":[{\"@type\":\"ReadAction\",\"target\":[\"https:\/\/zeleni-prsten.hr\/portal\/planovi-upravljanja-ocuvajmo-sljuncane-i-pjeskovite-sprudove\/\"]}]},{\"@type\":\"BreadcrumbList\",\"@id\":\"https:\/\/zeleni-prsten.hr\/portal\/planovi-upravljanja-ocuvajmo-sljuncane-i-pjeskovite-sprudove\/#breadcrumb\",\"itemListElement\":[{\"@type\":\"ListItem\",\"position\":1,\"name\":\"Home\",\"item\":\"https:\/\/zeleni-prsten.hr\/portal\/\"},{\"@type\":\"ListItem\",\"position\":2,\"name\":\"Planovi upravljanja &#8211; o\u010duvajmo \u0161ljun\u010dane i pjeskovite sprudove\"}]},{\"@type\":\"Person\",\"@id\":\"https:\/\/zeleni-prsten.hr\/portal\/#\/schema\/person\/055e03bf54bb9f1861485d75b692e69e\",\"name\":\"\u017deljka \u0160abari\u0107\",\"url\":\"https:\/\/zeleni-prsten.hr\/portal\/author\/zeljka\/\"}]}<\/script>\n<!-- \/ Yoast SEO plugin. -->","yoast_head_json":{"title":"Planovi upravljanja - o\u010duvajmo \u0161ljun\u010dane i pjeskovite sprudove - JU Zeleni prsten Zagreba\u010dke \u017eupanije","robots":{"index":"index","follow":"follow","max-snippet":"max-snippet:-1","max-image-preview":"max-image-preview:large","max-video-preview":"max-video-preview:-1"},"canonical":"https:\/\/zeleni-prsten.hr\/portal\/planovi-upravljanja-ocuvajmo-sljuncane-i-pjeskovite-sprudove\/","og_locale":"hr_HR","og_type":"article","og_title":"Planovi upravljanja - o\u010duvajmo \u0161ljun\u010dane i pjeskovite sprudove - JU Zeleni prsten Zagreba\u010dke \u017eupanije","og_description":"Druga dioni\u010dka radionica za izradu Plana upravljanja podru\u010djem ekolo\u0161ke mre\u017ee Sava kod Hru\u0161\u0107ice sa \u0161ljun\u010darom Rakitje odr\u017eana je u utorak, 28. o\u017eujka 2023. u Svetoj Nedelji. Teme radionice bile su komentari na opis podru\u010dja i evaluaciju stanja te prijedlozi aktivnosti [&hellip;]","og_url":"https:\/\/zeleni-prsten.hr\/portal\/planovi-upravljanja-ocuvajmo-sljuncane-i-pjeskovite-sprudove\/","og_site_name":"JU Zeleni prsten Zagreba\u010dke \u017eupanije","article_published_time":"2023-03-29T15:06:37+00:00","article_modified_time":"2023-03-29T15:07:01+00:00","og_image":[{"width":1920,"height":1279,"url":"https:\/\/zeleni-prsten.hr\/portal\/wp-content\/uploads\/2023\/03\/rakitje-zilec.jpg","type":"image\/jpeg"}],"twitter_card":"summary_large_image","twitter_misc":{"Napisao\/la":"\u017deljka \u0160abari\u0107","Procijenjeno vrijeme \u010ditanja":"2 minute"},"schema":{"@context":"https:\/\/schema.org","@graph":[{"@type":"WebSite","@id":"https:\/\/zeleni-prsten.hr\/portal\/#website","url":"https:\/\/zeleni-prsten.hr\/portal\/","name":"JU Zeleni prsten Zagreba\u010dke \u017eupanije","description":"JU Zeleni prsten Zagreba\u010dke \u017eupanije","potentialAction":[{"@type":"SearchAction","target":{"@type":"EntryPoint","urlTemplate":"https:\/\/zeleni-prsten.hr\/portal\/?s={search_term_string}"},"query-input":"required name=search_term_string"}],"inLanguage":"hr"},{"@type":"ImageObject","@id":"https:\/\/zeleni-prsten.hr\/portal\/planovi-upravljanja-ocuvajmo-sljuncane-i-pjeskovite-sprudove\/#primaryimage","inLanguage":"hr","url":"https:\/\/zeleni-prsten.hr\/portal\/wp-content\/uploads\/2023\/03\/rakitje-zilec.jpg","contentUrl":"https:\/\/zeleni-prsten.hr\/portal\/wp-content\/uploads\/2023\/03\/rakitje-zilec.jpg","width":1920,"height":1279},{"@type":"WebPage","@id":"https:\/\/zeleni-prsten.hr\/portal\/planovi-upravljanja-ocuvajmo-sljuncane-i-pjeskovite-sprudove\/#webpage","url":"https:\/\/zeleni-prsten.hr\/portal\/planovi-upravljanja-ocuvajmo-sljuncane-i-pjeskovite-sprudove\/","name":"Planovi upravljanja - o\u010duvajmo \u0161ljun\u010dane i pjeskovite sprudove - JU Zeleni prsten Zagreba\u010dke \u017eupanije","isPartOf":{"@id":"https:\/\/zeleni-prsten.hr\/portal\/#website"},"primaryImageOfPage":{"@id":"https:\/\/zeleni-prsten.hr\/portal\/planovi-upravljanja-ocuvajmo-sljuncane-i-pjeskovite-sprudove\/#primaryimage"},"datePublished":"2023-03-29T15:06:37+00:00","dateModified":"2023-03-29T15:07:01+00:00","author":{"@id":"https:\/\/zeleni-prsten.hr\/portal\/#\/schema\/person\/055e03bf54bb9f1861485d75b692e69e"},"breadcrumb":{"@id":"https:\/\/zeleni-prsten.hr\/portal\/planovi-upravljanja-ocuvajmo-sljuncane-i-pjeskovite-sprudove\/#breadcrumb"},"inLanguage":"hr","potentialAction":[{"@type":"ReadAction","target":["https:\/\/zeleni-prsten.hr\/portal\/planovi-upravljanja-ocuvajmo-sljuncane-i-pjeskovite-sprudove\/"]}]},{"@type":"BreadcrumbList","@id":"https:\/\/zeleni-prsten.hr\/portal\/planovi-upravljanja-ocuvajmo-sljuncane-i-pjeskovite-sprudove\/#breadcrumb","itemListElement":[{"@type":"ListItem","position":1,"name":"Home","item":"https:\/\/zeleni-prsten.hr\/portal\/"},{"@type":"ListItem","position":2,"name":"Planovi upravljanja &#8211; o\u010duvajmo \u0161ljun\u010dane i pjeskovite sprudove"}]},{"@type":"Person","@id":"https:\/\/zeleni-prsten.hr\/portal\/#\/schema\/person\/055e03bf54bb9f1861485d75b692e69e","name":"\u017deljka \u0160abari\u0107","url":"https:\/\/zeleni-prsten.hr\/portal\/author\/zeljka\/"}]}},"_links":{"self":[{"href":"https:\/\/zeleni-prsten.hr\/portal\/wp-json\/wp\/v2\/posts\/14396"}],"collection":[{"href":"https:\/\/zeleni-prsten.hr\/portal\/wp-json\/wp\/v2\/posts"}],"about":[{"href":"https:\/\/zeleni-prsten.hr\/portal\/wp-json\/wp\/v2\/types\/post"}],"author":[{"embeddable":true,"href":"https:\/\/zeleni-prsten.hr\/portal\/wp-json\/wp\/v2\/users\/5"}],"replies":[{"embeddable":true,"href":"https:\/\/zeleni-prsten.hr\/portal\/wp-json\/wp\/v2\/comments?post=14396"}],"version-history":[{"count":1,"href":"https:\/\/zeleni-prsten.hr\/portal\/wp-json\/wp\/v2\/posts\/14396\/revisions"}],"predecessor-version":[{"id":14412,"href":"https:\/\/zeleni-prsten.hr\/portal\/wp-json\/wp\/v2\/posts\/14396\/revisions\/14412"}],"wp:featuredmedia":[{"embeddable":true,"href":"https:\/\/zeleni-prsten.hr\/portal\/wp-json\/wp\/v2\/media\/14402"}],"wp:attachment":[{"href":"https:\/\/zeleni-prsten.hr\/portal\/wp-json\/wp\/v2\/media?parent=14396"}],"wp:term":[{"taxonomy":"category","embeddable":true,"href":"https:\/\/zeleni-prsten.hr\/portal\/wp-json\/wp\/v2\/categories?post=14396"},{"taxonomy":"post_tag","embeddable":true,"href":"https:\/\/zeleni-prsten.hr\/portal\/wp-json\/wp\/v2\/tags?post=14396"}],"curies":[{"name":"wp","href":"https:\/\/api.w.org\/{rel}","templated":true}]}}