{"id":14434,"date":"2023-03-28T09:32:47","date_gmt":"2023-03-28T07:32:47","guid":{"rendered":"https:\/\/zeleni-prsten.hr\/portal\/?p=14434"},"modified":"2023-03-30T09:40:10","modified_gmt":"2023-03-30T07:40:10","slug":"planovi-upravljanja-radionica-za-ocuvanje-omiljenih-odmaralista-ptica","status":"publish","type":"post","link":"https:\/\/zeleni-prsten.hr\/portal\/planovi-upravljanja-radionica-za-ocuvanje-omiljenih-odmaralista-ptica\/","title":{"rendered":"Planovi upravljanja &#8211; radionica za o\u010duvanje omiljenih odmarali\u0161ta ptica"},"content":{"rendered":"<p>Druga dioni\u010dka radionica za izradu Plana upravljanja za\u0161ti\u0107enim podru\u010djima i podru\u010djima ekolo\u0161ke mre\u017ee Pokupskog bazena (PU 6045-1) odr\u017eana je u ponedjeljak, 27. o\u017eujka 2023. u Jastrebarskom. Teme radionice bile su komentari na opis podru\u010dja i evaluaciju stanja te prijedlozi aktivnosti upravljanja i mogu\u0107nosti za suradnju. Za izradu ovog plana nadle\u017ene su dvije javne ustanove \u2013 JU Zeleni prsten Zagreba\u010dke \u017eupanije i JU Natura Viva Karlova\u010dke \u017eupanije.<\/p>\n<p>Plan upravljanja obuhva\u0107a dva posebna ornitolo\u0161ka rezervata \u2013 Crna Mlaka i Jastrebarski lugovi, te \u010detiri podru\u010dja ekolo\u0161ke mre\u017ee \u2013 POP Pokupski bazen te tri ribnjaka u kategoriji POVS (Ribnjaci Crna Mlaka, Ribnjaci Pisarovina i Ribnjaci Dragani\u0107i). Planom upravljanja cilj je o\u010duvati populacije i pogodna stani\u0161ta za 61 ciljnu vrstu ptica, zatim za vidru, barsku kornja\u010du, \u017eabe crvenog muka\u010da i \u017eutog muka\u010da, vretence velikog tresetara i biljku \u010detverolisnu raznorotku. Osim vrsta, cilj je o\u010duvati i ciljni stani\u0161ni tip Amfibijska stani\u0161ta Iso\u00ebto-Nanojuncetea.<\/p>\n<p>Va\u017eno je istaknuti da je podru\u010dje Posebnog ornitolo\u0161kog rezervata Crna Mlaka osobito zna\u010dajno za gnije\u017e\u0111enje velikog broja vrsta i primjeraka ptica, a zabilje\u017eeno je vi\u0161e od 200 vrsta ptica. Ribnjaci Crna Mlaka jedno su od najva\u017enijih srednjeeuropskih odmarali\u0161ta patki njorki \u2013 jedne od najugro\u017eenijih vrsta pataka, kojoj brojnost opada u cijeloj Europi \u2013 \u0161to je bio jedan od glavnih \u010dimbenika za uvr\u0161tavanje Crne Mlake na Ramsarski popis vla\u017enih stani\u0161ta od me\u0111unarodne va\u017enosti.<\/p>\n<p>Posebni ornitolo\u0161ki rezervat Jastrebarski lugovi, koji se na sjeveru nastavlja na Posebni ornitolo\u0161ki rezervat Crna Mlaka, podru\u010dje je nizinske \u0161ume u kojoj su stabla hrasta, jasena i brijesta u prosjeku stara oko 150 godina. Podru\u010dje je za\u0161ti\u0107eno kao obitavali\u0161te \u0161tekavca, najve\u0107eg orla u Hrvatskoj koji dostigne te\u017einu od preko 6 kg te ima raspon krila do 240 cm. Podru\u010dje nastanjuju i druge grabljivice, kao i djetlovke me\u0111u kojima posebno treba istaknuti crvenoglavog djetli\u0107a i crnu \u017eunu, indikatorske vrste starih i vrlo kvalitetnih \u0161umskih stani\u0161ta.<\/p>\n<p>Na radionici su sudjelovali predstavnici Ministarstva gospodarstva i odr\u017eivog razvoja, Ministarstva poljoprivrede, Upravnog odjela za graditeljstvo i okoli\u0161 Karlova\u010dke \u017eupanije, Op\u0107ine Klin\u010da Sela, Hrvatskih \u0161uma, IHOR PARK d.o.o., PP Orahovica d.o.o., Veterinarskog fakulteta Sveu\u010dili\u0161ta u Zagrebu, Prirodoslovno-matemati\u010dkog fakulteta Sveu\u010dili\u0161ta u Zagrebu, Zavoda za ornitologiju HAZU-a, Turisti\u010dke zajednice op\u0107ine Pisarovina, Udruge Kupa \u2013 rijeka \u017eivota i Udruge Eduka. Zahvaljujemo svima koji su se odazvali te svojim sudjelovanjem doprinijeli kvaliteti budu\u0107eg Plana upravljanja.<\/p>\n<p>Plan upravljanja izra\u0111uje se u sklopu projekta \u201eRazvoj okvira za upravljanje ekolo\u0161kom mre\u017eom Natura 2000\u201c koji je sufinanciran sredstvima Europske unije. Plan upravljanja za\u0161ti\u0107enim podru\u010djem i\/ili podru\u010djem ekolo\u0161ke mre\u017ee je strate\u0161ki dokument javne ustanove kojim se utvr\u0111uje stanje za\u0161ti\u0107enog podru\u010dja i\/ili podru\u010dja ekolo\u0161ke mre\u017ee te odre\u0111uju ciljevi upravljanja, aktivnosti za postizanje ciljeva i pokazatelji provedbe plana.<\/p>\n<p>&nbsp;<\/p>\n\n<div class=\"ngg-galleryoverview ngg-template-caption\" id=\"ngg-gallery-d91cf98b85b3afe443a3b77c1cdc2916-14434\">\n\n\n\t<!-- Thumbnails -->\n    \t\t\n\t<div id=\"ngg-image-917\" class=\"ngg-gallery-thumbnail-box\"  >\n\t\t<div class=\"ngg-gallery-thumbnail\" >\n\t\t\t<a href=\"https:\/\/zeleni-prsten.hr\/portal\/wp-content\/gallery\/pu-pokupski-bazen\/2.dionicka-radionica-Pokupski-bazen-1.jpg\"\n               title=\" \"\n               class=\"ngg-simplelightbox\" rel=\"d91cf98b85b3afe443a3b77c1cdc2916\" data-image-id=\"917\" data-src=\"https:\/\/zeleni-prsten.hr\/portal\/wp-content\/gallery\/pu-pokupski-bazen\/2.dionicka-radionica-Pokupski-bazen-1.jpg\" data-thumbnail=\"https:\/\/zeleni-prsten.hr\/portal\/wp-content\/gallery\/pu-pokupski-bazen\/cache\/2.dionicka-radionica-Pokupski-bazen-1.jpg-nggid03917-ngg0dyn-360x320x100-00f0w010c011r110f110r010t010.jpg\" data-title=\"2.dionicka-radionica-Pokupski-bazen-1\" data-description=\" \" >\n\t\t\t\t\t\t\t\t<img title=\"2.dionicka-radionica-Pokupski-bazen-1\" alt=\"2.dionicka-radionica-Pokupski-bazen-1\" src=\"https:\/\/zeleni-prsten.hr\/portal\/wp-content\/gallery\/pu-pokupski-bazen\/cache\/2.dionicka-radionica-Pokupski-bazen-1.jpg-nggid03917-ngg0dyn-360x320x100-00f0w010c011r110f110r010t010.jpg\" width='360' height='320' \/>\n\t\t\t\t\t\t\t<\/a>\n\t\t\t<span> <\/span>\n\t\t<\/div>\n\t<\/div>\n\t\t \t\t\n\t<div id=\"ngg-image-918\" class=\"ngg-gallery-thumbnail-box\"  >\n\t\t<div class=\"ngg-gallery-thumbnail\" >\n\t\t\t<a href=\"https:\/\/zeleni-prsten.hr\/portal\/wp-content\/gallery\/pu-pokupski-bazen\/2.dionicka-radionica-Pokupski-bazen-2.jpg\"\n               title=\" \"\n               class=\"ngg-simplelightbox\" rel=\"d91cf98b85b3afe443a3b77c1cdc2916\" data-image-id=\"918\" data-src=\"https:\/\/zeleni-prsten.hr\/portal\/wp-content\/gallery\/pu-pokupski-bazen\/2.dionicka-radionica-Pokupski-bazen-2.jpg\" data-thumbnail=\"https:\/\/zeleni-prsten.hr\/portal\/wp-content\/gallery\/pu-pokupski-bazen\/cache\/2.dionicka-radionica-Pokupski-bazen-2.jpg-nggid03918-ngg0dyn-360x320x100-00f0w010c011r110f110r010t010.jpg\" data-title=\"2.dionicka-radionica-Pokupski-bazen-2\" data-description=\" \" >\n\t\t\t\t\t\t\t\t<img title=\"2.dionicka-radionica-Pokupski-bazen-2\" alt=\"2.dionicka-radionica-Pokupski-bazen-2\" src=\"https:\/\/zeleni-prsten.hr\/portal\/wp-content\/gallery\/pu-pokupski-bazen\/cache\/2.dionicka-radionica-Pokupski-bazen-2.jpg-nggid03918-ngg0dyn-360x320x100-00f0w010c011r110f110r010t010.jpg\" width='360' height='320' \/>\n\t\t\t\t\t\t\t<\/a>\n\t\t\t<span> <\/span>\n\t\t<\/div>\n\t<\/div>\n\t\t \t\t\n\t<div id=\"ngg-image-919\" class=\"ngg-gallery-thumbnail-box\"  >\n\t\t<div class=\"ngg-gallery-thumbnail\" >\n\t\t\t<a href=\"https:\/\/zeleni-prsten.hr\/portal\/wp-content\/gallery\/pu-pokupski-bazen\/2.dionicka-radionica-Pokupski-bazen-3.jpg\"\n               title=\" \"\n               class=\"ngg-simplelightbox\" rel=\"d91cf98b85b3afe443a3b77c1cdc2916\" data-image-id=\"919\" data-src=\"https:\/\/zeleni-prsten.hr\/portal\/wp-content\/gallery\/pu-pokupski-bazen\/2.dionicka-radionica-Pokupski-bazen-3.jpg\" data-thumbnail=\"https:\/\/zeleni-prsten.hr\/portal\/wp-content\/gallery\/pu-pokupski-bazen\/cache\/2.dionicka-radionica-Pokupski-bazen-3.jpg-nggid03919-ngg0dyn-360x320x100-00f0w010c011r110f110r010t010.jpg\" data-title=\"2.dionicka-radionica-Pokupski-bazen-3\" data-description=\" \" >\n\t\t\t\t\t\t\t\t<img title=\"2.dionicka-radionica-Pokupski-bazen-3\" alt=\"2.dionicka-radionica-Pokupski-bazen-3\" src=\"https:\/\/zeleni-prsten.hr\/portal\/wp-content\/gallery\/pu-pokupski-bazen\/cache\/2.dionicka-radionica-Pokupski-bazen-3.jpg-nggid03919-ngg0dyn-360x320x100-00f0w010c011r110f110r010t010.jpg\" width='360' height='320' \/>\n\t\t\t\t\t\t\t<\/a>\n\t\t\t<span> <\/span>\n\t\t<\/div>\n\t<\/div>\n\t\t \t\t\n\t<div id=\"ngg-image-920\" class=\"ngg-gallery-thumbnail-box\"  >\n\t\t<div class=\"ngg-gallery-thumbnail\" >\n\t\t\t<a href=\"https:\/\/zeleni-prsten.hr\/portal\/wp-content\/gallery\/pu-pokupski-bazen\/Crna-Mlaka-G.-Safarek-3.jpg\"\n               title=\"Description\"\n               class=\"ngg-simplelightbox\" rel=\"d91cf98b85b3afe443a3b77c1cdc2916\" data-image-id=\"920\" data-src=\"https:\/\/zeleni-prsten.hr\/portal\/wp-content\/gallery\/pu-pokupski-bazen\/Crna-Mlaka-G.-Safarek-3.jpg\" data-thumbnail=\"https:\/\/zeleni-prsten.hr\/portal\/wp-content\/gallery\/pu-pokupski-bazen\/cache\/Crna-Mlaka-G.-Safarek-3.jpg-nggid03920-ngg0dyn-360x320x100-00f0w010c011r110f110r010t010.jpg\" data-title=\"Caption\" data-description=\"Description\" >\n\t\t\t\t\t\t\t\t<img title=\"Caption\" alt=\"Caption\" src=\"https:\/\/zeleni-prsten.hr\/portal\/wp-content\/gallery\/pu-pokupski-bazen\/cache\/Crna-Mlaka-G.-Safarek-3.jpg-nggid03920-ngg0dyn-360x320x100-00f0w010c011r110f110r010t010.jpg\" width='360' height='320' \/>\n\t\t\t\t\t\t\t<\/a>\n\t\t\t<span>Description<\/span>\n\t\t<\/div>\n\t<\/div>\n\t\t \t\t\n\t<div id=\"ngg-image-921\" class=\"ngg-gallery-thumbnail-box\"  >\n\t\t<div class=\"ngg-gallery-thumbnail\" >\n\t\t\t<a href=\"https:\/\/zeleni-prsten.hr\/portal\/wp-content\/gallery\/pu-pokupski-bazen\/Crna-mlaka_safarek.jpg\"\n               title=\" \"\n               class=\"ngg-simplelightbox\" rel=\"d91cf98b85b3afe443a3b77c1cdc2916\" data-image-id=\"921\" data-src=\"https:\/\/zeleni-prsten.hr\/portal\/wp-content\/gallery\/pu-pokupski-bazen\/Crna-mlaka_safarek.jpg\" data-thumbnail=\"https:\/\/zeleni-prsten.hr\/portal\/wp-content\/gallery\/pu-pokupski-bazen\/cache\/Crna-mlaka_safarek.jpg-nggid03921-ngg0dyn-360x320x100-00f0w010c011r110f110r010t010.jpg\" data-title=\"Crna-mlaka_safarek\" data-description=\" \" >\n\t\t\t\t\t\t\t\t<img title=\"Crna-mlaka_safarek\" alt=\"Crna-mlaka_safarek\" src=\"https:\/\/zeleni-prsten.hr\/portal\/wp-content\/gallery\/pu-pokupski-bazen\/cache\/Crna-mlaka_safarek.jpg-nggid03921-ngg0dyn-360x320x100-00f0w010c011r110f110r010t010.jpg\" width='360' height='320' \/>\n\t\t\t\t\t\t\t<\/a>\n\t\t\t<span> <\/span>\n\t\t<\/div>\n\t<\/div>\n\t\t \t\t\n\t<div id=\"ngg-image-922\" class=\"ngg-gallery-thumbnail-box\"  >\n\t\t<div class=\"ngg-gallery-thumbnail\" >\n\t\t\t<a href=\"https:\/\/zeleni-prsten.hr\/portal\/wp-content\/gallery\/pu-pokupski-bazen\/Crna-Mlaka-karta.jpg\"\n               title=\" \"\n               class=\"ngg-simplelightbox\" rel=\"d91cf98b85b3afe443a3b77c1cdc2916\" data-image-id=\"922\" data-src=\"https:\/\/zeleni-prsten.hr\/portal\/wp-content\/gallery\/pu-pokupski-bazen\/Crna-Mlaka-karta.jpg\" data-thumbnail=\"https:\/\/zeleni-prsten.hr\/portal\/wp-content\/gallery\/pu-pokupski-bazen\/cache\/Crna-Mlaka-karta.jpg-nggid03922-ngg0dyn-360x320x100-00f0w010c011r110f110r010t010.jpg\" data-title=\"Crna-Mlaka-karta\" data-description=\" \" >\n\t\t\t\t\t\t\t\t<img title=\"Crna-Mlaka-karta\" alt=\"Crna-Mlaka-karta\" src=\"https:\/\/zeleni-prsten.hr\/portal\/wp-content\/gallery\/pu-pokupski-bazen\/cache\/Crna-Mlaka-karta.jpg-nggid03922-ngg0dyn-360x320x100-00f0w010c011r110f110r010t010.jpg\" width='360' height='320' \/>\n\t\t\t\t\t\t\t<\/a>\n\t\t\t<span> <\/span>\n\t\t<\/div>\n\t<\/div>\n\t\t \t \t\n\t<!-- Pagination -->\n \t<div class='ngg-clear'><\/div> \t\n<\/div>\n\n\n","protected":false},"excerpt":{"rendered":"<p>Druga dioni\u010dka radionica za izradu Plana upravljanja za\u0161ti\u0107enim podru\u010djima i podru\u010djima ekolo\u0161ke mre\u017ee Pokupskog bazena (PU 6045-1) odr\u017eana je u ponedjeljak, 27. o\u017eujka 2023. u Jastrebarskom. Teme radionice bile su komentari na opis podru\u010dja i evaluaciju stanja te prijedlozi aktivnosti [&hellip;]<\/p>\n","protected":false},"author":5,"featured_media":11682,"comment_status":"closed","ping_status":"closed","sticky":false,"template":"","format":"standard","meta":{"ngg_post_thumbnail":0},"categories":[59],"tags":[],"yoast_head":"<!-- This site is optimized with the Yoast SEO plugin v18.4.1 - https:\/\/yoast.com\/wordpress\/plugins\/seo\/ -->\n<title>Planovi upravljanja - radionica za o\u010duvanje omiljenih odmarali\u0161ta ptica - JU Zeleni prsten Zagreba\u010dke \u017eupanije<\/title>\n<meta name=\"robots\" content=\"index, follow, max-snippet:-1, max-image-preview:large, max-video-preview:-1\" \/>\n<link rel=\"canonical\" href=\"https:\/\/zeleni-prsten.hr\/portal\/planovi-upravljanja-radionica-za-ocuvanje-omiljenih-odmaralista-ptica\/\" \/>\n<meta property=\"og:locale\" content=\"hr_HR\" \/>\n<meta property=\"og:type\" content=\"article\" \/>\n<meta property=\"og:title\" content=\"Planovi upravljanja - radionica za o\u010duvanje omiljenih odmarali\u0161ta ptica - JU Zeleni prsten Zagreba\u010dke \u017eupanije\" \/>\n<meta property=\"og:description\" content=\"Druga dioni\u010dka radionica za izradu Plana upravljanja za\u0161ti\u0107enim podru\u010djima i podru\u010djima ekolo\u0161ke mre\u017ee Pokupskog bazena (PU 6045-1) odr\u017eana je u ponedjeljak, 27. o\u017eujka 2023. u Jastrebarskom. Teme radionice bile su komentari na opis podru\u010dja i evaluaciju stanja te prijedlozi aktivnosti [&hellip;]\" \/>\n<meta property=\"og:url\" content=\"https:\/\/zeleni-prsten.hr\/portal\/planovi-upravljanja-radionica-za-ocuvanje-omiljenih-odmaralista-ptica\/\" \/>\n<meta property=\"og:site_name\" content=\"JU Zeleni prsten Zagreba\u010dke \u017eupanije\" \/>\n<meta property=\"article:published_time\" content=\"2023-03-28T07:32:47+00:00\" \/>\n<meta property=\"article:modified_time\" content=\"2023-03-30T07:40:10+00:00\" \/>\n<meta property=\"og:image\" content=\"https:\/\/zeleni-prsten.hr\/portal\/wp-content\/uploads\/2022\/02\/Crna-Mlaka_Safarek-3.jpg\" \/>\n\t<meta property=\"og:image:width\" content=\"1620\" \/>\n\t<meta property=\"og:image:height\" content=\"1080\" \/>\n\t<meta property=\"og:image:type\" content=\"image\/jpeg\" \/>\n<meta name=\"twitter:card\" content=\"summary_large_image\" \/>\n<meta name=\"twitter:label1\" content=\"Napisao\/la\" \/>\n\t<meta name=\"twitter:data1\" content=\"\u017deljka \u0160abari\u0107\" \/>\n\t<meta name=\"twitter:label2\" content=\"Procijenjeno vrijeme \u010ditanja\" \/>\n\t<meta name=\"twitter:data2\" content=\"3 minute\" \/>\n<script type=\"application\/ld+json\" class=\"yoast-schema-graph\">{\"@context\":\"https:\/\/schema.org\",\"@graph\":[{\"@type\":\"WebSite\",\"@id\":\"https:\/\/zeleni-prsten.hr\/portal\/#website\",\"url\":\"https:\/\/zeleni-prsten.hr\/portal\/\",\"name\":\"JU Zeleni prsten Zagreba\u010dke \u017eupanije\",\"description\":\"JU Zeleni prsten Zagreba\u010dke \u017eupanije\",\"potentialAction\":[{\"@type\":\"SearchAction\",\"target\":{\"@type\":\"EntryPoint\",\"urlTemplate\":\"https:\/\/zeleni-prsten.hr\/portal\/?s={search_term_string}\"},\"query-input\":\"required name=search_term_string\"}],\"inLanguage\":\"hr\"},{\"@type\":\"ImageObject\",\"@id\":\"https:\/\/zeleni-prsten.hr\/portal\/planovi-upravljanja-radionica-za-ocuvanje-omiljenih-odmaralista-ptica\/#primaryimage\",\"inLanguage\":\"hr\",\"url\":\"https:\/\/zeleni-prsten.hr\/portal\/wp-content\/uploads\/2022\/02\/Crna-Mlaka_Safarek-3.jpg\",\"contentUrl\":\"https:\/\/zeleni-prsten.hr\/portal\/wp-content\/uploads\/2022\/02\/Crna-Mlaka_Safarek-3.jpg\",\"width\":1620,\"height\":1080},{\"@type\":\"WebPage\",\"@id\":\"https:\/\/zeleni-prsten.hr\/portal\/planovi-upravljanja-radionica-za-ocuvanje-omiljenih-odmaralista-ptica\/#webpage\",\"url\":\"https:\/\/zeleni-prsten.hr\/portal\/planovi-upravljanja-radionica-za-ocuvanje-omiljenih-odmaralista-ptica\/\",\"name\":\"Planovi upravljanja - radionica za o\u010duvanje omiljenih odmarali\u0161ta ptica - JU Zeleni prsten Zagreba\u010dke \u017eupanije\",\"isPartOf\":{\"@id\":\"https:\/\/zeleni-prsten.hr\/portal\/#website\"},\"primaryImageOfPage\":{\"@id\":\"https:\/\/zeleni-prsten.hr\/portal\/planovi-upravljanja-radionica-za-ocuvanje-omiljenih-odmaralista-ptica\/#primaryimage\"},\"datePublished\":\"2023-03-28T07:32:47+00:00\",\"dateModified\":\"2023-03-30T07:40:10+00:00\",\"author\":{\"@id\":\"https:\/\/zeleni-prsten.hr\/portal\/#\/schema\/person\/055e03bf54bb9f1861485d75b692e69e\"},\"breadcrumb\":{\"@id\":\"https:\/\/zeleni-prsten.hr\/portal\/planovi-upravljanja-radionica-za-ocuvanje-omiljenih-odmaralista-ptica\/#breadcrumb\"},\"inLanguage\":\"hr\",\"potentialAction\":[{\"@type\":\"ReadAction\",\"target\":[\"https:\/\/zeleni-prsten.hr\/portal\/planovi-upravljanja-radionica-za-ocuvanje-omiljenih-odmaralista-ptica\/\"]}]},{\"@type\":\"BreadcrumbList\",\"@id\":\"https:\/\/zeleni-prsten.hr\/portal\/planovi-upravljanja-radionica-za-ocuvanje-omiljenih-odmaralista-ptica\/#breadcrumb\",\"itemListElement\":[{\"@type\":\"ListItem\",\"position\":1,\"name\":\"Home\",\"item\":\"https:\/\/zeleni-prsten.hr\/portal\/\"},{\"@type\":\"ListItem\",\"position\":2,\"name\":\"Planovi upravljanja &#8211; radionica za o\u010duvanje omiljenih odmarali\u0161ta ptica\"}]},{\"@type\":\"Person\",\"@id\":\"https:\/\/zeleni-prsten.hr\/portal\/#\/schema\/person\/055e03bf54bb9f1861485d75b692e69e\",\"name\":\"\u017deljka \u0160abari\u0107\",\"url\":\"https:\/\/zeleni-prsten.hr\/portal\/author\/zeljka\/\"}]}<\/script>\n<!-- \/ Yoast SEO plugin. -->","yoast_head_json":{"title":"Planovi upravljanja - radionica za o\u010duvanje omiljenih odmarali\u0161ta ptica - JU Zeleni prsten Zagreba\u010dke \u017eupanije","robots":{"index":"index","follow":"follow","max-snippet":"max-snippet:-1","max-image-preview":"max-image-preview:large","max-video-preview":"max-video-preview:-1"},"canonical":"https:\/\/zeleni-prsten.hr\/portal\/planovi-upravljanja-radionica-za-ocuvanje-omiljenih-odmaralista-ptica\/","og_locale":"hr_HR","og_type":"article","og_title":"Planovi upravljanja - radionica za o\u010duvanje omiljenih odmarali\u0161ta ptica - JU Zeleni prsten Zagreba\u010dke \u017eupanije","og_description":"Druga dioni\u010dka radionica za izradu Plana upravljanja za\u0161ti\u0107enim podru\u010djima i podru\u010djima ekolo\u0161ke mre\u017ee Pokupskog bazena (PU 6045-1) odr\u017eana je u ponedjeljak, 27. o\u017eujka 2023. u Jastrebarskom. Teme radionice bile su komentari na opis podru\u010dja i evaluaciju stanja te prijedlozi aktivnosti [&hellip;]","og_url":"https:\/\/zeleni-prsten.hr\/portal\/planovi-upravljanja-radionica-za-ocuvanje-omiljenih-odmaralista-ptica\/","og_site_name":"JU Zeleni prsten Zagreba\u010dke \u017eupanije","article_published_time":"2023-03-28T07:32:47+00:00","article_modified_time":"2023-03-30T07:40:10+00:00","og_image":[{"width":1620,"height":1080,"url":"https:\/\/zeleni-prsten.hr\/portal\/wp-content\/uploads\/2022\/02\/Crna-Mlaka_Safarek-3.jpg","type":"image\/jpeg"}],"twitter_card":"summary_large_image","twitter_misc":{"Napisao\/la":"\u017deljka \u0160abari\u0107","Procijenjeno vrijeme \u010ditanja":"3 minute"},"schema":{"@context":"https:\/\/schema.org","@graph":[{"@type":"WebSite","@id":"https:\/\/zeleni-prsten.hr\/portal\/#website","url":"https:\/\/zeleni-prsten.hr\/portal\/","name":"JU Zeleni prsten Zagreba\u010dke \u017eupanije","description":"JU Zeleni prsten Zagreba\u010dke \u017eupanije","potentialAction":[{"@type":"SearchAction","target":{"@type":"EntryPoint","urlTemplate":"https:\/\/zeleni-prsten.hr\/portal\/?s={search_term_string}"},"query-input":"required name=search_term_string"}],"inLanguage":"hr"},{"@type":"ImageObject","@id":"https:\/\/zeleni-prsten.hr\/portal\/planovi-upravljanja-radionica-za-ocuvanje-omiljenih-odmaralista-ptica\/#primaryimage","inLanguage":"hr","url":"https:\/\/zeleni-prsten.hr\/portal\/wp-content\/uploads\/2022\/02\/Crna-Mlaka_Safarek-3.jpg","contentUrl":"https:\/\/zeleni-prsten.hr\/portal\/wp-content\/uploads\/2022\/02\/Crna-Mlaka_Safarek-3.jpg","width":1620,"height":1080},{"@type":"WebPage","@id":"https:\/\/zeleni-prsten.hr\/portal\/planovi-upravljanja-radionica-za-ocuvanje-omiljenih-odmaralista-ptica\/#webpage","url":"https:\/\/zeleni-prsten.hr\/portal\/planovi-upravljanja-radionica-za-ocuvanje-omiljenih-odmaralista-ptica\/","name":"Planovi upravljanja - radionica za o\u010duvanje omiljenih odmarali\u0161ta ptica - JU Zeleni prsten Zagreba\u010dke \u017eupanije","isPartOf":{"@id":"https:\/\/zeleni-prsten.hr\/portal\/#website"},"primaryImageOfPage":{"@id":"https:\/\/zeleni-prsten.hr\/portal\/planovi-upravljanja-radionica-za-ocuvanje-omiljenih-odmaralista-ptica\/#primaryimage"},"datePublished":"2023-03-28T07:32:47+00:00","dateModified":"2023-03-30T07:40:10+00:00","author":{"@id":"https:\/\/zeleni-prsten.hr\/portal\/#\/schema\/person\/055e03bf54bb9f1861485d75b692e69e"},"breadcrumb":{"@id":"https:\/\/zeleni-prsten.hr\/portal\/planovi-upravljanja-radionica-za-ocuvanje-omiljenih-odmaralista-ptica\/#breadcrumb"},"inLanguage":"hr","potentialAction":[{"@type":"ReadAction","target":["https:\/\/zeleni-prsten.hr\/portal\/planovi-upravljanja-radionica-za-ocuvanje-omiljenih-odmaralista-ptica\/"]}]},{"@type":"BreadcrumbList","@id":"https:\/\/zeleni-prsten.hr\/portal\/planovi-upravljanja-radionica-za-ocuvanje-omiljenih-odmaralista-ptica\/#breadcrumb","itemListElement":[{"@type":"ListItem","position":1,"name":"Home","item":"https:\/\/zeleni-prsten.hr\/portal\/"},{"@type":"ListItem","position":2,"name":"Planovi upravljanja &#8211; radionica za o\u010duvanje omiljenih odmarali\u0161ta ptica"}]},{"@type":"Person","@id":"https:\/\/zeleni-prsten.hr\/portal\/#\/schema\/person\/055e03bf54bb9f1861485d75b692e69e","name":"\u017deljka \u0160abari\u0107","url":"https:\/\/zeleni-prsten.hr\/portal\/author\/zeljka\/"}]}},"_links":{"self":[{"href":"https:\/\/zeleni-prsten.hr\/portal\/wp-json\/wp\/v2\/posts\/14434"}],"collection":[{"href":"https:\/\/zeleni-prsten.hr\/portal\/wp-json\/wp\/v2\/posts"}],"about":[{"href":"https:\/\/zeleni-prsten.hr\/portal\/wp-json\/wp\/v2\/types\/post"}],"author":[{"embeddable":true,"href":"https:\/\/zeleni-prsten.hr\/portal\/wp-json\/wp\/v2\/users\/5"}],"replies":[{"embeddable":true,"href":"https:\/\/zeleni-prsten.hr\/portal\/wp-json\/wp\/v2\/comments?post=14434"}],"version-history":[{"count":2,"href":"https:\/\/zeleni-prsten.hr\/portal\/wp-json\/wp\/v2\/posts\/14434\/revisions"}],"predecessor-version":[{"id":14447,"href":"https:\/\/zeleni-prsten.hr\/portal\/wp-json\/wp\/v2\/posts\/14434\/revisions\/14447"}],"wp:featuredmedia":[{"embeddable":true,"href":"https:\/\/zeleni-prsten.hr\/portal\/wp-json\/wp\/v2\/media\/11682"}],"wp:attachment":[{"href":"https:\/\/zeleni-prsten.hr\/portal\/wp-json\/wp\/v2\/media?parent=14434"}],"wp:term":[{"taxonomy":"category","embeddable":true,"href":"https:\/\/zeleni-prsten.hr\/portal\/wp-json\/wp\/v2\/categories?post=14434"},{"taxonomy":"post_tag","embeddable":true,"href":"https:\/\/zeleni-prsten.hr\/portal\/wp-json\/wp\/v2\/tags?post=14434"}],"curies":[{"name":"wp","href":"https:\/\/api.w.org\/{rel}","templated":true}]}}