{"id":14715,"date":"2023-05-12T11:17:37","date_gmt":"2023-05-12T09:17:37","guid":{"rendered":"https:\/\/zeleni-prsten.hr\/portal\/?p=14715"},"modified":"2023-05-12T11:17:37","modified_gmt":"2023-05-12T09:17:37","slug":"potvrdeni-novi-mladi-cuvari-prirode","status":"publish","type":"post","link":"https:\/\/zeleni-prsten.hr\/portal\/potvrdeni-novi-mladi-cuvari-prirode\/","title":{"rendered":"Potvr\u0111eni novi mladi \u010duvari prirode"},"content":{"rendered":"<p>Prva ovogodi\u0161nja radionica programa \u201eMladi \u010duvari prirode\u201c odr\u017eana je s u\u010denicima \u0161estih razreda O\u0160 Pavao Belas iz Brdovca. Prostor Lova\u010dkog doma Lova\u010dke udruge Srnjak iz Brdove\u010dkog Prigorja ponovno se pokazao kao dobra lokacija za u\u010denje u prirodnom okru\u017eenju.<\/p>\n<p>Ugodno prijepodne \u0161kolarci su proveli u\u010denjem o va\u017enosti za\u0161tite prirode, posebice o za\u0161ti\u0107enim podru\u010djima i podru\u010djima ekolo\u0161ke mre\u017ee na podru\u010dju Zagreba\u010dke \u017eupanije, sve u cilju izgradnje u\u010dinkovitijeg i odgovornog odnosa prema prirodi te podizanja stupnja razvijenosti svekolike ekolo\u0161ke svijesti.<\/p>\n<p>Osim toga, obra\u0111ivane su i teme vezane uz planiranje i siguran boravak u prirodi, o na\u010dinima ostvarivanja su\u017eivota \u010dovjeka i prirode, posebice na planu odr\u017eivog kori\u0161tenja prirodnih resursa, o va\u017enosti biljnog i \u017eivotinjskog svijeta u svakodnevnom \u017eivotu ljudi te ulozi i radu hrvatskih \u010duvara prirode kao i zna\u010daja i uloge mladih \u010duvara prirode u za\u0161titi prirode.<\/p>\n<p>Po zavr\u0161etku edukacije u\u010denicima su uru\u010deni prigodni pokloni i potvrde o zavr\u0161enom programu, kojima su u\u010denici potvr\u0111eni kao mladi \u010duvari prirode kako i nadalje mogli pro\u0161irivati svoja znanja iz za\u0161tite prirode.<\/p>\n\n<div class=\"ngg-galleryoverview ngg-template-caption\" id=\"ngg-gallery-dccfc0f1a5243c84472996a75e7de001-14715\">\n\n\n\t<!-- Thumbnails -->\n    \t\t\n\t<div id=\"ngg-image-1000\" class=\"ngg-gallery-thumbnail-box\"  >\n\t\t<div class=\"ngg-gallery-thumbnail\" >\n\t\t\t<a href=\"https:\/\/zeleni-prsten.hr\/portal\/wp-content\/gallery\/mladi-cuvari-prirode-1\/Mladi-cuvari-prirode-Brdovec-12.jpg\"\n               title=\" \"\n               class=\"ngg-simplelightbox\" rel=\"dccfc0f1a5243c84472996a75e7de001\" data-image-id=\"1000\" data-src=\"https:\/\/zeleni-prsten.hr\/portal\/wp-content\/gallery\/mladi-cuvari-prirode-1\/Mladi-cuvari-prirode-Brdovec-12.jpg\" data-thumbnail=\"https:\/\/zeleni-prsten.hr\/portal\/wp-content\/gallery\/mladi-cuvari-prirode-1\/cache\/Mladi-cuvari-prirode-Brdovec-12.jpg-nggid041000-ngg0dyn-360x320x100-00f0w010c011r110f110r010t010.jpg\" data-title=\"Mladi-cuvari-prirode-Brdovec-12\" data-description=\" \" >\n\t\t\t\t\t\t\t\t<img title=\"Mladi-cuvari-prirode-Brdovec-12\" alt=\"Mladi-cuvari-prirode-Brdovec-12\" src=\"https:\/\/zeleni-prsten.hr\/portal\/wp-content\/gallery\/mladi-cuvari-prirode-1\/cache\/Mladi-cuvari-prirode-Brdovec-12.jpg-nggid041000-ngg0dyn-360x320x100-00f0w010c011r110f110r010t010.jpg\" width='360' height='320' \/>\n\t\t\t\t\t\t\t<\/a>\n\t\t\t<span> <\/span>\n\t\t<\/div>\n\t<\/div>\n\t\t \t\t\n\t<div id=\"ngg-image-1001\" class=\"ngg-gallery-thumbnail-box\"  >\n\t\t<div class=\"ngg-gallery-thumbnail\" >\n\t\t\t<a href=\"https:\/\/zeleni-prsten.hr\/portal\/wp-content\/gallery\/mladi-cuvari-prirode-1\/Mladi-cuvari-prirode-Brdovec-13-e1683882833759.jpg\"\n               title=\" \"\n               class=\"ngg-simplelightbox\" rel=\"dccfc0f1a5243c84472996a75e7de001\" data-image-id=\"1001\" data-src=\"https:\/\/zeleni-prsten.hr\/portal\/wp-content\/gallery\/mladi-cuvari-prirode-1\/Mladi-cuvari-prirode-Brdovec-13-e1683882833759.jpg\" data-thumbnail=\"https:\/\/zeleni-prsten.hr\/portal\/wp-content\/gallery\/mladi-cuvari-prirode-1\/cache\/Mladi-cuvari-prirode-Brdovec-13-e1683882833759.jpg-nggid041001-ngg0dyn-360x320x100-00f0w010c011r110f110r010t010.jpg\" data-title=\"Mladi-cuvari-prirode-Brdovec-13-e1683882833759\" data-description=\" \" >\n\t\t\t\t\t\t\t\t<img title=\"Mladi-cuvari-prirode-Brdovec-13-e1683882833759\" alt=\"Mladi-cuvari-prirode-Brdovec-13-e1683882833759\" src=\"https:\/\/zeleni-prsten.hr\/portal\/wp-content\/gallery\/mladi-cuvari-prirode-1\/cache\/Mladi-cuvari-prirode-Brdovec-13-e1683882833759.jpg-nggid041001-ngg0dyn-360x320x100-00f0w010c011r110f110r010t010.jpg\" width='360' height='320' \/>\n\t\t\t\t\t\t\t<\/a>\n\t\t\t<span> <\/span>\n\t\t<\/div>\n\t<\/div>\n\t\t \t\t\n\t<div id=\"ngg-image-1002\" class=\"ngg-gallery-thumbnail-box\"  >\n\t\t<div class=\"ngg-gallery-thumbnail\" >\n\t\t\t<a href=\"https:\/\/zeleni-prsten.hr\/portal\/wp-content\/gallery\/mladi-cuvari-prirode-1\/Mladi-cuvari-prirode-Brdovec-14.jpg\"\n               title=\" \"\n               class=\"ngg-simplelightbox\" rel=\"dccfc0f1a5243c84472996a75e7de001\" data-image-id=\"1002\" data-src=\"https:\/\/zeleni-prsten.hr\/portal\/wp-content\/gallery\/mladi-cuvari-prirode-1\/Mladi-cuvari-prirode-Brdovec-14.jpg\" data-thumbnail=\"https:\/\/zeleni-prsten.hr\/portal\/wp-content\/gallery\/mladi-cuvari-prirode-1\/cache\/Mladi-cuvari-prirode-Brdovec-14.jpg-nggid041002-ngg0dyn-360x320x100-00f0w010c011r110f110r010t010.jpg\" data-title=\"Mladi-cuvari-prirode-Brdovec-14\" data-description=\" \" >\n\t\t\t\t\t\t\t\t<img title=\"Mladi-cuvari-prirode-Brdovec-14\" alt=\"Mladi-cuvari-prirode-Brdovec-14\" src=\"https:\/\/zeleni-prsten.hr\/portal\/wp-content\/gallery\/mladi-cuvari-prirode-1\/cache\/Mladi-cuvari-prirode-Brdovec-14.jpg-nggid041002-ngg0dyn-360x320x100-00f0w010c011r110f110r010t010.jpg\" width='360' height='320' \/>\n\t\t\t\t\t\t\t<\/a>\n\t\t\t<span> <\/span>\n\t\t<\/div>\n\t<\/div>\n\t\t \t\t\n\t<div id=\"ngg-image-1003\" class=\"ngg-gallery-thumbnail-box\"  >\n\t\t<div class=\"ngg-gallery-thumbnail\" >\n\t\t\t<a href=\"https:\/\/zeleni-prsten.hr\/portal\/wp-content\/gallery\/mladi-cuvari-prirode-1\/Mladi-cuvari-prirode-Brdovec-15-e1683882841959.jpg\"\n               title=\" \"\n               class=\"ngg-simplelightbox\" rel=\"dccfc0f1a5243c84472996a75e7de001\" data-image-id=\"1003\" data-src=\"https:\/\/zeleni-prsten.hr\/portal\/wp-content\/gallery\/mladi-cuvari-prirode-1\/Mladi-cuvari-prirode-Brdovec-15-e1683882841959.jpg\" data-thumbnail=\"https:\/\/zeleni-prsten.hr\/portal\/wp-content\/gallery\/mladi-cuvari-prirode-1\/cache\/Mladi-cuvari-prirode-Brdovec-15-e1683882841959.jpg-nggid041003-ngg0dyn-360x320x100-00f0w010c011r110f110r010t010.jpg\" data-title=\"Mladi-cuvari-prirode-Brdovec-15-e1683882841959\" data-description=\" \" >\n\t\t\t\t\t\t\t\t<img title=\"Mladi-cuvari-prirode-Brdovec-15-e1683882841959\" alt=\"Mladi-cuvari-prirode-Brdovec-15-e1683882841959\" src=\"https:\/\/zeleni-prsten.hr\/portal\/wp-content\/gallery\/mladi-cuvari-prirode-1\/cache\/Mladi-cuvari-prirode-Brdovec-15-e1683882841959.jpg-nggid041003-ngg0dyn-360x320x100-00f0w010c011r110f110r010t010.jpg\" width='360' height='320' \/>\n\t\t\t\t\t\t\t<\/a>\n\t\t\t<span> <\/span>\n\t\t<\/div>\n\t<\/div>\n\t\t \t\t\n\t<div id=\"ngg-image-1004\" class=\"ngg-gallery-thumbnail-box\"  >\n\t\t<div class=\"ngg-gallery-thumbnail\" >\n\t\t\t<a href=\"https:\/\/zeleni-prsten.hr\/portal\/wp-content\/gallery\/mladi-cuvari-prirode-1\/Mladi-cuvari-prirode-Brdovec-16-e1683882849940.jpg\"\n               title=\" \"\n               class=\"ngg-simplelightbox\" rel=\"dccfc0f1a5243c84472996a75e7de001\" data-image-id=\"1004\" data-src=\"https:\/\/zeleni-prsten.hr\/portal\/wp-content\/gallery\/mladi-cuvari-prirode-1\/Mladi-cuvari-prirode-Brdovec-16-e1683882849940.jpg\" data-thumbnail=\"https:\/\/zeleni-prsten.hr\/portal\/wp-content\/gallery\/mladi-cuvari-prirode-1\/cache\/Mladi-cuvari-prirode-Brdovec-16-e1683882849940.jpg-nggid041004-ngg0dyn-360x320x100-00f0w010c011r110f110r010t010.jpg\" data-title=\"Mladi-cuvari-prirode-Brdovec-16-e1683882849940\" data-description=\" \" >\n\t\t\t\t\t\t\t\t<img title=\"Mladi-cuvari-prirode-Brdovec-16-e1683882849940\" alt=\"Mladi-cuvari-prirode-Brdovec-16-e1683882849940\" src=\"https:\/\/zeleni-prsten.hr\/portal\/wp-content\/gallery\/mladi-cuvari-prirode-1\/cache\/Mladi-cuvari-prirode-Brdovec-16-e1683882849940.jpg-nggid041004-ngg0dyn-360x320x100-00f0w010c011r110f110r010t010.jpg\" width='360' height='320' \/>\n\t\t\t\t\t\t\t<\/a>\n\t\t\t<span> <\/span>\n\t\t<\/div>\n\t<\/div>\n\t\t \t\t\n\t<div id=\"ngg-image-1005\" class=\"ngg-gallery-thumbnail-box\"  >\n\t\t<div class=\"ngg-gallery-thumbnail\" >\n\t\t\t<a href=\"https:\/\/zeleni-prsten.hr\/portal\/wp-content\/gallery\/mladi-cuvari-prirode-1\/Mladi-cuvari-prirode-Brdovec-17-e1683882859794.jpg\"\n               title=\" \"\n               class=\"ngg-simplelightbox\" rel=\"dccfc0f1a5243c84472996a75e7de001\" data-image-id=\"1005\" data-src=\"https:\/\/zeleni-prsten.hr\/portal\/wp-content\/gallery\/mladi-cuvari-prirode-1\/Mladi-cuvari-prirode-Brdovec-17-e1683882859794.jpg\" data-thumbnail=\"https:\/\/zeleni-prsten.hr\/portal\/wp-content\/gallery\/mladi-cuvari-prirode-1\/cache\/Mladi-cuvari-prirode-Brdovec-17-e1683882859794.jpg-nggid041005-ngg0dyn-360x320x100-00f0w010c011r110f110r010t010.jpg\" data-title=\"Mladi-cuvari-prirode-Brdovec-17-e1683882859794\" data-description=\" \" >\n\t\t\t\t\t\t\t\t<img title=\"Mladi-cuvari-prirode-Brdovec-17-e1683882859794\" alt=\"Mladi-cuvari-prirode-Brdovec-17-e1683882859794\" src=\"https:\/\/zeleni-prsten.hr\/portal\/wp-content\/gallery\/mladi-cuvari-prirode-1\/cache\/Mladi-cuvari-prirode-Brdovec-17-e1683882859794.jpg-nggid041005-ngg0dyn-360x320x100-00f0w010c011r110f110r010t010.jpg\" width='360' height='320' \/>\n\t\t\t\t\t\t\t<\/a>\n\t\t\t<span> <\/span>\n\t\t<\/div>\n\t<\/div>\n\t\t \t\t\n\t<div id=\"ngg-image-1006\" class=\"ngg-gallery-thumbnail-box\"  >\n\t\t<div class=\"ngg-gallery-thumbnail\" >\n\t\t\t<a href=\"https:\/\/zeleni-prsten.hr\/portal\/wp-content\/gallery\/mladi-cuvari-prirode-1\/Mladi-cuvari-prirode-Brdovec-3.jpg\"\n               title=\" \"\n               class=\"ngg-simplelightbox\" rel=\"dccfc0f1a5243c84472996a75e7de001\" data-image-id=\"1006\" data-src=\"https:\/\/zeleni-prsten.hr\/portal\/wp-content\/gallery\/mladi-cuvari-prirode-1\/Mladi-cuvari-prirode-Brdovec-3.jpg\" data-thumbnail=\"https:\/\/zeleni-prsten.hr\/portal\/wp-content\/gallery\/mladi-cuvari-prirode-1\/cache\/Mladi-cuvari-prirode-Brdovec-3.jpg-nggid041006-ngg0dyn-360x320x100-00f0w010c011r110f110r010t010.jpg\" data-title=\"Mladi-cuvari-prirode-Brdovec-3\" data-description=\" \" >\n\t\t\t\t\t\t\t\t<img title=\"Mladi-cuvari-prirode-Brdovec-3\" alt=\"Mladi-cuvari-prirode-Brdovec-3\" src=\"https:\/\/zeleni-prsten.hr\/portal\/wp-content\/gallery\/mladi-cuvari-prirode-1\/cache\/Mladi-cuvari-prirode-Brdovec-3.jpg-nggid041006-ngg0dyn-360x320x100-00f0w010c011r110f110r010t010.jpg\" width='360' height='320' \/>\n\t\t\t\t\t\t\t<\/a>\n\t\t\t<span> <\/span>\n\t\t<\/div>\n\t<\/div>\n\t\t \t\t\n\t<div id=\"ngg-image-1007\" class=\"ngg-gallery-thumbnail-box\"  >\n\t\t<div class=\"ngg-gallery-thumbnail\" >\n\t\t\t<a href=\"https:\/\/zeleni-prsten.hr\/portal\/wp-content\/gallery\/mladi-cuvari-prirode-1\/Mladi-cuvari-prirode-Brdovec-5.jpg\"\n               title=\" \"\n               class=\"ngg-simplelightbox\" rel=\"dccfc0f1a5243c84472996a75e7de001\" data-image-id=\"1007\" data-src=\"https:\/\/zeleni-prsten.hr\/portal\/wp-content\/gallery\/mladi-cuvari-prirode-1\/Mladi-cuvari-prirode-Brdovec-5.jpg\" data-thumbnail=\"https:\/\/zeleni-prsten.hr\/portal\/wp-content\/gallery\/mladi-cuvari-prirode-1\/cache\/Mladi-cuvari-prirode-Brdovec-5.jpg-nggid041007-ngg0dyn-360x320x100-00f0w010c011r110f110r010t010.jpg\" data-title=\"Mladi-cuvari-prirode-Brdovec-5\" data-description=\" \" >\n\t\t\t\t\t\t\t\t<img title=\"Mladi-cuvari-prirode-Brdovec-5\" alt=\"Mladi-cuvari-prirode-Brdovec-5\" src=\"https:\/\/zeleni-prsten.hr\/portal\/wp-content\/gallery\/mladi-cuvari-prirode-1\/cache\/Mladi-cuvari-prirode-Brdovec-5.jpg-nggid041007-ngg0dyn-360x320x100-00f0w010c011r110f110r010t010.jpg\" width='360' height='320' \/>\n\t\t\t\t\t\t\t<\/a>\n\t\t\t<span> <\/span>\n\t\t<\/div>\n\t<\/div>\n\t\t \t\t\n\t<div id=\"ngg-image-1008\" class=\"ngg-gallery-thumbnail-box\"  >\n\t\t<div class=\"ngg-gallery-thumbnail\" >\n\t\t\t<a href=\"https:\/\/zeleni-prsten.hr\/portal\/wp-content\/gallery\/mladi-cuvari-prirode-1\/Mladi-cuvari-prirode-Brdovec-6.jpg\"\n               title=\" \"\n               class=\"ngg-simplelightbox\" rel=\"dccfc0f1a5243c84472996a75e7de001\" data-image-id=\"1008\" data-src=\"https:\/\/zeleni-prsten.hr\/portal\/wp-content\/gallery\/mladi-cuvari-prirode-1\/Mladi-cuvari-prirode-Brdovec-6.jpg\" data-thumbnail=\"https:\/\/zeleni-prsten.hr\/portal\/wp-content\/gallery\/mladi-cuvari-prirode-1\/cache\/Mladi-cuvari-prirode-Brdovec-6.jpg-nggid041008-ngg0dyn-360x320x100-00f0w010c011r110f110r010t010.jpg\" data-title=\"Mladi-cuvari-prirode-Brdovec-6\" data-description=\" \" >\n\t\t\t\t\t\t\t\t<img title=\"Mladi-cuvari-prirode-Brdovec-6\" alt=\"Mladi-cuvari-prirode-Brdovec-6\" src=\"https:\/\/zeleni-prsten.hr\/portal\/wp-content\/gallery\/mladi-cuvari-prirode-1\/cache\/Mladi-cuvari-prirode-Brdovec-6.jpg-nggid041008-ngg0dyn-360x320x100-00f0w010c011r110f110r010t010.jpg\" width='360' height='320' \/>\n\t\t\t\t\t\t\t<\/a>\n\t\t\t<span> <\/span>\n\t\t<\/div>\n\t<\/div>\n\t\t \t\t\n\t<div id=\"ngg-image-1009\" class=\"ngg-gallery-thumbnail-box\"  >\n\t\t<div class=\"ngg-gallery-thumbnail\" >\n\t\t\t<a href=\"https:\/\/zeleni-prsten.hr\/portal\/wp-content\/gallery\/mladi-cuvari-prirode-1\/Mladi-cuvari-prirode-Brdovec-7.jpg\"\n               title=\" \"\n               class=\"ngg-simplelightbox\" rel=\"dccfc0f1a5243c84472996a75e7de001\" data-image-id=\"1009\" data-src=\"https:\/\/zeleni-prsten.hr\/portal\/wp-content\/gallery\/mladi-cuvari-prirode-1\/Mladi-cuvari-prirode-Brdovec-7.jpg\" data-thumbnail=\"https:\/\/zeleni-prsten.hr\/portal\/wp-content\/gallery\/mladi-cuvari-prirode-1\/cache\/Mladi-cuvari-prirode-Brdovec-7.jpg-nggid041009-ngg0dyn-360x320x100-00f0w010c011r110f110r010t010.jpg\" data-title=\"Mladi-cuvari-prirode-Brdovec-7\" data-description=\" \" >\n\t\t\t\t\t\t\t\t<img title=\"Mladi-cuvari-prirode-Brdovec-7\" alt=\"Mladi-cuvari-prirode-Brdovec-7\" src=\"https:\/\/zeleni-prsten.hr\/portal\/wp-content\/gallery\/mladi-cuvari-prirode-1\/cache\/Mladi-cuvari-prirode-Brdovec-7.jpg-nggid041009-ngg0dyn-360x320x100-00f0w010c011r110f110r010t010.jpg\" width='360' height='320' \/>\n\t\t\t\t\t\t\t<\/a>\n\t\t\t<span> <\/span>\n\t\t<\/div>\n\t<\/div>\n\t\t \t\t\n\t<div id=\"ngg-image-1010\" class=\"ngg-gallery-thumbnail-box\"  >\n\t\t<div class=\"ngg-gallery-thumbnail\" >\n\t\t\t<a href=\"https:\/\/zeleni-prsten.hr\/portal\/wp-content\/gallery\/mladi-cuvari-prirode-1\/Mladi-cuvari-prirode-Brdovec-8.jpg\"\n               title=\" \"\n               class=\"ngg-simplelightbox\" rel=\"dccfc0f1a5243c84472996a75e7de001\" data-image-id=\"1010\" data-src=\"https:\/\/zeleni-prsten.hr\/portal\/wp-content\/gallery\/mladi-cuvari-prirode-1\/Mladi-cuvari-prirode-Brdovec-8.jpg\" data-thumbnail=\"https:\/\/zeleni-prsten.hr\/portal\/wp-content\/gallery\/mladi-cuvari-prirode-1\/cache\/Mladi-cuvari-prirode-Brdovec-8.jpg-nggid041010-ngg0dyn-360x320x100-00f0w010c011r110f110r010t010.jpg\" data-title=\"Mladi-cuvari-prirode-Brdovec-8\" data-description=\" \" >\n\t\t\t\t\t\t\t\t<img title=\"Mladi-cuvari-prirode-Brdovec-8\" alt=\"Mladi-cuvari-prirode-Brdovec-8\" src=\"https:\/\/zeleni-prsten.hr\/portal\/wp-content\/gallery\/mladi-cuvari-prirode-1\/cache\/Mladi-cuvari-prirode-Brdovec-8.jpg-nggid041010-ngg0dyn-360x320x100-00f0w010c011r110f110r010t010.jpg\" width='360' height='320' \/>\n\t\t\t\t\t\t\t<\/a>\n\t\t\t<span> <\/span>\n\t\t<\/div>\n\t<\/div>\n\t\t \t\t\n\t<div id=\"ngg-image-1011\" class=\"ngg-gallery-thumbnail-box\"  >\n\t\t<div class=\"ngg-gallery-thumbnail\" >\n\t\t\t<a href=\"https:\/\/zeleni-prsten.hr\/portal\/wp-content\/gallery\/mladi-cuvari-prirode-1\/Mladi-cuvari-prirode-Brdovec-9.jpg\"\n               title=\" \"\n               class=\"ngg-simplelightbox\" rel=\"dccfc0f1a5243c84472996a75e7de001\" data-image-id=\"1011\" data-src=\"https:\/\/zeleni-prsten.hr\/portal\/wp-content\/gallery\/mladi-cuvari-prirode-1\/Mladi-cuvari-prirode-Brdovec-9.jpg\" data-thumbnail=\"https:\/\/zeleni-prsten.hr\/portal\/wp-content\/gallery\/mladi-cuvari-prirode-1\/cache\/Mladi-cuvari-prirode-Brdovec-9.jpg-nggid041011-ngg0dyn-360x320x100-00f0w010c011r110f110r010t010.jpg\" data-title=\"Mladi-cuvari-prirode-Brdovec-9\" data-description=\" \" >\n\t\t\t\t\t\t\t\t<img title=\"Mladi-cuvari-prirode-Brdovec-9\" alt=\"Mladi-cuvari-prirode-Brdovec-9\" src=\"https:\/\/zeleni-prsten.hr\/portal\/wp-content\/gallery\/mladi-cuvari-prirode-1\/cache\/Mladi-cuvari-prirode-Brdovec-9.jpg-nggid041011-ngg0dyn-360x320x100-00f0w010c011r110f110r010t010.jpg\" width='360' height='320' \/>\n\t\t\t\t\t\t\t<\/a>\n\t\t\t<span> <\/span>\n\t\t<\/div>\n\t<\/div>\n\t\t \t\t\n\t<div id=\"ngg-image-1012\" class=\"ngg-gallery-thumbnail-box\"  >\n\t\t<div class=\"ngg-gallery-thumbnail\" >\n\t\t\t<a href=\"https:\/\/zeleni-prsten.hr\/portal\/wp-content\/gallery\/mladi-cuvari-prirode-1\/Mladi-cuvari-prirode-Brdovec-10.jpg\"\n               title=\" \"\n               class=\"ngg-simplelightbox\" rel=\"dccfc0f1a5243c84472996a75e7de001\" data-image-id=\"1012\" data-src=\"https:\/\/zeleni-prsten.hr\/portal\/wp-content\/gallery\/mladi-cuvari-prirode-1\/Mladi-cuvari-prirode-Brdovec-10.jpg\" data-thumbnail=\"https:\/\/zeleni-prsten.hr\/portal\/wp-content\/gallery\/mladi-cuvari-prirode-1\/cache\/Mladi-cuvari-prirode-Brdovec-10.jpg-nggid041012-ngg0dyn-360x320x100-00f0w010c011r110f110r010t010.jpg\" data-title=\"Mladi-cuvari-prirode-Brdovec-10\" data-description=\" \" >\n\t\t\t\t\t\t\t\t<img title=\"Mladi-cuvari-prirode-Brdovec-10\" alt=\"Mladi-cuvari-prirode-Brdovec-10\" src=\"https:\/\/zeleni-prsten.hr\/portal\/wp-content\/gallery\/mladi-cuvari-prirode-1\/cache\/Mladi-cuvari-prirode-Brdovec-10.jpg-nggid041012-ngg0dyn-360x320x100-00f0w010c011r110f110r010t010.jpg\" width='360' height='320' \/>\n\t\t\t\t\t\t\t<\/a>\n\t\t\t<span> <\/span>\n\t\t<\/div>\n\t<\/div>\n\t\t \t\t\n\t<div id=\"ngg-image-1013\" class=\"ngg-gallery-thumbnail-box\"  >\n\t\t<div class=\"ngg-gallery-thumbnail\" >\n\t\t\t<a href=\"https:\/\/zeleni-prsten.hr\/portal\/wp-content\/gallery\/mladi-cuvari-prirode-1\/Mladi-cuvari-prirode-Brdovec-11.jpg\"\n               title=\" \"\n               class=\"ngg-simplelightbox\" rel=\"dccfc0f1a5243c84472996a75e7de001\" data-image-id=\"1013\" data-src=\"https:\/\/zeleni-prsten.hr\/portal\/wp-content\/gallery\/mladi-cuvari-prirode-1\/Mladi-cuvari-prirode-Brdovec-11.jpg\" data-thumbnail=\"https:\/\/zeleni-prsten.hr\/portal\/wp-content\/gallery\/mladi-cuvari-prirode-1\/cache\/Mladi-cuvari-prirode-Brdovec-11.jpg-nggid041013-ngg0dyn-360x320x100-00f0w010c011r110f110r010t010.jpg\" data-title=\"Mladi-cuvari-prirode-Brdovec-11\" data-description=\" \" >\n\t\t\t\t\t\t\t\t<img title=\"Mladi-cuvari-prirode-Brdovec-11\" alt=\"Mladi-cuvari-prirode-Brdovec-11\" src=\"https:\/\/zeleni-prsten.hr\/portal\/wp-content\/gallery\/mladi-cuvari-prirode-1\/cache\/Mladi-cuvari-prirode-Brdovec-11.jpg-nggid041013-ngg0dyn-360x320x100-00f0w010c011r110f110r010t010.jpg\" width='360' height='320' \/>\n\t\t\t\t\t\t\t<\/a>\n\t\t\t<span> <\/span>\n\t\t<\/div>\n\t<\/div>\n\t\t \t \t\n\t<!-- Pagination -->\n \t<div class='ngg-clear'><\/div> \t\n<\/div>\n\n\n<p>&nbsp;<\/p>\n","protected":false},"excerpt":{"rendered":"<p>Prva ovogodi\u0161nja radionica programa \u201eMladi \u010duvari prirode\u201c odr\u017eana je s u\u010denicima \u0161estih razreda O\u0160 Pavao Belas iz Brdovca. Prostor Lova\u010dkog doma Lova\u010dke udruge Srnjak iz Brdove\u010dkog Prigorja ponovno se pokazao kao dobra lokacija za u\u010denje u prirodnom okru\u017eenju. Ugodno prijepodne [&hellip;]<\/p>\n","protected":false},"author":5,"featured_media":14716,"comment_status":"closed","ping_status":"closed","sticky":false,"template":"","format":"standard","meta":{"ngg_post_thumbnail":0},"categories":[59],"tags":[65,67,538,147,79,81],"yoast_head":"<!-- This site is optimized with the Yoast SEO plugin v18.4.1 - https:\/\/yoast.com\/wordpress\/plugins\/seo\/ -->\n<title>Potvr\u0111eni novi mladi \u010duvari prirode - JU Zeleni prsten Zagreba\u010dke \u017eupanije<\/title>\n<meta name=\"robots\" content=\"index, follow, max-snippet:-1, max-image-preview:large, max-video-preview:-1\" \/>\n<link rel=\"canonical\" href=\"https:\/\/zeleni-prsten.hr\/portal\/potvrdeni-novi-mladi-cuvari-prirode\/\" \/>\n<meta property=\"og:locale\" content=\"hr_HR\" \/>\n<meta property=\"og:type\" content=\"article\" \/>\n<meta property=\"og:title\" content=\"Potvr\u0111eni novi mladi \u010duvari prirode - JU Zeleni prsten Zagreba\u010dke \u017eupanije\" \/>\n<meta property=\"og:description\" content=\"Prva ovogodi\u0161nja radionica programa \u201eMladi \u010duvari prirode\u201c odr\u017eana je s u\u010denicima \u0161estih razreda O\u0160 Pavao Belas iz Brdovca. Prostor Lova\u010dkog doma Lova\u010dke udruge Srnjak iz Brdove\u010dkog Prigorja ponovno se pokazao kao dobra lokacija za u\u010denje u prirodnom okru\u017eenju. Ugodno prijepodne [&hellip;]\" \/>\n<meta property=\"og:url\" content=\"https:\/\/zeleni-prsten.hr\/portal\/potvrdeni-novi-mladi-cuvari-prirode\/\" \/>\n<meta property=\"og:site_name\" content=\"JU Zeleni prsten Zagreba\u010dke \u017eupanije\" \/>\n<meta property=\"article:published_time\" content=\"2023-05-12T09:17:37+00:00\" \/>\n<meta property=\"og:image\" content=\"https:\/\/zeleni-prsten.hr\/portal\/wp-content\/uploads\/2023\/05\/Mladi-cuvari-prirode-Brdovec-12.jpg\" \/>\n\t<meta property=\"og:image:width\" content=\"1920\" \/>\n\t<meta property=\"og:image:height\" content=\"1440\" \/>\n\t<meta property=\"og:image:type\" content=\"image\/jpeg\" \/>\n<meta name=\"twitter:card\" content=\"summary_large_image\" \/>\n<meta name=\"twitter:label1\" content=\"Napisao\/la\" \/>\n\t<meta name=\"twitter:data1\" content=\"\u017deljka \u0160abari\u0107\" \/>\n\t<meta name=\"twitter:label2\" content=\"Procijenjeno vrijeme \u010ditanja\" \/>\n\t<meta name=\"twitter:data2\" content=\"1 minuta\" \/>\n<script type=\"application\/ld+json\" class=\"yoast-schema-graph\">{\"@context\":\"https:\/\/schema.org\",\"@graph\":[{\"@type\":\"WebSite\",\"@id\":\"https:\/\/zeleni-prsten.hr\/portal\/#website\",\"url\":\"https:\/\/zeleni-prsten.hr\/portal\/\",\"name\":\"JU Zeleni prsten Zagreba\u010dke \u017eupanije\",\"description\":\"JU Zeleni prsten Zagreba\u010dke \u017eupanije\",\"potentialAction\":[{\"@type\":\"SearchAction\",\"target\":{\"@type\":\"EntryPoint\",\"urlTemplate\":\"https:\/\/zeleni-prsten.hr\/portal\/?s={search_term_string}\"},\"query-input\":\"required name=search_term_string\"}],\"inLanguage\":\"hr\"},{\"@type\":\"ImageObject\",\"@id\":\"https:\/\/zeleni-prsten.hr\/portal\/potvrdeni-novi-mladi-cuvari-prirode\/#primaryimage\",\"inLanguage\":\"hr\",\"url\":\"https:\/\/zeleni-prsten.hr\/portal\/wp-content\/uploads\/2023\/05\/Mladi-cuvari-prirode-Brdovec-12.jpg\",\"contentUrl\":\"https:\/\/zeleni-prsten.hr\/portal\/wp-content\/uploads\/2023\/05\/Mladi-cuvari-prirode-Brdovec-12.jpg\",\"width\":1920,\"height\":1440},{\"@type\":\"WebPage\",\"@id\":\"https:\/\/zeleni-prsten.hr\/portal\/potvrdeni-novi-mladi-cuvari-prirode\/#webpage\",\"url\":\"https:\/\/zeleni-prsten.hr\/portal\/potvrdeni-novi-mladi-cuvari-prirode\/\",\"name\":\"Potvr\u0111eni novi mladi \u010duvari prirode - JU Zeleni prsten Zagreba\u010dke \u017eupanije\",\"isPartOf\":{\"@id\":\"https:\/\/zeleni-prsten.hr\/portal\/#website\"},\"primaryImageOfPage\":{\"@id\":\"https:\/\/zeleni-prsten.hr\/portal\/potvrdeni-novi-mladi-cuvari-prirode\/#primaryimage\"},\"datePublished\":\"2023-05-12T09:17:37+00:00\",\"dateModified\":\"2023-05-12T09:17:37+00:00\",\"author\":{\"@id\":\"https:\/\/zeleni-prsten.hr\/portal\/#\/schema\/person\/055e03bf54bb9f1861485d75b692e69e\"},\"breadcrumb\":{\"@id\":\"https:\/\/zeleni-prsten.hr\/portal\/potvrdeni-novi-mladi-cuvari-prirode\/#breadcrumb\"},\"inLanguage\":\"hr\",\"potentialAction\":[{\"@type\":\"ReadAction\",\"target\":[\"https:\/\/zeleni-prsten.hr\/portal\/potvrdeni-novi-mladi-cuvari-prirode\/\"]}]},{\"@type\":\"BreadcrumbList\",\"@id\":\"https:\/\/zeleni-prsten.hr\/portal\/potvrdeni-novi-mladi-cuvari-prirode\/#breadcrumb\",\"itemListElement\":[{\"@type\":\"ListItem\",\"position\":1,\"name\":\"Home\",\"item\":\"https:\/\/zeleni-prsten.hr\/portal\/\"},{\"@type\":\"ListItem\",\"position\":2,\"name\":\"Potvr\u0111eni novi mladi \u010duvari prirode\"}]},{\"@type\":\"Person\",\"@id\":\"https:\/\/zeleni-prsten.hr\/portal\/#\/schema\/person\/055e03bf54bb9f1861485d75b692e69e\",\"name\":\"\u017deljka \u0160abari\u0107\",\"url\":\"https:\/\/zeleni-prsten.hr\/portal\/author\/zeljka\/\"}]}<\/script>\n<!-- \/ Yoast SEO plugin. -->","yoast_head_json":{"title":"Potvr\u0111eni novi mladi \u010duvari prirode - JU Zeleni prsten Zagreba\u010dke \u017eupanije","robots":{"index":"index","follow":"follow","max-snippet":"max-snippet:-1","max-image-preview":"max-image-preview:large","max-video-preview":"max-video-preview:-1"},"canonical":"https:\/\/zeleni-prsten.hr\/portal\/potvrdeni-novi-mladi-cuvari-prirode\/","og_locale":"hr_HR","og_type":"article","og_title":"Potvr\u0111eni novi mladi \u010duvari prirode - JU Zeleni prsten Zagreba\u010dke \u017eupanije","og_description":"Prva ovogodi\u0161nja radionica programa \u201eMladi \u010duvari prirode\u201c odr\u017eana je s u\u010denicima \u0161estih razreda O\u0160 Pavao Belas iz Brdovca. Prostor Lova\u010dkog doma Lova\u010dke udruge Srnjak iz Brdove\u010dkog Prigorja ponovno se pokazao kao dobra lokacija za u\u010denje u prirodnom okru\u017eenju. Ugodno prijepodne [&hellip;]","og_url":"https:\/\/zeleni-prsten.hr\/portal\/potvrdeni-novi-mladi-cuvari-prirode\/","og_site_name":"JU Zeleni prsten Zagreba\u010dke \u017eupanije","article_published_time":"2023-05-12T09:17:37+00:00","og_image":[{"width":1920,"height":1440,"url":"https:\/\/zeleni-prsten.hr\/portal\/wp-content\/uploads\/2023\/05\/Mladi-cuvari-prirode-Brdovec-12.jpg","type":"image\/jpeg"}],"twitter_card":"summary_large_image","twitter_misc":{"Napisao\/la":"\u017deljka \u0160abari\u0107","Procijenjeno vrijeme \u010ditanja":"1 minuta"},"schema":{"@context":"https:\/\/schema.org","@graph":[{"@type":"WebSite","@id":"https:\/\/zeleni-prsten.hr\/portal\/#website","url":"https:\/\/zeleni-prsten.hr\/portal\/","name":"JU Zeleni prsten Zagreba\u010dke \u017eupanije","description":"JU Zeleni prsten Zagreba\u010dke \u017eupanije","potentialAction":[{"@type":"SearchAction","target":{"@type":"EntryPoint","urlTemplate":"https:\/\/zeleni-prsten.hr\/portal\/?s={search_term_string}"},"query-input":"required name=search_term_string"}],"inLanguage":"hr"},{"@type":"ImageObject","@id":"https:\/\/zeleni-prsten.hr\/portal\/potvrdeni-novi-mladi-cuvari-prirode\/#primaryimage","inLanguage":"hr","url":"https:\/\/zeleni-prsten.hr\/portal\/wp-content\/uploads\/2023\/05\/Mladi-cuvari-prirode-Brdovec-12.jpg","contentUrl":"https:\/\/zeleni-prsten.hr\/portal\/wp-content\/uploads\/2023\/05\/Mladi-cuvari-prirode-Brdovec-12.jpg","width":1920,"height":1440},{"@type":"WebPage","@id":"https:\/\/zeleni-prsten.hr\/portal\/potvrdeni-novi-mladi-cuvari-prirode\/#webpage","url":"https:\/\/zeleni-prsten.hr\/portal\/potvrdeni-novi-mladi-cuvari-prirode\/","name":"Potvr\u0111eni novi mladi \u010duvari prirode - JU Zeleni prsten Zagreba\u010dke \u017eupanije","isPartOf":{"@id":"https:\/\/zeleni-prsten.hr\/portal\/#website"},"primaryImageOfPage":{"@id":"https:\/\/zeleni-prsten.hr\/portal\/potvrdeni-novi-mladi-cuvari-prirode\/#primaryimage"},"datePublished":"2023-05-12T09:17:37+00:00","dateModified":"2023-05-12T09:17:37+00:00","author":{"@id":"https:\/\/zeleni-prsten.hr\/portal\/#\/schema\/person\/055e03bf54bb9f1861485d75b692e69e"},"breadcrumb":{"@id":"https:\/\/zeleni-prsten.hr\/portal\/potvrdeni-novi-mladi-cuvari-prirode\/#breadcrumb"},"inLanguage":"hr","potentialAction":[{"@type":"ReadAction","target":["https:\/\/zeleni-prsten.hr\/portal\/potvrdeni-novi-mladi-cuvari-prirode\/"]}]},{"@type":"BreadcrumbList","@id":"https:\/\/zeleni-prsten.hr\/portal\/potvrdeni-novi-mladi-cuvari-prirode\/#breadcrumb","itemListElement":[{"@type":"ListItem","position":1,"name":"Home","item":"https:\/\/zeleni-prsten.hr\/portal\/"},{"@type":"ListItem","position":2,"name":"Potvr\u0111eni novi mladi \u010duvari prirode"}]},{"@type":"Person","@id":"https:\/\/zeleni-prsten.hr\/portal\/#\/schema\/person\/055e03bf54bb9f1861485d75b692e69e","name":"\u017deljka \u0160abari\u0107","url":"https:\/\/zeleni-prsten.hr\/portal\/author\/zeljka\/"}]}},"_links":{"self":[{"href":"https:\/\/zeleni-prsten.hr\/portal\/wp-json\/wp\/v2\/posts\/14715"}],"collection":[{"href":"https:\/\/zeleni-prsten.hr\/portal\/wp-json\/wp\/v2\/posts"}],"about":[{"href":"https:\/\/zeleni-prsten.hr\/portal\/wp-json\/wp\/v2\/types\/post"}],"author":[{"embeddable":true,"href":"https:\/\/zeleni-prsten.hr\/portal\/wp-json\/wp\/v2\/users\/5"}],"replies":[{"embeddable":true,"href":"https:\/\/zeleni-prsten.hr\/portal\/wp-json\/wp\/v2\/comments?post=14715"}],"version-history":[{"count":1,"href":"https:\/\/zeleni-prsten.hr\/portal\/wp-json\/wp\/v2\/posts\/14715\/revisions"}],"predecessor-version":[{"id":14750,"href":"https:\/\/zeleni-prsten.hr\/portal\/wp-json\/wp\/v2\/posts\/14715\/revisions\/14750"}],"wp:featuredmedia":[{"embeddable":true,"href":"https:\/\/zeleni-prsten.hr\/portal\/wp-json\/wp\/v2\/media\/14716"}],"wp:attachment":[{"href":"https:\/\/zeleni-prsten.hr\/portal\/wp-json\/wp\/v2\/media?parent=14715"}],"wp:term":[{"taxonomy":"category","embeddable":true,"href":"https:\/\/zeleni-prsten.hr\/portal\/wp-json\/wp\/v2\/categories?post=14715"},{"taxonomy":"post_tag","embeddable":true,"href":"https:\/\/zeleni-prsten.hr\/portal\/wp-json\/wp\/v2\/tags?post=14715"}],"curies":[{"name":"wp","href":"https:\/\/api.w.org\/{rel}","templated":true}]}}