{"id":14758,"date":"2023-05-16T15:37:44","date_gmt":"2023-05-16T13:37:44","guid":{"rendered":"https:\/\/zeleni-prsten.hr\/portal\/?p=14758"},"modified":"2023-05-16T15:38:22","modified_gmt":"2023-05-16T13:38:22","slug":"ujedinjeni-u-borbi-za-spas-barske-kornjace","status":"publish","type":"post","link":"https:\/\/zeleni-prsten.hr\/portal\/ujedinjeni-u-borbi-za-spas-barske-kornjace\/","title":{"rendered":"Ujedinjeni u borbi za spas barske kornja\u010de"},"content":{"rendered":"<p>Cilj projekta \u201eSpas za barske \u2013 stop za invazivne kornja\u010de\u201c je za\u0161tititi barsku kornja\u010du kroz pobolj\u0161anje poznavanja rasprostranjenosti zavi\u010dajne barske kornja\u010de, ali i uklanjanje invazivnih stranih vrsta kornja\u010da koje ih ugro\u017eavaju. Projekt financira Fond za za\u0161titu okoli\u0161a i energetsku u\u010dinkovitost, ukupna vrijednost projekta je 265.445,38 EUR (oko 2 milijuna kn), a trajat \u0107e do lipnja 2026. godine.<\/p>\n<p>\u201eInvazivne strane vrste su one koje su posredstvom \u010dovjeka do\u0161le na mjesto gdje ih prirodno ne bi bilo i na tom podru\u010dju rade \u0161tete. Rade \u0161tete bioraznolikosti, negativno utje\u010du na zdravlje ljudi kao i na gospodarstvo. Tro\u0161kovi kontroliranja invazivnih stranih vrsta u Europskoj uniji godi\u0161nje iznose 12 milijardi eura\u201c \u2013 istaknula je Voditeljica slu\u017ebe za bioraznolikost u Ministarstvu gospodarstva i odr\u017eivog razvoja Zrinka Domazetovi\u0107 te dodala \u201eInvazivne kornja\u010de nisu krive \u0161to su tu. Njih su u prirodu pustili neodgovorni vlasnici! Kornja\u010de koje su bili ne\u010diji ku\u0107ni ljubimci, \u017eivjele su u kontroliranim uvjetima, imale su terarije, u nekom trenutku su pu\u0161tene u prirodu pod izgovorom da \u0107e im u prirodi biti lijepo ali to nije tako. Priroda nije uvijek za\u0161ti\u0107eno i lijepo mjesto. Na\u0161 zadatak je poku\u0161ati minimalizirati \u0161tetu koju rade invazivne vrste.\u201c<\/p>\n<p>\u201eInvazivne strane kornja\u010de, crvenouha i \u017eutouha kornja\u010da, imaju kompetitivnu prednost nad barskom kornja\u010dom jer su ve\u0107e i agresivnije, ranije spolno sazrijevaju i imaju ve\u0107i reproduktivni potencijal. Hrane se biljkama, meku\u0161cima, vodenim kukcima, rakovima, ribama i vodozemcima pa imaju negativan utjecaj na cijelu vodenu zajednicu. Osim toga, prenose razli\u010dite parazite i patogene, kao i bakterije roda Salmonela. Zbog svega navedenog, uvr\u0161tene su na Popis invazivnih stranih vrsta koje izazivaju zabrinutost na razini Europske Unije te se smatra jednom od najopasnijih invazivnih stranih vrsta na svijetu.\u201c \u2013 pojasnila je Ana \u0160tih Koren iz udruge Hyla te pojasnila: \u201eProjektom je predvi\u0111ena izrada sun\u010dali\u0161ta za kornja\u010de, pomo\u0107u kojih \u0107e se invazivne kornja\u010de hvatati. Radi se o \u017eivolovkama koje ne ozlje\u0111uju ulovljene \u017eivotinje, a zamke \u0107e se redovito provjeravati i prazniti kako bi \u017eivotinje bile izlo\u017eene \u0161to manjem stresu. U slu\u010daju ulova barskih kornja\u010da, vra\u0107at \u0107e se u prirodu, a invazivne \u0107e se prevoziti na pregled veterinaru. Nakon pregleda, ovisno o njihovom zdravstvenom stanju, zdrave kornja\u010de \u0107e biti zbrinute u Zoolo\u0161kom vrtu Grada Zagreba. Cilj je do kraja trajanja projekta smanjiti brojnost invazivnih kornja\u010da barem za 80 %\u201c<\/p>\n<p>\u201cNa podru\u010dju Zagreba\u010dke \u017eupanije imamo najve\u0107u brojnost invazivnih stranih vrsta kornja\u010da u Hrvatskoj, procjenjuje se \u010dak preko 1.300 jedinki invazivnih kornja\u010da, \u0161to ukazuje na ozbiljnost problema. Projekt \u0107e se provoditi na 17 lokacija u \u017eupaniji, na kojima su invazivne strane kornja\u010de zabilje\u017eene. Ve\u0107ina aktivnosti uklanjanja bit \u0107e usmjerena na dva podru\u010dja gdje ih ima najvi\u0161e \u2013 na jezero Rakitje i na jezera na podru\u010dju Posebnog rezervata Sava \u2013 Strmec.\u201c \u2013 rekla je ravnateljica JU Zeleni prsten Zagreba\u010dke \u017eupanije dr.sc. Tatjana Masten Milek.<\/p>\n<p>Ravnatelj Zoolo\u0161kog vrta Grada Zagreba Damir Skok naglasio je da \u0107e zdrave kornja\u010de biti zbrinute u prihvati\u0161tu za \u017eutouhe i crvenouhe kornja\u010de koje je napravljeno pro\u0161le godine.<\/p>\n<p>Voditeljica za istra\u017eivanja i razvoj u Javnoj ustanovi Maksimir, dr.sc. Biljanu Janev Hutinec, prezentirala je dosada\u0161nja iskustva i rezultate u borbi s invazivnim crvenouhim kornja\u010dama kojima se bore ve\u0107 sedamnaest godina. \u010cak su i trenirali psa za pronala\u017eenje gnijezda invazivnih kornja\u010da.<\/p>\n<p>Predsjednik \u0160portsko ribolovnog dru\u0161tva Rak Rakitje Bo\u017eo Mihina istaknuo je probleme koje izazivaju crvenouhe kornja\u010de. Zbog negativnog utjecaja na mrijest riba, one ugro\u017eavaju osnovno djelovanje ribi\u010dkog dru\u0161tva, osiguravanje balansa i ravnote\u017ee ribljih vrsta. Ovaj projekt je jedna spasonosna inicijativa da svi zajedno smanjimo broj invazivnih kornja\u010da na najmanju mogu\u0107u mjeru.<\/p>\n<p>Ante Mandari\u0107 je u ime Zagreba\u010dke \u017eupanije naglasio va\u017enost ovakvih projekata koji se financiraju sredstvima iz Europske unije i sli\u010dnih izvora. Javna ustanova Zeleni prsten je predvodnica me\u0111u javnim ustanovama u Hrvatskoj \u0161to se ti\u010de broja projekata koji se bave invazivnim stranim vrstama. Osim Interreg projekta Sava TIES, \u010dija je provedba zavr\u0161ila 2021. godine, i ovog projekta \u010diju provedba je nedavno zapo\u010dela, nedavno je odobreno i sufinanciranje projekta LIFE Ornamental IAS koji se bavi prevencijom unosa novih potencijalno invazivnih stranih ukrasnih biljaka u prirodu. Kroz sve ove projekte obuhva\u0107eni su gotovo svi aspekti borbe protiv invazivnih stranih vrsta, kao \u0161to su npr. edukacija, prevencija, rano otkrivanje i brzo djelovanje, kontrola i trajno uklanjanje, a sve to uz jaku komponentu me\u0111usektorske suradnje i dobru suradnju s nadle\u017enim Ministarstvom.<\/p>\n\n<div class=\"ngg-galleryoverview ngg-template-caption\" id=\"ngg-gallery-d8dcc50a4aba92f25fd7357fad0bb2d7-14758\">\n\n\n\t<!-- Thumbnails -->\n    \t\t\n\t<div id=\"ngg-image-1022\" class=\"ngg-gallery-thumbnail-box\"  >\n\t\t<div class=\"ngg-gallery-thumbnail\" >\n\t\t\t<a href=\"https:\/\/zeleni-prsten.hr\/portal\/wp-content\/gallery\/tiskovna-konferencija-kornjace\/IMG_20230516_114535.jpg\"\n               title=\" \"\n               class=\"ngg-simplelightbox\" rel=\"d8dcc50a4aba92f25fd7357fad0bb2d7\" data-image-id=\"1022\" data-src=\"https:\/\/zeleni-prsten.hr\/portal\/wp-content\/gallery\/tiskovna-konferencija-kornjace\/IMG_20230516_114535.jpg\" data-thumbnail=\"https:\/\/zeleni-prsten.hr\/portal\/wp-content\/gallery\/tiskovna-konferencija-kornjace\/cache\/IMG_20230516_114535.jpg-nggid041022-ngg0dyn-360x320x100-00f0w010c011r110f110r010t010.jpg\" data-title=\"IMG_20230516_114535\" data-description=\" \" >\n\t\t\t\t\t\t\t\t<img title=\"IMG_20230516_114535\" alt=\"IMG_20230516_114535\" src=\"https:\/\/zeleni-prsten.hr\/portal\/wp-content\/gallery\/tiskovna-konferencija-kornjace\/cache\/IMG_20230516_114535.jpg-nggid041022-ngg0dyn-360x320x100-00f0w010c011r110f110r010t010.jpg\" width='360' height='320' \/>\n\t\t\t\t\t\t\t<\/a>\n\t\t\t<span> <\/span>\n\t\t<\/div>\n\t<\/div>\n\t\t \t\t\n\t<div id=\"ngg-image-1020\" class=\"ngg-gallery-thumbnail-box\"  >\n\t\t<div class=\"ngg-gallery-thumbnail\" >\n\t\t\t<a href=\"https:\/\/zeleni-prsten.hr\/portal\/wp-content\/gallery\/tiskovna-konferencija-kornjace\/Sudionici-tiskovne-konferencije-Large.jpg\"\n               title=\" \"\n               class=\"ngg-simplelightbox\" rel=\"d8dcc50a4aba92f25fd7357fad0bb2d7\" data-image-id=\"1020\" data-src=\"https:\/\/zeleni-prsten.hr\/portal\/wp-content\/gallery\/tiskovna-konferencija-kornjace\/Sudionici-tiskovne-konferencije-Large.jpg\" data-thumbnail=\"https:\/\/zeleni-prsten.hr\/portal\/wp-content\/gallery\/tiskovna-konferencija-kornjace\/cache\/Sudionici-tiskovne-konferencije-Large.jpg-nggid041020-ngg0dyn-360x320x100-00f0w010c011r110f110r010t010.jpg\" data-title=\"Sudionici-tiskovne-konferencije-Large\" data-description=\" \" >\n\t\t\t\t\t\t\t\t<img title=\"Sudionici-tiskovne-konferencije-Large\" alt=\"Sudionici-tiskovne-konferencije-Large\" src=\"https:\/\/zeleni-prsten.hr\/portal\/wp-content\/gallery\/tiskovna-konferencija-kornjace\/cache\/Sudionici-tiskovne-konferencije-Large.jpg-nggid041020-ngg0dyn-360x320x100-00f0w010c011r110f110r010t010.jpg\" width='360' height='320' \/>\n\t\t\t\t\t\t\t<\/a>\n\t\t\t<span> <\/span>\n\t\t<\/div>\n\t<\/div>\n\t\t \t\t\n\t<div id=\"ngg-image-1016\" class=\"ngg-gallery-thumbnail-box\"  >\n\t\t<div class=\"ngg-gallery-thumbnail\" >\n\t\t\t<a href=\"https:\/\/zeleni-prsten.hr\/portal\/wp-content\/gallery\/tiskovna-konferencija-kornjace\/1-Zrinka-Domazetovic-Large.jpg\"\n               title=\" \"\n               class=\"ngg-simplelightbox\" rel=\"d8dcc50a4aba92f25fd7357fad0bb2d7\" data-image-id=\"1016\" data-src=\"https:\/\/zeleni-prsten.hr\/portal\/wp-content\/gallery\/tiskovna-konferencija-kornjace\/1-Zrinka-Domazetovic-Large.jpg\" data-thumbnail=\"https:\/\/zeleni-prsten.hr\/portal\/wp-content\/gallery\/tiskovna-konferencija-kornjace\/cache\/1-Zrinka-Domazetovic-Large.jpg-nggid041016-ngg0dyn-360x320x100-00f0w010c011r110f110r010t010.jpg\" data-title=\"1-Zrinka-Domazetovic-Large\" data-description=\" \" >\n\t\t\t\t\t\t\t\t<img title=\"1-Zrinka-Domazetovic-Large\" alt=\"1-Zrinka-Domazetovic-Large\" src=\"https:\/\/zeleni-prsten.hr\/portal\/wp-content\/gallery\/tiskovna-konferencija-kornjace\/cache\/1-Zrinka-Domazetovic-Large.jpg-nggid041016-ngg0dyn-360x320x100-00f0w010c011r110f110r010t010.jpg\" width='360' height='320' \/>\n\t\t\t\t\t\t\t<\/a>\n\t\t\t<span> <\/span>\n\t\t<\/div>\n\t<\/div>\n\t\t \t\t\n\t<div id=\"ngg-image-1021\" class=\"ngg-gallery-thumbnail-box\"  >\n\t\t<div class=\"ngg-gallery-thumbnail\" >\n\t\t\t<a href=\"https:\/\/zeleni-prsten.hr\/portal\/wp-content\/gallery\/tiskovna-konferencija-kornjace\/Tatjana-Masten-Milek-Large.jpg\"\n               title=\" \"\n               class=\"ngg-simplelightbox\" rel=\"d8dcc50a4aba92f25fd7357fad0bb2d7\" data-image-id=\"1021\" data-src=\"https:\/\/zeleni-prsten.hr\/portal\/wp-content\/gallery\/tiskovna-konferencija-kornjace\/Tatjana-Masten-Milek-Large.jpg\" data-thumbnail=\"https:\/\/zeleni-prsten.hr\/portal\/wp-content\/gallery\/tiskovna-konferencija-kornjace\/cache\/Tatjana-Masten-Milek-Large.jpg-nggid041021-ngg0dyn-360x320x100-00f0w010c011r110f110r010t010.jpg\" data-title=\"Tatjana-Masten-Milek-Large\" data-description=\" \" >\n\t\t\t\t\t\t\t\t<img title=\"Tatjana-Masten-Milek-Large\" alt=\"Tatjana-Masten-Milek-Large\" src=\"https:\/\/zeleni-prsten.hr\/portal\/wp-content\/gallery\/tiskovna-konferencija-kornjace\/cache\/Tatjana-Masten-Milek-Large.jpg-nggid041021-ngg0dyn-360x320x100-00f0w010c011r110f110r010t010.jpg\" width='360' height='320' \/>\n\t\t\t\t\t\t\t<\/a>\n\t\t\t<span> <\/span>\n\t\t<\/div>\n\t<\/div>\n\t\t \t\t\n\t<div id=\"ngg-image-1014\" class=\"ngg-gallery-thumbnail-box\"  >\n\t\t<div class=\"ngg-gallery-thumbnail\" >\n\t\t\t<a href=\"https:\/\/zeleni-prsten.hr\/portal\/wp-content\/gallery\/tiskovna-konferencija-kornjace\/Ante-Mandaric-Large.jpg\"\n               title=\" \"\n               class=\"ngg-simplelightbox\" rel=\"d8dcc50a4aba92f25fd7357fad0bb2d7\" data-image-id=\"1014\" data-src=\"https:\/\/zeleni-prsten.hr\/portal\/wp-content\/gallery\/tiskovna-konferencija-kornjace\/Ante-Mandaric-Large.jpg\" data-thumbnail=\"https:\/\/zeleni-prsten.hr\/portal\/wp-content\/gallery\/tiskovna-konferencija-kornjace\/cache\/Ante-Mandaric-Large.jpg-nggid041014-ngg0dyn-360x320x100-00f0w010c011r110f110r010t010.jpg\" data-title=\"Ante-Mandaric-Large\" data-description=\" \" >\n\t\t\t\t\t\t\t\t<img title=\"Ante-Mandaric-Large\" alt=\"Ante-Mandaric-Large\" src=\"https:\/\/zeleni-prsten.hr\/portal\/wp-content\/gallery\/tiskovna-konferencija-kornjace\/cache\/Ante-Mandaric-Large.jpg-nggid041014-ngg0dyn-360x320x100-00f0w010c011r110f110r010t010.jpg\" width='360' height='320' \/>\n\t\t\t\t\t\t\t<\/a>\n\t\t\t<span> <\/span>\n\t\t<\/div>\n\t<\/div>\n\t\t \t\t\n\t<div id=\"ngg-image-1015\" class=\"ngg-gallery-thumbnail-box\"  >\n\t\t<div class=\"ngg-gallery-thumbnail\" >\n\t\t\t<a href=\"https:\/\/zeleni-prsten.hr\/portal\/wp-content\/gallery\/tiskovna-konferencija-kornjace\/Biljana-Janev-Hutinec-3-Large.jpg\"\n               title=\" \"\n               class=\"ngg-simplelightbox\" rel=\"d8dcc50a4aba92f25fd7357fad0bb2d7\" data-image-id=\"1015\" data-src=\"https:\/\/zeleni-prsten.hr\/portal\/wp-content\/gallery\/tiskovna-konferencija-kornjace\/Biljana-Janev-Hutinec-3-Large.jpg\" data-thumbnail=\"https:\/\/zeleni-prsten.hr\/portal\/wp-content\/gallery\/tiskovna-konferencija-kornjace\/cache\/Biljana-Janev-Hutinec-3-Large.jpg-nggid041015-ngg0dyn-360x320x100-00f0w010c011r110f110r010t010.jpg\" data-title=\"Biljana-Janev-Hutinec-3-Large\" data-description=\" \" >\n\t\t\t\t\t\t\t\t<img title=\"Biljana-Janev-Hutinec-3-Large\" alt=\"Biljana-Janev-Hutinec-3-Large\" src=\"https:\/\/zeleni-prsten.hr\/portal\/wp-content\/gallery\/tiskovna-konferencija-kornjace\/cache\/Biljana-Janev-Hutinec-3-Large.jpg-nggid041015-ngg0dyn-360x320x100-00f0w010c011r110f110r010t010.jpg\" width='360' height='320' \/>\n\t\t\t\t\t\t\t<\/a>\n\t\t\t<span> <\/span>\n\t\t<\/div>\n\t<\/div>\n\t\t \t\t\n\t<div id=\"ngg-image-1017\" class=\"ngg-gallery-thumbnail-box\"  >\n\t\t<div class=\"ngg-gallery-thumbnail\" >\n\t\t\t<a href=\"https:\/\/zeleni-prsten.hr\/portal\/wp-content\/gallery\/tiskovna-konferencija-kornjace\/Bozo-Mihina-Large.jpg\"\n               title=\" \"\n               class=\"ngg-simplelightbox\" rel=\"d8dcc50a4aba92f25fd7357fad0bb2d7\" data-image-id=\"1017\" data-src=\"https:\/\/zeleni-prsten.hr\/portal\/wp-content\/gallery\/tiskovna-konferencija-kornjace\/Bozo-Mihina-Large.jpg\" data-thumbnail=\"https:\/\/zeleni-prsten.hr\/portal\/wp-content\/gallery\/tiskovna-konferencija-kornjace\/cache\/Bozo-Mihina-Large.jpg-nggid041017-ngg0dyn-360x320x100-00f0w010c011r110f110r010t010.jpg\" data-title=\"Bozo-Mihina-Large\" data-description=\" \" >\n\t\t\t\t\t\t\t\t<img title=\"Bozo-Mihina-Large\" alt=\"Bozo-Mihina-Large\" src=\"https:\/\/zeleni-prsten.hr\/portal\/wp-content\/gallery\/tiskovna-konferencija-kornjace\/cache\/Bozo-Mihina-Large.jpg-nggid041017-ngg0dyn-360x320x100-00f0w010c011r110f110r010t010.jpg\" width='360' height='320' \/>\n\t\t\t\t\t\t\t<\/a>\n\t\t\t<span> <\/span>\n\t\t<\/div>\n\t<\/div>\n\t\t \t\t\n\t<div id=\"ngg-image-1018\" class=\"ngg-gallery-thumbnail-box\"  >\n\t\t<div class=\"ngg-gallery-thumbnail\" >\n\t\t\t<a href=\"https:\/\/zeleni-prsten.hr\/portal\/wp-content\/gallery\/tiskovna-konferencija-kornjace\/Damir-Skok-Large.jpg\"\n               title=\" \"\n               class=\"ngg-simplelightbox\" rel=\"d8dcc50a4aba92f25fd7357fad0bb2d7\" data-image-id=\"1018\" data-src=\"https:\/\/zeleni-prsten.hr\/portal\/wp-content\/gallery\/tiskovna-konferencija-kornjace\/Damir-Skok-Large.jpg\" data-thumbnail=\"https:\/\/zeleni-prsten.hr\/portal\/wp-content\/gallery\/tiskovna-konferencija-kornjace\/cache\/Damir-Skok-Large.jpg-nggid041018-ngg0dyn-360x320x100-00f0w010c011r110f110r010t010.jpg\" data-title=\"Damir-Skok-Large\" data-description=\" \" >\n\t\t\t\t\t\t\t\t<img title=\"Damir-Skok-Large\" alt=\"Damir-Skok-Large\" src=\"https:\/\/zeleni-prsten.hr\/portal\/wp-content\/gallery\/tiskovna-konferencija-kornjace\/cache\/Damir-Skok-Large.jpg-nggid041018-ngg0dyn-360x320x100-00f0w010c011r110f110r010t010.jpg\" width='360' height='320' \/>\n\t\t\t\t\t\t\t<\/a>\n\t\t\t<span> <\/span>\n\t\t<\/div>\n\t<\/div>\n\t\t \t\t\n\t<div id=\"ngg-image-1019\" class=\"ngg-gallery-thumbnail-box\"  >\n\t\t<div class=\"ngg-gallery-thumbnail\" >\n\t\t\t<a href=\"https:\/\/zeleni-prsten.hr\/portal\/wp-content\/gallery\/tiskovna-konferencija-kornjace\/Ana-Stih-Koren-Large.jpg\"\n               title=\" \"\n               class=\"ngg-simplelightbox\" rel=\"d8dcc50a4aba92f25fd7357fad0bb2d7\" data-image-id=\"1019\" data-src=\"https:\/\/zeleni-prsten.hr\/portal\/wp-content\/gallery\/tiskovna-konferencija-kornjace\/Ana-Stih-Koren-Large.jpg\" data-thumbnail=\"https:\/\/zeleni-prsten.hr\/portal\/wp-content\/gallery\/tiskovna-konferencija-kornjace\/cache\/Ana-Stih-Koren-Large.jpg-nggid041019-ngg0dyn-360x320x100-00f0w010c011r110f110r010t010.jpg\" data-title=\"Ana-Stih-Koren-Large\" data-description=\" \" >\n\t\t\t\t\t\t\t\t<img title=\"Ana-Stih-Koren-Large\" alt=\"Ana-Stih-Koren-Large\" src=\"https:\/\/zeleni-prsten.hr\/portal\/wp-content\/gallery\/tiskovna-konferencija-kornjace\/cache\/Ana-Stih-Koren-Large.jpg-nggid041019-ngg0dyn-360x320x100-00f0w010c011r110f110r010t010.jpg\" width='360' height='320' \/>\n\t\t\t\t\t\t\t<\/a>\n\t\t\t<span> <\/span>\n\t\t<\/div>\n\t<\/div>\n\t\t \t \t\n\t<!-- Pagination -->\n \t<div class='ngg-clear'><\/div> \t\n<\/div>\n\n\n","protected":false},"excerpt":{"rendered":"<p>Cilj projekta \u201eSpas za barske \u2013 stop za invazivne kornja\u010de\u201c je za\u0161tititi barsku kornja\u010du kroz pobolj\u0161anje poznavanja rasprostranjenosti zavi\u010dajne barske kornja\u010de, ali i uklanjanje invazivnih stranih vrsta kornja\u010da koje ih ugro\u017eavaju. Projekt financira Fond za za\u0161titu okoli\u0161a i energetsku u\u010dinkovitost, [&hellip;]<\/p>\n","protected":false},"author":5,"featured_media":14765,"comment_status":"closed","ping_status":"closed","sticky":false,"template":"","format":"standard","meta":{"ngg_post_thumbnail":0},"categories":[59],"tags":[457,97,65,67,147,536,540,77,79,81],"yoast_head":"<!-- This site is optimized with the Yoast SEO plugin v18.4.1 - https:\/\/yoast.com\/wordpress\/plugins\/seo\/ -->\n<title>Ujedinjeni u borbi za spas barske kornja\u010de - JU Zeleni prsten Zagreba\u010dke \u017eupanije<\/title>\n<meta name=\"robots\" content=\"index, follow, max-snippet:-1, max-image-preview:large, max-video-preview:-1\" \/>\n<link rel=\"canonical\" href=\"https:\/\/zeleni-prsten.hr\/portal\/ujedinjeni-u-borbi-za-spas-barske-kornjace\/\" \/>\n<meta property=\"og:locale\" content=\"hr_HR\" \/>\n<meta property=\"og:type\" content=\"article\" \/>\n<meta property=\"og:title\" content=\"Ujedinjeni u borbi za spas barske kornja\u010de - JU Zeleni prsten Zagreba\u010dke \u017eupanije\" \/>\n<meta property=\"og:description\" content=\"Cilj projekta \u201eSpas za barske \u2013 stop za invazivne kornja\u010de\u201c je za\u0161tititi barsku kornja\u010du kroz pobolj\u0161anje poznavanja rasprostranjenosti zavi\u010dajne barske kornja\u010de, ali i uklanjanje invazivnih stranih vrsta kornja\u010da koje ih ugro\u017eavaju. Projekt financira Fond za za\u0161titu okoli\u0161a i energetsku u\u010dinkovitost, [&hellip;]\" \/>\n<meta property=\"og:url\" content=\"https:\/\/zeleni-prsten.hr\/portal\/ujedinjeni-u-borbi-za-spas-barske-kornjace\/\" \/>\n<meta property=\"og:site_name\" content=\"JU Zeleni prsten Zagreba\u010dke \u017eupanije\" \/>\n<meta property=\"article:published_time\" content=\"2023-05-16T13:37:44+00:00\" \/>\n<meta property=\"article:modified_time\" content=\"2023-05-16T13:38:22+00:00\" \/>\n<meta property=\"og:image\" content=\"https:\/\/zeleni-prsten.hr\/portal\/wp-content\/uploads\/2023\/05\/Sudionici-tiskovne-konferencije-Large.jpg\" \/>\n\t<meta property=\"og:image:width\" content=\"1440\" \/>\n\t<meta property=\"og:image:height\" content=\"1080\" \/>\n\t<meta property=\"og:image:type\" content=\"image\/jpeg\" \/>\n<meta name=\"twitter:card\" content=\"summary_large_image\" \/>\n<meta name=\"twitter:label1\" content=\"Napisao\/la\" \/>\n\t<meta name=\"twitter:data1\" content=\"\u017deljka \u0160abari\u0107\" \/>\n\t<meta name=\"twitter:label2\" content=\"Procijenjeno vrijeme \u010ditanja\" \/>\n\t<meta name=\"twitter:data2\" content=\"4 minute\" \/>\n<script type=\"application\/ld+json\" class=\"yoast-schema-graph\">{\"@context\":\"https:\/\/schema.org\",\"@graph\":[{\"@type\":\"WebSite\",\"@id\":\"https:\/\/zeleni-prsten.hr\/portal\/#website\",\"url\":\"https:\/\/zeleni-prsten.hr\/portal\/\",\"name\":\"JU Zeleni prsten Zagreba\u010dke \u017eupanije\",\"description\":\"JU Zeleni prsten Zagreba\u010dke \u017eupanije\",\"potentialAction\":[{\"@type\":\"SearchAction\",\"target\":{\"@type\":\"EntryPoint\",\"urlTemplate\":\"https:\/\/zeleni-prsten.hr\/portal\/?s={search_term_string}\"},\"query-input\":\"required name=search_term_string\"}],\"inLanguage\":\"hr\"},{\"@type\":\"ImageObject\",\"@id\":\"https:\/\/zeleni-prsten.hr\/portal\/ujedinjeni-u-borbi-za-spas-barske-kornjace\/#primaryimage\",\"inLanguage\":\"hr\",\"url\":\"https:\/\/zeleni-prsten.hr\/portal\/wp-content\/uploads\/2023\/05\/Sudionici-tiskovne-konferencije-Large.jpg\",\"contentUrl\":\"https:\/\/zeleni-prsten.hr\/portal\/wp-content\/uploads\/2023\/05\/Sudionici-tiskovne-konferencije-Large.jpg\",\"width\":1440,\"height\":1080},{\"@type\":\"WebPage\",\"@id\":\"https:\/\/zeleni-prsten.hr\/portal\/ujedinjeni-u-borbi-za-spas-barske-kornjace\/#webpage\",\"url\":\"https:\/\/zeleni-prsten.hr\/portal\/ujedinjeni-u-borbi-za-spas-barske-kornjace\/\",\"name\":\"Ujedinjeni u borbi za spas barske kornja\u010de - JU Zeleni prsten Zagreba\u010dke \u017eupanije\",\"isPartOf\":{\"@id\":\"https:\/\/zeleni-prsten.hr\/portal\/#website\"},\"primaryImageOfPage\":{\"@id\":\"https:\/\/zeleni-prsten.hr\/portal\/ujedinjeni-u-borbi-za-spas-barske-kornjace\/#primaryimage\"},\"datePublished\":\"2023-05-16T13:37:44+00:00\",\"dateModified\":\"2023-05-16T13:38:22+00:00\",\"author\":{\"@id\":\"https:\/\/zeleni-prsten.hr\/portal\/#\/schema\/person\/055e03bf54bb9f1861485d75b692e69e\"},\"breadcrumb\":{\"@id\":\"https:\/\/zeleni-prsten.hr\/portal\/ujedinjeni-u-borbi-za-spas-barske-kornjace\/#breadcrumb\"},\"inLanguage\":\"hr\",\"potentialAction\":[{\"@type\":\"ReadAction\",\"target\":[\"https:\/\/zeleni-prsten.hr\/portal\/ujedinjeni-u-borbi-za-spas-barske-kornjace\/\"]}]},{\"@type\":\"BreadcrumbList\",\"@id\":\"https:\/\/zeleni-prsten.hr\/portal\/ujedinjeni-u-borbi-za-spas-barske-kornjace\/#breadcrumb\",\"itemListElement\":[{\"@type\":\"ListItem\",\"position\":1,\"name\":\"Home\",\"item\":\"https:\/\/zeleni-prsten.hr\/portal\/\"},{\"@type\":\"ListItem\",\"position\":2,\"name\":\"Ujedinjeni u borbi za spas barske kornja\u010de\"}]},{\"@type\":\"Person\",\"@id\":\"https:\/\/zeleni-prsten.hr\/portal\/#\/schema\/person\/055e03bf54bb9f1861485d75b692e69e\",\"name\":\"\u017deljka \u0160abari\u0107\",\"url\":\"https:\/\/zeleni-prsten.hr\/portal\/author\/zeljka\/\"}]}<\/script>\n<!-- \/ Yoast SEO plugin. -->","yoast_head_json":{"title":"Ujedinjeni u borbi za spas barske kornja\u010de - JU Zeleni prsten Zagreba\u010dke \u017eupanije","robots":{"index":"index","follow":"follow","max-snippet":"max-snippet:-1","max-image-preview":"max-image-preview:large","max-video-preview":"max-video-preview:-1"},"canonical":"https:\/\/zeleni-prsten.hr\/portal\/ujedinjeni-u-borbi-za-spas-barske-kornjace\/","og_locale":"hr_HR","og_type":"article","og_title":"Ujedinjeni u borbi za spas barske kornja\u010de - JU Zeleni prsten Zagreba\u010dke \u017eupanije","og_description":"Cilj projekta \u201eSpas za barske \u2013 stop za invazivne kornja\u010de\u201c je za\u0161tititi barsku kornja\u010du kroz pobolj\u0161anje poznavanja rasprostranjenosti zavi\u010dajne barske kornja\u010de, ali i uklanjanje invazivnih stranih vrsta kornja\u010da koje ih ugro\u017eavaju. Projekt financira Fond za za\u0161titu okoli\u0161a i energetsku u\u010dinkovitost, [&hellip;]","og_url":"https:\/\/zeleni-prsten.hr\/portal\/ujedinjeni-u-borbi-za-spas-barske-kornjace\/","og_site_name":"JU Zeleni prsten Zagreba\u010dke \u017eupanije","article_published_time":"2023-05-16T13:37:44+00:00","article_modified_time":"2023-05-16T13:38:22+00:00","og_image":[{"width":1440,"height":1080,"url":"https:\/\/zeleni-prsten.hr\/portal\/wp-content\/uploads\/2023\/05\/Sudionici-tiskovne-konferencije-Large.jpg","type":"image\/jpeg"}],"twitter_card":"summary_large_image","twitter_misc":{"Napisao\/la":"\u017deljka \u0160abari\u0107","Procijenjeno vrijeme \u010ditanja":"4 minute"},"schema":{"@context":"https:\/\/schema.org","@graph":[{"@type":"WebSite","@id":"https:\/\/zeleni-prsten.hr\/portal\/#website","url":"https:\/\/zeleni-prsten.hr\/portal\/","name":"JU Zeleni prsten Zagreba\u010dke \u017eupanije","description":"JU Zeleni prsten Zagreba\u010dke \u017eupanije","potentialAction":[{"@type":"SearchAction","target":{"@type":"EntryPoint","urlTemplate":"https:\/\/zeleni-prsten.hr\/portal\/?s={search_term_string}"},"query-input":"required name=search_term_string"}],"inLanguage":"hr"},{"@type":"ImageObject","@id":"https:\/\/zeleni-prsten.hr\/portal\/ujedinjeni-u-borbi-za-spas-barske-kornjace\/#primaryimage","inLanguage":"hr","url":"https:\/\/zeleni-prsten.hr\/portal\/wp-content\/uploads\/2023\/05\/Sudionici-tiskovne-konferencije-Large.jpg","contentUrl":"https:\/\/zeleni-prsten.hr\/portal\/wp-content\/uploads\/2023\/05\/Sudionici-tiskovne-konferencije-Large.jpg","width":1440,"height":1080},{"@type":"WebPage","@id":"https:\/\/zeleni-prsten.hr\/portal\/ujedinjeni-u-borbi-za-spas-barske-kornjace\/#webpage","url":"https:\/\/zeleni-prsten.hr\/portal\/ujedinjeni-u-borbi-za-spas-barske-kornjace\/","name":"Ujedinjeni u borbi za spas barske kornja\u010de - JU Zeleni prsten Zagreba\u010dke \u017eupanije","isPartOf":{"@id":"https:\/\/zeleni-prsten.hr\/portal\/#website"},"primaryImageOfPage":{"@id":"https:\/\/zeleni-prsten.hr\/portal\/ujedinjeni-u-borbi-za-spas-barske-kornjace\/#primaryimage"},"datePublished":"2023-05-16T13:37:44+00:00","dateModified":"2023-05-16T13:38:22+00:00","author":{"@id":"https:\/\/zeleni-prsten.hr\/portal\/#\/schema\/person\/055e03bf54bb9f1861485d75b692e69e"},"breadcrumb":{"@id":"https:\/\/zeleni-prsten.hr\/portal\/ujedinjeni-u-borbi-za-spas-barske-kornjace\/#breadcrumb"},"inLanguage":"hr","potentialAction":[{"@type":"ReadAction","target":["https:\/\/zeleni-prsten.hr\/portal\/ujedinjeni-u-borbi-za-spas-barske-kornjace\/"]}]},{"@type":"BreadcrumbList","@id":"https:\/\/zeleni-prsten.hr\/portal\/ujedinjeni-u-borbi-za-spas-barske-kornjace\/#breadcrumb","itemListElement":[{"@type":"ListItem","position":1,"name":"Home","item":"https:\/\/zeleni-prsten.hr\/portal\/"},{"@type":"ListItem","position":2,"name":"Ujedinjeni u borbi za spas barske kornja\u010de"}]},{"@type":"Person","@id":"https:\/\/zeleni-prsten.hr\/portal\/#\/schema\/person\/055e03bf54bb9f1861485d75b692e69e","name":"\u017deljka \u0160abari\u0107","url":"https:\/\/zeleni-prsten.hr\/portal\/author\/zeljka\/"}]}},"_links":{"self":[{"href":"https:\/\/zeleni-prsten.hr\/portal\/wp-json\/wp\/v2\/posts\/14758"}],"collection":[{"href":"https:\/\/zeleni-prsten.hr\/portal\/wp-json\/wp\/v2\/posts"}],"about":[{"href":"https:\/\/zeleni-prsten.hr\/portal\/wp-json\/wp\/v2\/types\/post"}],"author":[{"embeddable":true,"href":"https:\/\/zeleni-prsten.hr\/portal\/wp-json\/wp\/v2\/users\/5"}],"replies":[{"embeddable":true,"href":"https:\/\/zeleni-prsten.hr\/portal\/wp-json\/wp\/v2\/comments?post=14758"}],"version-history":[{"count":2,"href":"https:\/\/zeleni-prsten.hr\/portal\/wp-json\/wp\/v2\/posts\/14758\/revisions"}],"predecessor-version":[{"id":14779,"href":"https:\/\/zeleni-prsten.hr\/portal\/wp-json\/wp\/v2\/posts\/14758\/revisions\/14779"}],"wp:featuredmedia":[{"embeddable":true,"href":"https:\/\/zeleni-prsten.hr\/portal\/wp-json\/wp\/v2\/media\/14765"}],"wp:attachment":[{"href":"https:\/\/zeleni-prsten.hr\/portal\/wp-json\/wp\/v2\/media?parent=14758"}],"wp:term":[{"taxonomy":"category","embeddable":true,"href":"https:\/\/zeleni-prsten.hr\/portal\/wp-json\/wp\/v2\/categories?post=14758"},{"taxonomy":"post_tag","embeddable":true,"href":"https:\/\/zeleni-prsten.hr\/portal\/wp-json\/wp\/v2\/tags?post=14758"}],"curies":[{"name":"wp","href":"https:\/\/api.w.org\/{rel}","templated":true}]}}