{"id":15035,"date":"2023-07-21T17:57:20","date_gmt":"2023-07-21T15:57:20","guid":{"rendered":"https:\/\/zeleni-prsten.hr\/portal\/?p=15035"},"modified":"2023-07-21T18:06:01","modified_gmt":"2023-07-21T16:06:01","slug":"obavijest-o-posljedicama-olujnog-nevremena-u-zasticenim-podrucjima-na-podrucju-gradova-samobor-sveta-nedelja-i-zapresic","status":"publish","type":"post","link":"https:\/\/zeleni-prsten.hr\/portal\/obavijest-o-posljedicama-olujnog-nevremena-u-zasticenim-podrucjima-na-podrucju-gradova-samobor-sveta-nedelja-i-zapresic\/","title":{"rendered":"OBAVIJEST O POSLJEDICAMA OLUJNOG NEVREMENA U ZA\u0160TI\u0106ENIM PODRU\u010cJIMA NA PODRU\u010cJU GRADOVA SAMOBOR, SVETA NEDELJA I ZAPRE\u0160I\u0106"},"content":{"rendered":"<p>Zbog ogromnih razmjera \u0161teta i opasnosti koje prijete od nagnutih stabala i polomljenih grana, molimo Vas da zbog vlastite sigurnosti ne ulazite u za\u0161ti\u0107ena podru\u010dja; Park \u0161ume Tepec-Pala\u010dnik i Stra\u017enik (Samobor), Spomenike parkovne arhitekture Lug Samoborski-Park oko dvorca (Samobor) i Park oko dvorca Lu\u017enica (Zapre\u0161i\u0107) te Posebni ornitolo\u0161ki rezervat Sava-Strmec (Sveta Nedelja) dok zavr\u0161i sanacija \u0161tete.<\/p>\n<p>Nakon olujnog nevremena 19. srpnja 2023. godine Javna ustanova Zeleni prsten Zagreba\u010dke \u017eupanije obavila je pregled za\u0161ti\u0107enih podru\u010dja na podru\u010dju gradova Samobora, Sveta Nedelja, Zapre\u0161i\u0107. Temeljem terenskih izvida uo\u010dene su brojne izvale velikih stabala i lomovi grana kojima je ve\u0107ina staza i \u0161etnica prekrivena. Odlomljene grane u kro\u0161njama i na stazama i dalje predstavljaju veliku opasnost.<\/p>\n<p>Iz sigurnosnih razloga apeliramo na gra\u0111ane da se suzdr\u017ee od kretanja navedenim za\u0161ti\u0107enim podru\u010djima do kraja sanacije.<\/p>\n\n<div class=\"ngg-galleryoverview ngg-template-caption\" id=\"ngg-gallery-0e232f79457bb1b54d0051523b6af195-15035\">\n\n\n\t<!-- Thumbnails -->\n    \t\t\n\t<div id=\"ngg-image-1083\" class=\"ngg-gallery-thumbnail-box\"  >\n\t\t<div class=\"ngg-gallery-thumbnail\" >\n\t\t\t<a href=\"https:\/\/zeleni-prsten.hr\/portal\/wp-content\/gallery\/vjetroizvale-2\/Park-suma-Tepec-Straznik-e1689955449559.jpg\"\n               title=\" \"\n               class=\"ngg-simplelightbox\" rel=\"0e232f79457bb1b54d0051523b6af195\" data-image-id=\"1083\" data-src=\"https:\/\/zeleni-prsten.hr\/portal\/wp-content\/gallery\/vjetroizvale-2\/Park-suma-Tepec-Straznik-e1689955449559.jpg\" data-thumbnail=\"https:\/\/zeleni-prsten.hr\/portal\/wp-content\/gallery\/vjetroizvale-2\/cache\/Park-suma-Tepec-Straznik-e1689955449559.jpg-nggid041083-ngg0dyn-360x320x100-00f0w010c011r110f110r010t010.jpg\" data-title=\"Park-suma-Tepec-Straznik-e1689955449559\" data-description=\" \" >\n\t\t\t\t\t\t\t\t<img title=\"Park-suma-Tepec-Straznik-e1689955449559\" alt=\"Park-suma-Tepec-Straznik-e1689955449559\" src=\"https:\/\/zeleni-prsten.hr\/portal\/wp-content\/gallery\/vjetroizvale-2\/cache\/Park-suma-Tepec-Straznik-e1689955449559.jpg-nggid041083-ngg0dyn-360x320x100-00f0w010c011r110f110r010t010.jpg\" width='360' height='320' \/>\n\t\t\t\t\t\t\t<\/a>\n\t\t\t<span> <\/span>\n\t\t<\/div>\n\t<\/div>\n\t\t \t\t\n\t<div id=\"ngg-image-1081\" class=\"ngg-gallery-thumbnail-box\"  >\n\t\t<div class=\"ngg-gallery-thumbnail\" >\n\t\t\t<a href=\"https:\/\/zeleni-prsten.hr\/portal\/wp-content\/gallery\/vjetroizvale-2\/Park-suma-Straznik-e1689955473204.jpg\"\n               title=\" \"\n               class=\"ngg-simplelightbox\" rel=\"0e232f79457bb1b54d0051523b6af195\" data-image-id=\"1081\" data-src=\"https:\/\/zeleni-prsten.hr\/portal\/wp-content\/gallery\/vjetroizvale-2\/Park-suma-Straznik-e1689955473204.jpg\" data-thumbnail=\"https:\/\/zeleni-prsten.hr\/portal\/wp-content\/gallery\/vjetroizvale-2\/cache\/Park-suma-Straznik-e1689955473204.jpg-nggid041081-ngg0dyn-360x320x100-00f0w010c011r110f110r010t010.jpg\" data-title=\"Park-suma-Straznik-e1689955473204\" data-description=\" \" >\n\t\t\t\t\t\t\t\t<img title=\"Park-suma-Straznik-e1689955473204\" alt=\"Park-suma-Straznik-e1689955473204\" src=\"https:\/\/zeleni-prsten.hr\/portal\/wp-content\/gallery\/vjetroizvale-2\/cache\/Park-suma-Straznik-e1689955473204.jpg-nggid041081-ngg0dyn-360x320x100-00f0w010c011r110f110r010t010.jpg\" width='360' height='320' \/>\n\t\t\t\t\t\t\t<\/a>\n\t\t\t<span> <\/span>\n\t\t<\/div>\n\t<\/div>\n\t\t \t\t\n\t<div id=\"ngg-image-1078\" class=\"ngg-gallery-thumbnail-box\"  >\n\t\t<div class=\"ngg-gallery-thumbnail\" >\n\t\t\t<a href=\"https:\/\/zeleni-prsten.hr\/portal\/wp-content\/gallery\/vjetroizvale-2\/Ornitoloski-rezervat-Sava-Strmec.jpg\"\n               title=\" \"\n               class=\"ngg-simplelightbox\" rel=\"0e232f79457bb1b54d0051523b6af195\" data-image-id=\"1078\" data-src=\"https:\/\/zeleni-prsten.hr\/portal\/wp-content\/gallery\/vjetroizvale-2\/Ornitoloski-rezervat-Sava-Strmec.jpg\" data-thumbnail=\"https:\/\/zeleni-prsten.hr\/portal\/wp-content\/gallery\/vjetroizvale-2\/cache\/Ornitoloski-rezervat-Sava-Strmec.jpg-nggid041078-ngg0dyn-360x320x100-00f0w010c011r110f110r010t010.jpg\" data-title=\"Ornitoloski-rezervat-Sava-Strmec\" data-description=\" \" >\n\t\t\t\t\t\t\t\t<img title=\"Ornitoloski-rezervat-Sava-Strmec\" alt=\"Ornitoloski-rezervat-Sava-Strmec\" src=\"https:\/\/zeleni-prsten.hr\/portal\/wp-content\/gallery\/vjetroizvale-2\/cache\/Ornitoloski-rezervat-Sava-Strmec.jpg-nggid041078-ngg0dyn-360x320x100-00f0w010c011r110f110r010t010.jpg\" width='360' height='320' \/>\n\t\t\t\t\t\t\t<\/a>\n\t\t\t<span> <\/span>\n\t\t<\/div>\n\t<\/div>\n\t\t \t\t\n\t<div id=\"ngg-image-1090\" class=\"ngg-gallery-thumbnail-box\"  >\n\t\t<div class=\"ngg-gallery-thumbnail\" >\n\t\t\t<a href=\"https:\/\/zeleni-prsten.hr\/portal\/wp-content\/gallery\/vjetroizvale-2\/Ornitoloski-rezervat-Sava-Strmec-3.jpg\"\n               title=\" \"\n               class=\"ngg-simplelightbox\" rel=\"0e232f79457bb1b54d0051523b6af195\" data-image-id=\"1090\" data-src=\"https:\/\/zeleni-prsten.hr\/portal\/wp-content\/gallery\/vjetroizvale-2\/Ornitoloski-rezervat-Sava-Strmec-3.jpg\" data-thumbnail=\"https:\/\/zeleni-prsten.hr\/portal\/wp-content\/gallery\/vjetroizvale-2\/cache\/Ornitoloski-rezervat-Sava-Strmec-3.jpg-nggid041090-ngg0dyn-360x320x100-00f0w010c011r110f110r010t010.jpg\" data-title=\"Ornitoloski-rezervat-Sava-Strmec-3\" data-description=\" \" >\n\t\t\t\t\t\t\t\t<img title=\"Ornitoloski-rezervat-Sava-Strmec-3\" alt=\"Ornitoloski-rezervat-Sava-Strmec-3\" src=\"https:\/\/zeleni-prsten.hr\/portal\/wp-content\/gallery\/vjetroizvale-2\/cache\/Ornitoloski-rezervat-Sava-Strmec-3.jpg-nggid041090-ngg0dyn-360x320x100-00f0w010c011r110f110r010t010.jpg\" width='360' height='320' \/>\n\t\t\t\t\t\t\t<\/a>\n\t\t\t<span> <\/span>\n\t\t<\/div>\n\t<\/div>\n\t\t \t\t\n\t<div id=\"ngg-image-1076\" class=\"ngg-gallery-thumbnail-box\"  >\n\t\t<div class=\"ngg-gallery-thumbnail\" >\n\t\t\t<a href=\"https:\/\/zeleni-prsten.hr\/portal\/wp-content\/gallery\/vjetroizvale-2\/Spomenik-parkovne-arhitekture-Park-oko-dvorca-Luznica-2.jpg\"\n               title=\" \"\n               class=\"ngg-simplelightbox\" rel=\"0e232f79457bb1b54d0051523b6af195\" data-image-id=\"1076\" data-src=\"https:\/\/zeleni-prsten.hr\/portal\/wp-content\/gallery\/vjetroizvale-2\/Spomenik-parkovne-arhitekture-Park-oko-dvorca-Luznica-2.jpg\" data-thumbnail=\"https:\/\/zeleni-prsten.hr\/portal\/wp-content\/gallery\/vjetroizvale-2\/cache\/Spomenik-parkovne-arhitekture-Park-oko-dvorca-Luznica-2.jpg-nggid041076-ngg0dyn-360x320x100-00f0w010c011r110f110r010t010.jpg\" data-title=\"Spomenik-parkovne-arhitekture-Park-oko-dvorca-Luznica-2\" data-description=\" \" >\n\t\t\t\t\t\t\t\t<img title=\"Spomenik-parkovne-arhitekture-Park-oko-dvorca-Luznica-2\" alt=\"Spomenik-parkovne-arhitekture-Park-oko-dvorca-Luznica-2\" src=\"https:\/\/zeleni-prsten.hr\/portal\/wp-content\/gallery\/vjetroizvale-2\/cache\/Spomenik-parkovne-arhitekture-Park-oko-dvorca-Luznica-2.jpg-nggid041076-ngg0dyn-360x320x100-00f0w010c011r110f110r010t010.jpg\" width='360' height='320' \/>\n\t\t\t\t\t\t\t<\/a>\n\t\t\t<span> <\/span>\n\t\t<\/div>\n\t<\/div>\n\t\t \t\t\n\t<div id=\"ngg-image-1091\" class=\"ngg-gallery-thumbnail-box\"  >\n\t\t<div class=\"ngg-gallery-thumbnail\" >\n\t\t\t<a href=\"https:\/\/zeleni-prsten.hr\/portal\/wp-content\/gallery\/vjetroizvale-2\/Spomenik-parkovne-arhitekture-Park-oko-dvorca-Luznica-6-1.jpg\"\n               title=\" \"\n               class=\"ngg-simplelightbox\" rel=\"0e232f79457bb1b54d0051523b6af195\" data-image-id=\"1091\" data-src=\"https:\/\/zeleni-prsten.hr\/portal\/wp-content\/gallery\/vjetroizvale-2\/Spomenik-parkovne-arhitekture-Park-oko-dvorca-Luznica-6-1.jpg\" data-thumbnail=\"https:\/\/zeleni-prsten.hr\/portal\/wp-content\/gallery\/vjetroizvale-2\/cache\/Spomenik-parkovne-arhitekture-Park-oko-dvorca-Luznica-6-1.jpg-nggid041091-ngg0dyn-360x320x100-00f0w010c011r110f110r010t010.jpg\" data-title=\"Spomenik-parkovne-arhitekture-Park-oko-dvorca-Luznica-6-1\" data-description=\" \" >\n\t\t\t\t\t\t\t\t<img title=\"Spomenik-parkovne-arhitekture-Park-oko-dvorca-Luznica-6-1\" alt=\"Spomenik-parkovne-arhitekture-Park-oko-dvorca-Luznica-6-1\" src=\"https:\/\/zeleni-prsten.hr\/portal\/wp-content\/gallery\/vjetroizvale-2\/cache\/Spomenik-parkovne-arhitekture-Park-oko-dvorca-Luznica-6-1.jpg-nggid041091-ngg0dyn-360x320x100-00f0w010c011r110f110r010t010.jpg\" width='360' height='320' \/>\n\t\t\t\t\t\t\t<\/a>\n\t\t\t<span> <\/span>\n\t\t<\/div>\n\t<\/div>\n\t\t \t\t\n\t<div id=\"ngg-image-1089\" class=\"ngg-gallery-thumbnail-box\"  >\n\t\t<div class=\"ngg-gallery-thumbnail\" >\n\t\t\t<a href=\"https:\/\/zeleni-prsten.hr\/portal\/wp-content\/gallery\/vjetroizvale-2\/Ornitoloski-rezervat-Sava-Strmec-2.jpg\"\n               title=\" \"\n               class=\"ngg-simplelightbox\" rel=\"0e232f79457bb1b54d0051523b6af195\" data-image-id=\"1089\" data-src=\"https:\/\/zeleni-prsten.hr\/portal\/wp-content\/gallery\/vjetroizvale-2\/Ornitoloski-rezervat-Sava-Strmec-2.jpg\" data-thumbnail=\"https:\/\/zeleni-prsten.hr\/portal\/wp-content\/gallery\/vjetroizvale-2\/cache\/Ornitoloski-rezervat-Sava-Strmec-2.jpg-nggid041089-ngg0dyn-360x320x100-00f0w010c011r110f110r010t010.jpg\" data-title=\"Ornitoloski-rezervat-Sava-Strmec-2\" data-description=\" \" >\n\t\t\t\t\t\t\t\t<img title=\"Ornitoloski-rezervat-Sava-Strmec-2\" alt=\"Ornitoloski-rezervat-Sava-Strmec-2\" src=\"https:\/\/zeleni-prsten.hr\/portal\/wp-content\/gallery\/vjetroizvale-2\/cache\/Ornitoloski-rezervat-Sava-Strmec-2.jpg-nggid041089-ngg0dyn-360x320x100-00f0w010c011r110f110r010t010.jpg\" width='360' height='320' \/>\n\t\t\t\t\t\t\t<\/a>\n\t\t\t<span> <\/span>\n\t\t<\/div>\n\t<\/div>\n\t\t \t\t\n\t<div id=\"ngg-image-1088\" class=\"ngg-gallery-thumbnail-box\"  >\n\t\t<div class=\"ngg-gallery-thumbnail\" >\n\t\t\t<a href=\"https:\/\/zeleni-prsten.hr\/portal\/wp-content\/gallery\/vjetroizvale-2\/Ornitoloski-rezervat-Sava-Strmec-1.jpg\"\n               title=\" \"\n               class=\"ngg-simplelightbox\" rel=\"0e232f79457bb1b54d0051523b6af195\" data-image-id=\"1088\" data-src=\"https:\/\/zeleni-prsten.hr\/portal\/wp-content\/gallery\/vjetroizvale-2\/Ornitoloski-rezervat-Sava-Strmec-1.jpg\" data-thumbnail=\"https:\/\/zeleni-prsten.hr\/portal\/wp-content\/gallery\/vjetroizvale-2\/cache\/Ornitoloski-rezervat-Sava-Strmec-1.jpg-nggid041088-ngg0dyn-360x320x100-00f0w010c011r110f110r010t010.jpg\" data-title=\"Ornitoloski-rezervat-Sava-Strmec-1\" data-description=\" \" >\n\t\t\t\t\t\t\t\t<img title=\"Ornitoloski-rezervat-Sava-Strmec-1\" alt=\"Ornitoloski-rezervat-Sava-Strmec-1\" src=\"https:\/\/zeleni-prsten.hr\/portal\/wp-content\/gallery\/vjetroizvale-2\/cache\/Ornitoloski-rezervat-Sava-Strmec-1.jpg-nggid041088-ngg0dyn-360x320x100-00f0w010c011r110f110r010t010.jpg\" width='360' height='320' \/>\n\t\t\t\t\t\t\t<\/a>\n\t\t\t<span> <\/span>\n\t\t<\/div>\n\t<\/div>\n\t\t \t\t\n\t<div id=\"ngg-image-1087\" class=\"ngg-gallery-thumbnail-box\"  >\n\t\t<div class=\"ngg-gallery-thumbnail\" >\n\t\t\t<a href=\"https:\/\/zeleni-prsten.hr\/portal\/wp-content\/gallery\/vjetroizvale-2\/Spomenik-parkovne-arhitekture-Park-oko-dvorca-Luznica-5.jpg\"\n               title=\" \"\n               class=\"ngg-simplelightbox\" rel=\"0e232f79457bb1b54d0051523b6af195\" data-image-id=\"1087\" data-src=\"https:\/\/zeleni-prsten.hr\/portal\/wp-content\/gallery\/vjetroizvale-2\/Spomenik-parkovne-arhitekture-Park-oko-dvorca-Luznica-5.jpg\" data-thumbnail=\"https:\/\/zeleni-prsten.hr\/portal\/wp-content\/gallery\/vjetroizvale-2\/cache\/Spomenik-parkovne-arhitekture-Park-oko-dvorca-Luznica-5.jpg-nggid041087-ngg0dyn-360x320x100-00f0w010c011r110f110r010t010.jpg\" data-title=\"Spomenik-parkovne-arhitekture-Park-oko-dvorca-Luznica-5\" data-description=\" \" >\n\t\t\t\t\t\t\t\t<img title=\"Spomenik-parkovne-arhitekture-Park-oko-dvorca-Luznica-5\" alt=\"Spomenik-parkovne-arhitekture-Park-oko-dvorca-Luznica-5\" src=\"https:\/\/zeleni-prsten.hr\/portal\/wp-content\/gallery\/vjetroizvale-2\/cache\/Spomenik-parkovne-arhitekture-Park-oko-dvorca-Luznica-5.jpg-nggid041087-ngg0dyn-360x320x100-00f0w010c011r110f110r010t010.jpg\" width='360' height='320' \/>\n\t\t\t\t\t\t\t<\/a>\n\t\t\t<span> <\/span>\n\t\t<\/div>\n\t<\/div>\n\t\t \t\t\n\t<div id=\"ngg-image-1086\" class=\"ngg-gallery-thumbnail-box\"  >\n\t\t<div class=\"ngg-gallery-thumbnail\" >\n\t\t\t<a href=\"https:\/\/zeleni-prsten.hr\/portal\/wp-content\/gallery\/vjetroizvale-2\/Spomenik-parkovne-arhitekture-Park-oko-dvorca-Luznica-4-e1689955136141.jpg\"\n               title=\" \"\n               class=\"ngg-simplelightbox\" rel=\"0e232f79457bb1b54d0051523b6af195\" data-image-id=\"1086\" data-src=\"https:\/\/zeleni-prsten.hr\/portal\/wp-content\/gallery\/vjetroizvale-2\/Spomenik-parkovne-arhitekture-Park-oko-dvorca-Luznica-4-e1689955136141.jpg\" data-thumbnail=\"https:\/\/zeleni-prsten.hr\/portal\/wp-content\/gallery\/vjetroizvale-2\/cache\/Spomenik-parkovne-arhitekture-Park-oko-dvorca-Luznica-4-e1689955136141.jpg-nggid041086-ngg0dyn-360x320x100-00f0w010c011r110f110r010t010.jpg\" data-title=\"Spomenik-parkovne-arhitekture-Park-oko-dvorca-Luznica-4-e1689955136141\" data-description=\" \" >\n\t\t\t\t\t\t\t\t<img title=\"Spomenik-parkovne-arhitekture-Park-oko-dvorca-Luznica-4-e1689955136141\" alt=\"Spomenik-parkovne-arhitekture-Park-oko-dvorca-Luznica-4-e1689955136141\" src=\"https:\/\/zeleni-prsten.hr\/portal\/wp-content\/gallery\/vjetroizvale-2\/cache\/Spomenik-parkovne-arhitekture-Park-oko-dvorca-Luznica-4-e1689955136141.jpg-nggid041086-ngg0dyn-360x320x100-00f0w010c011r110f110r010t010.jpg\" width='360' height='320' \/>\n\t\t\t\t\t\t\t<\/a>\n\t\t\t<span> <\/span>\n\t\t<\/div>\n\t<\/div>\n\t\t \t\t\n\t<div id=\"ngg-image-1085\" class=\"ngg-gallery-thumbnail-box\"  >\n\t\t<div class=\"ngg-gallery-thumbnail\" >\n\t\t\t<a href=\"https:\/\/zeleni-prsten.hr\/portal\/wp-content\/gallery\/vjetroizvale-2\/Spomenik-parkovne-arhitekture-Park-oko-dvorca-Luznica-3.jpg\"\n               title=\" \"\n               class=\"ngg-simplelightbox\" rel=\"0e232f79457bb1b54d0051523b6af195\" data-image-id=\"1085\" data-src=\"https:\/\/zeleni-prsten.hr\/portal\/wp-content\/gallery\/vjetroizvale-2\/Spomenik-parkovne-arhitekture-Park-oko-dvorca-Luznica-3.jpg\" data-thumbnail=\"https:\/\/zeleni-prsten.hr\/portal\/wp-content\/gallery\/vjetroizvale-2\/cache\/Spomenik-parkovne-arhitekture-Park-oko-dvorca-Luznica-3.jpg-nggid041085-ngg0dyn-360x320x100-00f0w010c011r110f110r010t010.jpg\" data-title=\"Spomenik-parkovne-arhitekture-Park-oko-dvorca-Luznica-3\" data-description=\" \" >\n\t\t\t\t\t\t\t\t<img title=\"Spomenik-parkovne-arhitekture-Park-oko-dvorca-Luznica-3\" alt=\"Spomenik-parkovne-arhitekture-Park-oko-dvorca-Luznica-3\" src=\"https:\/\/zeleni-prsten.hr\/portal\/wp-content\/gallery\/vjetroizvale-2\/cache\/Spomenik-parkovne-arhitekture-Park-oko-dvorca-Luznica-3.jpg-nggid041085-ngg0dyn-360x320x100-00f0w010c011r110f110r010t010.jpg\" width='360' height='320' \/>\n\t\t\t\t\t\t\t<\/a>\n\t\t\t<span> <\/span>\n\t\t<\/div>\n\t<\/div>\n\t\t \t\t\n\t<div id=\"ngg-image-1082\" class=\"ngg-gallery-thumbnail-box\"  >\n\t\t<div class=\"ngg-gallery-thumbnail\" >\n\t\t\t<a href=\"https:\/\/zeleni-prsten.hr\/portal\/wp-content\/gallery\/vjetroizvale-2\/Park-suma-Tepec-Palacnik-predio-Anindola-e1689955464634.jpg\"\n               title=\" \"\n               class=\"ngg-simplelightbox\" rel=\"0e232f79457bb1b54d0051523b6af195\" data-image-id=\"1082\" data-src=\"https:\/\/zeleni-prsten.hr\/portal\/wp-content\/gallery\/vjetroizvale-2\/Park-suma-Tepec-Palacnik-predio-Anindola-e1689955464634.jpg\" data-thumbnail=\"https:\/\/zeleni-prsten.hr\/portal\/wp-content\/gallery\/vjetroizvale-2\/cache\/Park-suma-Tepec-Palacnik-predio-Anindola-e1689955464634.jpg-nggid041082-ngg0dyn-360x320x100-00f0w010c011r110f110r010t010.jpg\" data-title=\"Park-suma-Tepec-Palacnik-predio-Anindola-e1689955464634\" data-description=\" \" >\n\t\t\t\t\t\t\t\t<img title=\"Park-suma-Tepec-Palacnik-predio-Anindola-e1689955464634\" alt=\"Park-suma-Tepec-Palacnik-predio-Anindola-e1689955464634\" src=\"https:\/\/zeleni-prsten.hr\/portal\/wp-content\/gallery\/vjetroizvale-2\/cache\/Park-suma-Tepec-Palacnik-predio-Anindola-e1689955464634.jpg-nggid041082-ngg0dyn-360x320x100-00f0w010c011r110f110r010t010.jpg\" width='360' height='320' \/>\n\t\t\t\t\t\t\t<\/a>\n\t\t\t<span> <\/span>\n\t\t<\/div>\n\t<\/div>\n\t\t \t\t\n\t<div id=\"ngg-image-1080\" class=\"ngg-gallery-thumbnail-box\"  >\n\t\t<div class=\"ngg-gallery-thumbnail\" >\n\t\t\t<a href=\"https:\/\/zeleni-prsten.hr\/portal\/wp-content\/gallery\/vjetroizvale-2\/Park-suma-Straznik-2-e1689955482895.jpg\"\n               title=\" \"\n               class=\"ngg-simplelightbox\" rel=\"0e232f79457bb1b54d0051523b6af195\" data-image-id=\"1080\" data-src=\"https:\/\/zeleni-prsten.hr\/portal\/wp-content\/gallery\/vjetroizvale-2\/Park-suma-Straznik-2-e1689955482895.jpg\" data-thumbnail=\"https:\/\/zeleni-prsten.hr\/portal\/wp-content\/gallery\/vjetroizvale-2\/cache\/Park-suma-Straznik-2-e1689955482895.jpg-nggid041080-ngg0dyn-360x320x100-00f0w010c011r110f110r010t010.jpg\" data-title=\"Park-suma-Straznik-2-e1689955482895\" data-description=\" \" >\n\t\t\t\t\t\t\t\t<img title=\"Park-suma-Straznik-2-e1689955482895\" alt=\"Park-suma-Straznik-2-e1689955482895\" src=\"https:\/\/zeleni-prsten.hr\/portal\/wp-content\/gallery\/vjetroizvale-2\/cache\/Park-suma-Straznik-2-e1689955482895.jpg-nggid041080-ngg0dyn-360x320x100-00f0w010c011r110f110r010t010.jpg\" width='360' height='320' \/>\n\t\t\t\t\t\t\t<\/a>\n\t\t\t<span> <\/span>\n\t\t<\/div>\n\t<\/div>\n\t\t \t\t\n\t<div id=\"ngg-image-1084\" class=\"ngg-gallery-thumbnail-box\"  >\n\t\t<div class=\"ngg-gallery-thumbnail\" >\n\t\t\t<a href=\"https:\/\/zeleni-prsten.hr\/portal\/wp-content\/gallery\/vjetroizvale-2\/Park-suma-Tepec-Straznik-e1689955150897.jpg\"\n               title=\" \"\n               class=\"ngg-simplelightbox\" rel=\"0e232f79457bb1b54d0051523b6af195\" data-image-id=\"1084\" data-src=\"https:\/\/zeleni-prsten.hr\/portal\/wp-content\/gallery\/vjetroizvale-2\/Park-suma-Tepec-Straznik-e1689955150897.jpg\" data-thumbnail=\"https:\/\/zeleni-prsten.hr\/portal\/wp-content\/gallery\/vjetroizvale-2\/cache\/Park-suma-Tepec-Straznik-e1689955150897.jpg-nggid041084-ngg0dyn-360x320x100-00f0w010c011r110f110r010t010.jpg\" data-title=\"Park-suma-Tepec-Straznik-e1689955150897\" data-description=\" \" >\n\t\t\t\t\t\t\t\t<img title=\"Park-suma-Tepec-Straznik-e1689955150897\" alt=\"Park-suma-Tepec-Straznik-e1689955150897\" src=\"https:\/\/zeleni-prsten.hr\/portal\/wp-content\/gallery\/vjetroizvale-2\/cache\/Park-suma-Tepec-Straznik-e1689955150897.jpg-nggid041084-ngg0dyn-360x320x100-00f0w010c011r110f110r010t010.jpg\" width='360' height='320' \/>\n\t\t\t\t\t\t\t<\/a>\n\t\t\t<span> <\/span>\n\t\t<\/div>\n\t<\/div>\n\t\t \t\t\n\t<div id=\"ngg-image-1079\" class=\"ngg-gallery-thumbnail-box\"  >\n\t\t<div class=\"ngg-gallery-thumbnail\" >\n\t\t\t<a href=\"https:\/\/zeleni-prsten.hr\/portal\/wp-content\/gallery\/vjetroizvale-2\/Spomenik-parkovne-arhitekture-Lug-samoborski-park-oko-dvorca.jpg\"\n               title=\" \"\n               class=\"ngg-simplelightbox\" rel=\"0e232f79457bb1b54d0051523b6af195\" data-image-id=\"1079\" data-src=\"https:\/\/zeleni-prsten.hr\/portal\/wp-content\/gallery\/vjetroizvale-2\/Spomenik-parkovne-arhitekture-Lug-samoborski-park-oko-dvorca.jpg\" data-thumbnail=\"https:\/\/zeleni-prsten.hr\/portal\/wp-content\/gallery\/vjetroizvale-2\/cache\/Spomenik-parkovne-arhitekture-Lug-samoborski-park-oko-dvorca.jpg-nggid041079-ngg0dyn-360x320x100-00f0w010c011r110f110r010t010.jpg\" data-title=\"Spomenik-parkovne-arhitekture-Lug-samoborski-park-oko-dvorca\" data-description=\" \" >\n\t\t\t\t\t\t\t\t<img title=\"Spomenik-parkovne-arhitekture-Lug-samoborski-park-oko-dvorca\" alt=\"Spomenik-parkovne-arhitekture-Lug-samoborski-park-oko-dvorca\" src=\"https:\/\/zeleni-prsten.hr\/portal\/wp-content\/gallery\/vjetroizvale-2\/cache\/Spomenik-parkovne-arhitekture-Lug-samoborski-park-oko-dvorca.jpg-nggid041079-ngg0dyn-360x320x100-00f0w010c011r110f110r010t010.jpg\" width='360' height='320' \/>\n\t\t\t\t\t\t\t<\/a>\n\t\t\t<span> <\/span>\n\t\t<\/div>\n\t<\/div>\n\t\t \t\t\n\t<div id=\"ngg-image-1092\" class=\"ngg-gallery-thumbnail-box\"  >\n\t\t<div class=\"ngg-gallery-thumbnail\" >\n\t\t\t<a href=\"https:\/\/zeleni-prsten.hr\/portal\/wp-content\/gallery\/vjetroizvale-2\/Spomenik-parkovne-arhitekture-Park-oko-dvorca-Luznica-7.jpg\"\n               title=\" \"\n               class=\"ngg-simplelightbox\" rel=\"0e232f79457bb1b54d0051523b6af195\" data-image-id=\"1092\" data-src=\"https:\/\/zeleni-prsten.hr\/portal\/wp-content\/gallery\/vjetroizvale-2\/Spomenik-parkovne-arhitekture-Park-oko-dvorca-Luznica-7.jpg\" data-thumbnail=\"https:\/\/zeleni-prsten.hr\/portal\/wp-content\/gallery\/vjetroizvale-2\/cache\/Spomenik-parkovne-arhitekture-Park-oko-dvorca-Luznica-7.jpg-nggid041092-ngg0dyn-360x320x100-00f0w010c011r110f110r010t010.jpg\" data-title=\"Spomenik-parkovne-arhitekture-Park-oko-dvorca-Luznica-7\" data-description=\" \" >\n\t\t\t\t\t\t\t\t<img title=\"Spomenik-parkovne-arhitekture-Park-oko-dvorca-Luznica-7\" alt=\"Spomenik-parkovne-arhitekture-Park-oko-dvorca-Luznica-7\" src=\"https:\/\/zeleni-prsten.hr\/portal\/wp-content\/gallery\/vjetroizvale-2\/cache\/Spomenik-parkovne-arhitekture-Park-oko-dvorca-Luznica-7.jpg-nggid041092-ngg0dyn-360x320x100-00f0w010c011r110f110r010t010.jpg\" width='360' height='320' \/>\n\t\t\t\t\t\t\t<\/a>\n\t\t\t<span> <\/span>\n\t\t<\/div>\n\t<\/div>\n\t\t \t\t\n\t<div id=\"ngg-image-1077\" class=\"ngg-gallery-thumbnail-box\"  >\n\t\t<div class=\"ngg-gallery-thumbnail\" >\n\t\t\t<a href=\"https:\/\/zeleni-prsten.hr\/portal\/wp-content\/gallery\/vjetroizvale-2\/Spomenik-parkovne-arhitekture-Park-oko-dvorca-Luznica.jpg\"\n               title=\" \"\n               class=\"ngg-simplelightbox\" rel=\"0e232f79457bb1b54d0051523b6af195\" data-image-id=\"1077\" data-src=\"https:\/\/zeleni-prsten.hr\/portal\/wp-content\/gallery\/vjetroizvale-2\/Spomenik-parkovne-arhitekture-Park-oko-dvorca-Luznica.jpg\" data-thumbnail=\"https:\/\/zeleni-prsten.hr\/portal\/wp-content\/gallery\/vjetroizvale-2\/cache\/Spomenik-parkovne-arhitekture-Park-oko-dvorca-Luznica.jpg-nggid041077-ngg0dyn-360x320x100-00f0w010c011r110f110r010t010.jpg\" data-title=\"Spomenik-parkovne-arhitekture-Park-oko-dvorca-Luznica\" data-description=\" \" >\n\t\t\t\t\t\t\t\t<img title=\"Spomenik-parkovne-arhitekture-Park-oko-dvorca-Luznica\" alt=\"Spomenik-parkovne-arhitekture-Park-oko-dvorca-Luznica\" src=\"https:\/\/zeleni-prsten.hr\/portal\/wp-content\/gallery\/vjetroizvale-2\/cache\/Spomenik-parkovne-arhitekture-Park-oko-dvorca-Luznica.jpg-nggid041077-ngg0dyn-360x320x100-00f0w010c011r110f110r010t010.jpg\" width='360' height='320' \/>\n\t\t\t\t\t\t\t<\/a>\n\t\t\t<span> <\/span>\n\t\t<\/div>\n\t<\/div>\n\t\t \t \t\n\t<!-- Pagination -->\n \t<div class='ngg-clear'><\/div> \t\n<\/div>\n\n\n","protected":false},"excerpt":{"rendered":"<p>Zbog ogromnih razmjera \u0161teta i opasnosti koje prijete od nagnutih stabala i polomljenih grana, molimo Vas da zbog vlastite sigurnosti ne ulazite u za\u0161ti\u0107ena podru\u010dja; Park \u0161ume Tepec-Pala\u010dnik i Stra\u017enik (Samobor), Spomenike parkovne arhitekture Lug Samoborski-Park oko dvorca (Samobor) i [&hellip;]<\/p>\n","protected":false},"author":5,"featured_media":15038,"comment_status":"closed","ping_status":"closed","sticky":false,"template":"","format":"standard","meta":{"ngg_post_thumbnail":0},"categories":[59],"tags":[65,67,556,77,79,81],"yoast_head":"<!-- This site is optimized with the Yoast SEO plugin v18.4.1 - https:\/\/yoast.com\/wordpress\/plugins\/seo\/ -->\n<title>OBAVIJEST O POSLJEDICAMA OLUJNOG NEVREMENA U ZA\u0160TI\u0106ENIM PODRU\u010cJIMA NA PODRU\u010cJU GRADOVA SAMOBOR, SVETA NEDELJA I ZAPRE\u0160I\u0106 - JU Zeleni prsten Zagreba\u010dke \u017eupanije<\/title>\n<meta name=\"robots\" content=\"index, follow, max-snippet:-1, max-image-preview:large, max-video-preview:-1\" \/>\n<link rel=\"canonical\" href=\"https:\/\/zeleni-prsten.hr\/portal\/obavijest-o-posljedicama-olujnog-nevremena-u-zasticenim-podrucjima-na-podrucju-gradova-samobor-sveta-nedelja-i-zapresic\/\" \/>\n<meta property=\"og:locale\" content=\"hr_HR\" \/>\n<meta property=\"og:type\" content=\"article\" \/>\n<meta property=\"og:title\" content=\"OBAVIJEST O POSLJEDICAMA OLUJNOG NEVREMENA U ZA\u0160TI\u0106ENIM PODRU\u010cJIMA NA PODRU\u010cJU GRADOVA SAMOBOR, SVETA NEDELJA I ZAPRE\u0160I\u0106 - JU Zeleni prsten Zagreba\u010dke \u017eupanije\" \/>\n<meta property=\"og:description\" content=\"Zbog ogromnih razmjera \u0161teta i opasnosti koje prijete od nagnutih stabala i polomljenih grana, molimo Vas da zbog vlastite sigurnosti ne ulazite u za\u0161ti\u0107ena podru\u010dja; Park \u0161ume Tepec-Pala\u010dnik i Stra\u017enik (Samobor), Spomenike parkovne arhitekture Lug Samoborski-Park oko dvorca (Samobor) i [&hellip;]\" \/>\n<meta property=\"og:url\" content=\"https:\/\/zeleni-prsten.hr\/portal\/obavijest-o-posljedicama-olujnog-nevremena-u-zasticenim-podrucjima-na-podrucju-gradova-samobor-sveta-nedelja-i-zapresic\/\" \/>\n<meta property=\"og:site_name\" content=\"JU Zeleni prsten Zagreba\u010dke \u017eupanije\" \/>\n<meta property=\"article:published_time\" content=\"2023-07-21T15:57:20+00:00\" \/>\n<meta property=\"article:modified_time\" content=\"2023-07-21T16:06:01+00:00\" \/>\n<meta property=\"og:image\" content=\"https:\/\/zeleni-prsten.hr\/portal\/wp-content\/uploads\/2023\/07\/Spomenik-parkovne-arhitekture-Park-oko-dvorca-Luznica.jpg\" \/>\n\t<meta property=\"og:image:width\" content=\"1920\" \/>\n\t<meta property=\"og:image:height\" content=\"897\" \/>\n\t<meta property=\"og:image:type\" content=\"image\/jpeg\" \/>\n<meta name=\"twitter:card\" content=\"summary_large_image\" \/>\n<meta name=\"twitter:label1\" content=\"Napisao\/la\" \/>\n\t<meta name=\"twitter:data1\" content=\"\u017deljka \u0160abari\u0107\" \/>\n\t<meta name=\"twitter:label2\" content=\"Procijenjeno vrijeme \u010ditanja\" \/>\n\t<meta name=\"twitter:data2\" content=\"1 minuta\" \/>\n<script type=\"application\/ld+json\" class=\"yoast-schema-graph\">{\"@context\":\"https:\/\/schema.org\",\"@graph\":[{\"@type\":\"WebSite\",\"@id\":\"https:\/\/zeleni-prsten.hr\/portal\/#website\",\"url\":\"https:\/\/zeleni-prsten.hr\/portal\/\",\"name\":\"JU Zeleni prsten Zagreba\u010dke \u017eupanije\",\"description\":\"JU Zeleni prsten Zagreba\u010dke \u017eupanije\",\"potentialAction\":[{\"@type\":\"SearchAction\",\"target\":{\"@type\":\"EntryPoint\",\"urlTemplate\":\"https:\/\/zeleni-prsten.hr\/portal\/?s={search_term_string}\"},\"query-input\":\"required name=search_term_string\"}],\"inLanguage\":\"hr\"},{\"@type\":\"ImageObject\",\"@id\":\"https:\/\/zeleni-prsten.hr\/portal\/obavijest-o-posljedicama-olujnog-nevremena-u-zasticenim-podrucjima-na-podrucju-gradova-samobor-sveta-nedelja-i-zapresic\/#primaryimage\",\"inLanguage\":\"hr\",\"url\":\"https:\/\/zeleni-prsten.hr\/portal\/wp-content\/uploads\/2023\/07\/Spomenik-parkovne-arhitekture-Park-oko-dvorca-Luznica.jpg\",\"contentUrl\":\"https:\/\/zeleni-prsten.hr\/portal\/wp-content\/uploads\/2023\/07\/Spomenik-parkovne-arhitekture-Park-oko-dvorca-Luznica.jpg\",\"width\":1920,\"height\":897},{\"@type\":\"WebPage\",\"@id\":\"https:\/\/zeleni-prsten.hr\/portal\/obavijest-o-posljedicama-olujnog-nevremena-u-zasticenim-podrucjima-na-podrucju-gradova-samobor-sveta-nedelja-i-zapresic\/#webpage\",\"url\":\"https:\/\/zeleni-prsten.hr\/portal\/obavijest-o-posljedicama-olujnog-nevremena-u-zasticenim-podrucjima-na-podrucju-gradova-samobor-sveta-nedelja-i-zapresic\/\",\"name\":\"OBAVIJEST O POSLJEDICAMA OLUJNOG NEVREMENA U ZA\u0160TI\u0106ENIM PODRU\u010cJIMA NA PODRU\u010cJU GRADOVA SAMOBOR, SVETA NEDELJA I ZAPRE\u0160I\u0106 - JU Zeleni prsten Zagreba\u010dke \u017eupanije\",\"isPartOf\":{\"@id\":\"https:\/\/zeleni-prsten.hr\/portal\/#website\"},\"primaryImageOfPage\":{\"@id\":\"https:\/\/zeleni-prsten.hr\/portal\/obavijest-o-posljedicama-olujnog-nevremena-u-zasticenim-podrucjima-na-podrucju-gradova-samobor-sveta-nedelja-i-zapresic\/#primaryimage\"},\"datePublished\":\"2023-07-21T15:57:20+00:00\",\"dateModified\":\"2023-07-21T16:06:01+00:00\",\"author\":{\"@id\":\"https:\/\/zeleni-prsten.hr\/portal\/#\/schema\/person\/055e03bf54bb9f1861485d75b692e69e\"},\"breadcrumb\":{\"@id\":\"https:\/\/zeleni-prsten.hr\/portal\/obavijest-o-posljedicama-olujnog-nevremena-u-zasticenim-podrucjima-na-podrucju-gradova-samobor-sveta-nedelja-i-zapresic\/#breadcrumb\"},\"inLanguage\":\"hr\",\"potentialAction\":[{\"@type\":\"ReadAction\",\"target\":[\"https:\/\/zeleni-prsten.hr\/portal\/obavijest-o-posljedicama-olujnog-nevremena-u-zasticenim-podrucjima-na-podrucju-gradova-samobor-sveta-nedelja-i-zapresic\/\"]}]},{\"@type\":\"BreadcrumbList\",\"@id\":\"https:\/\/zeleni-prsten.hr\/portal\/obavijest-o-posljedicama-olujnog-nevremena-u-zasticenim-podrucjima-na-podrucju-gradova-samobor-sveta-nedelja-i-zapresic\/#breadcrumb\",\"itemListElement\":[{\"@type\":\"ListItem\",\"position\":1,\"name\":\"Home\",\"item\":\"https:\/\/zeleni-prsten.hr\/portal\/\"},{\"@type\":\"ListItem\",\"position\":2,\"name\":\"OBAVIJEST O POSLJEDICAMA OLUJNOG NEVREMENA U ZA\u0160TI\u0106ENIM PODRU\u010cJIMA NA PODRU\u010cJU GRADOVA SAMOBOR, SVETA NEDELJA I ZAPRE\u0160I\u0106\"}]},{\"@type\":\"Person\",\"@id\":\"https:\/\/zeleni-prsten.hr\/portal\/#\/schema\/person\/055e03bf54bb9f1861485d75b692e69e\",\"name\":\"\u017deljka \u0160abari\u0107\",\"url\":\"https:\/\/zeleni-prsten.hr\/portal\/author\/zeljka\/\"}]}<\/script>\n<!-- \/ Yoast SEO plugin. -->","yoast_head_json":{"title":"OBAVIJEST O POSLJEDICAMA OLUJNOG NEVREMENA U ZA\u0160TI\u0106ENIM PODRU\u010cJIMA NA PODRU\u010cJU GRADOVA SAMOBOR, SVETA NEDELJA I ZAPRE\u0160I\u0106 - JU Zeleni prsten Zagreba\u010dke \u017eupanije","robots":{"index":"index","follow":"follow","max-snippet":"max-snippet:-1","max-image-preview":"max-image-preview:large","max-video-preview":"max-video-preview:-1"},"canonical":"https:\/\/zeleni-prsten.hr\/portal\/obavijest-o-posljedicama-olujnog-nevremena-u-zasticenim-podrucjima-na-podrucju-gradova-samobor-sveta-nedelja-i-zapresic\/","og_locale":"hr_HR","og_type":"article","og_title":"OBAVIJEST O POSLJEDICAMA OLUJNOG NEVREMENA U ZA\u0160TI\u0106ENIM PODRU\u010cJIMA NA PODRU\u010cJU GRADOVA SAMOBOR, SVETA NEDELJA I ZAPRE\u0160I\u0106 - JU Zeleni prsten Zagreba\u010dke \u017eupanije","og_description":"Zbog ogromnih razmjera \u0161teta i opasnosti koje prijete od nagnutih stabala i polomljenih grana, molimo Vas da zbog vlastite sigurnosti ne ulazite u za\u0161ti\u0107ena podru\u010dja; Park \u0161ume Tepec-Pala\u010dnik i Stra\u017enik (Samobor), Spomenike parkovne arhitekture Lug Samoborski-Park oko dvorca (Samobor) i [&hellip;]","og_url":"https:\/\/zeleni-prsten.hr\/portal\/obavijest-o-posljedicama-olujnog-nevremena-u-zasticenim-podrucjima-na-podrucju-gradova-samobor-sveta-nedelja-i-zapresic\/","og_site_name":"JU Zeleni prsten Zagreba\u010dke \u017eupanije","article_published_time":"2023-07-21T15:57:20+00:00","article_modified_time":"2023-07-21T16:06:01+00:00","og_image":[{"width":1920,"height":897,"url":"https:\/\/zeleni-prsten.hr\/portal\/wp-content\/uploads\/2023\/07\/Spomenik-parkovne-arhitekture-Park-oko-dvorca-Luznica.jpg","type":"image\/jpeg"}],"twitter_card":"summary_large_image","twitter_misc":{"Napisao\/la":"\u017deljka \u0160abari\u0107","Procijenjeno vrijeme \u010ditanja":"1 minuta"},"schema":{"@context":"https:\/\/schema.org","@graph":[{"@type":"WebSite","@id":"https:\/\/zeleni-prsten.hr\/portal\/#website","url":"https:\/\/zeleni-prsten.hr\/portal\/","name":"JU Zeleni prsten Zagreba\u010dke \u017eupanije","description":"JU Zeleni prsten Zagreba\u010dke \u017eupanije","potentialAction":[{"@type":"SearchAction","target":{"@type":"EntryPoint","urlTemplate":"https:\/\/zeleni-prsten.hr\/portal\/?s={search_term_string}"},"query-input":"required name=search_term_string"}],"inLanguage":"hr"},{"@type":"ImageObject","@id":"https:\/\/zeleni-prsten.hr\/portal\/obavijest-o-posljedicama-olujnog-nevremena-u-zasticenim-podrucjima-na-podrucju-gradova-samobor-sveta-nedelja-i-zapresic\/#primaryimage","inLanguage":"hr","url":"https:\/\/zeleni-prsten.hr\/portal\/wp-content\/uploads\/2023\/07\/Spomenik-parkovne-arhitekture-Park-oko-dvorca-Luznica.jpg","contentUrl":"https:\/\/zeleni-prsten.hr\/portal\/wp-content\/uploads\/2023\/07\/Spomenik-parkovne-arhitekture-Park-oko-dvorca-Luznica.jpg","width":1920,"height":897},{"@type":"WebPage","@id":"https:\/\/zeleni-prsten.hr\/portal\/obavijest-o-posljedicama-olujnog-nevremena-u-zasticenim-podrucjima-na-podrucju-gradova-samobor-sveta-nedelja-i-zapresic\/#webpage","url":"https:\/\/zeleni-prsten.hr\/portal\/obavijest-o-posljedicama-olujnog-nevremena-u-zasticenim-podrucjima-na-podrucju-gradova-samobor-sveta-nedelja-i-zapresic\/","name":"OBAVIJEST O POSLJEDICAMA OLUJNOG NEVREMENA U ZA\u0160TI\u0106ENIM PODRU\u010cJIMA NA PODRU\u010cJU GRADOVA SAMOBOR, SVETA NEDELJA I ZAPRE\u0160I\u0106 - JU Zeleni prsten Zagreba\u010dke \u017eupanije","isPartOf":{"@id":"https:\/\/zeleni-prsten.hr\/portal\/#website"},"primaryImageOfPage":{"@id":"https:\/\/zeleni-prsten.hr\/portal\/obavijest-o-posljedicama-olujnog-nevremena-u-zasticenim-podrucjima-na-podrucju-gradova-samobor-sveta-nedelja-i-zapresic\/#primaryimage"},"datePublished":"2023-07-21T15:57:20+00:00","dateModified":"2023-07-21T16:06:01+00:00","author":{"@id":"https:\/\/zeleni-prsten.hr\/portal\/#\/schema\/person\/055e03bf54bb9f1861485d75b692e69e"},"breadcrumb":{"@id":"https:\/\/zeleni-prsten.hr\/portal\/obavijest-o-posljedicama-olujnog-nevremena-u-zasticenim-podrucjima-na-podrucju-gradova-samobor-sveta-nedelja-i-zapresic\/#breadcrumb"},"inLanguage":"hr","potentialAction":[{"@type":"ReadAction","target":["https:\/\/zeleni-prsten.hr\/portal\/obavijest-o-posljedicama-olujnog-nevremena-u-zasticenim-podrucjima-na-podrucju-gradova-samobor-sveta-nedelja-i-zapresic\/"]}]},{"@type":"BreadcrumbList","@id":"https:\/\/zeleni-prsten.hr\/portal\/obavijest-o-posljedicama-olujnog-nevremena-u-zasticenim-podrucjima-na-podrucju-gradova-samobor-sveta-nedelja-i-zapresic\/#breadcrumb","itemListElement":[{"@type":"ListItem","position":1,"name":"Home","item":"https:\/\/zeleni-prsten.hr\/portal\/"},{"@type":"ListItem","position":2,"name":"OBAVIJEST O POSLJEDICAMA OLUJNOG NEVREMENA U ZA\u0160TI\u0106ENIM PODRU\u010cJIMA NA PODRU\u010cJU GRADOVA SAMOBOR, SVETA NEDELJA I ZAPRE\u0160I\u0106"}]},{"@type":"Person","@id":"https:\/\/zeleni-prsten.hr\/portal\/#\/schema\/person\/055e03bf54bb9f1861485d75b692e69e","name":"\u017deljka \u0160abari\u0107","url":"https:\/\/zeleni-prsten.hr\/portal\/author\/zeljka\/"}]}},"_links":{"self":[{"href":"https:\/\/zeleni-prsten.hr\/portal\/wp-json\/wp\/v2\/posts\/15035"}],"collection":[{"href":"https:\/\/zeleni-prsten.hr\/portal\/wp-json\/wp\/v2\/posts"}],"about":[{"href":"https:\/\/zeleni-prsten.hr\/portal\/wp-json\/wp\/v2\/types\/post"}],"author":[{"embeddable":true,"href":"https:\/\/zeleni-prsten.hr\/portal\/wp-json\/wp\/v2\/users\/5"}],"replies":[{"embeddable":true,"href":"https:\/\/zeleni-prsten.hr\/portal\/wp-json\/wp\/v2\/comments?post=15035"}],"version-history":[{"count":2,"href":"https:\/\/zeleni-prsten.hr\/portal\/wp-json\/wp\/v2\/posts\/15035\/revisions"}],"predecessor-version":[{"id":15088,"href":"https:\/\/zeleni-prsten.hr\/portal\/wp-json\/wp\/v2\/posts\/15035\/revisions\/15088"}],"wp:featuredmedia":[{"embeddable":true,"href":"https:\/\/zeleni-prsten.hr\/portal\/wp-json\/wp\/v2\/media\/15038"}],"wp:attachment":[{"href":"https:\/\/zeleni-prsten.hr\/portal\/wp-json\/wp\/v2\/media?parent=15035"}],"wp:term":[{"taxonomy":"category","embeddable":true,"href":"https:\/\/zeleni-prsten.hr\/portal\/wp-json\/wp\/v2\/categories?post=15035"},{"taxonomy":"post_tag","embeddable":true,"href":"https:\/\/zeleni-prsten.hr\/portal\/wp-json\/wp\/v2\/tags?post=15035"}],"curies":[{"name":"wp","href":"https:\/\/api.w.org\/{rel}","templated":true}]}}