{"id":15170,"date":"2023-07-19T14:16:43","date_gmt":"2023-07-19T12:16:43","guid":{"rendered":"https:\/\/zeleni-prsten.hr\/portal\/?p=15170"},"modified":"2023-07-25T14:30:20","modified_gmt":"2023-07-25T12:30:20","slug":"istrazivanje-vidre-i-dabra","status":"publish","type":"post","link":"https:\/\/zeleni-prsten.hr\/portal\/istrazivanje-vidre-i-dabra\/","title":{"rendered":"Istra\u017eivanje vidre i dabra"},"content":{"rendered":"<p>Zavr\u0161ilo je istra\u017eivanje vidre i dabra u Odranskom polju i \u017dutici koje je ove godine za nas provela Udruga studenata biologije \u2013 BIUS. Istra\u017eivanje je provedeno tijekom prolje\u0107a, a u sklopu istra\u017eivanja obi\u0111eno je 18 lokaliteta, uglavnom vodotoka koji su istra\u017eeni u duljini 600 metara &#8211; kako je propisano nacionalnim programom monitoringa. Bilje\u017eeni su svi tragovi prisustva istra\u017eivanih vrsta poput izmeta, tragova kretanja, tragova hranjenja, dabrovih brana, brloga i sli\u010dno. Dodatno su postavljene i tri fotozamke koje su zbog ki\u0161nih uvjeta morale biti uklonjene prije zavr\u0161etka istra\u017eivanja.<\/p>\n<p>Prisutnost vidre potvr\u0111ena je na deset lokaliteta, dabra na devet, a na \u010detiri lokaliteta zabilje\u017eena je nutrija \u2013 invazivna strana vrsta koja se nalazi na popisu invazivnih stranih vrsta koje izazivaju zabrinutost u Uniji. Ameri\u010dka vidrica i bizamski \u0161takor nisu zabilje\u017eeni, iako je prisustvo bizamskog \u0161takora poznato s lokaliteta nekoliko kilometara sjeverozapadno od granice Odranskog polja.<\/p>\n<p>Vidra je strogo za\u0161ti\u0107ena vrsta o kojoj nedostaje podataka pa nas veseli da \u0107e ovo istra\u017eivanje doprinijeti njezinom boljem poznavanju. Dabar je iz Hrvatske izumro krajem 19. ili po\u010detkom 20.&nbsp;stolje\u0107a, a reintrodukcija u prirodu zapo\u010dela je 1996. godine. Prvi dabrovi pu\u0161teni su upravo u \u0161umu \u017dutica. Od po\u010detnih 29 jedinki koliko je iz Bavarske dovedeno u Hrvatsku, danas je populacija dramati\u010dno narasla te se procjenjuje na preko 10.000 jedinki. Ovo istra\u017eivanje potvr\u0111uje da je njegova brojnost u Odranskom polju i \u017dutici velika te daje vrijedne podatke za nastavak pra\u0107enja stanja. Obje vrste su ciljne vrste o\u010duvanja Natura 2000 podru\u010dja Odransko polje i \u017dutica.<\/p>\n<p>Nutrija, bizamski \u0161takor i ameri\u010dka vidrica invazivne su strane vrste unesene u Europu za proizvodnju krzna tijekom 20. stolje\u0107a. Nutrija i bizamski \u0161takor u Hrvatskoj su bilje\u017eeni zadnjih 80-ak godina, a za ameri\u010dku vidricu jo\u0161 ne postoje opa\u017eanja, ali je prona\u0111ena u susjednim zemljama. Ove vrste predstavljaju prijetnju za bioraznolikost podru\u010dja na koja se pro\u0161ire, a imaju i negativne utjecaje na ljudske aktivnosti. Kako bi se moglo \u0161to uspje\u0161nije upravljati invazivnim stranim vrstama, potrebno je dobro poznavati njihovu rasprostranjenost i stanje populacija, zbog \u010dega je pra\u0107enje ovih vrsta jednako bitno kao i pra\u0107enje onih strogo za\u0161ti\u0107enih.&nbsp;<\/p>\n<p>Vi\u0161e o dabru i vidri pro\u010ditajte <a href=\"https:\/\/zeleni-prsten.hr\/portal\/tajanstveni-stanovnici\/sisavci\/\">ovdje.&nbsp;<\/a><\/p>\n\n<div class=\"ngg-galleryoverview ngg-template-caption\" id=\"ngg-gallery-a9b282bc78abeb7e9ab1a0aeddbbdb6a-15170\">\n\n\n\t<!-- Thumbnails -->\n    \t\t\n\t<div id=\"ngg-image-1119\" class=\"ngg-gallery-thumbnail-box\"  >\n\t\t<div class=\"ngg-gallery-thumbnail\" >\n\t\t\t<a href=\"https:\/\/zeleni-prsten.hr\/portal\/wp-content\/gallery\/istrazivanje-vidre-i-dabra\/zutica-5_dabar_1.jpg\"\n               title=\" \"\n               class=\"ngg-simplelightbox\" rel=\"a9b282bc78abeb7e9ab1a0aeddbbdb6a\" data-image-id=\"1119\" data-src=\"https:\/\/zeleni-prsten.hr\/portal\/wp-content\/gallery\/istrazivanje-vidre-i-dabra\/zutica-5_dabar_1.jpg\" data-thumbnail=\"https:\/\/zeleni-prsten.hr\/portal\/wp-content\/gallery\/istrazivanje-vidre-i-dabra\/cache\/zutica-5_dabar_1.jpg-nggid041119-ngg0dyn-360x320x100-00f0w010c011r110f110r010t010.jpg\" data-title=\"zutica-5_dabar_1\" data-description=\" \" >\n\t\t\t\t\t\t\t\t<img title=\"zutica-5_dabar_1\" alt=\"zutica-5_dabar_1\" src=\"https:\/\/zeleni-prsten.hr\/portal\/wp-content\/gallery\/istrazivanje-vidre-i-dabra\/cache\/zutica-5_dabar_1.jpg-nggid041119-ngg0dyn-360x320x100-00f0w010c011r110f110r010t010.jpg\" width='360' height='320' \/>\n\t\t\t\t\t\t\t<\/a>\n\t\t\t<span> <\/span>\n\t\t<\/div>\n\t<\/div>\n\t\t \t\t\n\t<div id=\"ngg-image-1120\" class=\"ngg-gallery-thumbnail-box\"  >\n\t\t<div class=\"ngg-gallery-thumbnail\" >\n\t\t\t<a href=\"https:\/\/zeleni-prsten.hr\/portal\/wp-content\/gallery\/istrazivanje-vidre-i-dabra\/fotozamka2.jpg\"\n               title=\" \"\n               class=\"ngg-simplelightbox\" rel=\"a9b282bc78abeb7e9ab1a0aeddbbdb6a\" data-image-id=\"1120\" data-src=\"https:\/\/zeleni-prsten.hr\/portal\/wp-content\/gallery\/istrazivanje-vidre-i-dabra\/fotozamka2.jpg\" data-thumbnail=\"https:\/\/zeleni-prsten.hr\/portal\/wp-content\/gallery\/istrazivanje-vidre-i-dabra\/cache\/fotozamka2.jpg-nggid041120-ngg0dyn-360x320x100-00f0w010c011r110f110r010t010.jpg\" data-title=\"fotozamka2\" data-description=\" \" >\n\t\t\t\t\t\t\t\t<img title=\"fotozamka2\" alt=\"fotozamka2\" src=\"https:\/\/zeleni-prsten.hr\/portal\/wp-content\/gallery\/istrazivanje-vidre-i-dabra\/cache\/fotozamka2.jpg-nggid041120-ngg0dyn-360x320x100-00f0w010c011r110f110r010t010.jpg\" width='360' height='320' \/>\n\t\t\t\t\t\t\t<\/a>\n\t\t\t<span> <\/span>\n\t\t<\/div>\n\t<\/div>\n\t\t \t\t\n\t<div id=\"ngg-image-1121\" class=\"ngg-gallery-thumbnail-box\"  >\n\t\t<div class=\"ngg-gallery-thumbnail\" >\n\t\t\t<a href=\"https:\/\/zeleni-prsten.hr\/portal\/wp-content\/gallery\/istrazivanje-vidre-i-dabra\/odra1_17.3._2-istrazivanje-e1690287595980.jpg\"\n               title=\" \"\n               class=\"ngg-simplelightbox\" rel=\"a9b282bc78abeb7e9ab1a0aeddbbdb6a\" data-image-id=\"1121\" data-src=\"https:\/\/zeleni-prsten.hr\/portal\/wp-content\/gallery\/istrazivanje-vidre-i-dabra\/odra1_17.3._2-istrazivanje-e1690287595980.jpg\" data-thumbnail=\"https:\/\/zeleni-prsten.hr\/portal\/wp-content\/gallery\/istrazivanje-vidre-i-dabra\/cache\/odra1_17.3._2-istrazivanje-e1690287595980.jpg-nggid041121-ngg0dyn-360x320x100-00f0w010c011r110f110r010t010.jpg\" data-title=\"odra1_17.3._2-istrazivanje-e1690287595980\" data-description=\" \" >\n\t\t\t\t\t\t\t\t<img title=\"odra1_17.3._2-istrazivanje-e1690287595980\" alt=\"odra1_17.3._2-istrazivanje-e1690287595980\" src=\"https:\/\/zeleni-prsten.hr\/portal\/wp-content\/gallery\/istrazivanje-vidre-i-dabra\/cache\/odra1_17.3._2-istrazivanje-e1690287595980.jpg-nggid041121-ngg0dyn-360x320x100-00f0w010c011r110f110r010t010.jpg\" width='360' height='320' \/>\n\t\t\t\t\t\t\t<\/a>\n\t\t\t<span> <\/span>\n\t\t<\/div>\n\t<\/div>\n\t\t \t\t\n\t<div id=\"ngg-image-1122\" class=\"ngg-gallery-thumbnail-box\"  >\n\t\t<div class=\"ngg-gallery-thumbnail\" >\n\t\t\t<a href=\"https:\/\/zeleni-prsten.hr\/portal\/wp-content\/gallery\/istrazivanje-vidre-i-dabra\/vidra-Lutra-lutra-umanjena.jpg\"\n               title=\" \"\n               class=\"ngg-simplelightbox\" rel=\"a9b282bc78abeb7e9ab1a0aeddbbdb6a\" data-image-id=\"1122\" data-src=\"https:\/\/zeleni-prsten.hr\/portal\/wp-content\/gallery\/istrazivanje-vidre-i-dabra\/vidra-Lutra-lutra-umanjena.jpg\" data-thumbnail=\"https:\/\/zeleni-prsten.hr\/portal\/wp-content\/gallery\/istrazivanje-vidre-i-dabra\/cache\/vidra-Lutra-lutra-umanjena.jpg-nggid041122-ngg0dyn-360x320x100-00f0w010c011r110f110r010t010.jpg\" data-title=\"vidra-Lutra-lutra-umanjena\" data-description=\" \" >\n\t\t\t\t\t\t\t\t<img title=\"vidra-Lutra-lutra-umanjena\" alt=\"vidra-Lutra-lutra-umanjena\" src=\"https:\/\/zeleni-prsten.hr\/portal\/wp-content\/gallery\/istrazivanje-vidre-i-dabra\/cache\/vidra-Lutra-lutra-umanjena.jpg-nggid041122-ngg0dyn-360x320x100-00f0w010c011r110f110r010t010.jpg\" width='360' height='320' \/>\n\t\t\t\t\t\t\t<\/a>\n\t\t\t<span> <\/span>\n\t\t<\/div>\n\t<\/div>\n\t\t \t\t\n\t<div id=\"ngg-image-1123\" class=\"ngg-gallery-thumbnail-box\"  >\n\t\t<div class=\"ngg-gallery-thumbnail\" >\n\t\t\t<a href=\"https:\/\/zeleni-prsten.hr\/portal\/wp-content\/gallery\/istrazivanje-vidre-i-dabra\/Dabar.jpg\"\n               title=\" \"\n               class=\"ngg-simplelightbox\" rel=\"a9b282bc78abeb7e9ab1a0aeddbbdb6a\" data-image-id=\"1123\" data-src=\"https:\/\/zeleni-prsten.hr\/portal\/wp-content\/gallery\/istrazivanje-vidre-i-dabra\/Dabar.jpg\" data-thumbnail=\"https:\/\/zeleni-prsten.hr\/portal\/wp-content\/gallery\/istrazivanje-vidre-i-dabra\/cache\/Dabar.jpg-nggid041123-ngg0dyn-360x320x100-00f0w010c011r110f110r010t010.jpg\" data-title=\"Dabar\" data-description=\" \" >\n\t\t\t\t\t\t\t\t<img title=\"Dabar\" alt=\"Dabar\" src=\"https:\/\/zeleni-prsten.hr\/portal\/wp-content\/gallery\/istrazivanje-vidre-i-dabra\/cache\/Dabar.jpg-nggid041123-ngg0dyn-360x320x100-00f0w010c011r110f110r010t010.jpg\" width='360' height='320' \/>\n\t\t\t\t\t\t\t<\/a>\n\t\t\t<span> <\/span>\n\t\t<\/div>\n\t<\/div>\n\t\t \t \t\n\t<!-- Pagination -->\n \t<div class='ngg-clear'><\/div> \t\n<\/div>\n\n\n","protected":false},"excerpt":{"rendered":"<p>Zavr\u0161ilo je istra\u017eivanje vidre i dabra u Odranskom polju i \u017dutici koje je ove godine za nas provela Udruga studenata biologije \u2013 BIUS. Istra\u017eivanje je provedeno tijekom prolje\u0107a, a u sklopu istra\u017eivanja obi\u0111eno je 18 lokaliteta, uglavnom vodotoka koji su [&hellip;]<\/p>\n","protected":false},"author":5,"featured_media":4245,"comment_status":"closed","ping_status":"closed","sticky":false,"template":"","format":"standard","meta":{"ngg_post_thumbnail":0},"categories":[59],"tags":[568,570,65,67,233,147,572,566,77,79,81],"yoast_head":"<!-- This site is optimized with the Yoast SEO plugin v18.4.1 - https:\/\/yoast.com\/wordpress\/plugins\/seo\/ -->\n<title>Istra\u017eivanje vidre i dabra - JU Zeleni prsten Zagreba\u010dke \u017eupanije<\/title>\n<meta name=\"robots\" content=\"index, follow, max-snippet:-1, max-image-preview:large, max-video-preview:-1\" \/>\n<link rel=\"canonical\" href=\"https:\/\/zeleni-prsten.hr\/portal\/istrazivanje-vidre-i-dabra\/\" \/>\n<meta property=\"og:locale\" content=\"hr_HR\" \/>\n<meta property=\"og:type\" content=\"article\" \/>\n<meta property=\"og:title\" content=\"Istra\u017eivanje vidre i dabra - JU Zeleni prsten Zagreba\u010dke \u017eupanije\" \/>\n<meta property=\"og:description\" content=\"Zavr\u0161ilo je istra\u017eivanje vidre i dabra u Odranskom polju i \u017dutici koje je ove godine za nas provela Udruga studenata biologije \u2013 BIUS. Istra\u017eivanje je provedeno tijekom prolje\u0107a, a u sklopu istra\u017eivanja obi\u0111eno je 18 lokaliteta, uglavnom vodotoka koji su [&hellip;]\" \/>\n<meta property=\"og:url\" content=\"https:\/\/zeleni-prsten.hr\/portal\/istrazivanje-vidre-i-dabra\/\" \/>\n<meta property=\"og:site_name\" content=\"JU Zeleni prsten Zagreba\u010dke \u017eupanije\" \/>\n<meta property=\"article:published_time\" content=\"2023-07-19T12:16:43+00:00\" \/>\n<meta property=\"article:modified_time\" content=\"2023-07-25T12:30:20+00:00\" \/>\n<meta property=\"og:image\" content=\"https:\/\/zeleni-prsten.hr\/portal\/wp-content\/uploads\/2022\/01\/Dabar.jpg\" \/>\n\t<meta property=\"og:image:width\" content=\"1620\" \/>\n\t<meta property=\"og:image:height\" content=\"1080\" \/>\n\t<meta property=\"og:image:type\" content=\"image\/jpeg\" \/>\n<meta name=\"twitter:card\" content=\"summary_large_image\" \/>\n<meta name=\"twitter:label1\" content=\"Napisao\/la\" \/>\n\t<meta name=\"twitter:data1\" content=\"\u017deljka \u0160abari\u0107\" \/>\n\t<meta name=\"twitter:label2\" content=\"Procijenjeno vrijeme \u010ditanja\" \/>\n\t<meta name=\"twitter:data2\" content=\"2 minute\" \/>\n<script type=\"application\/ld+json\" class=\"yoast-schema-graph\">{\"@context\":\"https:\/\/schema.org\",\"@graph\":[{\"@type\":\"WebSite\",\"@id\":\"https:\/\/zeleni-prsten.hr\/portal\/#website\",\"url\":\"https:\/\/zeleni-prsten.hr\/portal\/\",\"name\":\"JU Zeleni prsten Zagreba\u010dke \u017eupanije\",\"description\":\"JU Zeleni prsten Zagreba\u010dke \u017eupanije\",\"potentialAction\":[{\"@type\":\"SearchAction\",\"target\":{\"@type\":\"EntryPoint\",\"urlTemplate\":\"https:\/\/zeleni-prsten.hr\/portal\/?s={search_term_string}\"},\"query-input\":\"required name=search_term_string\"}],\"inLanguage\":\"hr\"},{\"@type\":\"ImageObject\",\"@id\":\"https:\/\/zeleni-prsten.hr\/portal\/istrazivanje-vidre-i-dabra\/#primaryimage\",\"inLanguage\":\"hr\",\"url\":\"https:\/\/zeleni-prsten.hr\/portal\/wp-content\/uploads\/2022\/01\/Dabar.jpg\",\"contentUrl\":\"https:\/\/zeleni-prsten.hr\/portal\/wp-content\/uploads\/2022\/01\/Dabar.jpg\",\"width\":1620,\"height\":1080},{\"@type\":\"WebPage\",\"@id\":\"https:\/\/zeleni-prsten.hr\/portal\/istrazivanje-vidre-i-dabra\/#webpage\",\"url\":\"https:\/\/zeleni-prsten.hr\/portal\/istrazivanje-vidre-i-dabra\/\",\"name\":\"Istra\u017eivanje vidre i dabra - JU Zeleni prsten Zagreba\u010dke \u017eupanije\",\"isPartOf\":{\"@id\":\"https:\/\/zeleni-prsten.hr\/portal\/#website\"},\"primaryImageOfPage\":{\"@id\":\"https:\/\/zeleni-prsten.hr\/portal\/istrazivanje-vidre-i-dabra\/#primaryimage\"},\"datePublished\":\"2023-07-19T12:16:43+00:00\",\"dateModified\":\"2023-07-25T12:30:20+00:00\",\"author\":{\"@id\":\"https:\/\/zeleni-prsten.hr\/portal\/#\/schema\/person\/055e03bf54bb9f1861485d75b692e69e\"},\"breadcrumb\":{\"@id\":\"https:\/\/zeleni-prsten.hr\/portal\/istrazivanje-vidre-i-dabra\/#breadcrumb\"},\"inLanguage\":\"hr\",\"potentialAction\":[{\"@type\":\"ReadAction\",\"target\":[\"https:\/\/zeleni-prsten.hr\/portal\/istrazivanje-vidre-i-dabra\/\"]}]},{\"@type\":\"BreadcrumbList\",\"@id\":\"https:\/\/zeleni-prsten.hr\/portal\/istrazivanje-vidre-i-dabra\/#breadcrumb\",\"itemListElement\":[{\"@type\":\"ListItem\",\"position\":1,\"name\":\"Home\",\"item\":\"https:\/\/zeleni-prsten.hr\/portal\/\"},{\"@type\":\"ListItem\",\"position\":2,\"name\":\"Istra\u017eivanje vidre i dabra\"}]},{\"@type\":\"Person\",\"@id\":\"https:\/\/zeleni-prsten.hr\/portal\/#\/schema\/person\/055e03bf54bb9f1861485d75b692e69e\",\"name\":\"\u017deljka \u0160abari\u0107\",\"url\":\"https:\/\/zeleni-prsten.hr\/portal\/author\/zeljka\/\"}]}<\/script>\n<!-- \/ Yoast SEO plugin. -->","yoast_head_json":{"title":"Istra\u017eivanje vidre i dabra - JU Zeleni prsten Zagreba\u010dke \u017eupanije","robots":{"index":"index","follow":"follow","max-snippet":"max-snippet:-1","max-image-preview":"max-image-preview:large","max-video-preview":"max-video-preview:-1"},"canonical":"https:\/\/zeleni-prsten.hr\/portal\/istrazivanje-vidre-i-dabra\/","og_locale":"hr_HR","og_type":"article","og_title":"Istra\u017eivanje vidre i dabra - JU Zeleni prsten Zagreba\u010dke \u017eupanije","og_description":"Zavr\u0161ilo je istra\u017eivanje vidre i dabra u Odranskom polju i \u017dutici koje je ove godine za nas provela Udruga studenata biologije \u2013 BIUS. Istra\u017eivanje je provedeno tijekom prolje\u0107a, a u sklopu istra\u017eivanja obi\u0111eno je 18 lokaliteta, uglavnom vodotoka koji su [&hellip;]","og_url":"https:\/\/zeleni-prsten.hr\/portal\/istrazivanje-vidre-i-dabra\/","og_site_name":"JU Zeleni prsten Zagreba\u010dke \u017eupanije","article_published_time":"2023-07-19T12:16:43+00:00","article_modified_time":"2023-07-25T12:30:20+00:00","og_image":[{"width":1620,"height":1080,"url":"https:\/\/zeleni-prsten.hr\/portal\/wp-content\/uploads\/2022\/01\/Dabar.jpg","type":"image\/jpeg"}],"twitter_card":"summary_large_image","twitter_misc":{"Napisao\/la":"\u017deljka \u0160abari\u0107","Procijenjeno vrijeme \u010ditanja":"2 minute"},"schema":{"@context":"https:\/\/schema.org","@graph":[{"@type":"WebSite","@id":"https:\/\/zeleni-prsten.hr\/portal\/#website","url":"https:\/\/zeleni-prsten.hr\/portal\/","name":"JU Zeleni prsten Zagreba\u010dke \u017eupanije","description":"JU Zeleni prsten Zagreba\u010dke \u017eupanije","potentialAction":[{"@type":"SearchAction","target":{"@type":"EntryPoint","urlTemplate":"https:\/\/zeleni-prsten.hr\/portal\/?s={search_term_string}"},"query-input":"required name=search_term_string"}],"inLanguage":"hr"},{"@type":"ImageObject","@id":"https:\/\/zeleni-prsten.hr\/portal\/istrazivanje-vidre-i-dabra\/#primaryimage","inLanguage":"hr","url":"https:\/\/zeleni-prsten.hr\/portal\/wp-content\/uploads\/2022\/01\/Dabar.jpg","contentUrl":"https:\/\/zeleni-prsten.hr\/portal\/wp-content\/uploads\/2022\/01\/Dabar.jpg","width":1620,"height":1080},{"@type":"WebPage","@id":"https:\/\/zeleni-prsten.hr\/portal\/istrazivanje-vidre-i-dabra\/#webpage","url":"https:\/\/zeleni-prsten.hr\/portal\/istrazivanje-vidre-i-dabra\/","name":"Istra\u017eivanje vidre i dabra - JU Zeleni prsten Zagreba\u010dke \u017eupanije","isPartOf":{"@id":"https:\/\/zeleni-prsten.hr\/portal\/#website"},"primaryImageOfPage":{"@id":"https:\/\/zeleni-prsten.hr\/portal\/istrazivanje-vidre-i-dabra\/#primaryimage"},"datePublished":"2023-07-19T12:16:43+00:00","dateModified":"2023-07-25T12:30:20+00:00","author":{"@id":"https:\/\/zeleni-prsten.hr\/portal\/#\/schema\/person\/055e03bf54bb9f1861485d75b692e69e"},"breadcrumb":{"@id":"https:\/\/zeleni-prsten.hr\/portal\/istrazivanje-vidre-i-dabra\/#breadcrumb"},"inLanguage":"hr","potentialAction":[{"@type":"ReadAction","target":["https:\/\/zeleni-prsten.hr\/portal\/istrazivanje-vidre-i-dabra\/"]}]},{"@type":"BreadcrumbList","@id":"https:\/\/zeleni-prsten.hr\/portal\/istrazivanje-vidre-i-dabra\/#breadcrumb","itemListElement":[{"@type":"ListItem","position":1,"name":"Home","item":"https:\/\/zeleni-prsten.hr\/portal\/"},{"@type":"ListItem","position":2,"name":"Istra\u017eivanje vidre i dabra"}]},{"@type":"Person","@id":"https:\/\/zeleni-prsten.hr\/portal\/#\/schema\/person\/055e03bf54bb9f1861485d75b692e69e","name":"\u017deljka \u0160abari\u0107","url":"https:\/\/zeleni-prsten.hr\/portal\/author\/zeljka\/"}]}},"_links":{"self":[{"href":"https:\/\/zeleni-prsten.hr\/portal\/wp-json\/wp\/v2\/posts\/15170"}],"collection":[{"href":"https:\/\/zeleni-prsten.hr\/portal\/wp-json\/wp\/v2\/posts"}],"about":[{"href":"https:\/\/zeleni-prsten.hr\/portal\/wp-json\/wp\/v2\/types\/post"}],"author":[{"embeddable":true,"href":"https:\/\/zeleni-prsten.hr\/portal\/wp-json\/wp\/v2\/users\/5"}],"replies":[{"embeddable":true,"href":"https:\/\/zeleni-prsten.hr\/portal\/wp-json\/wp\/v2\/comments?post=15170"}],"version-history":[{"count":8,"href":"https:\/\/zeleni-prsten.hr\/portal\/wp-json\/wp\/v2\/posts\/15170\/revisions"}],"predecessor-version":[{"id":15187,"href":"https:\/\/zeleni-prsten.hr\/portal\/wp-json\/wp\/v2\/posts\/15170\/revisions\/15187"}],"wp:featuredmedia":[{"embeddable":true,"href":"https:\/\/zeleni-prsten.hr\/portal\/wp-json\/wp\/v2\/media\/4245"}],"wp:attachment":[{"href":"https:\/\/zeleni-prsten.hr\/portal\/wp-json\/wp\/v2\/media?parent=15170"}],"wp:term":[{"taxonomy":"category","embeddable":true,"href":"https:\/\/zeleni-prsten.hr\/portal\/wp-json\/wp\/v2\/categories?post=15170"},{"taxonomy":"post_tag","embeddable":true,"href":"https:\/\/zeleni-prsten.hr\/portal\/wp-json\/wp\/v2\/tags?post=15170"}],"curies":[{"name":"wp","href":"https:\/\/api.w.org\/{rel}","templated":true}]}}