{"id":15334,"date":"2023-08-29T14:32:18","date_gmt":"2023-08-29T12:32:18","guid":{"rendered":"https:\/\/zeleni-prsten.hr\/portal\/?p=15334"},"modified":"2023-08-29T14:32:18","modified_gmt":"2023-08-29T12:32:18","slug":"kosnja-creta-dubravica","status":"publish","type":"post","link":"https:\/\/zeleni-prsten.hr\/portal\/kosnja-creta-dubravica\/","title":{"rendered":"Ko\u0161nja Creta Dubravica"},"content":{"rendered":"<p>I ove godine \u010dlanovi Lova\u010dkog dru\u0161tva \u201eVidra\u201c \u2013 Dubravica proveli su ljetnu ko\u0161nju cretnog stani\u0161ta Posebnog rezervata i Natura 2000 podru\u010dja Cret Dubravica. Ko\u0161nja je provedena, temeljem sporazuma o suradnji JU Zeleni prsten Zagreba\u010dke, Op\u0107ine Dubravica i Lova\u010dkog dru\u0161tvo, kako bi se omogu\u0107ila provedba aktivnosti nu\u017enih za opstanak ovog kriti\u010dno ugro\u017eenog stani\u0161ta koje je u Hrvatskoj opstalo na manje od 10 lokaliteta.<\/p>\n<p>Cret Dubravica dom je nekoliko iznimno ugro\u017eenih vrsta, od kojih mo\u017eemo istaknuti biljke okruglolisnu rosiku (poznata i kao biljka meso\u017ederka) i bijelu \u0161iljkicu, gljivu suhoperkinu mo\u010dvarnicu koja je na\u0111ena jedino na Cretu Dubravica te vrlo rijetku vrstu kornja\u0161a \u2013 \u010dvorastog tr\u010dka. U tijeku je i botani\u010dko istra\u017eivanje koje za nas provode stru\u010dnjaci Hrvatskog botani\u010dkog dru\u0161tva, a prvi rezultati pokazuju smanjenje populacija zna\u010dajnih vrsta te nu\u017enost provedbe restauracije.<\/p>\n<p>Botani\u010dari su ove godine sudjelovali u ko\u0161nji te su dali upute za ko\u0161nju, pri \u010demu je najbitnije da se visina otkosa prilagodi tako da kosi \u010dim ni\u017ee u dijelovima koji obrastaju u ne\u017eeljene vrste, a vi\u0161e u dijelovima creta gdje obitavaju rijetke vrste kojima treba omogu\u0107iti dovr\u0161etak cvatnje i plodono\u0161enja. Vrlo je va\u017eno i da se poko\u0161eni materijal makne \u0161to dalje od creta kako se nutrijenti koji nastaju kod razgradnje ne bi ispirali u cret i poticali rast ne\u017eeljenih vrsta. Istra\u017eivanja se nastavljaju i tijekom jeseni, a u planu je i provedba jesenske ko\u0161nje. Hvala svim sudionicima ko\u0161nje i istra\u017eivanja na velikom ulo\u017eenom trudu.<\/p>\n\n<div class=\"ngg-galleryoverview ngg-template-caption\" id=\"ngg-gallery-fcd09c7649556fad12f9e1f934dc8ed6-15334\">\n\n\n\t<!-- Thumbnails -->\n    \t\t\n\t<div id=\"ngg-image-1148\" class=\"ngg-gallery-thumbnail-box\"  >\n\t\t<div class=\"ngg-gallery-thumbnail\" >\n\t\t\t<a href=\"https:\/\/zeleni-prsten.hr\/portal\/wp-content\/gallery\/kosnja-cret-dubravica\/1693210625499.jpg\"\n               title=\" \"\n               class=\"ngg-simplelightbox\" rel=\"fcd09c7649556fad12f9e1f934dc8ed6\" data-image-id=\"1148\" data-src=\"https:\/\/zeleni-prsten.hr\/portal\/wp-content\/gallery\/kosnja-cret-dubravica\/1693210625499.jpg\" data-thumbnail=\"https:\/\/zeleni-prsten.hr\/portal\/wp-content\/gallery\/kosnja-cret-dubravica\/cache\/1693210625499.jpg-nggid041148-ngg0dyn-360x320x100-00f0w010c011r110f110r010t010.jpg\" data-title=\"1693210625499\" data-description=\" \" >\n\t\t\t\t\t\t\t\t<img title=\"1693210625499\" alt=\"1693210625499\" src=\"https:\/\/zeleni-prsten.hr\/portal\/wp-content\/gallery\/kosnja-cret-dubravica\/cache\/1693210625499.jpg-nggid041148-ngg0dyn-360x320x100-00f0w010c011r110f110r010t010.jpg\" width='360' height='320' \/>\n\t\t\t\t\t\t\t<\/a>\n\t\t\t<span> <\/span>\n\t\t<\/div>\n\t<\/div>\n\t\t \t\t\n\t<div id=\"ngg-image-1149\" class=\"ngg-gallery-thumbnail-box\"  >\n\t\t<div class=\"ngg-gallery-thumbnail\" >\n\t\t\t<a href=\"https:\/\/zeleni-prsten.hr\/portal\/wp-content\/gallery\/kosnja-cret-dubravica\/1693210625548.jpg\"\n               title=\" \"\n               class=\"ngg-simplelightbox\" rel=\"fcd09c7649556fad12f9e1f934dc8ed6\" data-image-id=\"1149\" data-src=\"https:\/\/zeleni-prsten.hr\/portal\/wp-content\/gallery\/kosnja-cret-dubravica\/1693210625548.jpg\" data-thumbnail=\"https:\/\/zeleni-prsten.hr\/portal\/wp-content\/gallery\/kosnja-cret-dubravica\/cache\/1693210625548.jpg-nggid041149-ngg0dyn-360x320x100-00f0w010c011r110f110r010t010.jpg\" data-title=\"1693210625548\" data-description=\" \" >\n\t\t\t\t\t\t\t\t<img title=\"1693210625548\" alt=\"1693210625548\" src=\"https:\/\/zeleni-prsten.hr\/portal\/wp-content\/gallery\/kosnja-cret-dubravica\/cache\/1693210625548.jpg-nggid041149-ngg0dyn-360x320x100-00f0w010c011r110f110r010t010.jpg\" width='360' height='320' \/>\n\t\t\t\t\t\t\t<\/a>\n\t\t\t<span> <\/span>\n\t\t<\/div>\n\t<\/div>\n\t\t \t\t\n\t<div id=\"ngg-image-1150\" class=\"ngg-gallery-thumbnail-box\"  >\n\t\t<div class=\"ngg-gallery-thumbnail\" >\n\t\t\t<a href=\"https:\/\/zeleni-prsten.hr\/portal\/wp-content\/gallery\/kosnja-cret-dubravica\/1693210625528.jpg\"\n               title=\" \"\n               class=\"ngg-simplelightbox\" rel=\"fcd09c7649556fad12f9e1f934dc8ed6\" data-image-id=\"1150\" data-src=\"https:\/\/zeleni-prsten.hr\/portal\/wp-content\/gallery\/kosnja-cret-dubravica\/1693210625528.jpg\" data-thumbnail=\"https:\/\/zeleni-prsten.hr\/portal\/wp-content\/gallery\/kosnja-cret-dubravica\/cache\/1693210625528.jpg-nggid041150-ngg0dyn-360x320x100-00f0w010c011r110f110r010t010.jpg\" data-title=\"1693210625528\" data-description=\" \" >\n\t\t\t\t\t\t\t\t<img title=\"1693210625528\" alt=\"1693210625528\" src=\"https:\/\/zeleni-prsten.hr\/portal\/wp-content\/gallery\/kosnja-cret-dubravica\/cache\/1693210625528.jpg-nggid041150-ngg0dyn-360x320x100-00f0w010c011r110f110r010t010.jpg\" width='360' height='320' \/>\n\t\t\t\t\t\t\t<\/a>\n\t\t\t<span> <\/span>\n\t\t<\/div>\n\t<\/div>\n\t\t \t\t\n\t<div id=\"ngg-image-1151\" class=\"ngg-gallery-thumbnail-box\"  >\n\t\t<div class=\"ngg-gallery-thumbnail\" >\n\t\t\t<a href=\"https:\/\/zeleni-prsten.hr\/portal\/wp-content\/gallery\/kosnja-cret-dubravica\/Okrugolisna-rosika_G.-Safarek.jpg\"\n               title=\" \"\n               class=\"ngg-simplelightbox\" rel=\"fcd09c7649556fad12f9e1f934dc8ed6\" data-image-id=\"1151\" data-src=\"https:\/\/zeleni-prsten.hr\/portal\/wp-content\/gallery\/kosnja-cret-dubravica\/Okrugolisna-rosika_G.-Safarek.jpg\" data-thumbnail=\"https:\/\/zeleni-prsten.hr\/portal\/wp-content\/gallery\/kosnja-cret-dubravica\/cache\/Okrugolisna-rosika_G.-Safarek.jpg-nggid041151-ngg0dyn-360x320x100-00f0w010c011r110f110r010t010.jpg\" data-title=\"Okrugolisna-rosika_G.-Safarek\" data-description=\" \" >\n\t\t\t\t\t\t\t\t<img title=\"Okrugolisna-rosika_G.-Safarek\" alt=\"Okrugolisna-rosika_G.-Safarek\" src=\"https:\/\/zeleni-prsten.hr\/portal\/wp-content\/gallery\/kosnja-cret-dubravica\/cache\/Okrugolisna-rosika_G.-Safarek.jpg-nggid041151-ngg0dyn-360x320x100-00f0w010c011r110f110r010t010.jpg\" width='360' height='320' \/>\n\t\t\t\t\t\t\t<\/a>\n\t\t\t<span> <\/span>\n\t\t<\/div>\n\t<\/div>\n\t\t \t\t\n\t<div id=\"ngg-image-1152\" class=\"ngg-gallery-thumbnail-box\"  >\n\t\t<div class=\"ngg-gallery-thumbnail\" >\n\t\t\t<a href=\"https:\/\/zeleni-prsten.hr\/portal\/wp-content\/gallery\/kosnja-cret-dubravica\/Okrugolisna-rosika-Cret-Dubravica-G.-Safarek-3.jpg\"\n               title=\" \"\n               class=\"ngg-simplelightbox\" rel=\"fcd09c7649556fad12f9e1f934dc8ed6\" data-image-id=\"1152\" data-src=\"https:\/\/zeleni-prsten.hr\/portal\/wp-content\/gallery\/kosnja-cret-dubravica\/Okrugolisna-rosika-Cret-Dubravica-G.-Safarek-3.jpg\" data-thumbnail=\"https:\/\/zeleni-prsten.hr\/portal\/wp-content\/gallery\/kosnja-cret-dubravica\/cache\/Okrugolisna-rosika-Cret-Dubravica-G.-Safarek-3.jpg-nggid041152-ngg0dyn-360x320x100-00f0w010c011r110f110r010t010.jpg\" data-title=\"Okrugolisna-rosika-Cret-Dubravica-G.-Safarek-3\" data-description=\" \" >\n\t\t\t\t\t\t\t\t<img title=\"Okrugolisna-rosika-Cret-Dubravica-G.-Safarek-3\" alt=\"Okrugolisna-rosika-Cret-Dubravica-G.-Safarek-3\" src=\"https:\/\/zeleni-prsten.hr\/portal\/wp-content\/gallery\/kosnja-cret-dubravica\/cache\/Okrugolisna-rosika-Cret-Dubravica-G.-Safarek-3.jpg-nggid041152-ngg0dyn-360x320x100-00f0w010c011r110f110r010t010.jpg\" width='360' height='320' \/>\n\t\t\t\t\t\t\t<\/a>\n\t\t\t<span> <\/span>\n\t\t<\/div>\n\t<\/div>\n\t\t \t \t\n\t<!-- Pagination -->\n \t<div class='ngg-clear'><\/div> \t\n<\/div>\n\n\n<p>&nbsp;<\/p>\n","protected":false},"excerpt":{"rendered":"<p>I ove godine \u010dlanovi Lova\u010dkog dru\u0161tva \u201eVidra\u201c \u2013 Dubravica proveli su ljetnu ko\u0161nju cretnog stani\u0161ta Posebnog rezervata i Natura 2000 podru\u010dja Cret Dubravica. Ko\u0161nja je provedena, temeljem sporazuma o suradnji JU Zeleni prsten Zagreba\u010dke, Op\u0107ine Dubravica i Lova\u010dkog dru\u0161tvo, kako [&hellip;]<\/p>\n","protected":false},"author":5,"featured_media":15335,"comment_status":"closed","ping_status":"closed","sticky":false,"template":"","format":"standard","meta":{"ngg_post_thumbnail":0},"categories":[59],"tags":[586,361,427,65,67,363,77,79,81],"yoast_head":"<!-- This site is optimized with the Yoast SEO plugin v18.4.1 - https:\/\/yoast.com\/wordpress\/plugins\/seo\/ -->\n<title>Ko\u0161nja Creta Dubravica - JU Zeleni prsten Zagreba\u010dke \u017eupanije<\/title>\n<meta name=\"robots\" content=\"index, follow, max-snippet:-1, max-image-preview:large, max-video-preview:-1\" \/>\n<link rel=\"canonical\" href=\"https:\/\/zeleni-prsten.hr\/portal\/kosnja-creta-dubravica\/\" \/>\n<meta property=\"og:locale\" content=\"hr_HR\" \/>\n<meta property=\"og:type\" content=\"article\" \/>\n<meta property=\"og:title\" content=\"Ko\u0161nja Creta Dubravica - JU Zeleni prsten Zagreba\u010dke \u017eupanije\" \/>\n<meta property=\"og:description\" content=\"I ove godine \u010dlanovi Lova\u010dkog dru\u0161tva \u201eVidra\u201c \u2013 Dubravica proveli su ljetnu ko\u0161nju cretnog stani\u0161ta Posebnog rezervata i Natura 2000 podru\u010dja Cret Dubravica. Ko\u0161nja je provedena, temeljem sporazuma o suradnji JU Zeleni prsten Zagreba\u010dke, Op\u0107ine Dubravica i Lova\u010dkog dru\u0161tvo, kako [&hellip;]\" \/>\n<meta property=\"og:url\" content=\"https:\/\/zeleni-prsten.hr\/portal\/kosnja-creta-dubravica\/\" \/>\n<meta property=\"og:site_name\" content=\"JU Zeleni prsten Zagreba\u010dke \u017eupanije\" \/>\n<meta property=\"article:published_time\" content=\"2023-08-29T12:32:18+00:00\" \/>\n<meta property=\"og:image\" content=\"https:\/\/zeleni-prsten.hr\/portal\/wp-content\/uploads\/2023\/08\/1693210625528.jpg\" \/>\n\t<meta property=\"og:image:width\" content=\"1920\" \/>\n\t<meta property=\"og:image:height\" content=\"864\" \/>\n\t<meta property=\"og:image:type\" content=\"image\/jpeg\" \/>\n<meta name=\"twitter:card\" content=\"summary_large_image\" \/>\n<meta name=\"twitter:label1\" content=\"Napisao\/la\" \/>\n\t<meta name=\"twitter:data1\" content=\"\u017deljka \u0160abari\u0107\" \/>\n\t<meta name=\"twitter:label2\" content=\"Procijenjeno vrijeme \u010ditanja\" \/>\n\t<meta name=\"twitter:data2\" content=\"2 minute\" \/>\n<script type=\"application\/ld+json\" class=\"yoast-schema-graph\">{\"@context\":\"https:\/\/schema.org\",\"@graph\":[{\"@type\":\"WebSite\",\"@id\":\"https:\/\/zeleni-prsten.hr\/portal\/#website\",\"url\":\"https:\/\/zeleni-prsten.hr\/portal\/\",\"name\":\"JU Zeleni prsten Zagreba\u010dke \u017eupanije\",\"description\":\"JU Zeleni prsten Zagreba\u010dke \u017eupanije\",\"potentialAction\":[{\"@type\":\"SearchAction\",\"target\":{\"@type\":\"EntryPoint\",\"urlTemplate\":\"https:\/\/zeleni-prsten.hr\/portal\/?s={search_term_string}\"},\"query-input\":\"required name=search_term_string\"}],\"inLanguage\":\"hr\"},{\"@type\":\"ImageObject\",\"@id\":\"https:\/\/zeleni-prsten.hr\/portal\/kosnja-creta-dubravica\/#primaryimage\",\"inLanguage\":\"hr\",\"url\":\"https:\/\/zeleni-prsten.hr\/portal\/wp-content\/uploads\/2023\/08\/1693210625528.jpg\",\"contentUrl\":\"https:\/\/zeleni-prsten.hr\/portal\/wp-content\/uploads\/2023\/08\/1693210625528.jpg\",\"width\":1920,\"height\":864},{\"@type\":\"WebPage\",\"@id\":\"https:\/\/zeleni-prsten.hr\/portal\/kosnja-creta-dubravica\/#webpage\",\"url\":\"https:\/\/zeleni-prsten.hr\/portal\/kosnja-creta-dubravica\/\",\"name\":\"Ko\u0161nja Creta Dubravica - JU Zeleni prsten Zagreba\u010dke \u017eupanije\",\"isPartOf\":{\"@id\":\"https:\/\/zeleni-prsten.hr\/portal\/#website\"},\"primaryImageOfPage\":{\"@id\":\"https:\/\/zeleni-prsten.hr\/portal\/kosnja-creta-dubravica\/#primaryimage\"},\"datePublished\":\"2023-08-29T12:32:18+00:00\",\"dateModified\":\"2023-08-29T12:32:18+00:00\",\"author\":{\"@id\":\"https:\/\/zeleni-prsten.hr\/portal\/#\/schema\/person\/055e03bf54bb9f1861485d75b692e69e\"},\"breadcrumb\":{\"@id\":\"https:\/\/zeleni-prsten.hr\/portal\/kosnja-creta-dubravica\/#breadcrumb\"},\"inLanguage\":\"hr\",\"potentialAction\":[{\"@type\":\"ReadAction\",\"target\":[\"https:\/\/zeleni-prsten.hr\/portal\/kosnja-creta-dubravica\/\"]}]},{\"@type\":\"BreadcrumbList\",\"@id\":\"https:\/\/zeleni-prsten.hr\/portal\/kosnja-creta-dubravica\/#breadcrumb\",\"itemListElement\":[{\"@type\":\"ListItem\",\"position\":1,\"name\":\"Home\",\"item\":\"https:\/\/zeleni-prsten.hr\/portal\/\"},{\"@type\":\"ListItem\",\"position\":2,\"name\":\"Ko\u0161nja Creta Dubravica\"}]},{\"@type\":\"Person\",\"@id\":\"https:\/\/zeleni-prsten.hr\/portal\/#\/schema\/person\/055e03bf54bb9f1861485d75b692e69e\",\"name\":\"\u017deljka \u0160abari\u0107\",\"url\":\"https:\/\/zeleni-prsten.hr\/portal\/author\/zeljka\/\"}]}<\/script>\n<!-- \/ Yoast SEO plugin. -->","yoast_head_json":{"title":"Ko\u0161nja Creta Dubravica - JU Zeleni prsten Zagreba\u010dke \u017eupanije","robots":{"index":"index","follow":"follow","max-snippet":"max-snippet:-1","max-image-preview":"max-image-preview:large","max-video-preview":"max-video-preview:-1"},"canonical":"https:\/\/zeleni-prsten.hr\/portal\/kosnja-creta-dubravica\/","og_locale":"hr_HR","og_type":"article","og_title":"Ko\u0161nja Creta Dubravica - JU Zeleni prsten Zagreba\u010dke \u017eupanije","og_description":"I ove godine \u010dlanovi Lova\u010dkog dru\u0161tva \u201eVidra\u201c \u2013 Dubravica proveli su ljetnu ko\u0161nju cretnog stani\u0161ta Posebnog rezervata i Natura 2000 podru\u010dja Cret Dubravica. Ko\u0161nja je provedena, temeljem sporazuma o suradnji JU Zeleni prsten Zagreba\u010dke, Op\u0107ine Dubravica i Lova\u010dkog dru\u0161tvo, kako [&hellip;]","og_url":"https:\/\/zeleni-prsten.hr\/portal\/kosnja-creta-dubravica\/","og_site_name":"JU Zeleni prsten Zagreba\u010dke \u017eupanije","article_published_time":"2023-08-29T12:32:18+00:00","og_image":[{"width":1920,"height":864,"url":"https:\/\/zeleni-prsten.hr\/portal\/wp-content\/uploads\/2023\/08\/1693210625528.jpg","type":"image\/jpeg"}],"twitter_card":"summary_large_image","twitter_misc":{"Napisao\/la":"\u017deljka \u0160abari\u0107","Procijenjeno vrijeme \u010ditanja":"2 minute"},"schema":{"@context":"https:\/\/schema.org","@graph":[{"@type":"WebSite","@id":"https:\/\/zeleni-prsten.hr\/portal\/#website","url":"https:\/\/zeleni-prsten.hr\/portal\/","name":"JU Zeleni prsten Zagreba\u010dke \u017eupanije","description":"JU Zeleni prsten Zagreba\u010dke \u017eupanije","potentialAction":[{"@type":"SearchAction","target":{"@type":"EntryPoint","urlTemplate":"https:\/\/zeleni-prsten.hr\/portal\/?s={search_term_string}"},"query-input":"required name=search_term_string"}],"inLanguage":"hr"},{"@type":"ImageObject","@id":"https:\/\/zeleni-prsten.hr\/portal\/kosnja-creta-dubravica\/#primaryimage","inLanguage":"hr","url":"https:\/\/zeleni-prsten.hr\/portal\/wp-content\/uploads\/2023\/08\/1693210625528.jpg","contentUrl":"https:\/\/zeleni-prsten.hr\/portal\/wp-content\/uploads\/2023\/08\/1693210625528.jpg","width":1920,"height":864},{"@type":"WebPage","@id":"https:\/\/zeleni-prsten.hr\/portal\/kosnja-creta-dubravica\/#webpage","url":"https:\/\/zeleni-prsten.hr\/portal\/kosnja-creta-dubravica\/","name":"Ko\u0161nja Creta Dubravica - JU Zeleni prsten Zagreba\u010dke \u017eupanije","isPartOf":{"@id":"https:\/\/zeleni-prsten.hr\/portal\/#website"},"primaryImageOfPage":{"@id":"https:\/\/zeleni-prsten.hr\/portal\/kosnja-creta-dubravica\/#primaryimage"},"datePublished":"2023-08-29T12:32:18+00:00","dateModified":"2023-08-29T12:32:18+00:00","author":{"@id":"https:\/\/zeleni-prsten.hr\/portal\/#\/schema\/person\/055e03bf54bb9f1861485d75b692e69e"},"breadcrumb":{"@id":"https:\/\/zeleni-prsten.hr\/portal\/kosnja-creta-dubravica\/#breadcrumb"},"inLanguage":"hr","potentialAction":[{"@type":"ReadAction","target":["https:\/\/zeleni-prsten.hr\/portal\/kosnja-creta-dubravica\/"]}]},{"@type":"BreadcrumbList","@id":"https:\/\/zeleni-prsten.hr\/portal\/kosnja-creta-dubravica\/#breadcrumb","itemListElement":[{"@type":"ListItem","position":1,"name":"Home","item":"https:\/\/zeleni-prsten.hr\/portal\/"},{"@type":"ListItem","position":2,"name":"Ko\u0161nja Creta Dubravica"}]},{"@type":"Person","@id":"https:\/\/zeleni-prsten.hr\/portal\/#\/schema\/person\/055e03bf54bb9f1861485d75b692e69e","name":"\u017deljka \u0160abari\u0107","url":"https:\/\/zeleni-prsten.hr\/portal\/author\/zeljka\/"}]}},"_links":{"self":[{"href":"https:\/\/zeleni-prsten.hr\/portal\/wp-json\/wp\/v2\/posts\/15334"}],"collection":[{"href":"https:\/\/zeleni-prsten.hr\/portal\/wp-json\/wp\/v2\/posts"}],"about":[{"href":"https:\/\/zeleni-prsten.hr\/portal\/wp-json\/wp\/v2\/types\/post"}],"author":[{"embeddable":true,"href":"https:\/\/zeleni-prsten.hr\/portal\/wp-json\/wp\/v2\/users\/5"}],"replies":[{"embeddable":true,"href":"https:\/\/zeleni-prsten.hr\/portal\/wp-json\/wp\/v2\/comments?post=15334"}],"version-history":[{"count":1,"href":"https:\/\/zeleni-prsten.hr\/portal\/wp-json\/wp\/v2\/posts\/15334\/revisions"}],"predecessor-version":[{"id":15340,"href":"https:\/\/zeleni-prsten.hr\/portal\/wp-json\/wp\/v2\/posts\/15334\/revisions\/15340"}],"wp:featuredmedia":[{"embeddable":true,"href":"https:\/\/zeleni-prsten.hr\/portal\/wp-json\/wp\/v2\/media\/15335"}],"wp:attachment":[{"href":"https:\/\/zeleni-prsten.hr\/portal\/wp-json\/wp\/v2\/media?parent=15334"}],"wp:term":[{"taxonomy":"category","embeddable":true,"href":"https:\/\/zeleni-prsten.hr\/portal\/wp-json\/wp\/v2\/categories?post=15334"},{"taxonomy":"post_tag","embeddable":true,"href":"https:\/\/zeleni-prsten.hr\/portal\/wp-json\/wp\/v2\/tags?post=15334"}],"curies":[{"name":"wp","href":"https:\/\/api.w.org\/{rel}","templated":true}]}}