{"id":16081,"date":"2024-02-05T10:46:22","date_gmt":"2024-02-05T09:46:22","guid":{"rendered":"https:\/\/zeleni-prsten.hr\/portal\/?p=16081"},"modified":"2024-02-12T10:50:47","modified_gmt":"2024-02-12T09:50:47","slug":"predavanja-u-osnovnim-skolama","status":"publish","type":"post","link":"https:\/\/zeleni-prsten.hr\/portal\/predavanja-u-osnovnim-skolama\/","title":{"rendered":"PREDAVANJA U OSNOVNIM \u0160KOLAMA"},"content":{"rendered":"<p>Me\u0111unarodni dan za\u0161tite mo\u010dvara i mo\u010dvarnih stani\u0161ta obilje\u017eava se svake godine 2. velja\u010de, a cilj je ukazati na neraskidivu vezu izme\u0111u voda, mo\u010dvara i \u017eivota te osvijestiti i promovirati va\u017enost i vrijednost mo\u010dvarnih i vla\u017enih stani\u0161ta za prirodu, ali i za \u010dovjeka. Mo\u010dvarna stani\u0161ta su klju\u010dna za ubla\u017eavanje klimatskih promjena jer ubla\u017eavaju poplave i su\u0161e te su va\u017ena za o\u010duvanje bioraznolikosti jer pru\u017eaju stani\u0161te tisu\u0107ama biljnih i \u017eivotinjskih vrsta.<\/p>\n<p>Povodom obilje\u017eavanja ovog va\u017enog dana odr\u017eali smo predavanja za djecu 1. i 2. razreda osnovnih \u0161kola u sklopu kojih smo predstavili projekt \u201eSpas za barske \u2013 stop za invazivne kornja\u010de\u201c. Svrha ovog projekta je za\u0161tita na\u0161e zavi\u010dajne barske kornja\u010de koja je pred nestankom zbog utjecaja invazivnih crvenouhih i \u017eutouhih kornja\u010da.<\/p>\n<p>Na ukupno sedam predavanja sudjelovalo je oko 250 u\u010denika, a gostovali smo u O\u0160 V. De\u0161\u010dak u Rakitju, O\u0160 Rugvica, O\u0160 Sveta Nedelja te u Gradskoj knji\u017enici Samobor gdje su nam se pridru\u017eili u\u010denici iz Osnovne \u0161kole Samobor i Osnovne \u0161kole Bogumila Tonija iz Samobora. Djeca su kroz predavanja nau\u010dila kako izgledaju na\u0161e doma\u0107e, barske kornja\u010de, a kako invazivne, crvenouhe i \u017eutouhe kornja\u010de, kako su invazivne kornja\u010de stigle u na\u0161e potoke, rijeke i jezera, za\u0161to su opasne za na\u0161e barske kornja\u010de te kako svi zajedno mo\u017eemo doprinijeti za\u0161titi barske kornja\u010de. Nakon svakog predavanja imali smo i kreativnu likovnu radionicu na kojoj su se u\u010denici prepustili ma\u0161ti i izradili mno\u0161tvo \u0161arenih modela kornja\u010da. Za kraj smo svi zajedno ponovili za\u0161to je va\u017eno \u010duvati prirodu, mo\u010dvare i na\u0161e zavi\u010dajne vrste.<\/p>\n<p>Crvenouha i \u017eutouha kornja\u010da dvije su varijacije izgleda ameri\u010dke vrste kornja\u010de Trachemys scripta. Me\u0111usobno se razlikuju po mrljama na bo\u010dnim dijelovima glave u podru\u010dju u\u0161iju. Podrijetlom su iz Sjeverne Amerike i prirodno nastanjuje tropske i suptropske slatke vode isto\u010dnog SAD-a i sjeveroisto\u010dnog Meksika. Ove su se kornja\u010de nekad prodavale kao ku\u0107ni ljubimci i bile su iznimno popularne jer su podsje\u0107ale na junake iz serije \u201eNind\u017ea kornja\u010de\u201c, a kada su narasle neodgovorni vlasnici su ih pustili u prirodu i time napravili veliku \u0161tetu na\u0161em ekosustavu. Invazivne kornja\u010de su ve\u0107e i sna\u017enije, br\u017ee rastu, br\u017ee se razmno\u017eavaju te oduzimaju sun\u010dali\u0161ta i hranu na\u0161im doma\u0107im, barskim kornja\u010dama zbog \u010dega su one sve ugro\u017eenije.<\/p>\n\n<div class=\"ngg-galleryoverview ngg-template-caption\" id=\"ngg-gallery-6467b035175031d42a2f2d1bafc02e23-16081\">\n\n\n\t<!-- Thumbnails -->\n    \t\t\n\t<div id=\"ngg-image-1359\" class=\"ngg-gallery-thumbnail-box\"  >\n\t\t<div class=\"ngg-gallery-thumbnail\" >\n\t\t\t<a href=\"https:\/\/zeleni-prsten.hr\/portal\/wp-content\/gallery\/predavanja-dan-vlaznih-stanista\/predavanje-GK-Samobor-4.jpg\"\n               title=\" \"\n               class=\"ngg-simplelightbox\" rel=\"6467b035175031d42a2f2d1bafc02e23\" data-image-id=\"1359\" data-src=\"https:\/\/zeleni-prsten.hr\/portal\/wp-content\/gallery\/predavanja-dan-vlaznih-stanista\/predavanje-GK-Samobor-4.jpg\" data-thumbnail=\"https:\/\/zeleni-prsten.hr\/portal\/wp-content\/gallery\/predavanja-dan-vlaznih-stanista\/cache\/predavanje-GK-Samobor-4.jpg-nggid041359-ngg0dyn-360x320x100-00f0w010c011r110f110r010t010.jpg\" data-title=\"predavanje-GK-Samobor-4\" data-description=\" \" >\n\t\t\t\t\t\t\t\t<img title=\"predavanje-GK-Samobor-4\" alt=\"predavanje-GK-Samobor-4\" src=\"https:\/\/zeleni-prsten.hr\/portal\/wp-content\/gallery\/predavanja-dan-vlaznih-stanista\/cache\/predavanje-GK-Samobor-4.jpg-nggid041359-ngg0dyn-360x320x100-00f0w010c011r110f110r010t010.jpg\" width='360' height='320' \/>\n\t\t\t\t\t\t\t<\/a>\n\t\t\t<span> <\/span>\n\t\t<\/div>\n\t<\/div>\n\t\t \t\t\n\t<div id=\"ngg-image-1360\" class=\"ngg-gallery-thumbnail-box\"  >\n\t\t<div class=\"ngg-gallery-thumbnail\" >\n\t\t\t<a href=\"https:\/\/zeleni-prsten.hr\/portal\/wp-content\/gallery\/predavanja-dan-vlaznih-stanista\/predavanje-GK-Samobor-7.jpg\"\n               title=\" \"\n               class=\"ngg-simplelightbox\" rel=\"6467b035175031d42a2f2d1bafc02e23\" data-image-id=\"1360\" data-src=\"https:\/\/zeleni-prsten.hr\/portal\/wp-content\/gallery\/predavanja-dan-vlaznih-stanista\/predavanje-GK-Samobor-7.jpg\" data-thumbnail=\"https:\/\/zeleni-prsten.hr\/portal\/wp-content\/gallery\/predavanja-dan-vlaznih-stanista\/cache\/predavanje-GK-Samobor-7.jpg-nggid041360-ngg0dyn-360x320x100-00f0w010c011r110f110r010t010.jpg\" data-title=\"predavanje-GK-Samobor-7\" data-description=\" \" >\n\t\t\t\t\t\t\t\t<img title=\"predavanje-GK-Samobor-7\" alt=\"predavanje-GK-Samobor-7\" src=\"https:\/\/zeleni-prsten.hr\/portal\/wp-content\/gallery\/predavanja-dan-vlaznih-stanista\/cache\/predavanje-GK-Samobor-7.jpg-nggid041360-ngg0dyn-360x320x100-00f0w010c011r110f110r010t010.jpg\" width='360' height='320' \/>\n\t\t\t\t\t\t\t<\/a>\n\t\t\t<span> <\/span>\n\t\t<\/div>\n\t<\/div>\n\t\t \t\t\n\t<div id=\"ngg-image-1361\" class=\"ngg-gallery-thumbnail-box\"  >\n\t\t<div class=\"ngg-gallery-thumbnail\" >\n\t\t\t<a href=\"https:\/\/zeleni-prsten.hr\/portal\/wp-content\/gallery\/predavanja-dan-vlaznih-stanista\/predavanje-Rakitje-3.jpg\"\n               title=\" \"\n               class=\"ngg-simplelightbox\" rel=\"6467b035175031d42a2f2d1bafc02e23\" data-image-id=\"1361\" data-src=\"https:\/\/zeleni-prsten.hr\/portal\/wp-content\/gallery\/predavanja-dan-vlaznih-stanista\/predavanje-Rakitje-3.jpg\" data-thumbnail=\"https:\/\/zeleni-prsten.hr\/portal\/wp-content\/gallery\/predavanja-dan-vlaznih-stanista\/cache\/predavanje-Rakitje-3.jpg-nggid041361-ngg0dyn-360x320x100-00f0w010c011r110f110r010t010.jpg\" data-title=\"predavanje-Rakitje-3\" data-description=\" \" >\n\t\t\t\t\t\t\t\t<img title=\"predavanje-Rakitje-3\" alt=\"predavanje-Rakitje-3\" src=\"https:\/\/zeleni-prsten.hr\/portal\/wp-content\/gallery\/predavanja-dan-vlaznih-stanista\/cache\/predavanje-Rakitje-3.jpg-nggid041361-ngg0dyn-360x320x100-00f0w010c011r110f110r010t010.jpg\" width='360' height='320' \/>\n\t\t\t\t\t\t\t<\/a>\n\t\t\t<span> <\/span>\n\t\t<\/div>\n\t<\/div>\n\t\t \t\t\n\t<div id=\"ngg-image-1362\" class=\"ngg-gallery-thumbnail-box\"  >\n\t\t<div class=\"ngg-gallery-thumbnail\" >\n\t\t\t<a href=\"https:\/\/zeleni-prsten.hr\/portal\/wp-content\/gallery\/predavanja-dan-vlaznih-stanista\/predavanje-Rakitje-7-1.jpg\"\n               title=\" \"\n               class=\"ngg-simplelightbox\" rel=\"6467b035175031d42a2f2d1bafc02e23\" data-image-id=\"1362\" data-src=\"https:\/\/zeleni-prsten.hr\/portal\/wp-content\/gallery\/predavanja-dan-vlaznih-stanista\/predavanje-Rakitje-7-1.jpg\" data-thumbnail=\"https:\/\/zeleni-prsten.hr\/portal\/wp-content\/gallery\/predavanja-dan-vlaznih-stanista\/cache\/predavanje-Rakitje-7-1.jpg-nggid041362-ngg0dyn-360x320x100-00f0w010c011r110f110r010t010.jpg\" data-title=\"predavanje-Rakitje-7-1\" data-description=\" \" >\n\t\t\t\t\t\t\t\t<img title=\"predavanje-Rakitje-7-1\" alt=\"predavanje-Rakitje-7-1\" src=\"https:\/\/zeleni-prsten.hr\/portal\/wp-content\/gallery\/predavanja-dan-vlaznih-stanista\/cache\/predavanje-Rakitje-7-1.jpg-nggid041362-ngg0dyn-360x320x100-00f0w010c011r110f110r010t010.jpg\" width='360' height='320' \/>\n\t\t\t\t\t\t\t<\/a>\n\t\t\t<span> <\/span>\n\t\t<\/div>\n\t<\/div>\n\t\t \t\t\n\t<div id=\"ngg-image-1363\" class=\"ngg-gallery-thumbnail-box\"  >\n\t\t<div class=\"ngg-gallery-thumbnail\" >\n\t\t\t<a href=\"https:\/\/zeleni-prsten.hr\/portal\/wp-content\/gallery\/predavanja-dan-vlaznih-stanista\/Predavanje-Rugvica-10.jpg\"\n               title=\" \"\n               class=\"ngg-simplelightbox\" rel=\"6467b035175031d42a2f2d1bafc02e23\" data-image-id=\"1363\" data-src=\"https:\/\/zeleni-prsten.hr\/portal\/wp-content\/gallery\/predavanja-dan-vlaznih-stanista\/Predavanje-Rugvica-10.jpg\" data-thumbnail=\"https:\/\/zeleni-prsten.hr\/portal\/wp-content\/gallery\/predavanja-dan-vlaznih-stanista\/cache\/Predavanje-Rugvica-10.jpg-nggid041363-ngg0dyn-360x320x100-00f0w010c011r110f110r010t010.jpg\" data-title=\"Predavanje-Rugvica-10\" data-description=\" \" >\n\t\t\t\t\t\t\t\t<img title=\"Predavanje-Rugvica-10\" alt=\"Predavanje-Rugvica-10\" src=\"https:\/\/zeleni-prsten.hr\/portal\/wp-content\/gallery\/predavanja-dan-vlaznih-stanista\/cache\/Predavanje-Rugvica-10.jpg-nggid041363-ngg0dyn-360x320x100-00f0w010c011r110f110r010t010.jpg\" width='360' height='320' \/>\n\t\t\t\t\t\t\t<\/a>\n\t\t\t<span> <\/span>\n\t\t<\/div>\n\t<\/div>\n\t\t \t\t\n\t<div id=\"ngg-image-1364\" class=\"ngg-gallery-thumbnail-box\"  >\n\t\t<div class=\"ngg-gallery-thumbnail\" >\n\t\t\t<a href=\"https:\/\/zeleni-prsten.hr\/portal\/wp-content\/gallery\/predavanja-dan-vlaznih-stanista\/Predavanje-Rugvica-8.jpg\"\n               title=\" \"\n               class=\"ngg-simplelightbox\" rel=\"6467b035175031d42a2f2d1bafc02e23\" data-image-id=\"1364\" data-src=\"https:\/\/zeleni-prsten.hr\/portal\/wp-content\/gallery\/predavanja-dan-vlaznih-stanista\/Predavanje-Rugvica-8.jpg\" data-thumbnail=\"https:\/\/zeleni-prsten.hr\/portal\/wp-content\/gallery\/predavanja-dan-vlaznih-stanista\/cache\/Predavanje-Rugvica-8.jpg-nggid041364-ngg0dyn-360x320x100-00f0w010c011r110f110r010t010.jpg\" data-title=\"Predavanje-Rugvica-8\" data-description=\" \" >\n\t\t\t\t\t\t\t\t<img title=\"Predavanje-Rugvica-8\" alt=\"Predavanje-Rugvica-8\" src=\"https:\/\/zeleni-prsten.hr\/portal\/wp-content\/gallery\/predavanja-dan-vlaznih-stanista\/cache\/Predavanje-Rugvica-8.jpg-nggid041364-ngg0dyn-360x320x100-00f0w010c011r110f110r010t010.jpg\" width='360' height='320' \/>\n\t\t\t\t\t\t\t<\/a>\n\t\t\t<span> <\/span>\n\t\t<\/div>\n\t<\/div>\n\t\t \t\t\n\t<div id=\"ngg-image-1365\" class=\"ngg-gallery-thumbnail-box\"  >\n\t\t<div class=\"ngg-gallery-thumbnail\" >\n\t\t\t<a href=\"https:\/\/zeleni-prsten.hr\/portal\/wp-content\/gallery\/predavanja-dan-vlaznih-stanista\/Predavanje-Rugvica-7.jpg\"\n               title=\" \"\n               class=\"ngg-simplelightbox\" rel=\"6467b035175031d42a2f2d1bafc02e23\" data-image-id=\"1365\" data-src=\"https:\/\/zeleni-prsten.hr\/portal\/wp-content\/gallery\/predavanja-dan-vlaznih-stanista\/Predavanje-Rugvica-7.jpg\" data-thumbnail=\"https:\/\/zeleni-prsten.hr\/portal\/wp-content\/gallery\/predavanja-dan-vlaznih-stanista\/cache\/Predavanje-Rugvica-7.jpg-nggid041365-ngg0dyn-360x320x100-00f0w010c011r110f110r010t010.jpg\" data-title=\"Predavanje-Rugvica-7\" data-description=\" \" >\n\t\t\t\t\t\t\t\t<img title=\"Predavanje-Rugvica-7\" alt=\"Predavanje-Rugvica-7\" src=\"https:\/\/zeleni-prsten.hr\/portal\/wp-content\/gallery\/predavanja-dan-vlaznih-stanista\/cache\/Predavanje-Rugvica-7.jpg-nggid041365-ngg0dyn-360x320x100-00f0w010c011r110f110r010t010.jpg\" width='360' height='320' \/>\n\t\t\t\t\t\t\t<\/a>\n\t\t\t<span> <\/span>\n\t\t<\/div>\n\t<\/div>\n\t\t \t \t\n\t<!-- Pagination -->\n \t<div class='ngg-clear'><\/div> \t\n<\/div>\n\n\n","protected":false},"excerpt":{"rendered":"<p>Me\u0111unarodni dan za\u0161tite mo\u010dvara i mo\u010dvarnih stani\u0161ta obilje\u017eava se svake godine 2. velja\u010de, a cilj je ukazati na neraskidivu vezu izme\u0111u voda, mo\u010dvara i \u017eivota te osvijestiti i promovirati va\u017enost i vrijednost mo\u010dvarnih i vla\u017enih stani\u0161ta za prirodu, ali i [&hellip;]<\/p>\n","protected":false},"author":5,"featured_media":16086,"comment_status":"closed","ping_status":"closed","sticky":false,"template":"","format":"standard","meta":{"ngg_post_thumbnail":0},"categories":[59],"tags":[624,223,65,67,77,79,81],"yoast_head":"<!-- This site is optimized with the Yoast SEO plugin v18.4.1 - https:\/\/yoast.com\/wordpress\/plugins\/seo\/ -->\n<title>PREDAVANJA U OSNOVNIM \u0160KOLAMA - JU Zeleni prsten Zagreba\u010dke \u017eupanije<\/title>\n<meta name=\"robots\" content=\"index, follow, max-snippet:-1, max-image-preview:large, max-video-preview:-1\" \/>\n<link rel=\"canonical\" href=\"https:\/\/zeleni-prsten.hr\/portal\/predavanja-u-osnovnim-skolama\/\" \/>\n<meta property=\"og:locale\" content=\"hr_HR\" \/>\n<meta property=\"og:type\" content=\"article\" \/>\n<meta property=\"og:title\" content=\"PREDAVANJA U OSNOVNIM \u0160KOLAMA - JU Zeleni prsten Zagreba\u010dke \u017eupanije\" \/>\n<meta property=\"og:description\" content=\"Me\u0111unarodni dan za\u0161tite mo\u010dvara i mo\u010dvarnih stani\u0161ta obilje\u017eava se svake godine 2. velja\u010de, a cilj je ukazati na neraskidivu vezu izme\u0111u voda, mo\u010dvara i \u017eivota te osvijestiti i promovirati va\u017enost i vrijednost mo\u010dvarnih i vla\u017enih stani\u0161ta za prirodu, ali i [&hellip;]\" \/>\n<meta property=\"og:url\" content=\"https:\/\/zeleni-prsten.hr\/portal\/predavanja-u-osnovnim-skolama\/\" \/>\n<meta property=\"og:site_name\" content=\"JU Zeleni prsten Zagreba\u010dke \u017eupanije\" \/>\n<meta property=\"article:published_time\" content=\"2024-02-05T09:46:22+00:00\" \/>\n<meta property=\"article:modified_time\" content=\"2024-02-12T09:50:47+00:00\" \/>\n<meta property=\"og:image\" content=\"https:\/\/zeleni-prsten.hr\/portal\/wp-content\/uploads\/2024\/02\/predavanje-Rakitje-7-1.jpg\" \/>\n\t<meta property=\"og:image:width\" content=\"1920\" \/>\n\t<meta property=\"og:image:height\" content=\"1440\" \/>\n\t<meta property=\"og:image:type\" content=\"image\/jpeg\" \/>\n<meta name=\"twitter:card\" content=\"summary_large_image\" \/>\n<meta name=\"twitter:label1\" content=\"Napisao\/la\" \/>\n\t<meta name=\"twitter:data1\" content=\"\u017deljka \u0160abari\u0107\" \/>\n\t<meta name=\"twitter:label2\" content=\"Procijenjeno vrijeme \u010ditanja\" \/>\n\t<meta name=\"twitter:data2\" content=\"2 minute\" \/>\n<script type=\"application\/ld+json\" class=\"yoast-schema-graph\">{\"@context\":\"https:\/\/schema.org\",\"@graph\":[{\"@type\":\"WebSite\",\"@id\":\"https:\/\/zeleni-prsten.hr\/portal\/#website\",\"url\":\"https:\/\/zeleni-prsten.hr\/portal\/\",\"name\":\"JU Zeleni prsten Zagreba\u010dke \u017eupanije\",\"description\":\"JU Zeleni prsten Zagreba\u010dke \u017eupanije\",\"potentialAction\":[{\"@type\":\"SearchAction\",\"target\":{\"@type\":\"EntryPoint\",\"urlTemplate\":\"https:\/\/zeleni-prsten.hr\/portal\/?s={search_term_string}\"},\"query-input\":\"required name=search_term_string\"}],\"inLanguage\":\"hr\"},{\"@type\":\"ImageObject\",\"@id\":\"https:\/\/zeleni-prsten.hr\/portal\/predavanja-u-osnovnim-skolama\/#primaryimage\",\"inLanguage\":\"hr\",\"url\":\"https:\/\/zeleni-prsten.hr\/portal\/wp-content\/uploads\/2024\/02\/predavanje-Rakitje-7-1.jpg\",\"contentUrl\":\"https:\/\/zeleni-prsten.hr\/portal\/wp-content\/uploads\/2024\/02\/predavanje-Rakitje-7-1.jpg\",\"width\":1920,\"height\":1440},{\"@type\":\"WebPage\",\"@id\":\"https:\/\/zeleni-prsten.hr\/portal\/predavanja-u-osnovnim-skolama\/#webpage\",\"url\":\"https:\/\/zeleni-prsten.hr\/portal\/predavanja-u-osnovnim-skolama\/\",\"name\":\"PREDAVANJA U OSNOVNIM \u0160KOLAMA - JU Zeleni prsten Zagreba\u010dke \u017eupanije\",\"isPartOf\":{\"@id\":\"https:\/\/zeleni-prsten.hr\/portal\/#website\"},\"primaryImageOfPage\":{\"@id\":\"https:\/\/zeleni-prsten.hr\/portal\/predavanja-u-osnovnim-skolama\/#primaryimage\"},\"datePublished\":\"2024-02-05T09:46:22+00:00\",\"dateModified\":\"2024-02-12T09:50:47+00:00\",\"author\":{\"@id\":\"https:\/\/zeleni-prsten.hr\/portal\/#\/schema\/person\/055e03bf54bb9f1861485d75b692e69e\"},\"breadcrumb\":{\"@id\":\"https:\/\/zeleni-prsten.hr\/portal\/predavanja-u-osnovnim-skolama\/#breadcrumb\"},\"inLanguage\":\"hr\",\"potentialAction\":[{\"@type\":\"ReadAction\",\"target\":[\"https:\/\/zeleni-prsten.hr\/portal\/predavanja-u-osnovnim-skolama\/\"]}]},{\"@type\":\"BreadcrumbList\",\"@id\":\"https:\/\/zeleni-prsten.hr\/portal\/predavanja-u-osnovnim-skolama\/#breadcrumb\",\"itemListElement\":[{\"@type\":\"ListItem\",\"position\":1,\"name\":\"Home\",\"item\":\"https:\/\/zeleni-prsten.hr\/portal\/\"},{\"@type\":\"ListItem\",\"position\":2,\"name\":\"PREDAVANJA U OSNOVNIM \u0160KOLAMA\"}]},{\"@type\":\"Person\",\"@id\":\"https:\/\/zeleni-prsten.hr\/portal\/#\/schema\/person\/055e03bf54bb9f1861485d75b692e69e\",\"name\":\"\u017deljka \u0160abari\u0107\",\"url\":\"https:\/\/zeleni-prsten.hr\/portal\/author\/zeljka\/\"}]}<\/script>\n<!-- \/ Yoast SEO plugin. -->","yoast_head_json":{"title":"PREDAVANJA U OSNOVNIM \u0160KOLAMA - JU Zeleni prsten Zagreba\u010dke \u017eupanije","robots":{"index":"index","follow":"follow","max-snippet":"max-snippet:-1","max-image-preview":"max-image-preview:large","max-video-preview":"max-video-preview:-1"},"canonical":"https:\/\/zeleni-prsten.hr\/portal\/predavanja-u-osnovnim-skolama\/","og_locale":"hr_HR","og_type":"article","og_title":"PREDAVANJA U OSNOVNIM \u0160KOLAMA - JU Zeleni prsten Zagreba\u010dke \u017eupanije","og_description":"Me\u0111unarodni dan za\u0161tite mo\u010dvara i mo\u010dvarnih stani\u0161ta obilje\u017eava se svake godine 2. velja\u010de, a cilj je ukazati na neraskidivu vezu izme\u0111u voda, mo\u010dvara i \u017eivota te osvijestiti i promovirati va\u017enost i vrijednost mo\u010dvarnih i vla\u017enih stani\u0161ta za prirodu, ali i [&hellip;]","og_url":"https:\/\/zeleni-prsten.hr\/portal\/predavanja-u-osnovnim-skolama\/","og_site_name":"JU Zeleni prsten Zagreba\u010dke \u017eupanije","article_published_time":"2024-02-05T09:46:22+00:00","article_modified_time":"2024-02-12T09:50:47+00:00","og_image":[{"width":1920,"height":1440,"url":"https:\/\/zeleni-prsten.hr\/portal\/wp-content\/uploads\/2024\/02\/predavanje-Rakitje-7-1.jpg","type":"image\/jpeg"}],"twitter_card":"summary_large_image","twitter_misc":{"Napisao\/la":"\u017deljka \u0160abari\u0107","Procijenjeno vrijeme \u010ditanja":"2 minute"},"schema":{"@context":"https:\/\/schema.org","@graph":[{"@type":"WebSite","@id":"https:\/\/zeleni-prsten.hr\/portal\/#website","url":"https:\/\/zeleni-prsten.hr\/portal\/","name":"JU Zeleni prsten Zagreba\u010dke \u017eupanije","description":"JU Zeleni prsten Zagreba\u010dke \u017eupanije","potentialAction":[{"@type":"SearchAction","target":{"@type":"EntryPoint","urlTemplate":"https:\/\/zeleni-prsten.hr\/portal\/?s={search_term_string}"},"query-input":"required name=search_term_string"}],"inLanguage":"hr"},{"@type":"ImageObject","@id":"https:\/\/zeleni-prsten.hr\/portal\/predavanja-u-osnovnim-skolama\/#primaryimage","inLanguage":"hr","url":"https:\/\/zeleni-prsten.hr\/portal\/wp-content\/uploads\/2024\/02\/predavanje-Rakitje-7-1.jpg","contentUrl":"https:\/\/zeleni-prsten.hr\/portal\/wp-content\/uploads\/2024\/02\/predavanje-Rakitje-7-1.jpg","width":1920,"height":1440},{"@type":"WebPage","@id":"https:\/\/zeleni-prsten.hr\/portal\/predavanja-u-osnovnim-skolama\/#webpage","url":"https:\/\/zeleni-prsten.hr\/portal\/predavanja-u-osnovnim-skolama\/","name":"PREDAVANJA U OSNOVNIM \u0160KOLAMA - JU Zeleni prsten Zagreba\u010dke \u017eupanije","isPartOf":{"@id":"https:\/\/zeleni-prsten.hr\/portal\/#website"},"primaryImageOfPage":{"@id":"https:\/\/zeleni-prsten.hr\/portal\/predavanja-u-osnovnim-skolama\/#primaryimage"},"datePublished":"2024-02-05T09:46:22+00:00","dateModified":"2024-02-12T09:50:47+00:00","author":{"@id":"https:\/\/zeleni-prsten.hr\/portal\/#\/schema\/person\/055e03bf54bb9f1861485d75b692e69e"},"breadcrumb":{"@id":"https:\/\/zeleni-prsten.hr\/portal\/predavanja-u-osnovnim-skolama\/#breadcrumb"},"inLanguage":"hr","potentialAction":[{"@type":"ReadAction","target":["https:\/\/zeleni-prsten.hr\/portal\/predavanja-u-osnovnim-skolama\/"]}]},{"@type":"BreadcrumbList","@id":"https:\/\/zeleni-prsten.hr\/portal\/predavanja-u-osnovnim-skolama\/#breadcrumb","itemListElement":[{"@type":"ListItem","position":1,"name":"Home","item":"https:\/\/zeleni-prsten.hr\/portal\/"},{"@type":"ListItem","position":2,"name":"PREDAVANJA U OSNOVNIM \u0160KOLAMA"}]},{"@type":"Person","@id":"https:\/\/zeleni-prsten.hr\/portal\/#\/schema\/person\/055e03bf54bb9f1861485d75b692e69e","name":"\u017deljka \u0160abari\u0107","url":"https:\/\/zeleni-prsten.hr\/portal\/author\/zeljka\/"}]}},"_links":{"self":[{"href":"https:\/\/zeleni-prsten.hr\/portal\/wp-json\/wp\/v2\/posts\/16081"}],"collection":[{"href":"https:\/\/zeleni-prsten.hr\/portal\/wp-json\/wp\/v2\/posts"}],"about":[{"href":"https:\/\/zeleni-prsten.hr\/portal\/wp-json\/wp\/v2\/types\/post"}],"author":[{"embeddable":true,"href":"https:\/\/zeleni-prsten.hr\/portal\/wp-json\/wp\/v2\/users\/5"}],"replies":[{"embeddable":true,"href":"https:\/\/zeleni-prsten.hr\/portal\/wp-json\/wp\/v2\/comments?post=16081"}],"version-history":[{"count":1,"href":"https:\/\/zeleni-prsten.hr\/portal\/wp-json\/wp\/v2\/posts\/16081\/revisions"}],"predecessor-version":[{"id":16098,"href":"https:\/\/zeleni-prsten.hr\/portal\/wp-json\/wp\/v2\/posts\/16081\/revisions\/16098"}],"wp:featuredmedia":[{"embeddable":true,"href":"https:\/\/zeleni-prsten.hr\/portal\/wp-json\/wp\/v2\/media\/16086"}],"wp:attachment":[{"href":"https:\/\/zeleni-prsten.hr\/portal\/wp-json\/wp\/v2\/media?parent=16081"}],"wp:term":[{"taxonomy":"category","embeddable":true,"href":"https:\/\/zeleni-prsten.hr\/portal\/wp-json\/wp\/v2\/categories?post=16081"},{"taxonomy":"post_tag","embeddable":true,"href":"https:\/\/zeleni-prsten.hr\/portal\/wp-json\/wp\/v2\/tags?post=16081"}],"curies":[{"name":"wp","href":"https:\/\/api.w.org\/{rel}","templated":true}]}}