{"id":16107,"date":"2024-02-14T12:36:12","date_gmt":"2024-02-14T11:36:12","guid":{"rendered":"https:\/\/zeleni-prsten.hr\/portal\/?p=16107"},"modified":"2024-02-14T12:36:12","modified_gmt":"2024-02-14T11:36:12","slug":"seminar-biljne-zastite","status":"publish","type":"post","link":"https:\/\/zeleni-prsten.hr\/portal\/seminar-biljne-zastite\/","title":{"rendered":"Seminar biljne za\u0161tite"},"content":{"rendered":"<p>Javna ustanova Zeleni prsten Zagreba\u010dke \u017eupanije i ove godine je bila suorganizator 66. Seminara biljne za\u0161tite koji je odr\u017ean od 6. do 9. velja\u010de u Opatiji pod organizacijom Hrvatskog dru\u0161tva biljne za\u0161tite. Na Seminaru je sudjelovalo vi\u0161e od 500 stru\u010dnjaka, znanstvenika, proizvo\u0111a\u010da te svih onih koji se bave za\u0161titom bilja. Odr\u017eano je 50 predavanja u \u010detiri sekcije koje su pokrivale aktualne probleme i njihova rje\u0161enja, nove tehnologije, postupke, gospodarski va\u017ene i karantenske \u0161tetne organizme, uklju\u010duju\u0107i invazivne strane vrste, bioraznolikost, nove izazove i sredstva za za\u0161titu bilja (pesticide) u poljoprivredi i&nbsp; \u0161umarstvu. Tijekom Seminara odr\u017eane su i dvije panel rasprave, jedan okrugli stol te sekcija studentskih postera.<\/p>\n<p>Seminar biljne za\u0161tite kontinuirano prati trendove i izazove na\u0161eg okru\u017eenja, a va\u017ena tema o kojoj se raspravljalo na jednoj od panel rasprava bila je utjecaj klimatskih promjena na poljoprivredne kulture, \u0161ume i bioraznolikost. Moderator panel rasprave bio je gospodin Vlatko Grguri\u0107. Panelisti su bili: ravnateljica javne ustanove Zeleni prsten Zagreba\u010dke \u017eupanije, dr.sc. Tatjana Masten Milek, prof.dr.sc. Darko Preiner s Agronomskog fakulteta, prof.dr.sc. Danko Dimini\u0107 s Fakulteta \u0161umarstva i drvne tehnologije u Zagrebu, dr.sc. Petra Svili\u010di\u0107 iz Dr\u017eavnog hidrometerolo\u0161kog zavoda, prof.dr.sc. Mario Bjeli\u0161 sa Sveu\u010dili\u0161ta u Splitu te mr.sc. \u017deljka Gudelj Velaga iz Ministarstva poljoprivrede. Panelisti su razmatrali mogu\u0107i utjecaj klimatskih promjena s razli\u010ditih perspektiva, zaklju\u010duju\u0107i da se klimatske promjene ne mogu zaustaviti, ve\u0107 da se njihov utjecaj mo\u017ee samo usporiti, a ono \u0161to mi mo\u017eemo je prona\u0107i na\u010din kako im se najbolje prilagoditi.<\/p>\n<p>Radni dio Seminara bio je intenzivan i ispunjen zanimljivim programom, s velikim interesom publike te dinami\u010dnim raspravama.<\/p>\n\n<div class=\"ngg-galleryoverview ngg-template-caption\" id=\"ngg-gallery-d5e6fc3645991d03ba11ce948a2db8e4-16107\">\n\n\n\t<!-- Thumbnails -->\n    \t\t\n\t<div id=\"ngg-image-1372\" class=\"ngg-gallery-thumbnail-box\"  >\n\t\t<div class=\"ngg-gallery-thumbnail\" >\n\t\t\t<a href=\"https:\/\/zeleni-prsten.hr\/portal\/wp-content\/gallery\/seminar-biljne-zastite-1\/Seminar-biljne-zastite-7.jpg\"\n               title=\" \"\n               class=\"ngg-simplelightbox\" rel=\"d5e6fc3645991d03ba11ce948a2db8e4\" data-image-id=\"1372\" data-src=\"https:\/\/zeleni-prsten.hr\/portal\/wp-content\/gallery\/seminar-biljne-zastite-1\/Seminar-biljne-zastite-7.jpg\" data-thumbnail=\"https:\/\/zeleni-prsten.hr\/portal\/wp-content\/gallery\/seminar-biljne-zastite-1\/cache\/Seminar-biljne-zastite-7.jpg-nggid041372-ngg0dyn-360x320x100-00f0w010c011r110f110r010t010.jpg\" data-title=\"Seminar-biljne-zastite-7\" data-description=\" \" >\n\t\t\t\t\t\t\t\t<img title=\"Seminar-biljne-zastite-7\" alt=\"Seminar-biljne-zastite-7\" src=\"https:\/\/zeleni-prsten.hr\/portal\/wp-content\/gallery\/seminar-biljne-zastite-1\/cache\/Seminar-biljne-zastite-7.jpg-nggid041372-ngg0dyn-360x320x100-00f0w010c011r110f110r010t010.jpg\" width='360' height='320' \/>\n\t\t\t\t\t\t\t<\/a>\n\t\t\t<span> <\/span>\n\t\t<\/div>\n\t<\/div>\n\t\t \t\t\n\t<div id=\"ngg-image-1369\" class=\"ngg-gallery-thumbnail-box\"  >\n\t\t<div class=\"ngg-gallery-thumbnail\" >\n\t\t\t<a href=\"https:\/\/zeleni-prsten.hr\/portal\/wp-content\/gallery\/seminar-biljne-zastite-1\/Seminar-biljne-zastite-4.jpg\"\n               title=\" \"\n               class=\"ngg-simplelightbox\" rel=\"d5e6fc3645991d03ba11ce948a2db8e4\" data-image-id=\"1369\" data-src=\"https:\/\/zeleni-prsten.hr\/portal\/wp-content\/gallery\/seminar-biljne-zastite-1\/Seminar-biljne-zastite-4.jpg\" data-thumbnail=\"https:\/\/zeleni-prsten.hr\/portal\/wp-content\/gallery\/seminar-biljne-zastite-1\/cache\/Seminar-biljne-zastite-4.jpg-nggid041369-ngg0dyn-360x320x100-00f0w010c011r110f110r010t010.jpg\" data-title=\"Seminar-biljne-zastite-4\" data-description=\" \" >\n\t\t\t\t\t\t\t\t<img title=\"Seminar-biljne-zastite-4\" alt=\"Seminar-biljne-zastite-4\" src=\"https:\/\/zeleni-prsten.hr\/portal\/wp-content\/gallery\/seminar-biljne-zastite-1\/cache\/Seminar-biljne-zastite-4.jpg-nggid041369-ngg0dyn-360x320x100-00f0w010c011r110f110r010t010.jpg\" width='360' height='320' \/>\n\t\t\t\t\t\t\t<\/a>\n\t\t\t<span> <\/span>\n\t\t<\/div>\n\t<\/div>\n\t\t \t\t\n\t<div id=\"ngg-image-1367\" class=\"ngg-gallery-thumbnail-box\"  >\n\t\t<div class=\"ngg-gallery-thumbnail\" >\n\t\t\t<a href=\"https:\/\/zeleni-prsten.hr\/portal\/wp-content\/gallery\/seminar-biljne-zastite-1\/Seminar-biljne-zastite-2.jpg\"\n               title=\" \"\n               class=\"ngg-simplelightbox\" rel=\"d5e6fc3645991d03ba11ce948a2db8e4\" data-image-id=\"1367\" data-src=\"https:\/\/zeleni-prsten.hr\/portal\/wp-content\/gallery\/seminar-biljne-zastite-1\/Seminar-biljne-zastite-2.jpg\" data-thumbnail=\"https:\/\/zeleni-prsten.hr\/portal\/wp-content\/gallery\/seminar-biljne-zastite-1\/cache\/Seminar-biljne-zastite-2.jpg-nggid041367-ngg0dyn-360x320x100-00f0w010c011r110f110r010t010.jpg\" data-title=\"Seminar-biljne-zastite-2\" data-description=\" \" >\n\t\t\t\t\t\t\t\t<img title=\"Seminar-biljne-zastite-2\" alt=\"Seminar-biljne-zastite-2\" src=\"https:\/\/zeleni-prsten.hr\/portal\/wp-content\/gallery\/seminar-biljne-zastite-1\/cache\/Seminar-biljne-zastite-2.jpg-nggid041367-ngg0dyn-360x320x100-00f0w010c011r110f110r010t010.jpg\" width='360' height='320' \/>\n\t\t\t\t\t\t\t<\/a>\n\t\t\t<span> <\/span>\n\t\t<\/div>\n\t<\/div>\n\t\t \t\t\n\t<div id=\"ngg-image-1370\" class=\"ngg-gallery-thumbnail-box\"  >\n\t\t<div class=\"ngg-gallery-thumbnail\" >\n\t\t\t<a href=\"https:\/\/zeleni-prsten.hr\/portal\/wp-content\/gallery\/seminar-biljne-zastite-1\/Seminar-biljne-zastite-5.jpg\"\n               title=\" \"\n               class=\"ngg-simplelightbox\" rel=\"d5e6fc3645991d03ba11ce948a2db8e4\" data-image-id=\"1370\" data-src=\"https:\/\/zeleni-prsten.hr\/portal\/wp-content\/gallery\/seminar-biljne-zastite-1\/Seminar-biljne-zastite-5.jpg\" data-thumbnail=\"https:\/\/zeleni-prsten.hr\/portal\/wp-content\/gallery\/seminar-biljne-zastite-1\/cache\/Seminar-biljne-zastite-5.jpg-nggid041370-ngg0dyn-360x320x100-00f0w010c011r110f110r010t010.jpg\" data-title=\"Seminar-biljne-zastite-5\" data-description=\" \" >\n\t\t\t\t\t\t\t\t<img title=\"Seminar-biljne-zastite-5\" alt=\"Seminar-biljne-zastite-5\" src=\"https:\/\/zeleni-prsten.hr\/portal\/wp-content\/gallery\/seminar-biljne-zastite-1\/cache\/Seminar-biljne-zastite-5.jpg-nggid041370-ngg0dyn-360x320x100-00f0w010c011r110f110r010t010.jpg\" width='360' height='320' \/>\n\t\t\t\t\t\t\t<\/a>\n\t\t\t<span> <\/span>\n\t\t<\/div>\n\t<\/div>\n\t\t \t\t\n\t<div id=\"ngg-image-1368\" class=\"ngg-gallery-thumbnail-box\"  >\n\t\t<div class=\"ngg-gallery-thumbnail\" >\n\t\t\t<a href=\"https:\/\/zeleni-prsten.hr\/portal\/wp-content\/gallery\/seminar-biljne-zastite-1\/Seminar-biljne-zastite-3.jpg\"\n               title=\" \"\n               class=\"ngg-simplelightbox\" rel=\"d5e6fc3645991d03ba11ce948a2db8e4\" data-image-id=\"1368\" data-src=\"https:\/\/zeleni-prsten.hr\/portal\/wp-content\/gallery\/seminar-biljne-zastite-1\/Seminar-biljne-zastite-3.jpg\" data-thumbnail=\"https:\/\/zeleni-prsten.hr\/portal\/wp-content\/gallery\/seminar-biljne-zastite-1\/cache\/Seminar-biljne-zastite-3.jpg-nggid041368-ngg0dyn-360x320x100-00f0w010c011r110f110r010t010.jpg\" data-title=\"Seminar-biljne-zastite-3\" data-description=\" \" >\n\t\t\t\t\t\t\t\t<img title=\"Seminar-biljne-zastite-3\" alt=\"Seminar-biljne-zastite-3\" src=\"https:\/\/zeleni-prsten.hr\/portal\/wp-content\/gallery\/seminar-biljne-zastite-1\/cache\/Seminar-biljne-zastite-3.jpg-nggid041368-ngg0dyn-360x320x100-00f0w010c011r110f110r010t010.jpg\" width='360' height='320' \/>\n\t\t\t\t\t\t\t<\/a>\n\t\t\t<span> <\/span>\n\t\t<\/div>\n\t<\/div>\n\t\t \t\t\n\t<div id=\"ngg-image-1371\" class=\"ngg-gallery-thumbnail-box\"  >\n\t\t<div class=\"ngg-gallery-thumbnail\" >\n\t\t\t<a href=\"https:\/\/zeleni-prsten.hr\/portal\/wp-content\/gallery\/seminar-biljne-zastite-1\/Seminar-biljne-zastite-6.jpg\"\n               title=\" \"\n               class=\"ngg-simplelightbox\" rel=\"d5e6fc3645991d03ba11ce948a2db8e4\" data-image-id=\"1371\" data-src=\"https:\/\/zeleni-prsten.hr\/portal\/wp-content\/gallery\/seminar-biljne-zastite-1\/Seminar-biljne-zastite-6.jpg\" data-thumbnail=\"https:\/\/zeleni-prsten.hr\/portal\/wp-content\/gallery\/seminar-biljne-zastite-1\/cache\/Seminar-biljne-zastite-6.jpg-nggid041371-ngg0dyn-360x320x100-00f0w010c011r110f110r010t010.jpg\" data-title=\"Seminar-biljne-zastite-6\" data-description=\" \" >\n\t\t\t\t\t\t\t\t<img title=\"Seminar-biljne-zastite-6\" alt=\"Seminar-biljne-zastite-6\" src=\"https:\/\/zeleni-prsten.hr\/portal\/wp-content\/gallery\/seminar-biljne-zastite-1\/cache\/Seminar-biljne-zastite-6.jpg-nggid041371-ngg0dyn-360x320x100-00f0w010c011r110f110r010t010.jpg\" width='360' height='320' \/>\n\t\t\t\t\t\t\t<\/a>\n\t\t\t<span> <\/span>\n\t\t<\/div>\n\t<\/div>\n\t\t \t\t\n\t<div id=\"ngg-image-1366\" class=\"ngg-gallery-thumbnail-box\"  >\n\t\t<div class=\"ngg-gallery-thumbnail\" >\n\t\t\t<a href=\"https:\/\/zeleni-prsten.hr\/portal\/wp-content\/gallery\/seminar-biljne-zastite-1\/Seminar-biljne-zastite-1.jpg\"\n               title=\" \"\n               class=\"ngg-simplelightbox\" rel=\"d5e6fc3645991d03ba11ce948a2db8e4\" data-image-id=\"1366\" data-src=\"https:\/\/zeleni-prsten.hr\/portal\/wp-content\/gallery\/seminar-biljne-zastite-1\/Seminar-biljne-zastite-1.jpg\" data-thumbnail=\"https:\/\/zeleni-prsten.hr\/portal\/wp-content\/gallery\/seminar-biljne-zastite-1\/cache\/Seminar-biljne-zastite-1.jpg-nggid041366-ngg0dyn-360x320x100-00f0w010c011r110f110r010t010.jpg\" data-title=\"Seminar-biljne-zastite-1\" data-description=\" \" >\n\t\t\t\t\t\t\t\t<img title=\"Seminar-biljne-zastite-1\" alt=\"Seminar-biljne-zastite-1\" src=\"https:\/\/zeleni-prsten.hr\/portal\/wp-content\/gallery\/seminar-biljne-zastite-1\/cache\/Seminar-biljne-zastite-1.jpg-nggid041366-ngg0dyn-360x320x100-00f0w010c011r110f110r010t010.jpg\" width='360' height='320' \/>\n\t\t\t\t\t\t\t<\/a>\n\t\t\t<span> <\/span>\n\t\t<\/div>\n\t<\/div>\n\t\t \t \t\n\t<!-- Pagination -->\n \t<div class='ngg-clear'><\/div> \t\n<\/div>\n\n\n","protected":false},"excerpt":{"rendered":"<p>Javna ustanova Zeleni prsten Zagreba\u010dke \u017eupanije i ove godine je bila suorganizator 66. Seminara biljne za\u0161tite koji je odr\u017ean od 6. do 9. velja\u010de u Opatiji pod organizacijom Hrvatskog dru\u0161tva biljne za\u0161tite. Na Seminaru je sudjelovalo vi\u0161e od 500 stru\u010dnjaka, [&hellip;]<\/p>\n","protected":false},"author":5,"featured_media":16111,"comment_status":"closed","ping_status":"closed","sticky":false,"template":"","format":"standard","meta":{"ngg_post_thumbnail":0},"categories":[59],"tags":[],"yoast_head":"<!-- This site is optimized with the Yoast SEO plugin v18.4.1 - https:\/\/yoast.com\/wordpress\/plugins\/seo\/ -->\n<title>Seminar biljne za\u0161tite - JU Zeleni prsten Zagreba\u010dke \u017eupanije<\/title>\n<meta name=\"robots\" content=\"index, follow, max-snippet:-1, max-image-preview:large, max-video-preview:-1\" \/>\n<link rel=\"canonical\" href=\"https:\/\/zeleni-prsten.hr\/portal\/seminar-biljne-zastite\/\" \/>\n<meta property=\"og:locale\" content=\"hr_HR\" \/>\n<meta property=\"og:type\" content=\"article\" \/>\n<meta property=\"og:title\" content=\"Seminar biljne za\u0161tite - JU Zeleni prsten Zagreba\u010dke \u017eupanije\" \/>\n<meta property=\"og:description\" content=\"Javna ustanova Zeleni prsten Zagreba\u010dke \u017eupanije i ove godine je bila suorganizator 66. Seminara biljne za\u0161tite koji je odr\u017ean od 6. do 9. velja\u010de u Opatiji pod organizacijom Hrvatskog dru\u0161tva biljne za\u0161tite. Na Seminaru je sudjelovalo vi\u0161e od 500 stru\u010dnjaka, [&hellip;]\" \/>\n<meta property=\"og:url\" content=\"https:\/\/zeleni-prsten.hr\/portal\/seminar-biljne-zastite\/\" \/>\n<meta property=\"og:site_name\" content=\"JU Zeleni prsten Zagreba\u010dke \u017eupanije\" \/>\n<meta property=\"article:published_time\" content=\"2024-02-14T11:36:12+00:00\" \/>\n<meta property=\"og:image\" content=\"https:\/\/zeleni-prsten.hr\/portal\/wp-content\/uploads\/2024\/02\/Seminar-biljne-zastite-4.jpg\" \/>\n\t<meta property=\"og:image:width\" content=\"1920\" \/>\n\t<meta property=\"og:image:height\" content=\"897\" \/>\n\t<meta property=\"og:image:type\" content=\"image\/jpeg\" \/>\n<meta name=\"twitter:card\" content=\"summary_large_image\" \/>\n<meta name=\"twitter:label1\" content=\"Napisao\/la\" \/>\n\t<meta name=\"twitter:data1\" content=\"\u017deljka \u0160abari\u0107\" \/>\n\t<meta name=\"twitter:label2\" content=\"Procijenjeno vrijeme \u010ditanja\" \/>\n\t<meta name=\"twitter:data2\" content=\"2 minute\" \/>\n<script type=\"application\/ld+json\" class=\"yoast-schema-graph\">{\"@context\":\"https:\/\/schema.org\",\"@graph\":[{\"@type\":\"WebSite\",\"@id\":\"https:\/\/zeleni-prsten.hr\/portal\/#website\",\"url\":\"https:\/\/zeleni-prsten.hr\/portal\/\",\"name\":\"JU Zeleni prsten Zagreba\u010dke \u017eupanije\",\"description\":\"JU Zeleni prsten Zagreba\u010dke \u017eupanije\",\"potentialAction\":[{\"@type\":\"SearchAction\",\"target\":{\"@type\":\"EntryPoint\",\"urlTemplate\":\"https:\/\/zeleni-prsten.hr\/portal\/?s={search_term_string}\"},\"query-input\":\"required name=search_term_string\"}],\"inLanguage\":\"hr\"},{\"@type\":\"ImageObject\",\"@id\":\"https:\/\/zeleni-prsten.hr\/portal\/seminar-biljne-zastite\/#primaryimage\",\"inLanguage\":\"hr\",\"url\":\"https:\/\/zeleni-prsten.hr\/portal\/wp-content\/uploads\/2024\/02\/Seminar-biljne-zastite-4.jpg\",\"contentUrl\":\"https:\/\/zeleni-prsten.hr\/portal\/wp-content\/uploads\/2024\/02\/Seminar-biljne-zastite-4.jpg\",\"width\":1920,\"height\":897},{\"@type\":\"WebPage\",\"@id\":\"https:\/\/zeleni-prsten.hr\/portal\/seminar-biljne-zastite\/#webpage\",\"url\":\"https:\/\/zeleni-prsten.hr\/portal\/seminar-biljne-zastite\/\",\"name\":\"Seminar biljne za\u0161tite - JU Zeleni prsten Zagreba\u010dke \u017eupanije\",\"isPartOf\":{\"@id\":\"https:\/\/zeleni-prsten.hr\/portal\/#website\"},\"primaryImageOfPage\":{\"@id\":\"https:\/\/zeleni-prsten.hr\/portal\/seminar-biljne-zastite\/#primaryimage\"},\"datePublished\":\"2024-02-14T11:36:12+00:00\",\"dateModified\":\"2024-02-14T11:36:12+00:00\",\"author\":{\"@id\":\"https:\/\/zeleni-prsten.hr\/portal\/#\/schema\/person\/055e03bf54bb9f1861485d75b692e69e\"},\"breadcrumb\":{\"@id\":\"https:\/\/zeleni-prsten.hr\/portal\/seminar-biljne-zastite\/#breadcrumb\"},\"inLanguage\":\"hr\",\"potentialAction\":[{\"@type\":\"ReadAction\",\"target\":[\"https:\/\/zeleni-prsten.hr\/portal\/seminar-biljne-zastite\/\"]}]},{\"@type\":\"BreadcrumbList\",\"@id\":\"https:\/\/zeleni-prsten.hr\/portal\/seminar-biljne-zastite\/#breadcrumb\",\"itemListElement\":[{\"@type\":\"ListItem\",\"position\":1,\"name\":\"Home\",\"item\":\"https:\/\/zeleni-prsten.hr\/portal\/\"},{\"@type\":\"ListItem\",\"position\":2,\"name\":\"Seminar biljne za\u0161tite\"}]},{\"@type\":\"Person\",\"@id\":\"https:\/\/zeleni-prsten.hr\/portal\/#\/schema\/person\/055e03bf54bb9f1861485d75b692e69e\",\"name\":\"\u017deljka \u0160abari\u0107\",\"url\":\"https:\/\/zeleni-prsten.hr\/portal\/author\/zeljka\/\"}]}<\/script>\n<!-- \/ Yoast SEO plugin. -->","yoast_head_json":{"title":"Seminar biljne za\u0161tite - JU Zeleni prsten Zagreba\u010dke \u017eupanije","robots":{"index":"index","follow":"follow","max-snippet":"max-snippet:-1","max-image-preview":"max-image-preview:large","max-video-preview":"max-video-preview:-1"},"canonical":"https:\/\/zeleni-prsten.hr\/portal\/seminar-biljne-zastite\/","og_locale":"hr_HR","og_type":"article","og_title":"Seminar biljne za\u0161tite - JU Zeleni prsten Zagreba\u010dke \u017eupanije","og_description":"Javna ustanova Zeleni prsten Zagreba\u010dke \u017eupanije i ove godine je bila suorganizator 66. Seminara biljne za\u0161tite koji je odr\u017ean od 6. do 9. velja\u010de u Opatiji pod organizacijom Hrvatskog dru\u0161tva biljne za\u0161tite. Na Seminaru je sudjelovalo vi\u0161e od 500 stru\u010dnjaka, [&hellip;]","og_url":"https:\/\/zeleni-prsten.hr\/portal\/seminar-biljne-zastite\/","og_site_name":"JU Zeleni prsten Zagreba\u010dke \u017eupanije","article_published_time":"2024-02-14T11:36:12+00:00","og_image":[{"width":1920,"height":897,"url":"https:\/\/zeleni-prsten.hr\/portal\/wp-content\/uploads\/2024\/02\/Seminar-biljne-zastite-4.jpg","type":"image\/jpeg"}],"twitter_card":"summary_large_image","twitter_misc":{"Napisao\/la":"\u017deljka \u0160abari\u0107","Procijenjeno vrijeme \u010ditanja":"2 minute"},"schema":{"@context":"https:\/\/schema.org","@graph":[{"@type":"WebSite","@id":"https:\/\/zeleni-prsten.hr\/portal\/#website","url":"https:\/\/zeleni-prsten.hr\/portal\/","name":"JU Zeleni prsten Zagreba\u010dke \u017eupanije","description":"JU Zeleni prsten Zagreba\u010dke \u017eupanije","potentialAction":[{"@type":"SearchAction","target":{"@type":"EntryPoint","urlTemplate":"https:\/\/zeleni-prsten.hr\/portal\/?s={search_term_string}"},"query-input":"required name=search_term_string"}],"inLanguage":"hr"},{"@type":"ImageObject","@id":"https:\/\/zeleni-prsten.hr\/portal\/seminar-biljne-zastite\/#primaryimage","inLanguage":"hr","url":"https:\/\/zeleni-prsten.hr\/portal\/wp-content\/uploads\/2024\/02\/Seminar-biljne-zastite-4.jpg","contentUrl":"https:\/\/zeleni-prsten.hr\/portal\/wp-content\/uploads\/2024\/02\/Seminar-biljne-zastite-4.jpg","width":1920,"height":897},{"@type":"WebPage","@id":"https:\/\/zeleni-prsten.hr\/portal\/seminar-biljne-zastite\/#webpage","url":"https:\/\/zeleni-prsten.hr\/portal\/seminar-biljne-zastite\/","name":"Seminar biljne za\u0161tite - JU Zeleni prsten Zagreba\u010dke \u017eupanije","isPartOf":{"@id":"https:\/\/zeleni-prsten.hr\/portal\/#website"},"primaryImageOfPage":{"@id":"https:\/\/zeleni-prsten.hr\/portal\/seminar-biljne-zastite\/#primaryimage"},"datePublished":"2024-02-14T11:36:12+00:00","dateModified":"2024-02-14T11:36:12+00:00","author":{"@id":"https:\/\/zeleni-prsten.hr\/portal\/#\/schema\/person\/055e03bf54bb9f1861485d75b692e69e"},"breadcrumb":{"@id":"https:\/\/zeleni-prsten.hr\/portal\/seminar-biljne-zastite\/#breadcrumb"},"inLanguage":"hr","potentialAction":[{"@type":"ReadAction","target":["https:\/\/zeleni-prsten.hr\/portal\/seminar-biljne-zastite\/"]}]},{"@type":"BreadcrumbList","@id":"https:\/\/zeleni-prsten.hr\/portal\/seminar-biljne-zastite\/#breadcrumb","itemListElement":[{"@type":"ListItem","position":1,"name":"Home","item":"https:\/\/zeleni-prsten.hr\/portal\/"},{"@type":"ListItem","position":2,"name":"Seminar biljne za\u0161tite"}]},{"@type":"Person","@id":"https:\/\/zeleni-prsten.hr\/portal\/#\/schema\/person\/055e03bf54bb9f1861485d75b692e69e","name":"\u017deljka \u0160abari\u0107","url":"https:\/\/zeleni-prsten.hr\/portal\/author\/zeljka\/"}]}},"_links":{"self":[{"href":"https:\/\/zeleni-prsten.hr\/portal\/wp-json\/wp\/v2\/posts\/16107"}],"collection":[{"href":"https:\/\/zeleni-prsten.hr\/portal\/wp-json\/wp\/v2\/posts"}],"about":[{"href":"https:\/\/zeleni-prsten.hr\/portal\/wp-json\/wp\/v2\/types\/post"}],"author":[{"embeddable":true,"href":"https:\/\/zeleni-prsten.hr\/portal\/wp-json\/wp\/v2\/users\/5"}],"replies":[{"embeddable":true,"href":"https:\/\/zeleni-prsten.hr\/portal\/wp-json\/wp\/v2\/comments?post=16107"}],"version-history":[{"count":1,"href":"https:\/\/zeleni-prsten.hr\/portal\/wp-json\/wp\/v2\/posts\/16107\/revisions"}],"predecessor-version":[{"id":16123,"href":"https:\/\/zeleni-prsten.hr\/portal\/wp-json\/wp\/v2\/posts\/16107\/revisions\/16123"}],"wp:featuredmedia":[{"embeddable":true,"href":"https:\/\/zeleni-prsten.hr\/portal\/wp-json\/wp\/v2\/media\/16111"}],"wp:attachment":[{"href":"https:\/\/zeleni-prsten.hr\/portal\/wp-json\/wp\/v2\/media?parent=16107"}],"wp:term":[{"taxonomy":"category","embeddable":true,"href":"https:\/\/zeleni-prsten.hr\/portal\/wp-json\/wp\/v2\/categories?post=16107"},{"taxonomy":"post_tag","embeddable":true,"href":"https:\/\/zeleni-prsten.hr\/portal\/wp-json\/wp\/v2\/tags?post=16107"}],"curies":[{"name":"wp","href":"https:\/\/api.w.org\/{rel}","templated":true}]}}