{"id":16863,"date":"2024-06-14T10:08:49","date_gmt":"2024-06-14T08:08:49","guid":{"rendered":"https:\/\/zeleni-prsten.hr\/portal\/?p=16863"},"modified":"2024-06-14T10:08:49","modified_gmt":"2024-06-14T08:08:49","slug":"suradnja-s-dionicima-na-terenu","status":"publish","type":"post","link":"https:\/\/zeleni-prsten.hr\/portal\/suradnja-s-dionicima-na-terenu\/","title":{"rendered":"Suradnja s dionicima na terenu"},"content":{"rendered":"<p>Na provedbi aktivnosti projekta \u201eSpas za barske \u2013 stop za invazivne kornja\u010de\u201c vrlo nam je va\u017ena suradnja s lokalnim ribi\u010dkim dru\u0161tvima u Zagreba\u010dkoj \u017eupaniji. Uspje\u0161nu suradnju i ove godine nastavljamo sa \u0160RD Rak Rakitje, \u0160RD \u0160tuka Strmec, \u0160RD Samobor, \u0160RD \u0160aran Zapre\u0161i\u0107 i U\u0160R Veterani 91 Zagreb, a ove godine zapo\u010deli smo intenzivnije sura\u0111ivati i sa \u0160RD Sloga Ore\u0161je, \u0160RU Odra Velika Gorica, \u0160RD Dugo Selo-Rugvica, \u0160RD Som Kerestinec, \u0160RD \u0160tuka Poljanski lug i \u0160RD Sveti Ivan Zelina.<\/p>\n<p>\u010clanovi ribi\u010dkih dru\u0161tava nam poma\u017eu u obilascima sun\u010dali\u0161ta i sakupljanju kornja\u010da te nam javljaju kakva je situacija na terenu. Tako\u0111er nam ustupaju \u010damce za obilaske sun\u010dali\u0161ta, ustupaju nam svoje skladi\u0161ne prostorije te \u010duvaju na\u0161u projektnu opremu, a poma\u017eu nam i u informiranju njihovih \u010dlanova i ostalih posjetitelja o projektnim aktivnostima. U suradnji s njima napravljeni su i obilasci terena i monitorinzi. Tako\u0111er su odabrane lokacije gdje su postavljena sun\u010dali\u0161ta, prema tome gdje se kornja\u010de najvi\u0161e zadr\u017eavaju, a \u0161to ribi\u010di najbolje znaju s obzirom na to da su najvi\u0161e na terenu.<\/p>\n<p>Od velike pomo\u0107i nam je i Camp Zagreb s Rakitja s \u010dijim djelatnicima imamo jako dobru suradnju i koji nam uvijek rado uska\u010du u pomo\u0107.Veliko hvala svima koji se uklju\u010duju u na\u0161e projektne aktivnosti za o\u010duvanje doma\u0107e barske kornja\u010de. Zajedno smo ja\u010di!<\/p>\n<p>Kako bismo o\u010duvali zavi\u010dajnu barsku kornja\u010du, JU Zeleni prsten Zagreba\u010dke \u017eupanije zapo\u010dela je provedbu projekta \u201eSpas za barske \u2013 stop za invazivne kornja\u010de\u201c. Projekt financira Fond za za\u0161titu okoli\u0161a i energetsku u\u010dinkovitost, a trajat \u0107e do lipnja 2026. godine. Prema dostupnim podacima, u Zagreba\u010dkoj \u017eupaniji imamo najve\u0107u brojnost crvenouhih i \u017eutouhih kornja\u010da u Hrvatskoj. Budu\u0107i da zauzimaju istu ekolo\u0161ku ni\u0161u, upitan je opstanak zavi\u010dajnih populacija kornja\u010da jer brojnost barskih kornja\u010da s vremenom opada, a crvenouhih i \u017eutouhih raste. Svrha projekta je za\u0161tititi zavi\u010dajnu barsku kornja\u010du, koja je pred nestankom zbog utjecaja invazivnih stranih vrsta, kroz pobolj\u0161anje poznavanja njezine rasprostranjenosti, brojnosti i kvalitete stani\u0161nih uvjeta, ali i kroz uklanjanje invazivnih kornja\u010da koje ju ugro\u017eavaju.<\/p>\n\n<div class=\"ngg-galleryoverview ngg-template-caption\" id=\"ngg-gallery-3f996f9b52b4594bdeb6ff70f9430704-16863\">\n\n\n\t<!-- Thumbnails -->\n    \t\t\n\t<div id=\"ngg-image-1514\" class=\"ngg-gallery-thumbnail-box\"  >\n\t\t<div class=\"ngg-gallery-thumbnail\" >\n\t\t\t<a href=\"https:\/\/zeleni-prsten.hr\/portal\/wp-content\/gallery\/kornjace-ribici\/kORNJACE-RIBICI-2.jpg\"\n               title=\" \"\n               class=\"ngg-simplelightbox\" rel=\"3f996f9b52b4594bdeb6ff70f9430704\" data-image-id=\"1514\" data-src=\"https:\/\/zeleni-prsten.hr\/portal\/wp-content\/gallery\/kornjace-ribici\/kORNJACE-RIBICI-2.jpg\" data-thumbnail=\"https:\/\/zeleni-prsten.hr\/portal\/wp-content\/gallery\/kornjace-ribici\/cache\/kORNJACE-RIBICI-2.jpg-nggid041514-ngg0dyn-360x320x100-00f0w010c011r110f110r010t010.jpg\" data-title=\"kORNJACE-RIBICI-2\" data-description=\" \" >\n\t\t\t\t\t\t\t\t<img title=\"kORNJACE-RIBICI-2\" alt=\"kORNJACE-RIBICI-2\" src=\"https:\/\/zeleni-prsten.hr\/portal\/wp-content\/gallery\/kornjace-ribici\/cache\/kORNJACE-RIBICI-2.jpg-nggid041514-ngg0dyn-360x320x100-00f0w010c011r110f110r010t010.jpg\" width='360' height='320' \/>\n\t\t\t\t\t\t\t<\/a>\n\t\t\t<span> <\/span>\n\t\t<\/div>\n\t<\/div>\n\t\t \t\t\n\t<div id=\"ngg-image-1515\" class=\"ngg-gallery-thumbnail-box\"  >\n\t\t<div class=\"ngg-gallery-thumbnail\" >\n\t\t\t<a href=\"https:\/\/zeleni-prsten.hr\/portal\/wp-content\/gallery\/kornjace-ribici\/kORNJACE-RIBICI-3.jpg\"\n               title=\" \"\n               class=\"ngg-simplelightbox\" rel=\"3f996f9b52b4594bdeb6ff70f9430704\" data-image-id=\"1515\" data-src=\"https:\/\/zeleni-prsten.hr\/portal\/wp-content\/gallery\/kornjace-ribici\/kORNJACE-RIBICI-3.jpg\" data-thumbnail=\"https:\/\/zeleni-prsten.hr\/portal\/wp-content\/gallery\/kornjace-ribici\/cache\/kORNJACE-RIBICI-3.jpg-nggid041515-ngg0dyn-360x320x100-00f0w010c011r110f110r010t010.jpg\" data-title=\"kORNJACE-RIBICI-3\" data-description=\" \" >\n\t\t\t\t\t\t\t\t<img title=\"kORNJACE-RIBICI-3\" alt=\"kORNJACE-RIBICI-3\" src=\"https:\/\/zeleni-prsten.hr\/portal\/wp-content\/gallery\/kornjace-ribici\/cache\/kORNJACE-RIBICI-3.jpg-nggid041515-ngg0dyn-360x320x100-00f0w010c011r110f110r010t010.jpg\" width='360' height='320' \/>\n\t\t\t\t\t\t\t<\/a>\n\t\t\t<span> <\/span>\n\t\t<\/div>\n\t<\/div>\n\t\t \t\t\n\t<div id=\"ngg-image-1516\" class=\"ngg-gallery-thumbnail-box\"  >\n\t\t<div class=\"ngg-gallery-thumbnail\" >\n\t\t\t<a href=\"https:\/\/zeleni-prsten.hr\/portal\/wp-content\/gallery\/kornjace-ribici\/kORNJACE-RIBICI-4.jpg\"\n               title=\" \"\n               class=\"ngg-simplelightbox\" rel=\"3f996f9b52b4594bdeb6ff70f9430704\" data-image-id=\"1516\" data-src=\"https:\/\/zeleni-prsten.hr\/portal\/wp-content\/gallery\/kornjace-ribici\/kORNJACE-RIBICI-4.jpg\" data-thumbnail=\"https:\/\/zeleni-prsten.hr\/portal\/wp-content\/gallery\/kornjace-ribici\/cache\/kORNJACE-RIBICI-4.jpg-nggid041516-ngg0dyn-360x320x100-00f0w010c011r110f110r010t010.jpg\" data-title=\"kORNJACE-RIBICI-4\" data-description=\" \" >\n\t\t\t\t\t\t\t\t<img title=\"kORNJACE-RIBICI-4\" alt=\"kORNJACE-RIBICI-4\" src=\"https:\/\/zeleni-prsten.hr\/portal\/wp-content\/gallery\/kornjace-ribici\/cache\/kORNJACE-RIBICI-4.jpg-nggid041516-ngg0dyn-360x320x100-00f0w010c011r110f110r010t010.jpg\" width='360' height='320' \/>\n\t\t\t\t\t\t\t<\/a>\n\t\t\t<span> <\/span>\n\t\t<\/div>\n\t<\/div>\n\t\t \t\t\n\t<div id=\"ngg-image-1517\" class=\"ngg-gallery-thumbnail-box\"  >\n\t\t<div class=\"ngg-gallery-thumbnail\" >\n\t\t\t<a href=\"https:\/\/zeleni-prsten.hr\/portal\/wp-content\/gallery\/kornjace-ribici\/kORNJACE-RIBICI-5.jpg\"\n               title=\" \"\n               class=\"ngg-simplelightbox\" rel=\"3f996f9b52b4594bdeb6ff70f9430704\" data-image-id=\"1517\" data-src=\"https:\/\/zeleni-prsten.hr\/portal\/wp-content\/gallery\/kornjace-ribici\/kORNJACE-RIBICI-5.jpg\" data-thumbnail=\"https:\/\/zeleni-prsten.hr\/portal\/wp-content\/gallery\/kornjace-ribici\/cache\/kORNJACE-RIBICI-5.jpg-nggid041517-ngg0dyn-360x320x100-00f0w010c011r110f110r010t010.jpg\" data-title=\"kORNJACE-RIBICI-5\" data-description=\" \" >\n\t\t\t\t\t\t\t\t<img title=\"kORNJACE-RIBICI-5\" alt=\"kORNJACE-RIBICI-5\" src=\"https:\/\/zeleni-prsten.hr\/portal\/wp-content\/gallery\/kornjace-ribici\/cache\/kORNJACE-RIBICI-5.jpg-nggid041517-ngg0dyn-360x320x100-00f0w010c011r110f110r010t010.jpg\" width='360' height='320' \/>\n\t\t\t\t\t\t\t<\/a>\n\t\t\t<span> <\/span>\n\t\t<\/div>\n\t<\/div>\n\t\t \t\t\n\t<div id=\"ngg-image-1518\" class=\"ngg-gallery-thumbnail-box\"  >\n\t\t<div class=\"ngg-gallery-thumbnail\" >\n\t\t\t<a href=\"https:\/\/zeleni-prsten.hr\/portal\/wp-content\/gallery\/kornjace-ribici\/kORNJACE-RIBICI-6.jpg\"\n               title=\" \"\n               class=\"ngg-simplelightbox\" rel=\"3f996f9b52b4594bdeb6ff70f9430704\" data-image-id=\"1518\" data-src=\"https:\/\/zeleni-prsten.hr\/portal\/wp-content\/gallery\/kornjace-ribici\/kORNJACE-RIBICI-6.jpg\" data-thumbnail=\"https:\/\/zeleni-prsten.hr\/portal\/wp-content\/gallery\/kornjace-ribici\/cache\/kORNJACE-RIBICI-6.jpg-nggid041518-ngg0dyn-360x320x100-00f0w010c011r110f110r010t010.jpg\" data-title=\"kORNJACE-RIBICI-6\" data-description=\" \" >\n\t\t\t\t\t\t\t\t<img title=\"kORNJACE-RIBICI-6\" alt=\"kORNJACE-RIBICI-6\" src=\"https:\/\/zeleni-prsten.hr\/portal\/wp-content\/gallery\/kornjace-ribici\/cache\/kORNJACE-RIBICI-6.jpg-nggid041518-ngg0dyn-360x320x100-00f0w010c011r110f110r010t010.jpg\" width='360' height='320' \/>\n\t\t\t\t\t\t\t<\/a>\n\t\t\t<span> <\/span>\n\t\t<\/div>\n\t<\/div>\n\t\t \t \t\n\t<!-- Pagination -->\n \t<div class='ngg-clear'><\/div> \t\n<\/div>\n\n\n","protected":false},"excerpt":{"rendered":"<p>Na provedbi aktivnosti projekta \u201eSpas za barske \u2013 stop za invazivne kornja\u010de\u201c vrlo nam je va\u017ena suradnja s lokalnim ribi\u010dkim dru\u0161tvima u Zagreba\u010dkoj \u017eupaniji. Uspje\u0161nu suradnju i ove godine nastavljamo sa \u0160RD Rak Rakitje, \u0160RD \u0160tuka Strmec, \u0160RD Samobor, \u0160RD [&hellip;]<\/p>\n","protected":false},"author":5,"featured_media":16866,"comment_status":"closed","ping_status":"closed","sticky":false,"template":"","format":"standard","meta":{"ngg_post_thumbnail":0},"categories":[59],"tags":[534,532,457,97,65,67,147,77,79,81,676],"yoast_head":"<!-- This site is optimized with the Yoast SEO plugin v18.4.1 - https:\/\/yoast.com\/wordpress\/plugins\/seo\/ -->\n<title>Suradnja s dionicima na terenu - JU Zeleni prsten Zagreba\u010dke \u017eupanije<\/title>\n<meta name=\"robots\" content=\"index, follow, max-snippet:-1, max-image-preview:large, max-video-preview:-1\" \/>\n<link rel=\"canonical\" href=\"https:\/\/zeleni-prsten.hr\/portal\/suradnja-s-dionicima-na-terenu\/\" \/>\n<meta property=\"og:locale\" content=\"hr_HR\" \/>\n<meta property=\"og:type\" content=\"article\" \/>\n<meta property=\"og:title\" content=\"Suradnja s dionicima na terenu - JU Zeleni prsten Zagreba\u010dke \u017eupanije\" \/>\n<meta property=\"og:description\" content=\"Na provedbi aktivnosti projekta \u201eSpas za barske \u2013 stop za invazivne kornja\u010de\u201c vrlo nam je va\u017ena suradnja s lokalnim ribi\u010dkim dru\u0161tvima u Zagreba\u010dkoj \u017eupaniji. Uspje\u0161nu suradnju i ove godine nastavljamo sa \u0160RD Rak Rakitje, \u0160RD \u0160tuka Strmec, \u0160RD Samobor, \u0160RD [&hellip;]\" \/>\n<meta property=\"og:url\" content=\"https:\/\/zeleni-prsten.hr\/portal\/suradnja-s-dionicima-na-terenu\/\" \/>\n<meta property=\"og:site_name\" content=\"JU Zeleni prsten Zagreba\u010dke \u017eupanije\" \/>\n<meta property=\"article:published_time\" content=\"2024-06-14T08:08:49+00:00\" \/>\n<meta property=\"og:image\" content=\"https:\/\/zeleni-prsten.hr\/portal\/wp-content\/uploads\/2024\/06\/kORNJACE-RIBICI-4.jpg\" \/>\n\t<meta property=\"og:image:width\" content=\"1920\" \/>\n\t<meta property=\"og:image:height\" content=\"1440\" \/>\n\t<meta property=\"og:image:type\" content=\"image\/jpeg\" \/>\n<meta name=\"twitter:card\" content=\"summary_large_image\" \/>\n<meta name=\"twitter:label1\" content=\"Napisao\/la\" \/>\n\t<meta name=\"twitter:data1\" content=\"\u017deljka \u0160abari\u0107\" \/>\n\t<meta name=\"twitter:label2\" content=\"Procijenjeno vrijeme \u010ditanja\" \/>\n\t<meta name=\"twitter:data2\" content=\"2 minute\" \/>\n<script type=\"application\/ld+json\" class=\"yoast-schema-graph\">{\"@context\":\"https:\/\/schema.org\",\"@graph\":[{\"@type\":\"WebSite\",\"@id\":\"https:\/\/zeleni-prsten.hr\/portal\/#website\",\"url\":\"https:\/\/zeleni-prsten.hr\/portal\/\",\"name\":\"JU Zeleni prsten Zagreba\u010dke \u017eupanije\",\"description\":\"JU Zeleni prsten Zagreba\u010dke \u017eupanije\",\"potentialAction\":[{\"@type\":\"SearchAction\",\"target\":{\"@type\":\"EntryPoint\",\"urlTemplate\":\"https:\/\/zeleni-prsten.hr\/portal\/?s={search_term_string}\"},\"query-input\":\"required name=search_term_string\"}],\"inLanguage\":\"hr\"},{\"@type\":\"ImageObject\",\"@id\":\"https:\/\/zeleni-prsten.hr\/portal\/suradnja-s-dionicima-na-terenu\/#primaryimage\",\"inLanguage\":\"hr\",\"url\":\"https:\/\/zeleni-prsten.hr\/portal\/wp-content\/uploads\/2024\/06\/kORNJACE-RIBICI-4.jpg\",\"contentUrl\":\"https:\/\/zeleni-prsten.hr\/portal\/wp-content\/uploads\/2024\/06\/kORNJACE-RIBICI-4.jpg\",\"width\":1920,\"height\":1440},{\"@type\":\"WebPage\",\"@id\":\"https:\/\/zeleni-prsten.hr\/portal\/suradnja-s-dionicima-na-terenu\/#webpage\",\"url\":\"https:\/\/zeleni-prsten.hr\/portal\/suradnja-s-dionicima-na-terenu\/\",\"name\":\"Suradnja s dionicima na terenu - JU Zeleni prsten Zagreba\u010dke \u017eupanije\",\"isPartOf\":{\"@id\":\"https:\/\/zeleni-prsten.hr\/portal\/#website\"},\"primaryImageOfPage\":{\"@id\":\"https:\/\/zeleni-prsten.hr\/portal\/suradnja-s-dionicima-na-terenu\/#primaryimage\"},\"datePublished\":\"2024-06-14T08:08:49+00:00\",\"dateModified\":\"2024-06-14T08:08:49+00:00\",\"author\":{\"@id\":\"https:\/\/zeleni-prsten.hr\/portal\/#\/schema\/person\/055e03bf54bb9f1861485d75b692e69e\"},\"breadcrumb\":{\"@id\":\"https:\/\/zeleni-prsten.hr\/portal\/suradnja-s-dionicima-na-terenu\/#breadcrumb\"},\"inLanguage\":\"hr\",\"potentialAction\":[{\"@type\":\"ReadAction\",\"target\":[\"https:\/\/zeleni-prsten.hr\/portal\/suradnja-s-dionicima-na-terenu\/\"]}]},{\"@type\":\"BreadcrumbList\",\"@id\":\"https:\/\/zeleni-prsten.hr\/portal\/suradnja-s-dionicima-na-terenu\/#breadcrumb\",\"itemListElement\":[{\"@type\":\"ListItem\",\"position\":1,\"name\":\"Home\",\"item\":\"https:\/\/zeleni-prsten.hr\/portal\/\"},{\"@type\":\"ListItem\",\"position\":2,\"name\":\"Suradnja s dionicima na terenu\"}]},{\"@type\":\"Person\",\"@id\":\"https:\/\/zeleni-prsten.hr\/portal\/#\/schema\/person\/055e03bf54bb9f1861485d75b692e69e\",\"name\":\"\u017deljka \u0160abari\u0107\",\"url\":\"https:\/\/zeleni-prsten.hr\/portal\/author\/zeljka\/\"}]}<\/script>\n<!-- \/ Yoast SEO plugin. -->","yoast_head_json":{"title":"Suradnja s dionicima na terenu - JU Zeleni prsten Zagreba\u010dke \u017eupanije","robots":{"index":"index","follow":"follow","max-snippet":"max-snippet:-1","max-image-preview":"max-image-preview:large","max-video-preview":"max-video-preview:-1"},"canonical":"https:\/\/zeleni-prsten.hr\/portal\/suradnja-s-dionicima-na-terenu\/","og_locale":"hr_HR","og_type":"article","og_title":"Suradnja s dionicima na terenu - JU Zeleni prsten Zagreba\u010dke \u017eupanije","og_description":"Na provedbi aktivnosti projekta \u201eSpas za barske \u2013 stop za invazivne kornja\u010de\u201c vrlo nam je va\u017ena suradnja s lokalnim ribi\u010dkim dru\u0161tvima u Zagreba\u010dkoj \u017eupaniji. Uspje\u0161nu suradnju i ove godine nastavljamo sa \u0160RD Rak Rakitje, \u0160RD \u0160tuka Strmec, \u0160RD Samobor, \u0160RD [&hellip;]","og_url":"https:\/\/zeleni-prsten.hr\/portal\/suradnja-s-dionicima-na-terenu\/","og_site_name":"JU Zeleni prsten Zagreba\u010dke \u017eupanije","article_published_time":"2024-06-14T08:08:49+00:00","og_image":[{"width":1920,"height":1440,"url":"https:\/\/zeleni-prsten.hr\/portal\/wp-content\/uploads\/2024\/06\/kORNJACE-RIBICI-4.jpg","type":"image\/jpeg"}],"twitter_card":"summary_large_image","twitter_misc":{"Napisao\/la":"\u017deljka \u0160abari\u0107","Procijenjeno vrijeme \u010ditanja":"2 minute"},"schema":{"@context":"https:\/\/schema.org","@graph":[{"@type":"WebSite","@id":"https:\/\/zeleni-prsten.hr\/portal\/#website","url":"https:\/\/zeleni-prsten.hr\/portal\/","name":"JU Zeleni prsten Zagreba\u010dke \u017eupanije","description":"JU Zeleni prsten Zagreba\u010dke \u017eupanije","potentialAction":[{"@type":"SearchAction","target":{"@type":"EntryPoint","urlTemplate":"https:\/\/zeleni-prsten.hr\/portal\/?s={search_term_string}"},"query-input":"required name=search_term_string"}],"inLanguage":"hr"},{"@type":"ImageObject","@id":"https:\/\/zeleni-prsten.hr\/portal\/suradnja-s-dionicima-na-terenu\/#primaryimage","inLanguage":"hr","url":"https:\/\/zeleni-prsten.hr\/portal\/wp-content\/uploads\/2024\/06\/kORNJACE-RIBICI-4.jpg","contentUrl":"https:\/\/zeleni-prsten.hr\/portal\/wp-content\/uploads\/2024\/06\/kORNJACE-RIBICI-4.jpg","width":1920,"height":1440},{"@type":"WebPage","@id":"https:\/\/zeleni-prsten.hr\/portal\/suradnja-s-dionicima-na-terenu\/#webpage","url":"https:\/\/zeleni-prsten.hr\/portal\/suradnja-s-dionicima-na-terenu\/","name":"Suradnja s dionicima na terenu - JU Zeleni prsten Zagreba\u010dke \u017eupanije","isPartOf":{"@id":"https:\/\/zeleni-prsten.hr\/portal\/#website"},"primaryImageOfPage":{"@id":"https:\/\/zeleni-prsten.hr\/portal\/suradnja-s-dionicima-na-terenu\/#primaryimage"},"datePublished":"2024-06-14T08:08:49+00:00","dateModified":"2024-06-14T08:08:49+00:00","author":{"@id":"https:\/\/zeleni-prsten.hr\/portal\/#\/schema\/person\/055e03bf54bb9f1861485d75b692e69e"},"breadcrumb":{"@id":"https:\/\/zeleni-prsten.hr\/portal\/suradnja-s-dionicima-na-terenu\/#breadcrumb"},"inLanguage":"hr","potentialAction":[{"@type":"ReadAction","target":["https:\/\/zeleni-prsten.hr\/portal\/suradnja-s-dionicima-na-terenu\/"]}]},{"@type":"BreadcrumbList","@id":"https:\/\/zeleni-prsten.hr\/portal\/suradnja-s-dionicima-na-terenu\/#breadcrumb","itemListElement":[{"@type":"ListItem","position":1,"name":"Home","item":"https:\/\/zeleni-prsten.hr\/portal\/"},{"@type":"ListItem","position":2,"name":"Suradnja s dionicima na terenu"}]},{"@type":"Person","@id":"https:\/\/zeleni-prsten.hr\/portal\/#\/schema\/person\/055e03bf54bb9f1861485d75b692e69e","name":"\u017deljka \u0160abari\u0107","url":"https:\/\/zeleni-prsten.hr\/portal\/author\/zeljka\/"}]}},"_links":{"self":[{"href":"https:\/\/zeleni-prsten.hr\/portal\/wp-json\/wp\/v2\/posts\/16863"}],"collection":[{"href":"https:\/\/zeleni-prsten.hr\/portal\/wp-json\/wp\/v2\/posts"}],"about":[{"href":"https:\/\/zeleni-prsten.hr\/portal\/wp-json\/wp\/v2\/types\/post"}],"author":[{"embeddable":true,"href":"https:\/\/zeleni-prsten.hr\/portal\/wp-json\/wp\/v2\/users\/5"}],"replies":[{"embeddable":true,"href":"https:\/\/zeleni-prsten.hr\/portal\/wp-json\/wp\/v2\/comments?post=16863"}],"version-history":[{"count":1,"href":"https:\/\/zeleni-prsten.hr\/portal\/wp-json\/wp\/v2\/posts\/16863\/revisions"}],"predecessor-version":[{"id":16878,"href":"https:\/\/zeleni-prsten.hr\/portal\/wp-json\/wp\/v2\/posts\/16863\/revisions\/16878"}],"wp:featuredmedia":[{"embeddable":true,"href":"https:\/\/zeleni-prsten.hr\/portal\/wp-json\/wp\/v2\/media\/16866"}],"wp:attachment":[{"href":"https:\/\/zeleni-prsten.hr\/portal\/wp-json\/wp\/v2\/media?parent=16863"}],"wp:term":[{"taxonomy":"category","embeddable":true,"href":"https:\/\/zeleni-prsten.hr\/portal\/wp-json\/wp\/v2\/categories?post=16863"},{"taxonomy":"post_tag","embeddable":true,"href":"https:\/\/zeleni-prsten.hr\/portal\/wp-json\/wp\/v2\/tags?post=16863"}],"curies":[{"name":"wp","href":"https:\/\/api.w.org\/{rel}","templated":true}]}}