{"id":17572,"date":"2025-04-29T11:36:45","date_gmt":"2025-04-29T09:36:45","guid":{"rendered":"https:\/\/zeleni-prsten.hr\/portal\/?p=17572"},"modified":"2025-04-30T11:46:40","modified_gmt":"2025-04-30T09:46:40","slug":"%f0%9d%90%99%f0%9d%90%a7%f0%9d%90%9a%f0%9d%90%a7%f0%9d%90%a3%f0%9d%90%9e-%f0%9d%90%a2%f0%9d%90%b3-%f0%9d%90%a9%f0%9d%90%ab%f0%9d%90%a8%f0%9d%90%a3%f0%9d%90%9e%f0%9d%90%a4%f0%9d%90%ad%f0%9d%90%9a","status":"publish","type":"post","link":"https:\/\/zeleni-prsten.hr\/portal\/%f0%9d%90%99%f0%9d%90%a7%f0%9d%90%9a%f0%9d%90%a7%f0%9d%90%a3%f0%9d%90%9e-%f0%9d%90%a2%f0%9d%90%b3-%f0%9d%90%a9%f0%9d%90%ab%f0%9d%90%a8%f0%9d%90%a3%f0%9d%90%9e%f0%9d%90%a4%f0%9d%90%ad%f0%9d%90%9a\/","title":{"rendered":"Znanje iz projekta Spas za barske stop za invazivne kornja\u010de prenosimo kolegama u borbi protiv invazivnih kornja\u010da!"},"content":{"rendered":"<p>U posjetu s ciljem razmjene iskustava i znanja stigle su nam kolegice iz Javne ustanove za upravljanje za\u0161ti\u0107enim dijelovima prirode na podru\u010dju Koprivni\u010dko-kri\u017eeva\u010dke \u017eupanije.<\/p>\n<p>Invazivne strane vrste sve su ve\u0107i problem i u Koprivni\u010dko-kri\u017eeva\u010dkoj \u017eupaniji pa im je tako Fond za za\u0161titu okoli\u0161a i energetsku u\u010dinkovitost odobrio 77.050,73 eura za provedbu projekta \u201eKontrola populacija prioritetnih invazivnih stranih vrsta u Koprivni\u010dko-kri\u017eeva\u010dkoj \u017eupaniji\u201c. Kroz projekt \u0107e iz prirode uklanjati tri invazivne strane biljne vrste te invazivne vrste kornja\u010da. Budu\u0107i da na\u0161 projekt \u201eSpas za barske \u2013 stop za invazivne kornja\u010de\u201c provodimo ve\u0107 dvije i pol godine te smo najuspje\u0161nija ustanova u Hrvatskoj prema broju ulovljenih invazivnih kornja\u010da, kolegice su izdvojile malo vremena kako bi u praksi vidjele sve izazove te nau\u010dile najbolje metode sigurnog lova i baratanja kornja\u010dama.<\/p>\n<p>Pokazali smo im na\u010dine sigurnog baratanja kornja\u010dama, izradu i postavljanje sun\u010dali\u0161ta, sigurno kori\u0161tenje vr\u0161a te mjerenje i vaganje kornja\u010da te objasnili sve ostale detalje koji su va\u017eni kako bi se postigli \u0161to bolji rezultati. Istovremeno smo razmijenili iskustva u uklanjanju ostalih invazivnih stranih vrsta te ostalim izazovima u upravljanju za\u0161ti\u0107enim podru\u010djima.<\/p>\n<p>Invazivne vrste ne poznaju granice \u2013 zato ni suradnja ne smije. Zajedni\u010dkim znanjem i iskustvom, ja\u010di smo u o\u010duvanju na\u0161ih vodenih stani\u0161ta!<\/p>\n\n<div class=\"ngg-galleryoverview ngg-template-caption\" id=\"ngg-gallery-de9321bec826b5cb38a279b464112394-17572\">\n\n\n\t<!-- Thumbnails -->\n    \t\t\n\t<div id=\"ngg-image-1671\" class=\"ngg-gallery-thumbnail-box\"  >\n\t\t<div class=\"ngg-gallery-thumbnail\" >\n\t\t\t<a href=\"https:\/\/zeleni-prsten.hr\/portal\/wp-content\/gallery\/kornjace-suradnja\/Spas-za-barske-kornjace-projekt-9.jpg\"\n               title=\" \"\n               class=\"ngg-simplelightbox\" rel=\"de9321bec826b5cb38a279b464112394\" data-image-id=\"1671\" data-src=\"https:\/\/zeleni-prsten.hr\/portal\/wp-content\/gallery\/kornjace-suradnja\/Spas-za-barske-kornjace-projekt-9.jpg\" data-thumbnail=\"https:\/\/zeleni-prsten.hr\/portal\/wp-content\/gallery\/kornjace-suradnja\/cache\/Spas-za-barske-kornjace-projekt-9.jpg-nggid041671-ngg0dyn-360x320x100-00f0w010c011r110f110r010t010.jpg\" data-title=\"Spas-za-barske-kornjace-projekt-9\" data-description=\" \" >\n\t\t\t\t\t\t\t\t<img title=\"Spas-za-barske-kornjace-projekt-9\" alt=\"Spas-za-barske-kornjace-projekt-9\" src=\"https:\/\/zeleni-prsten.hr\/portal\/wp-content\/gallery\/kornjace-suradnja\/cache\/Spas-za-barske-kornjace-projekt-9.jpg-nggid041671-ngg0dyn-360x320x100-00f0w010c011r110f110r010t010.jpg\" width='360' height='320' \/>\n\t\t\t\t\t\t\t<\/a>\n\t\t\t<span> <\/span>\n\t\t<\/div>\n\t<\/div>\n\t\t \t\t\n\t<div id=\"ngg-image-1672\" class=\"ngg-gallery-thumbnail-box\"  >\n\t\t<div class=\"ngg-gallery-thumbnail\" >\n\t\t\t<a href=\"https:\/\/zeleni-prsten.hr\/portal\/wp-content\/gallery\/kornjace-suradnja\/Spas-za-barske-kornjace-projekt-7-e1746006056403.jpg\"\n               title=\" \"\n               class=\"ngg-simplelightbox\" rel=\"de9321bec826b5cb38a279b464112394\" data-image-id=\"1672\" data-src=\"https:\/\/zeleni-prsten.hr\/portal\/wp-content\/gallery\/kornjace-suradnja\/Spas-za-barske-kornjace-projekt-7-e1746006056403.jpg\" data-thumbnail=\"https:\/\/zeleni-prsten.hr\/portal\/wp-content\/gallery\/kornjace-suradnja\/cache\/Spas-za-barske-kornjace-projekt-7-e1746006056403.jpg-nggid041672-ngg0dyn-360x320x100-00f0w010c011r110f110r010t010.jpg\" data-title=\"Spas-za-barske-kornjace-projekt-7-e1746006056403\" data-description=\" \" >\n\t\t\t\t\t\t\t\t<img title=\"Spas-za-barske-kornjace-projekt-7-e1746006056403\" alt=\"Spas-za-barske-kornjace-projekt-7-e1746006056403\" src=\"https:\/\/zeleni-prsten.hr\/portal\/wp-content\/gallery\/kornjace-suradnja\/cache\/Spas-za-barske-kornjace-projekt-7-e1746006056403.jpg-nggid041672-ngg0dyn-360x320x100-00f0w010c011r110f110r010t010.jpg\" width='360' height='320' \/>\n\t\t\t\t\t\t\t<\/a>\n\t\t\t<span> <\/span>\n\t\t<\/div>\n\t<\/div>\n\t\t \t\t\n\t<div id=\"ngg-image-1673\" class=\"ngg-gallery-thumbnail-box\"  >\n\t\t<div class=\"ngg-gallery-thumbnail\" >\n\t\t\t<a href=\"https:\/\/zeleni-prsten.hr\/portal\/wp-content\/gallery\/kornjace-suradnja\/Spas-za-barske-kornjace-projekt-8.jpg\"\n               title=\" \"\n               class=\"ngg-simplelightbox\" rel=\"de9321bec826b5cb38a279b464112394\" data-image-id=\"1673\" data-src=\"https:\/\/zeleni-prsten.hr\/portal\/wp-content\/gallery\/kornjace-suradnja\/Spas-za-barske-kornjace-projekt-8.jpg\" data-thumbnail=\"https:\/\/zeleni-prsten.hr\/portal\/wp-content\/gallery\/kornjace-suradnja\/cache\/Spas-za-barske-kornjace-projekt-8.jpg-nggid041673-ngg0dyn-360x320x100-00f0w010c011r110f110r010t010.jpg\" data-title=\"Spas-za-barske-kornjace-projekt-8\" data-description=\" \" >\n\t\t\t\t\t\t\t\t<img title=\"Spas-za-barske-kornjace-projekt-8\" alt=\"Spas-za-barske-kornjace-projekt-8\" src=\"https:\/\/zeleni-prsten.hr\/portal\/wp-content\/gallery\/kornjace-suradnja\/cache\/Spas-za-barske-kornjace-projekt-8.jpg-nggid041673-ngg0dyn-360x320x100-00f0w010c011r110f110r010t010.jpg\" width='360' height='320' \/>\n\t\t\t\t\t\t\t<\/a>\n\t\t\t<span> <\/span>\n\t\t<\/div>\n\t<\/div>\n\t\t \t\t\n\t<div id=\"ngg-image-1674\" class=\"ngg-gallery-thumbnail-box\"  >\n\t\t<div class=\"ngg-gallery-thumbnail\" >\n\t\t\t<a href=\"https:\/\/zeleni-prsten.hr\/portal\/wp-content\/gallery\/kornjace-suradnja\/Spas-za-barske-kornjace-projekt-1-1.jpg\"\n               title=\" \"\n               class=\"ngg-simplelightbox\" rel=\"de9321bec826b5cb38a279b464112394\" data-image-id=\"1674\" data-src=\"https:\/\/zeleni-prsten.hr\/portal\/wp-content\/gallery\/kornjace-suradnja\/Spas-za-barske-kornjace-projekt-1-1.jpg\" data-thumbnail=\"https:\/\/zeleni-prsten.hr\/portal\/wp-content\/gallery\/kornjace-suradnja\/cache\/Spas-za-barske-kornjace-projekt-1-1.jpg-nggid041674-ngg0dyn-360x320x100-00f0w010c011r110f110r010t010.jpg\" data-title=\"Spas-za-barske-kornjace-projekt-1-1\" data-description=\" \" >\n\t\t\t\t\t\t\t\t<img title=\"Spas-za-barske-kornjace-projekt-1-1\" alt=\"Spas-za-barske-kornjace-projekt-1-1\" src=\"https:\/\/zeleni-prsten.hr\/portal\/wp-content\/gallery\/kornjace-suradnja\/cache\/Spas-za-barske-kornjace-projekt-1-1.jpg-nggid041674-ngg0dyn-360x320x100-00f0w010c011r110f110r010t010.jpg\" width='360' height='320' \/>\n\t\t\t\t\t\t\t<\/a>\n\t\t\t<span> <\/span>\n\t\t<\/div>\n\t<\/div>\n\t\t \t \t\n\t<!-- Pagination -->\n \t<div class='ngg-clear'><\/div> \t\n<\/div>\n\n\n","protected":false},"excerpt":{"rendered":"<p>U posjetu s ciljem razmjene iskustava i znanja stigle su nam kolegice iz Javne ustanove za upravljanje za\u0161ti\u0107enim dijelovima prirode na podru\u010dju Koprivni\u010dko-kri\u017eeva\u010dke \u017eupanije. Invazivne strane vrste sve su ve\u0107i problem i u Koprivni\u010dko-kri\u017eeva\u010dkoj \u017eupaniji pa im je tako Fond [&hellip;]<\/p>\n","protected":false},"author":5,"featured_media":17583,"comment_status":"closed","ping_status":"closed","sticky":false,"template":"","format":"standard","meta":{"ngg_post_thumbnail":0},"categories":[59],"tags":[534,457,65,67,147,540],"yoast_head":"<!-- This site is optimized with the Yoast SEO plugin v18.4.1 - https:\/\/yoast.com\/wordpress\/plugins\/seo\/ -->\n<title>Znanje iz projekta Spas za barske stop za invazivne kornja\u010de prenosimo kolegama u borbi protiv invazivnih kornja\u010da! - JU Zeleni prsten Zagreba\u010dke \u017eupanije<\/title>\n<meta name=\"robots\" content=\"index, follow, max-snippet:-1, max-image-preview:large, max-video-preview:-1\" \/>\n<link rel=\"canonical\" href=\"https:\/\/zeleni-prsten.hr\/portal\/\ud835\udc19\ud835\udc27\ud835\udc1a\ud835\udc27\ud835\udc23\ud835\udc1e-\ud835\udc22\ud835\udc33-\ud835\udc29\ud835\udc2b\ud835\udc28\ud835\udc23\ud835\udc1e\ud835\udc24\ud835\udc2d\ud835\udc1a\/\" \/>\n<meta property=\"og:locale\" content=\"hr_HR\" \/>\n<meta property=\"og:type\" content=\"article\" \/>\n<meta property=\"og:title\" content=\"Znanje iz projekta Spas za barske stop za invazivne kornja\u010de prenosimo kolegama u borbi protiv invazivnih kornja\u010da! - JU Zeleni prsten Zagreba\u010dke \u017eupanije\" \/>\n<meta property=\"og:description\" content=\"U posjetu s ciljem razmjene iskustava i znanja stigle su nam kolegice iz Javne ustanove za upravljanje za\u0161ti\u0107enim dijelovima prirode na podru\u010dju Koprivni\u010dko-kri\u017eeva\u010dke \u017eupanije. Invazivne strane vrste sve su ve\u0107i problem i u Koprivni\u010dko-kri\u017eeva\u010dkoj \u017eupaniji pa im je tako Fond [&hellip;]\" \/>\n<meta property=\"og:url\" content=\"https:\/\/zeleni-prsten.hr\/portal\/\ud835\udc19\ud835\udc27\ud835\udc1a\ud835\udc27\ud835\udc23\ud835\udc1e-\ud835\udc22\ud835\udc33-\ud835\udc29\ud835\udc2b\ud835\udc28\ud835\udc23\ud835\udc1e\ud835\udc24\ud835\udc2d\ud835\udc1a\/\" \/>\n<meta property=\"og:site_name\" content=\"JU Zeleni prsten Zagreba\u010dke \u017eupanije\" \/>\n<meta property=\"article:published_time\" content=\"2025-04-29T09:36:45+00:00\" \/>\n<meta property=\"article:modified_time\" content=\"2025-04-30T09:46:40+00:00\" \/>\n<meta property=\"og:image\" content=\"https:\/\/zeleni-prsten.hr\/portal\/wp-content\/uploads\/2025\/04\/Spas-za-barske-kornjace-projekt-3-1.jpg\" \/>\n\t<meta property=\"og:image:width\" content=\"1920\" \/>\n\t<meta property=\"og:image:height\" content=\"1081\" \/>\n\t<meta property=\"og:image:type\" content=\"image\/jpeg\" \/>\n<meta name=\"twitter:card\" content=\"summary_large_image\" \/>\n<meta name=\"twitter:label1\" content=\"Napisao\/la\" \/>\n\t<meta name=\"twitter:data1\" content=\"\u017deljka \u0160abari\u0107\" \/>\n\t<meta name=\"twitter:label2\" content=\"Procijenjeno vrijeme \u010ditanja\" \/>\n\t<meta name=\"twitter:data2\" content=\"1 minuta\" \/>\n<script type=\"application\/ld+json\" class=\"yoast-schema-graph\">{\"@context\":\"https:\/\/schema.org\",\"@graph\":[{\"@type\":\"WebSite\",\"@id\":\"https:\/\/zeleni-prsten.hr\/portal\/#website\",\"url\":\"https:\/\/zeleni-prsten.hr\/portal\/\",\"name\":\"JU Zeleni prsten Zagreba\u010dke \u017eupanije\",\"description\":\"JU Zeleni prsten Zagreba\u010dke \u017eupanije\",\"potentialAction\":[{\"@type\":\"SearchAction\",\"target\":{\"@type\":\"EntryPoint\",\"urlTemplate\":\"https:\/\/zeleni-prsten.hr\/portal\/?s={search_term_string}\"},\"query-input\":\"required name=search_term_string\"}],\"inLanguage\":\"hr\"},{\"@type\":\"ImageObject\",\"@id\":\"https:\/\/zeleni-prsten.hr\/portal\/%f0%9d%90%99%f0%9d%90%a7%f0%9d%90%9a%f0%9d%90%a7%f0%9d%90%a3%f0%9d%90%9e-%f0%9d%90%a2%f0%9d%90%b3-%f0%9d%90%a9%f0%9d%90%ab%f0%9d%90%a8%f0%9d%90%a3%f0%9d%90%9e%f0%9d%90%a4%f0%9d%90%ad%f0%9d%90%9a\/#primaryimage\",\"inLanguage\":\"hr\",\"url\":\"https:\/\/zeleni-prsten.hr\/portal\/wp-content\/uploads\/2025\/04\/Spas-za-barske-kornjace-projekt-3-1.jpg\",\"contentUrl\":\"https:\/\/zeleni-prsten.hr\/portal\/wp-content\/uploads\/2025\/04\/Spas-za-barske-kornjace-projekt-3-1.jpg\",\"width\":1920,\"height\":1081},{\"@type\":\"WebPage\",\"@id\":\"https:\/\/zeleni-prsten.hr\/portal\/%f0%9d%90%99%f0%9d%90%a7%f0%9d%90%9a%f0%9d%90%a7%f0%9d%90%a3%f0%9d%90%9e-%f0%9d%90%a2%f0%9d%90%b3-%f0%9d%90%a9%f0%9d%90%ab%f0%9d%90%a8%f0%9d%90%a3%f0%9d%90%9e%f0%9d%90%a4%f0%9d%90%ad%f0%9d%90%9a\/#webpage\",\"url\":\"https:\/\/zeleni-prsten.hr\/portal\/%f0%9d%90%99%f0%9d%90%a7%f0%9d%90%9a%f0%9d%90%a7%f0%9d%90%a3%f0%9d%90%9e-%f0%9d%90%a2%f0%9d%90%b3-%f0%9d%90%a9%f0%9d%90%ab%f0%9d%90%a8%f0%9d%90%a3%f0%9d%90%9e%f0%9d%90%a4%f0%9d%90%ad%f0%9d%90%9a\/\",\"name\":\"Znanje iz projekta Spas za barske stop za invazivne kornja\u010de prenosimo kolegama u borbi protiv invazivnih kornja\u010da! - JU Zeleni prsten Zagreba\u010dke \u017eupanije\",\"isPartOf\":{\"@id\":\"https:\/\/zeleni-prsten.hr\/portal\/#website\"},\"primaryImageOfPage\":{\"@id\":\"https:\/\/zeleni-prsten.hr\/portal\/%f0%9d%90%99%f0%9d%90%a7%f0%9d%90%9a%f0%9d%90%a7%f0%9d%90%a3%f0%9d%90%9e-%f0%9d%90%a2%f0%9d%90%b3-%f0%9d%90%a9%f0%9d%90%ab%f0%9d%90%a8%f0%9d%90%a3%f0%9d%90%9e%f0%9d%90%a4%f0%9d%90%ad%f0%9d%90%9a\/#primaryimage\"},\"datePublished\":\"2025-04-29T09:36:45+00:00\",\"dateModified\":\"2025-04-30T09:46:40+00:00\",\"author\":{\"@id\":\"https:\/\/zeleni-prsten.hr\/portal\/#\/schema\/person\/055e03bf54bb9f1861485d75b692e69e\"},\"breadcrumb\":{\"@id\":\"https:\/\/zeleni-prsten.hr\/portal\/%f0%9d%90%99%f0%9d%90%a7%f0%9d%90%9a%f0%9d%90%a7%f0%9d%90%a3%f0%9d%90%9e-%f0%9d%90%a2%f0%9d%90%b3-%f0%9d%90%a9%f0%9d%90%ab%f0%9d%90%a8%f0%9d%90%a3%f0%9d%90%9e%f0%9d%90%a4%f0%9d%90%ad%f0%9d%90%9a\/#breadcrumb\"},\"inLanguage\":\"hr\",\"potentialAction\":[{\"@type\":\"ReadAction\",\"target\":[\"https:\/\/zeleni-prsten.hr\/portal\/%f0%9d%90%99%f0%9d%90%a7%f0%9d%90%9a%f0%9d%90%a7%f0%9d%90%a3%f0%9d%90%9e-%f0%9d%90%a2%f0%9d%90%b3-%f0%9d%90%a9%f0%9d%90%ab%f0%9d%90%a8%f0%9d%90%a3%f0%9d%90%9e%f0%9d%90%a4%f0%9d%90%ad%f0%9d%90%9a\/\"]}]},{\"@type\":\"BreadcrumbList\",\"@id\":\"https:\/\/zeleni-prsten.hr\/portal\/%f0%9d%90%99%f0%9d%90%a7%f0%9d%90%9a%f0%9d%90%a7%f0%9d%90%a3%f0%9d%90%9e-%f0%9d%90%a2%f0%9d%90%b3-%f0%9d%90%a9%f0%9d%90%ab%f0%9d%90%a8%f0%9d%90%a3%f0%9d%90%9e%f0%9d%90%a4%f0%9d%90%ad%f0%9d%90%9a\/#breadcrumb\",\"itemListElement\":[{\"@type\":\"ListItem\",\"position\":1,\"name\":\"Home\",\"item\":\"https:\/\/zeleni-prsten.hr\/portal\/\"},{\"@type\":\"ListItem\",\"position\":2,\"name\":\"Znanje iz projekta Spas za barske stop za invazivne kornja\u010de prenosimo kolegama u borbi protiv invazivnih kornja\u010da!\"}]},{\"@type\":\"Person\",\"@id\":\"https:\/\/zeleni-prsten.hr\/portal\/#\/schema\/person\/055e03bf54bb9f1861485d75b692e69e\",\"name\":\"\u017deljka \u0160abari\u0107\",\"url\":\"https:\/\/zeleni-prsten.hr\/portal\/author\/zeljka\/\"}]}<\/script>\n<!-- \/ Yoast SEO plugin. -->","yoast_head_json":{"title":"Znanje iz projekta Spas za barske stop za invazivne kornja\u010de prenosimo kolegama u borbi protiv invazivnih kornja\u010da! - JU Zeleni prsten Zagreba\u010dke \u017eupanije","robots":{"index":"index","follow":"follow","max-snippet":"max-snippet:-1","max-image-preview":"max-image-preview:large","max-video-preview":"max-video-preview:-1"},"canonical":"https:\/\/zeleni-prsten.hr\/portal\/\ud835\udc19\ud835\udc27\ud835\udc1a\ud835\udc27\ud835\udc23\ud835\udc1e-\ud835\udc22\ud835\udc33-\ud835\udc29\ud835\udc2b\ud835\udc28\ud835\udc23\ud835\udc1e\ud835\udc24\ud835\udc2d\ud835\udc1a\/","og_locale":"hr_HR","og_type":"article","og_title":"Znanje iz projekta Spas za barske stop za invazivne kornja\u010de prenosimo kolegama u borbi protiv invazivnih kornja\u010da! - JU Zeleni prsten Zagreba\u010dke \u017eupanije","og_description":"U posjetu s ciljem razmjene iskustava i znanja stigle su nam kolegice iz Javne ustanove za upravljanje za\u0161ti\u0107enim dijelovima prirode na podru\u010dju Koprivni\u010dko-kri\u017eeva\u010dke \u017eupanije. Invazivne strane vrste sve su ve\u0107i problem i u Koprivni\u010dko-kri\u017eeva\u010dkoj \u017eupaniji pa im je tako Fond [&hellip;]","og_url":"https:\/\/zeleni-prsten.hr\/portal\/\ud835\udc19\ud835\udc27\ud835\udc1a\ud835\udc27\ud835\udc23\ud835\udc1e-\ud835\udc22\ud835\udc33-\ud835\udc29\ud835\udc2b\ud835\udc28\ud835\udc23\ud835\udc1e\ud835\udc24\ud835\udc2d\ud835\udc1a\/","og_site_name":"JU Zeleni prsten Zagreba\u010dke \u017eupanije","article_published_time":"2025-04-29T09:36:45+00:00","article_modified_time":"2025-04-30T09:46:40+00:00","og_image":[{"width":1920,"height":1081,"url":"https:\/\/zeleni-prsten.hr\/portal\/wp-content\/uploads\/2025\/04\/Spas-za-barske-kornjace-projekt-3-1.jpg","type":"image\/jpeg"}],"twitter_card":"summary_large_image","twitter_misc":{"Napisao\/la":"\u017deljka \u0160abari\u0107","Procijenjeno vrijeme \u010ditanja":"1 minuta"},"schema":{"@context":"https:\/\/schema.org","@graph":[{"@type":"WebSite","@id":"https:\/\/zeleni-prsten.hr\/portal\/#website","url":"https:\/\/zeleni-prsten.hr\/portal\/","name":"JU Zeleni prsten Zagreba\u010dke \u017eupanije","description":"JU Zeleni prsten Zagreba\u010dke \u017eupanije","potentialAction":[{"@type":"SearchAction","target":{"@type":"EntryPoint","urlTemplate":"https:\/\/zeleni-prsten.hr\/portal\/?s={search_term_string}"},"query-input":"required name=search_term_string"}],"inLanguage":"hr"},{"@type":"ImageObject","@id":"https:\/\/zeleni-prsten.hr\/portal\/%f0%9d%90%99%f0%9d%90%a7%f0%9d%90%9a%f0%9d%90%a7%f0%9d%90%a3%f0%9d%90%9e-%f0%9d%90%a2%f0%9d%90%b3-%f0%9d%90%a9%f0%9d%90%ab%f0%9d%90%a8%f0%9d%90%a3%f0%9d%90%9e%f0%9d%90%a4%f0%9d%90%ad%f0%9d%90%9a\/#primaryimage","inLanguage":"hr","url":"https:\/\/zeleni-prsten.hr\/portal\/wp-content\/uploads\/2025\/04\/Spas-za-barske-kornjace-projekt-3-1.jpg","contentUrl":"https:\/\/zeleni-prsten.hr\/portal\/wp-content\/uploads\/2025\/04\/Spas-za-barske-kornjace-projekt-3-1.jpg","width":1920,"height":1081},{"@type":"WebPage","@id":"https:\/\/zeleni-prsten.hr\/portal\/%f0%9d%90%99%f0%9d%90%a7%f0%9d%90%9a%f0%9d%90%a7%f0%9d%90%a3%f0%9d%90%9e-%f0%9d%90%a2%f0%9d%90%b3-%f0%9d%90%a9%f0%9d%90%ab%f0%9d%90%a8%f0%9d%90%a3%f0%9d%90%9e%f0%9d%90%a4%f0%9d%90%ad%f0%9d%90%9a\/#webpage","url":"https:\/\/zeleni-prsten.hr\/portal\/%f0%9d%90%99%f0%9d%90%a7%f0%9d%90%9a%f0%9d%90%a7%f0%9d%90%a3%f0%9d%90%9e-%f0%9d%90%a2%f0%9d%90%b3-%f0%9d%90%a9%f0%9d%90%ab%f0%9d%90%a8%f0%9d%90%a3%f0%9d%90%9e%f0%9d%90%a4%f0%9d%90%ad%f0%9d%90%9a\/","name":"Znanje iz projekta Spas za barske stop za invazivne kornja\u010de prenosimo kolegama u borbi protiv invazivnih kornja\u010da! - JU Zeleni prsten Zagreba\u010dke \u017eupanije","isPartOf":{"@id":"https:\/\/zeleni-prsten.hr\/portal\/#website"},"primaryImageOfPage":{"@id":"https:\/\/zeleni-prsten.hr\/portal\/%f0%9d%90%99%f0%9d%90%a7%f0%9d%90%9a%f0%9d%90%a7%f0%9d%90%a3%f0%9d%90%9e-%f0%9d%90%a2%f0%9d%90%b3-%f0%9d%90%a9%f0%9d%90%ab%f0%9d%90%a8%f0%9d%90%a3%f0%9d%90%9e%f0%9d%90%a4%f0%9d%90%ad%f0%9d%90%9a\/#primaryimage"},"datePublished":"2025-04-29T09:36:45+00:00","dateModified":"2025-04-30T09:46:40+00:00","author":{"@id":"https:\/\/zeleni-prsten.hr\/portal\/#\/schema\/person\/055e03bf54bb9f1861485d75b692e69e"},"breadcrumb":{"@id":"https:\/\/zeleni-prsten.hr\/portal\/%f0%9d%90%99%f0%9d%90%a7%f0%9d%90%9a%f0%9d%90%a7%f0%9d%90%a3%f0%9d%90%9e-%f0%9d%90%a2%f0%9d%90%b3-%f0%9d%90%a9%f0%9d%90%ab%f0%9d%90%a8%f0%9d%90%a3%f0%9d%90%9e%f0%9d%90%a4%f0%9d%90%ad%f0%9d%90%9a\/#breadcrumb"},"inLanguage":"hr","potentialAction":[{"@type":"ReadAction","target":["https:\/\/zeleni-prsten.hr\/portal\/%f0%9d%90%99%f0%9d%90%a7%f0%9d%90%9a%f0%9d%90%a7%f0%9d%90%a3%f0%9d%90%9e-%f0%9d%90%a2%f0%9d%90%b3-%f0%9d%90%a9%f0%9d%90%ab%f0%9d%90%a8%f0%9d%90%a3%f0%9d%90%9e%f0%9d%90%a4%f0%9d%90%ad%f0%9d%90%9a\/"]}]},{"@type":"BreadcrumbList","@id":"https:\/\/zeleni-prsten.hr\/portal\/%f0%9d%90%99%f0%9d%90%a7%f0%9d%90%9a%f0%9d%90%a7%f0%9d%90%a3%f0%9d%90%9e-%f0%9d%90%a2%f0%9d%90%b3-%f0%9d%90%a9%f0%9d%90%ab%f0%9d%90%a8%f0%9d%90%a3%f0%9d%90%9e%f0%9d%90%a4%f0%9d%90%ad%f0%9d%90%9a\/#breadcrumb","itemListElement":[{"@type":"ListItem","position":1,"name":"Home","item":"https:\/\/zeleni-prsten.hr\/portal\/"},{"@type":"ListItem","position":2,"name":"Znanje iz projekta Spas za barske stop za invazivne kornja\u010de prenosimo kolegama u borbi protiv invazivnih kornja\u010da!"}]},{"@type":"Person","@id":"https:\/\/zeleni-prsten.hr\/portal\/#\/schema\/person\/055e03bf54bb9f1861485d75b692e69e","name":"\u017deljka \u0160abari\u0107","url":"https:\/\/zeleni-prsten.hr\/portal\/author\/zeljka\/"}]}},"_links":{"self":[{"href":"https:\/\/zeleni-prsten.hr\/portal\/wp-json\/wp\/v2\/posts\/17572"}],"collection":[{"href":"https:\/\/zeleni-prsten.hr\/portal\/wp-json\/wp\/v2\/posts"}],"about":[{"href":"https:\/\/zeleni-prsten.hr\/portal\/wp-json\/wp\/v2\/types\/post"}],"author":[{"embeddable":true,"href":"https:\/\/zeleni-prsten.hr\/portal\/wp-json\/wp\/v2\/users\/5"}],"replies":[{"embeddable":true,"href":"https:\/\/zeleni-prsten.hr\/portal\/wp-json\/wp\/v2\/comments?post=17572"}],"version-history":[{"count":3,"href":"https:\/\/zeleni-prsten.hr\/portal\/wp-json\/wp\/v2\/posts\/17572\/revisions"}],"predecessor-version":[{"id":17600,"href":"https:\/\/zeleni-prsten.hr\/portal\/wp-json\/wp\/v2\/posts\/17572\/revisions\/17600"}],"wp:featuredmedia":[{"embeddable":true,"href":"https:\/\/zeleni-prsten.hr\/portal\/wp-json\/wp\/v2\/media\/17583"}],"wp:attachment":[{"href":"https:\/\/zeleni-prsten.hr\/portal\/wp-json\/wp\/v2\/media?parent=17572"}],"wp:term":[{"taxonomy":"category","embeddable":true,"href":"https:\/\/zeleni-prsten.hr\/portal\/wp-json\/wp\/v2\/categories?post=17572"},{"taxonomy":"post_tag","embeddable":true,"href":"https:\/\/zeleni-prsten.hr\/portal\/wp-json\/wp\/v2\/tags?post=17572"}],"curies":[{"name":"wp","href":"https:\/\/api.w.org\/{rel}","templated":true}]}}