{"id":17798,"date":"2025-06-04T14:29:27","date_gmt":"2025-06-04T12:29:27","guid":{"rendered":"https:\/\/zeleni-prsten.hr\/portal\/?p=17798"},"modified":"2025-06-04T14:29:27","modified_gmt":"2025-06-04T12:29:27","slug":"hrvatska-divlja-pokrenuta-inicijativa-za-spas-ugrozenih-biljaka-i-zivotinja","status":"publish","type":"post","link":"https:\/\/zeleni-prsten.hr\/portal\/hrvatska-divlja-pokrenuta-inicijativa-za-spas-ugrozenih-biljaka-i-zivotinja\/","title":{"rendered":"Hrvatska divlja: Pokrenuta inicijativa za spas ugro\u017eenih biljaka i \u017eivotinja"},"content":{"rendered":"<p>Zagreb, 3. lipnja 2025. &#8211; U Hrvatskoj je poznato gotovo 40 tisu\u0107a vrsta i podvrsta biljaka i \u017eivotinja, no unato\u010d tom bogatstvu, mnoge su od njih ugro\u017eene. Zakonom koji je lani na razini EU stupio na snagu, i na\u0161a je zemlja obvezna posvetiti se obnovi stani\u0161ta u lo\u0161em stanju. Ja\u010danje raznolikosti i o\u010duvanje ugro\u017eenih vrsta mnogi su prepoznali kao strate\u0161ki smjer kojemu se Hrvatska mora posvetiti.<\/p>\n<p>Upravo je stoga u zagreba\u010dkom Botani\u010dkom vrtu u utorak predstavljena platforma \u201cHrvatska divlja\u201d, posve\u0107ena ja\u010danju bioraznolikosti i odr\u017eivosti kroz praksu rewildinga &#8211; prepu\u0161tanja prostora prirodnim procesima koji pospje\u0161uju ja\u010danje biolo\u0161ke raznolikosti i otpornosti na\u0161ih zajednica.<\/p>\n<p>Rewilding, znanstveno je dokazano, doprinosi obnovi ekosustava, \u0161titi ugro\u017eene vrste, ali i poma\u017ee u ostvarivanju va\u017enih ekolo\u0161kih, dru\u0161tvenih, klimatskih i gospodarskih ciljeva. \u201cHrvatska je tre\u0107a u Europi po bioraznolikosti, \u0161to na\u0161u zemlju \u010dini jednim od klju\u010dnih \u017eari\u0161ta bioraznolikosti na svijetu. Svaki pojedinac mo\u017ee pridonijeti o\u010duvanju ugro\u017eenih vrsta i njihovom opstanku kroz razli\u010dite aktivnosti i projekte, poput Hrvatska divlja&#8221;, istaknula je dr. sc. Dubravka Sandev, predsjednica Hrvatskog botani\u010dkog dru\u0161tva.<\/p>\n<p>hrvatskadivlja.hr interaktivna je platforma koja omogu\u0107uje pregled svih ugro\u017eenih i za\u0161ti\u0107enih vrsta, geografsku rasprostranjenost, specifi\u010dnosti i fotografije, te je osmi\u0161ljena da slu\u017ei kao izvor stru\u010dnih informacija i po\u010detna to\u010dka za unapre\u0111enje odr\u017eivosti i bioraznolikosti u Hrvatskoj, kako u ruralnim, tako i u urbanim podru\u010djima. Cilj rewildinga je, naime, smanjiti ljudsku intervenciju u prirodne procese koji postoje i u urbanim sredinama.<\/p>\n<p>Jedan od prijatelja projekta je Botani\u010dki vrt &#8211; mjesto koje vi\u0161e od 130 godina djeluje kao prostor u kojem se znanost i struka, edukacija i o\u010duvanje prirode isprepli\u0107u. \u201cKao voditelj najstarijeg hrvatskog botani\u010dkog vrta, ovaj projekt vidim kao priliku da podr\u017eimo \u0161irenje svijesti o va\u017enosti i vrijednosti hrvatske flore, da poka\u017eemo kako priroda mo\u017ee biti dio sva\u010dije svakodnevice u urbanim sredinama te da svojim iskustvima damo dodatnu vrijednost cijeloj ovoj inicijativi\u201d, istaknuo je voditelj Botani\u010dkog vrta, dr. sc. Vanja Stamenkovi\u0107.<\/p>\n<p>Kao dio globalne mre\u017ee WWF-a, WWF Adria fokusiran je na za\u0161titu prirodnih resursa, te je, sukladno svojim vrijednostima, podr\u017eao projekt Hrvatska divlja. \u201cVjerujemo da zajedni\u010dkim snagama mo\u017eemo zaustaviti gubitak prirode, obnoviti na\u0161e rijeke i more te izgraditi klimatski otpornu regiju u kojoj ljudi i priroda mogu zajedno napredovati. Vrijeme za djelovanje je sada \u2013 stvorimo budu\u0107nost s vi\u0161e prirode, a ne manje\u201d, poru\u010dila je Petra Boi\u0107 Petra\u010d, direktorica komunikacija za WWF Europe.<\/p>\n<p>Rewilding Velebit, koji ve\u0107 godinama provodi sli\u010dne akcije u divljim krajevima Hrvatske, ovaj projekt vidi kao prirodno partnerstvo: \u201cMisija rewildinga je pokazati da je divljija priroda korisna i za prirodu i za \u010dovjeka. Dosad smo to \u010dinili u velikim razmjerima na Velebitu i u Lici, a kroz projekt Hrvatska divlja ulazimo u ne\u0161to novo i druga\u010dije \u2013 poticanje ljudi na povezivanje s prirodom u urbanim sredinama\u201d, naglasio je Kruno Bo\u0161njakovi\u0107 iz Rewilding Velebita, koji je tako\u0111er prijatelj projekta.<\/p>\n<p>Jedna od manje poznatih, ali izuzetno vrijednih i rijetkih biljaka o kojima se govorilo na predstavljanju platforme Hrvatska divlja jest i samoborska gromotulja, \u010dije je prirodno stani\u0161te samo na dva mjesta na svijetu, od \u010dega jedno upravo kraj Samobora. JU Zeleni prsten Zagreba\u010dke \u017eupanije izravno je posve\u0107en o\u010duvanju ove, ali i niza drugih biljaka i \u017eivotinja koje se nalaze na ovom podru\u010dju. \u201cHrvatska divlja nije samo projekt. To je mogu\u0107nost promocije za\u0161tite prirode na jednoj sasvim novoj razini kroz koju \u0107emo pokazati kako se priroda mo\u017ee \u010duvati i sa\u010duvati, ali isto tako i \u017eivjeti. Zelena stani\u0161ta ne moraju biti daleka i nepristupa\u010dna, ona su dio na\u0161eg svakodnevnog prostora i identiteta\u201d, objasnila je dr.sc. Tatjana Masten Milek, ravnateljica JU Zeleni prsten Zagreba\u010dke \u017eupanije.<\/p>\n<p>Projekt inicira hrvatska tvrtka specijalizirana za vanjsko digitalno ogla\u0161avanje Go2Digital u suradnji s glavnim partnerom projekta \u2013 tvrtkom Bauhaus, vode\u0107om destinacijom za opremu doma i vrta. Go2Digital kroz svoj rad svakodnevno komunicira s gradom, njegovim ritmom, ljudima i njihovim pogledima. \u201cHrvatska divlja nam je posebno va\u017ena \u2013 jer u njoj vidimo priliku da pomo\u0107u tehnologije vratimo prirodu u srca gradova. Kroz na\u0161u mre\u017eu digitalnih ekrana donosimo prizore divljine pred o\u010di tisu\u0107ama ljudi \u2013 kako bi podsjetili na ono \u0161to nas povezuje sa svijetom izvan asfalta i betona. U projektu sudjelujemo jer vjerujemo da tehnologija mo\u017ee biti most, a ne prepreka izme\u0111u \u010dovjeka i prirode. \u010cinimo to kako bi mijenjali dru\u0161tvo na bolje\u201d, izjavio je Dean Udatny, direktor marketinga Go2Digital.<\/p>\n<p>Bauhaus projekt Hrvatska divlja vidi kao idealan nastavak svoje dugogodi\u0161nje predanosti odr\u017eivosti i zelenim inicijativama, posebno u godini kada obilje\u017eava 25 godina postojanja u Hrvatskoj. \u201cKroz ovaj projekt \u017eelimo doprinijeti stvaranju prostora u kojima priroda ima svoje mjesto \u2013 ne samo u \u0161umama, ve\u0107 i usred gradova. Vjerujemo da zelenilo ne donosi samo ljepotu, ve\u0107 i zdravlje, ravnote\u017eu i povezanost s ne\u010dim dubljim\u201d, dodala je Ivana Plemen\u010di\u0107, Chief Marketing Officer &#8211; Bauhaus.<\/p>\n\n<div class=\"ngg-galleryoverview ngg-template-caption\" id=\"ngg-gallery-9c75cdd85accd41e3bfc78928b2c37ff-17798\">\n\n\n\t<!-- Thumbnails -->\n    \t\t\n\t<div id=\"ngg-image-1748\" class=\"ngg-gallery-thumbnail-box\"  >\n\t\t<div class=\"ngg-gallery-thumbnail\" >\n\t\t\t<a href=\"https:\/\/zeleni-prsten.hr\/portal\/wp-content\/gallery\/hrvatska-divlja\/Hrvatska-divlja-18.jpg\"\n               title=\" \"\n               class=\"ngg-simplelightbox\" rel=\"9c75cdd85accd41e3bfc78928b2c37ff\" data-image-id=\"1748\" data-src=\"https:\/\/zeleni-prsten.hr\/portal\/wp-content\/gallery\/hrvatska-divlja\/Hrvatska-divlja-18.jpg\" data-thumbnail=\"https:\/\/zeleni-prsten.hr\/portal\/wp-content\/gallery\/hrvatska-divlja\/cache\/Hrvatska-divlja-18.jpg-nggid041748-ngg0dyn-360x320x100-00f0w010c011r110f110r010t010.jpg\" data-title=\"Hrvatska-divlja-18\" data-description=\" \" >\n\t\t\t\t\t\t\t\t<img title=\"Hrvatska-divlja-18\" alt=\"Hrvatska-divlja-18\" src=\"https:\/\/zeleni-prsten.hr\/portal\/wp-content\/gallery\/hrvatska-divlja\/cache\/Hrvatska-divlja-18.jpg-nggid041748-ngg0dyn-360x320x100-00f0w010c011r110f110r010t010.jpg\" width='360' height='320' \/>\n\t\t\t\t\t\t\t<\/a>\n\t\t\t<span> <\/span>\n\t\t<\/div>\n\t<\/div>\n\t\t \t\t\n\t<div id=\"ngg-image-1736\" class=\"ngg-gallery-thumbnail-box\"  >\n\t\t<div class=\"ngg-gallery-thumbnail\" >\n\t\t\t<a href=\"https:\/\/zeleni-prsten.hr\/portal\/wp-content\/gallery\/hrvatska-divlja\/Hrvatska-divlja-7.jpg\"\n               title=\" \"\n               class=\"ngg-simplelightbox\" rel=\"9c75cdd85accd41e3bfc78928b2c37ff\" data-image-id=\"1736\" data-src=\"https:\/\/zeleni-prsten.hr\/portal\/wp-content\/gallery\/hrvatska-divlja\/Hrvatska-divlja-7.jpg\" data-thumbnail=\"https:\/\/zeleni-prsten.hr\/portal\/wp-content\/gallery\/hrvatska-divlja\/cache\/Hrvatska-divlja-7.jpg-nggid041736-ngg0dyn-360x320x100-00f0w010c011r110f110r010t010.jpg\" data-title=\"Hrvatska-divlja-7\" data-description=\" \" >\n\t\t\t\t\t\t\t\t<img title=\"Hrvatska-divlja-7\" alt=\"Hrvatska-divlja-7\" src=\"https:\/\/zeleni-prsten.hr\/portal\/wp-content\/gallery\/hrvatska-divlja\/cache\/Hrvatska-divlja-7.jpg-nggid041736-ngg0dyn-360x320x100-00f0w010c011r110f110r010t010.jpg\" width='360' height='320' \/>\n\t\t\t\t\t\t\t<\/a>\n\t\t\t<span> <\/span>\n\t\t<\/div>\n\t<\/div>\n\t\t \t\t\n\t<div id=\"ngg-image-1745\" class=\"ngg-gallery-thumbnail-box\"  >\n\t\t<div class=\"ngg-gallery-thumbnail\" >\n\t\t\t<a href=\"https:\/\/zeleni-prsten.hr\/portal\/wp-content\/gallery\/hrvatska-divlja\/Hrvatska-divlja-5.jpg\"\n               title=\" \"\n               class=\"ngg-simplelightbox\" rel=\"9c75cdd85accd41e3bfc78928b2c37ff\" data-image-id=\"1745\" data-src=\"https:\/\/zeleni-prsten.hr\/portal\/wp-content\/gallery\/hrvatska-divlja\/Hrvatska-divlja-5.jpg\" data-thumbnail=\"https:\/\/zeleni-prsten.hr\/portal\/wp-content\/gallery\/hrvatska-divlja\/cache\/Hrvatska-divlja-5.jpg-nggid041745-ngg0dyn-360x320x100-00f0w010c011r110f110r010t010.jpg\" data-title=\"Hrvatska-divlja-5\" data-description=\" \" >\n\t\t\t\t\t\t\t\t<img title=\"Hrvatska-divlja-5\" alt=\"Hrvatska-divlja-5\" src=\"https:\/\/zeleni-prsten.hr\/portal\/wp-content\/gallery\/hrvatska-divlja\/cache\/Hrvatska-divlja-5.jpg-nggid041745-ngg0dyn-360x320x100-00f0w010c011r110f110r010t010.jpg\" width='360' height='320' \/>\n\t\t\t\t\t\t\t<\/a>\n\t\t\t<span> <\/span>\n\t\t<\/div>\n\t<\/div>\n\t\t \t\t\n\t<div id=\"ngg-image-1743\" class=\"ngg-gallery-thumbnail-box\"  >\n\t\t<div class=\"ngg-gallery-thumbnail\" >\n\t\t\t<a href=\"https:\/\/zeleni-prsten.hr\/portal\/wp-content\/gallery\/hrvatska-divlja\/Hrvatska-divlja-15.jpg\"\n               title=\" \"\n               class=\"ngg-simplelightbox\" rel=\"9c75cdd85accd41e3bfc78928b2c37ff\" data-image-id=\"1743\" data-src=\"https:\/\/zeleni-prsten.hr\/portal\/wp-content\/gallery\/hrvatska-divlja\/Hrvatska-divlja-15.jpg\" data-thumbnail=\"https:\/\/zeleni-prsten.hr\/portal\/wp-content\/gallery\/hrvatska-divlja\/cache\/Hrvatska-divlja-15.jpg-nggid041743-ngg0dyn-360x320x100-00f0w010c011r110f110r010t010.jpg\" data-title=\"Hrvatska-divlja-15\" data-description=\" \" >\n\t\t\t\t\t\t\t\t<img title=\"Hrvatska-divlja-15\" alt=\"Hrvatska-divlja-15\" src=\"https:\/\/zeleni-prsten.hr\/portal\/wp-content\/gallery\/hrvatska-divlja\/cache\/Hrvatska-divlja-15.jpg-nggid041743-ngg0dyn-360x320x100-00f0w010c011r110f110r010t010.jpg\" width='360' height='320' \/>\n\t\t\t\t\t\t\t<\/a>\n\t\t\t<span> <\/span>\n\t\t<\/div>\n\t<\/div>\n\t\t \t\t\n\t<div id=\"ngg-image-1738\" class=\"ngg-gallery-thumbnail-box\"  >\n\t\t<div class=\"ngg-gallery-thumbnail\" >\n\t\t\t<a href=\"https:\/\/zeleni-prsten.hr\/portal\/wp-content\/gallery\/hrvatska-divlja\/Hrvatska-divlja-10.jpg\"\n               title=\" \"\n               class=\"ngg-simplelightbox\" rel=\"9c75cdd85accd41e3bfc78928b2c37ff\" data-image-id=\"1738\" data-src=\"https:\/\/zeleni-prsten.hr\/portal\/wp-content\/gallery\/hrvatska-divlja\/Hrvatska-divlja-10.jpg\" data-thumbnail=\"https:\/\/zeleni-prsten.hr\/portal\/wp-content\/gallery\/hrvatska-divlja\/cache\/Hrvatska-divlja-10.jpg-nggid041738-ngg0dyn-360x320x100-00f0w010c011r110f110r010t010.jpg\" data-title=\"Hrvatska-divlja-10\" data-description=\" \" >\n\t\t\t\t\t\t\t\t<img title=\"Hrvatska-divlja-10\" alt=\"Hrvatska-divlja-10\" src=\"https:\/\/zeleni-prsten.hr\/portal\/wp-content\/gallery\/hrvatska-divlja\/cache\/Hrvatska-divlja-10.jpg-nggid041738-ngg0dyn-360x320x100-00f0w010c011r110f110r010t010.jpg\" width='360' height='320' \/>\n\t\t\t\t\t\t\t<\/a>\n\t\t\t<span> <\/span>\n\t\t<\/div>\n\t<\/div>\n\t\t \t\t\n\t<div id=\"ngg-image-1741\" class=\"ngg-gallery-thumbnail-box\"  >\n\t\t<div class=\"ngg-gallery-thumbnail\" >\n\t\t\t<a href=\"https:\/\/zeleni-prsten.hr\/portal\/wp-content\/gallery\/hrvatska-divlja\/Hrvatska-divlja-13.jpg\"\n               title=\" \"\n               class=\"ngg-simplelightbox\" rel=\"9c75cdd85accd41e3bfc78928b2c37ff\" data-image-id=\"1741\" data-src=\"https:\/\/zeleni-prsten.hr\/portal\/wp-content\/gallery\/hrvatska-divlja\/Hrvatska-divlja-13.jpg\" data-thumbnail=\"https:\/\/zeleni-prsten.hr\/portal\/wp-content\/gallery\/hrvatska-divlja\/cache\/Hrvatska-divlja-13.jpg-nggid041741-ngg0dyn-360x320x100-00f0w010c011r110f110r010t010.jpg\" data-title=\"Hrvatska-divlja-13\" data-description=\" \" >\n\t\t\t\t\t\t\t\t<img title=\"Hrvatska-divlja-13\" alt=\"Hrvatska-divlja-13\" src=\"https:\/\/zeleni-prsten.hr\/portal\/wp-content\/gallery\/hrvatska-divlja\/cache\/Hrvatska-divlja-13.jpg-nggid041741-ngg0dyn-360x320x100-00f0w010c011r110f110r010t010.jpg\" width='360' height='320' \/>\n\t\t\t\t\t\t\t<\/a>\n\t\t\t<span> <\/span>\n\t\t<\/div>\n\t<\/div>\n\t\t \t\t\n\t<div id=\"ngg-image-1737\" class=\"ngg-gallery-thumbnail-box\"  >\n\t\t<div class=\"ngg-gallery-thumbnail\" >\n\t\t\t<a href=\"https:\/\/zeleni-prsten.hr\/portal\/wp-content\/gallery\/hrvatska-divlja\/Hrvatska-divlja-9.jpg\"\n               title=\" \"\n               class=\"ngg-simplelightbox\" rel=\"9c75cdd85accd41e3bfc78928b2c37ff\" data-image-id=\"1737\" data-src=\"https:\/\/zeleni-prsten.hr\/portal\/wp-content\/gallery\/hrvatska-divlja\/Hrvatska-divlja-9.jpg\" data-thumbnail=\"https:\/\/zeleni-prsten.hr\/portal\/wp-content\/gallery\/hrvatska-divlja\/cache\/Hrvatska-divlja-9.jpg-nggid041737-ngg0dyn-360x320x100-00f0w010c011r110f110r010t010.jpg\" data-title=\"Hrvatska-divlja-9\" data-description=\" \" >\n\t\t\t\t\t\t\t\t<img title=\"Hrvatska-divlja-9\" alt=\"Hrvatska-divlja-9\" src=\"https:\/\/zeleni-prsten.hr\/portal\/wp-content\/gallery\/hrvatska-divlja\/cache\/Hrvatska-divlja-9.jpg-nggid041737-ngg0dyn-360x320x100-00f0w010c011r110f110r010t010.jpg\" width='360' height='320' \/>\n\t\t\t\t\t\t\t<\/a>\n\t\t\t<span> <\/span>\n\t\t<\/div>\n\t<\/div>\n\t\t \t\t\n\t<div id=\"ngg-image-1744\" class=\"ngg-gallery-thumbnail-box\"  >\n\t\t<div class=\"ngg-gallery-thumbnail\" >\n\t\t\t<a href=\"https:\/\/zeleni-prsten.hr\/portal\/wp-content\/gallery\/hrvatska-divlja\/Hrvatska-divlja-3.jpg\"\n               title=\" \"\n               class=\"ngg-simplelightbox\" rel=\"9c75cdd85accd41e3bfc78928b2c37ff\" data-image-id=\"1744\" data-src=\"https:\/\/zeleni-prsten.hr\/portal\/wp-content\/gallery\/hrvatska-divlja\/Hrvatska-divlja-3.jpg\" data-thumbnail=\"https:\/\/zeleni-prsten.hr\/portal\/wp-content\/gallery\/hrvatska-divlja\/cache\/Hrvatska-divlja-3.jpg-nggid041744-ngg0dyn-360x320x100-00f0w010c011r110f110r010t010.jpg\" data-title=\"Hrvatska-divlja-3\" data-description=\" \" >\n\t\t\t\t\t\t\t\t<img title=\"Hrvatska-divlja-3\" alt=\"Hrvatska-divlja-3\" src=\"https:\/\/zeleni-prsten.hr\/portal\/wp-content\/gallery\/hrvatska-divlja\/cache\/Hrvatska-divlja-3.jpg-nggid041744-ngg0dyn-360x320x100-00f0w010c011r110f110r010t010.jpg\" width='360' height='320' \/>\n\t\t\t\t\t\t\t<\/a>\n\t\t\t<span> <\/span>\n\t\t<\/div>\n\t<\/div>\n\t\t \t\t\n\t<div id=\"ngg-image-1739\" class=\"ngg-gallery-thumbnail-box\"  >\n\t\t<div class=\"ngg-gallery-thumbnail\" >\n\t\t\t<a href=\"https:\/\/zeleni-prsten.hr\/portal\/wp-content\/gallery\/hrvatska-divlja\/Hrvatska-divlja-11.jpg\"\n               title=\" \"\n               class=\"ngg-simplelightbox\" rel=\"9c75cdd85accd41e3bfc78928b2c37ff\" data-image-id=\"1739\" data-src=\"https:\/\/zeleni-prsten.hr\/portal\/wp-content\/gallery\/hrvatska-divlja\/Hrvatska-divlja-11.jpg\" data-thumbnail=\"https:\/\/zeleni-prsten.hr\/portal\/wp-content\/gallery\/hrvatska-divlja\/cache\/Hrvatska-divlja-11.jpg-nggid041739-ngg0dyn-360x320x100-00f0w010c011r110f110r010t010.jpg\" data-title=\"Hrvatska-divlja-11\" data-description=\" \" >\n\t\t\t\t\t\t\t\t<img title=\"Hrvatska-divlja-11\" alt=\"Hrvatska-divlja-11\" src=\"https:\/\/zeleni-prsten.hr\/portal\/wp-content\/gallery\/hrvatska-divlja\/cache\/Hrvatska-divlja-11.jpg-nggid041739-ngg0dyn-360x320x100-00f0w010c011r110f110r010t010.jpg\" width='360' height='320' \/>\n\t\t\t\t\t\t\t<\/a>\n\t\t\t<span> <\/span>\n\t\t<\/div>\n\t<\/div>\n\t\t \t\t\n\t<div id=\"ngg-image-1746\" class=\"ngg-gallery-thumbnail-box\"  >\n\t\t<div class=\"ngg-gallery-thumbnail\" >\n\t\t\t<a href=\"https:\/\/zeleni-prsten.hr\/portal\/wp-content\/gallery\/hrvatska-divlja\/Hrvatska-divlja-19.jpg\"\n               title=\" \"\n               class=\"ngg-simplelightbox\" rel=\"9c75cdd85accd41e3bfc78928b2c37ff\" data-image-id=\"1746\" data-src=\"https:\/\/zeleni-prsten.hr\/portal\/wp-content\/gallery\/hrvatska-divlja\/Hrvatska-divlja-19.jpg\" data-thumbnail=\"https:\/\/zeleni-prsten.hr\/portal\/wp-content\/gallery\/hrvatska-divlja\/cache\/Hrvatska-divlja-19.jpg-nggid041746-ngg0dyn-360x320x100-00f0w010c011r110f110r010t010.jpg\" data-title=\"Hrvatska-divlja-19\" data-description=\" \" >\n\t\t\t\t\t\t\t\t<img title=\"Hrvatska-divlja-19\" alt=\"Hrvatska-divlja-19\" src=\"https:\/\/zeleni-prsten.hr\/portal\/wp-content\/gallery\/hrvatska-divlja\/cache\/Hrvatska-divlja-19.jpg-nggid041746-ngg0dyn-360x320x100-00f0w010c011r110f110r010t010.jpg\" width='360' height='320' \/>\n\t\t\t\t\t\t\t<\/a>\n\t\t\t<span> <\/span>\n\t\t<\/div>\n\t<\/div>\n\t\t \t\t\n\t<div id=\"ngg-image-1747\" class=\"ngg-gallery-thumbnail-box\"  >\n\t\t<div class=\"ngg-gallery-thumbnail\" >\n\t\t\t<a href=\"https:\/\/zeleni-prsten.hr\/portal\/wp-content\/gallery\/hrvatska-divlja\/Hrvatska-divlja-20.jpg\"\n               title=\" \"\n               class=\"ngg-simplelightbox\" rel=\"9c75cdd85accd41e3bfc78928b2c37ff\" data-image-id=\"1747\" data-src=\"https:\/\/zeleni-prsten.hr\/portal\/wp-content\/gallery\/hrvatska-divlja\/Hrvatska-divlja-20.jpg\" data-thumbnail=\"https:\/\/zeleni-prsten.hr\/portal\/wp-content\/gallery\/hrvatska-divlja\/cache\/Hrvatska-divlja-20.jpg-nggid041747-ngg0dyn-360x320x100-00f0w010c011r110f110r010t010.jpg\" data-title=\"Hrvatska-divlja-20\" data-description=\" \" >\n\t\t\t\t\t\t\t\t<img title=\"Hrvatska-divlja-20\" alt=\"Hrvatska-divlja-20\" src=\"https:\/\/zeleni-prsten.hr\/portal\/wp-content\/gallery\/hrvatska-divlja\/cache\/Hrvatska-divlja-20.jpg-nggid041747-ngg0dyn-360x320x100-00f0w010c011r110f110r010t010.jpg\" width='360' height='320' \/>\n\t\t\t\t\t\t\t<\/a>\n\t\t\t<span> <\/span>\n\t\t<\/div>\n\t<\/div>\n\t\t \t\t\n\t<div id=\"ngg-image-1740\" class=\"ngg-gallery-thumbnail-box\"  >\n\t\t<div class=\"ngg-gallery-thumbnail\" >\n\t\t\t<a href=\"https:\/\/zeleni-prsten.hr\/portal\/wp-content\/gallery\/hrvatska-divlja\/Hrvatska-divlja-12.jpg\"\n               title=\" \"\n               class=\"ngg-simplelightbox\" rel=\"9c75cdd85accd41e3bfc78928b2c37ff\" data-image-id=\"1740\" data-src=\"https:\/\/zeleni-prsten.hr\/portal\/wp-content\/gallery\/hrvatska-divlja\/Hrvatska-divlja-12.jpg\" data-thumbnail=\"https:\/\/zeleni-prsten.hr\/portal\/wp-content\/gallery\/hrvatska-divlja\/cache\/Hrvatska-divlja-12.jpg-nggid041740-ngg0dyn-360x320x100-00f0w010c011r110f110r010t010.jpg\" data-title=\"Hrvatska-divlja-12\" data-description=\" \" >\n\t\t\t\t\t\t\t\t<img title=\"Hrvatska-divlja-12\" alt=\"Hrvatska-divlja-12\" src=\"https:\/\/zeleni-prsten.hr\/portal\/wp-content\/gallery\/hrvatska-divlja\/cache\/Hrvatska-divlja-12.jpg-nggid041740-ngg0dyn-360x320x100-00f0w010c011r110f110r010t010.jpg\" width='360' height='320' \/>\n\t\t\t\t\t\t\t<\/a>\n\t\t\t<span> <\/span>\n\t\t<\/div>\n\t<\/div>\n\t\t \t\t\n\t<div id=\"ngg-image-1742\" class=\"ngg-gallery-thumbnail-box\"  >\n\t\t<div class=\"ngg-gallery-thumbnail\" >\n\t\t\t<a href=\"https:\/\/zeleni-prsten.hr\/portal\/wp-content\/gallery\/hrvatska-divlja\/Hrvatska-divlja-14.jpg\"\n               title=\" \"\n               class=\"ngg-simplelightbox\" rel=\"9c75cdd85accd41e3bfc78928b2c37ff\" data-image-id=\"1742\" data-src=\"https:\/\/zeleni-prsten.hr\/portal\/wp-content\/gallery\/hrvatska-divlja\/Hrvatska-divlja-14.jpg\" data-thumbnail=\"https:\/\/zeleni-prsten.hr\/portal\/wp-content\/gallery\/hrvatska-divlja\/cache\/Hrvatska-divlja-14.jpg-nggid041742-ngg0dyn-360x320x100-00f0w010c011r110f110r010t010.jpg\" data-title=\"Hrvatska-divlja-14\" data-description=\" \" >\n\t\t\t\t\t\t\t\t<img title=\"Hrvatska-divlja-14\" alt=\"Hrvatska-divlja-14\" src=\"https:\/\/zeleni-prsten.hr\/portal\/wp-content\/gallery\/hrvatska-divlja\/cache\/Hrvatska-divlja-14.jpg-nggid041742-ngg0dyn-360x320x100-00f0w010c011r110f110r010t010.jpg\" width='360' height='320' \/>\n\t\t\t\t\t\t\t<\/a>\n\t\t\t<span> <\/span>\n\t\t<\/div>\n\t<\/div>\n\t\t \t \t\n\t<!-- Pagination -->\n \t<div class='ngg-clear'><\/div> \t\n<\/div>\n\n\n","protected":false},"excerpt":{"rendered":"<p>Zagreb, 3. lipnja 2025. &#8211; U Hrvatskoj je poznato gotovo 40 tisu\u0107a vrsta i podvrsta biljaka i \u017eivotinja, no unato\u010d tom bogatstvu, mnoge su od njih ugro\u017eene. Zakonom koji je lani na razini EU stupio na snagu, i na\u0161a je [&hellip;]<\/p>\n","protected":false},"author":5,"featured_media":17800,"comment_status":"closed","ping_status":"closed","sticky":false,"template":"","format":"standard","meta":{"ngg_post_thumbnail":0},"categories":[59],"tags":[760,758,65,67,77,79,81],"yoast_head":"<!-- This site is optimized with the Yoast SEO plugin v18.4.1 - https:\/\/yoast.com\/wordpress\/plugins\/seo\/ -->\n<title>Hrvatska divlja: Pokrenuta inicijativa za spas ugro\u017eenih biljaka i \u017eivotinja - JU Zeleni prsten Zagreba\u010dke \u017eupanije<\/title>\n<meta name=\"robots\" content=\"index, follow, max-snippet:-1, max-image-preview:large, max-video-preview:-1\" \/>\n<link rel=\"canonical\" href=\"https:\/\/zeleni-prsten.hr\/portal\/hrvatska-divlja-pokrenuta-inicijativa-za-spas-ugrozenih-biljaka-i-zivotinja\/\" \/>\n<meta property=\"og:locale\" content=\"hr_HR\" \/>\n<meta property=\"og:type\" content=\"article\" \/>\n<meta property=\"og:title\" content=\"Hrvatska divlja: Pokrenuta inicijativa za spas ugro\u017eenih biljaka i \u017eivotinja - JU Zeleni prsten Zagreba\u010dke \u017eupanije\" \/>\n<meta property=\"og:description\" content=\"Zagreb, 3. lipnja 2025. &#8211; U Hrvatskoj je poznato gotovo 40 tisu\u0107a vrsta i podvrsta biljaka i \u017eivotinja, no unato\u010d tom bogatstvu, mnoge su od njih ugro\u017eene. Zakonom koji je lani na razini EU stupio na snagu, i na\u0161a je [&hellip;]\" \/>\n<meta property=\"og:url\" content=\"https:\/\/zeleni-prsten.hr\/portal\/hrvatska-divlja-pokrenuta-inicijativa-za-spas-ugrozenih-biljaka-i-zivotinja\/\" \/>\n<meta property=\"og:site_name\" content=\"JU Zeleni prsten Zagreba\u010dke \u017eupanije\" \/>\n<meta property=\"article:published_time\" content=\"2025-06-04T12:29:27+00:00\" \/>\n<meta property=\"og:image\" content=\"https:\/\/zeleni-prsten.hr\/portal\/wp-content\/uploads\/2025\/06\/Hrvatska-divlja-9.jpg\" \/>\n\t<meta property=\"og:image:width\" content=\"1920\" \/>\n\t<meta property=\"og:image:height\" content=\"1081\" \/>\n\t<meta property=\"og:image:type\" content=\"image\/jpeg\" \/>\n<meta name=\"twitter:card\" content=\"summary_large_image\" \/>\n<meta name=\"twitter:label1\" content=\"Napisao\/la\" \/>\n\t<meta name=\"twitter:data1\" content=\"\u017deljka \u0160abari\u0107\" \/>\n\t<meta name=\"twitter:label2\" content=\"Procijenjeno vrijeme \u010ditanja\" \/>\n\t<meta name=\"twitter:data2\" content=\"5 minuta\" \/>\n<script type=\"application\/ld+json\" class=\"yoast-schema-graph\">{\"@context\":\"https:\/\/schema.org\",\"@graph\":[{\"@type\":\"WebSite\",\"@id\":\"https:\/\/zeleni-prsten.hr\/portal\/#website\",\"url\":\"https:\/\/zeleni-prsten.hr\/portal\/\",\"name\":\"JU Zeleni prsten Zagreba\u010dke \u017eupanije\",\"description\":\"JU Zeleni prsten Zagreba\u010dke \u017eupanije\",\"potentialAction\":[{\"@type\":\"SearchAction\",\"target\":{\"@type\":\"EntryPoint\",\"urlTemplate\":\"https:\/\/zeleni-prsten.hr\/portal\/?s={search_term_string}\"},\"query-input\":\"required name=search_term_string\"}],\"inLanguage\":\"hr\"},{\"@type\":\"ImageObject\",\"@id\":\"https:\/\/zeleni-prsten.hr\/portal\/hrvatska-divlja-pokrenuta-inicijativa-za-spas-ugrozenih-biljaka-i-zivotinja\/#primaryimage\",\"inLanguage\":\"hr\",\"url\":\"https:\/\/zeleni-prsten.hr\/portal\/wp-content\/uploads\/2025\/06\/Hrvatska-divlja-9.jpg\",\"contentUrl\":\"https:\/\/zeleni-prsten.hr\/portal\/wp-content\/uploads\/2025\/06\/Hrvatska-divlja-9.jpg\",\"width\":1920,\"height\":1081},{\"@type\":\"WebPage\",\"@id\":\"https:\/\/zeleni-prsten.hr\/portal\/hrvatska-divlja-pokrenuta-inicijativa-za-spas-ugrozenih-biljaka-i-zivotinja\/#webpage\",\"url\":\"https:\/\/zeleni-prsten.hr\/portal\/hrvatska-divlja-pokrenuta-inicijativa-za-spas-ugrozenih-biljaka-i-zivotinja\/\",\"name\":\"Hrvatska divlja: Pokrenuta inicijativa za spas ugro\u017eenih biljaka i \u017eivotinja - JU Zeleni prsten Zagreba\u010dke \u017eupanije\",\"isPartOf\":{\"@id\":\"https:\/\/zeleni-prsten.hr\/portal\/#website\"},\"primaryImageOfPage\":{\"@id\":\"https:\/\/zeleni-prsten.hr\/portal\/hrvatska-divlja-pokrenuta-inicijativa-za-spas-ugrozenih-biljaka-i-zivotinja\/#primaryimage\"},\"datePublished\":\"2025-06-04T12:29:27+00:00\",\"dateModified\":\"2025-06-04T12:29:27+00:00\",\"author\":{\"@id\":\"https:\/\/zeleni-prsten.hr\/portal\/#\/schema\/person\/055e03bf54bb9f1861485d75b692e69e\"},\"breadcrumb\":{\"@id\":\"https:\/\/zeleni-prsten.hr\/portal\/hrvatska-divlja-pokrenuta-inicijativa-za-spas-ugrozenih-biljaka-i-zivotinja\/#breadcrumb\"},\"inLanguage\":\"hr\",\"potentialAction\":[{\"@type\":\"ReadAction\",\"target\":[\"https:\/\/zeleni-prsten.hr\/portal\/hrvatska-divlja-pokrenuta-inicijativa-za-spas-ugrozenih-biljaka-i-zivotinja\/\"]}]},{\"@type\":\"BreadcrumbList\",\"@id\":\"https:\/\/zeleni-prsten.hr\/portal\/hrvatska-divlja-pokrenuta-inicijativa-za-spas-ugrozenih-biljaka-i-zivotinja\/#breadcrumb\",\"itemListElement\":[{\"@type\":\"ListItem\",\"position\":1,\"name\":\"Home\",\"item\":\"https:\/\/zeleni-prsten.hr\/portal\/\"},{\"@type\":\"ListItem\",\"position\":2,\"name\":\"Hrvatska divlja: Pokrenuta inicijativa za spas ugro\u017eenih biljaka i \u017eivotinja\"}]},{\"@type\":\"Person\",\"@id\":\"https:\/\/zeleni-prsten.hr\/portal\/#\/schema\/person\/055e03bf54bb9f1861485d75b692e69e\",\"name\":\"\u017deljka \u0160abari\u0107\",\"url\":\"https:\/\/zeleni-prsten.hr\/portal\/author\/zeljka\/\"}]}<\/script>\n<!-- \/ Yoast SEO plugin. -->","yoast_head_json":{"title":"Hrvatska divlja: Pokrenuta inicijativa za spas ugro\u017eenih biljaka i \u017eivotinja - JU Zeleni prsten Zagreba\u010dke \u017eupanije","robots":{"index":"index","follow":"follow","max-snippet":"max-snippet:-1","max-image-preview":"max-image-preview:large","max-video-preview":"max-video-preview:-1"},"canonical":"https:\/\/zeleni-prsten.hr\/portal\/hrvatska-divlja-pokrenuta-inicijativa-za-spas-ugrozenih-biljaka-i-zivotinja\/","og_locale":"hr_HR","og_type":"article","og_title":"Hrvatska divlja: Pokrenuta inicijativa za spas ugro\u017eenih biljaka i \u017eivotinja - JU Zeleni prsten Zagreba\u010dke \u017eupanije","og_description":"Zagreb, 3. lipnja 2025. &#8211; U Hrvatskoj je poznato gotovo 40 tisu\u0107a vrsta i podvrsta biljaka i \u017eivotinja, no unato\u010d tom bogatstvu, mnoge su od njih ugro\u017eene. Zakonom koji je lani na razini EU stupio na snagu, i na\u0161a je [&hellip;]","og_url":"https:\/\/zeleni-prsten.hr\/portal\/hrvatska-divlja-pokrenuta-inicijativa-za-spas-ugrozenih-biljaka-i-zivotinja\/","og_site_name":"JU Zeleni prsten Zagreba\u010dke \u017eupanije","article_published_time":"2025-06-04T12:29:27+00:00","og_image":[{"width":1920,"height":1081,"url":"https:\/\/zeleni-prsten.hr\/portal\/wp-content\/uploads\/2025\/06\/Hrvatska-divlja-9.jpg","type":"image\/jpeg"}],"twitter_card":"summary_large_image","twitter_misc":{"Napisao\/la":"\u017deljka \u0160abari\u0107","Procijenjeno vrijeme \u010ditanja":"5 minuta"},"schema":{"@context":"https:\/\/schema.org","@graph":[{"@type":"WebSite","@id":"https:\/\/zeleni-prsten.hr\/portal\/#website","url":"https:\/\/zeleni-prsten.hr\/portal\/","name":"JU Zeleni prsten Zagreba\u010dke \u017eupanije","description":"JU Zeleni prsten Zagreba\u010dke \u017eupanije","potentialAction":[{"@type":"SearchAction","target":{"@type":"EntryPoint","urlTemplate":"https:\/\/zeleni-prsten.hr\/portal\/?s={search_term_string}"},"query-input":"required name=search_term_string"}],"inLanguage":"hr"},{"@type":"ImageObject","@id":"https:\/\/zeleni-prsten.hr\/portal\/hrvatska-divlja-pokrenuta-inicijativa-za-spas-ugrozenih-biljaka-i-zivotinja\/#primaryimage","inLanguage":"hr","url":"https:\/\/zeleni-prsten.hr\/portal\/wp-content\/uploads\/2025\/06\/Hrvatska-divlja-9.jpg","contentUrl":"https:\/\/zeleni-prsten.hr\/portal\/wp-content\/uploads\/2025\/06\/Hrvatska-divlja-9.jpg","width":1920,"height":1081},{"@type":"WebPage","@id":"https:\/\/zeleni-prsten.hr\/portal\/hrvatska-divlja-pokrenuta-inicijativa-za-spas-ugrozenih-biljaka-i-zivotinja\/#webpage","url":"https:\/\/zeleni-prsten.hr\/portal\/hrvatska-divlja-pokrenuta-inicijativa-za-spas-ugrozenih-biljaka-i-zivotinja\/","name":"Hrvatska divlja: Pokrenuta inicijativa za spas ugro\u017eenih biljaka i \u017eivotinja - JU Zeleni prsten Zagreba\u010dke \u017eupanije","isPartOf":{"@id":"https:\/\/zeleni-prsten.hr\/portal\/#website"},"primaryImageOfPage":{"@id":"https:\/\/zeleni-prsten.hr\/portal\/hrvatska-divlja-pokrenuta-inicijativa-za-spas-ugrozenih-biljaka-i-zivotinja\/#primaryimage"},"datePublished":"2025-06-04T12:29:27+00:00","dateModified":"2025-06-04T12:29:27+00:00","author":{"@id":"https:\/\/zeleni-prsten.hr\/portal\/#\/schema\/person\/055e03bf54bb9f1861485d75b692e69e"},"breadcrumb":{"@id":"https:\/\/zeleni-prsten.hr\/portal\/hrvatska-divlja-pokrenuta-inicijativa-za-spas-ugrozenih-biljaka-i-zivotinja\/#breadcrumb"},"inLanguage":"hr","potentialAction":[{"@type":"ReadAction","target":["https:\/\/zeleni-prsten.hr\/portal\/hrvatska-divlja-pokrenuta-inicijativa-za-spas-ugrozenih-biljaka-i-zivotinja\/"]}]},{"@type":"BreadcrumbList","@id":"https:\/\/zeleni-prsten.hr\/portal\/hrvatska-divlja-pokrenuta-inicijativa-za-spas-ugrozenih-biljaka-i-zivotinja\/#breadcrumb","itemListElement":[{"@type":"ListItem","position":1,"name":"Home","item":"https:\/\/zeleni-prsten.hr\/portal\/"},{"@type":"ListItem","position":2,"name":"Hrvatska divlja: Pokrenuta inicijativa za spas ugro\u017eenih biljaka i \u017eivotinja"}]},{"@type":"Person","@id":"https:\/\/zeleni-prsten.hr\/portal\/#\/schema\/person\/055e03bf54bb9f1861485d75b692e69e","name":"\u017deljka \u0160abari\u0107","url":"https:\/\/zeleni-prsten.hr\/portal\/author\/zeljka\/"}]}},"_links":{"self":[{"href":"https:\/\/zeleni-prsten.hr\/portal\/wp-json\/wp\/v2\/posts\/17798"}],"collection":[{"href":"https:\/\/zeleni-prsten.hr\/portal\/wp-json\/wp\/v2\/posts"}],"about":[{"href":"https:\/\/zeleni-prsten.hr\/portal\/wp-json\/wp\/v2\/types\/post"}],"author":[{"embeddable":true,"href":"https:\/\/zeleni-prsten.hr\/portal\/wp-json\/wp\/v2\/users\/5"}],"replies":[{"embeddable":true,"href":"https:\/\/zeleni-prsten.hr\/portal\/wp-json\/wp\/v2\/comments?post=17798"}],"version-history":[{"count":1,"href":"https:\/\/zeleni-prsten.hr\/portal\/wp-json\/wp\/v2\/posts\/17798\/revisions"}],"predecessor-version":[{"id":17826,"href":"https:\/\/zeleni-prsten.hr\/portal\/wp-json\/wp\/v2\/posts\/17798\/revisions\/17826"}],"wp:featuredmedia":[{"embeddable":true,"href":"https:\/\/zeleni-prsten.hr\/portal\/wp-json\/wp\/v2\/media\/17800"}],"wp:attachment":[{"href":"https:\/\/zeleni-prsten.hr\/portal\/wp-json\/wp\/v2\/media?parent=17798"}],"wp:term":[{"taxonomy":"category","embeddable":true,"href":"https:\/\/zeleni-prsten.hr\/portal\/wp-json\/wp\/v2\/categories?post=17798"},{"taxonomy":"post_tag","embeddable":true,"href":"https:\/\/zeleni-prsten.hr\/portal\/wp-json\/wp\/v2\/tags?post=17798"}],"curies":[{"name":"wp","href":"https:\/\/api.w.org\/{rel}","templated":true}]}}