{"id":9348,"date":"2019-10-10T13:15:36","date_gmt":"2019-10-10T12:15:36","guid":{"rendered":"http:\/\/zeleni-prsten.hr\/web\/?p=9348"},"modified":"2022-03-20T22:27:25","modified_gmt":"2022-03-20T21:27:25","slug":"11-susret-udruga-prijatelja-prirode-zagrebacke-zupanije-i-6-susret-planinara","status":"publish","type":"post","link":"https:\/\/zeleni-prsten.hr\/portal\/11-susret-udruga-prijatelja-prirode-zagrebacke-zupanije-i-6-susret-planinara\/","title":{"rendered":"11. Susret udruga prijatelja prirode Zagreba\u010dke \u017eupanije i 6. Susret planinara"},"content":{"rendered":"<p>[vc_row][vc_column][vc_column_text]11. Susret udruga prijatelja prirode Zagreba\u010dke \u017eupanije i 6. Susret planinara odr\u017ean je u nedjelju,&nbsp;06. listopada 2019. godine u Ivani\u0107-Gradu, to\u010dnije u Graberju Ivani\u0107kom. Mjesto okupljanja bilo je kod&nbsp;&nbsp;planinarske ku\u0107e Dru\u0161tva prijatelja prirode u Graberskom brdu od kuda je u 11 sati oko 150 dobro raspolo\u017eenih&nbsp;ljubitelja prirode krenulo u 3-satnu \u0161etnju ju\u017enim predjelima \u0161ume Mar\u010da. Pitomi bre\u017euljkasti predjeli \u0161ume Mar\u010da&nbsp;bili su prava mjera za hodanje svih sudionika Susreta, od najmla\u0111ih do najstarijih, a bila je i mogu\u0107nost izbora&nbsp;du\u017ee ili kra\u0107e staze. Vodi\u010di planinarskog dru\u0161tva Dru\u0161tva prijatelja prirode i \u010dlanovi HGSS Stanice Bjelovar&nbsp;vodili su brigu o sigurnosti sudionika tijekom hodanja obilje\u017eenim rutama.<\/p>\n<p>Svjetlo prekrasnog sun\u010danog dana&nbsp;&nbsp;obojalo je zla\u0107anom bojom jesenje ruho \u0161ume \u0161to je pridonijelo posebnom ugo\u0111aju i do\u017eivljaju prirode.&nbsp;&nbsp;Po povratku do planinarske ku\u0107e u Graberskom brdu sudionike smo okrijepili odli\u010dnim planinarskim&nbsp;grahom, gdje je nastavljeno dru\u017eenje starih prijatelja, a bila je to prilika za nastajanje i novih prijateljstava&nbsp;me\u0111u ljudima koji cijene i po\u0161tuju prirodu.&nbsp;&nbsp;Ovaj susret, koji se tradicionalno odr\u017eava jednom godi\u0161nje s ciljem okupljanja razli\u010ditih dionika, koji&nbsp;&nbsp;dio svog vremena nesebi\u010dno odvajaju kako bi \u010duvali prirodu za budu\u0107e generacije bio je na neki na\u010din&nbsp;i svojevrsna zahvala svim Udrugama koje su ekolo\u0161ki osvije\u0161tene i koje \u0161ire pozitivne promjene u svojim&nbsp;lokalnim zajednicama.<\/p>\n<p>Javna ustanova Zeleni prsten Zagreba\u010dke \u017eupanije u suradnji s Dru\u0161tvom prijatelja prirode iz Ivani\u0107-Grada&nbsp;organizirala je ovogodi\u0161nji Susret udruga prijatelja prirode i Susret planinara s ciljem promicanja za\u0161tite prirode&nbsp;i isticanje va\u017enosti rada i uloge udruga u o\u010duvanju i edukaciji o za\u0161titi prirode na podru\u010dju Zagreba\u010dke \u017eupanije.<\/p>\n<p>&nbsp;<\/p>\n<p>\n<div class=\"ngg-galleryoverview ngg-template-caption\" id=\"ngg-gallery-8c2a1d216844fbeac2741c477e68c342-9348\">\n\n\n\t<!-- Thumbnails -->\n    \t\t\n\t<div id=\"ngg-image-460\" class=\"ngg-gallery-thumbnail-box\"  >\n\t\t<div class=\"ngg-gallery-thumbnail\" >\n\t\t\t<a href=\"https:\/\/zeleni-prsten.hr\/portal\/wp-content\/gallery\/11-susret-udruga-prijatelja-prirode-zagrebacke-zupanije-i-6-susret-planinara\/DSC05545.jpg\"\n               title=\" \"\n               class=\"ngg-simplelightbox\" rel=\"8c2a1d216844fbeac2741c477e68c342\" data-image-id=\"460\" data-src=\"https:\/\/zeleni-prsten.hr\/portal\/wp-content\/gallery\/11-susret-udruga-prijatelja-prirode-zagrebacke-zupanije-i-6-susret-planinara\/DSC05545.jpg\" data-thumbnail=\"https:\/\/zeleni-prsten.hr\/portal\/wp-content\/gallery\/11-susret-udruga-prijatelja-prirode-zagrebacke-zupanije-i-6-susret-planinara\/cache\/DSC05545.jpg-nggid03460-ngg0dyn-360x320x100-00f0w010c011r110f110r010t010.jpg\" data-title=\"DSC05545\" data-description=\" \" >\n\t\t\t\t\t\t\t\t<img title=\"DSC05545\" alt=\"DSC05545\" src=\"https:\/\/zeleni-prsten.hr\/portal\/wp-content\/gallery\/11-susret-udruga-prijatelja-prirode-zagrebacke-zupanije-i-6-susret-planinara\/cache\/DSC05545.jpg-nggid03460-ngg0dyn-360x320x100-00f0w010c011r110f110r010t010.jpg\" width='360' height='320' \/>\n\t\t\t\t\t\t\t<\/a>\n\t\t\t<span> <\/span>\n\t\t<\/div>\n\t<\/div>\n\t\t \t\t\n\t<div id=\"ngg-image-461\" class=\"ngg-gallery-thumbnail-box\"  >\n\t\t<div class=\"ngg-gallery-thumbnail\" >\n\t\t\t<a href=\"https:\/\/zeleni-prsten.hr\/portal\/wp-content\/gallery\/11-susret-udruga-prijatelja-prirode-zagrebacke-zupanije-i-6-susret-planinara\/DSC05579.jpg\"\n               title=\" \"\n               class=\"ngg-simplelightbox\" rel=\"8c2a1d216844fbeac2741c477e68c342\" data-image-id=\"461\" data-src=\"https:\/\/zeleni-prsten.hr\/portal\/wp-content\/gallery\/11-susret-udruga-prijatelja-prirode-zagrebacke-zupanije-i-6-susret-planinara\/DSC05579.jpg\" data-thumbnail=\"https:\/\/zeleni-prsten.hr\/portal\/wp-content\/gallery\/11-susret-udruga-prijatelja-prirode-zagrebacke-zupanije-i-6-susret-planinara\/cache\/DSC05579.jpg-nggid03461-ngg0dyn-360x320x100-00f0w010c011r110f110r010t010.jpg\" data-title=\"DSC05579\" data-description=\" \" >\n\t\t\t\t\t\t\t\t<img title=\"DSC05579\" alt=\"DSC05579\" src=\"https:\/\/zeleni-prsten.hr\/portal\/wp-content\/gallery\/11-susret-udruga-prijatelja-prirode-zagrebacke-zupanije-i-6-susret-planinara\/cache\/DSC05579.jpg-nggid03461-ngg0dyn-360x320x100-00f0w010c011r110f110r010t010.jpg\" width='360' height='320' \/>\n\t\t\t\t\t\t\t<\/a>\n\t\t\t<span> <\/span>\n\t\t<\/div>\n\t<\/div>\n\t\t \t\t\n\t<div id=\"ngg-image-462\" class=\"ngg-gallery-thumbnail-box\"  >\n\t\t<div class=\"ngg-gallery-thumbnail\" >\n\t\t\t<a href=\"https:\/\/zeleni-prsten.hr\/portal\/wp-content\/gallery\/11-susret-udruga-prijatelja-prirode-zagrebacke-zupanije-i-6-susret-planinara\/DSC05572.jpg\"\n               title=\" \"\n               class=\"ngg-simplelightbox\" rel=\"8c2a1d216844fbeac2741c477e68c342\" data-image-id=\"462\" data-src=\"https:\/\/zeleni-prsten.hr\/portal\/wp-content\/gallery\/11-susret-udruga-prijatelja-prirode-zagrebacke-zupanije-i-6-susret-planinara\/DSC05572.jpg\" data-thumbnail=\"https:\/\/zeleni-prsten.hr\/portal\/wp-content\/gallery\/11-susret-udruga-prijatelja-prirode-zagrebacke-zupanije-i-6-susret-planinara\/cache\/DSC05572.jpg-nggid03462-ngg0dyn-360x320x100-00f0w010c011r110f110r010t010.jpg\" data-title=\"DSC05572\" data-description=\" \" >\n\t\t\t\t\t\t\t\t<img title=\"DSC05572\" alt=\"DSC05572\" src=\"https:\/\/zeleni-prsten.hr\/portal\/wp-content\/gallery\/11-susret-udruga-prijatelja-prirode-zagrebacke-zupanije-i-6-susret-planinara\/cache\/DSC05572.jpg-nggid03462-ngg0dyn-360x320x100-00f0w010c011r110f110r010t010.jpg\" width='360' height='320' \/>\n\t\t\t\t\t\t\t<\/a>\n\t\t\t<span> <\/span>\n\t\t<\/div>\n\t<\/div>\n\t\t \t\t\n\t<div id=\"ngg-image-463\" class=\"ngg-gallery-thumbnail-box\"  >\n\t\t<div class=\"ngg-gallery-thumbnail\" >\n\t\t\t<a href=\"https:\/\/zeleni-prsten.hr\/portal\/wp-content\/gallery\/11-susret-udruga-prijatelja-prirode-zagrebacke-zupanije-i-6-susret-planinara\/DSC05526.jpg\"\n               title=\" \"\n               class=\"ngg-simplelightbox\" rel=\"8c2a1d216844fbeac2741c477e68c342\" data-image-id=\"463\" data-src=\"https:\/\/zeleni-prsten.hr\/portal\/wp-content\/gallery\/11-susret-udruga-prijatelja-prirode-zagrebacke-zupanije-i-6-susret-planinara\/DSC05526.jpg\" data-thumbnail=\"https:\/\/zeleni-prsten.hr\/portal\/wp-content\/gallery\/11-susret-udruga-prijatelja-prirode-zagrebacke-zupanije-i-6-susret-planinara\/cache\/DSC05526.jpg-nggid03463-ngg0dyn-360x320x100-00f0w010c011r110f110r010t010.jpg\" data-title=\"DSC05526\" data-description=\" \" >\n\t\t\t\t\t\t\t\t<img title=\"DSC05526\" alt=\"DSC05526\" src=\"https:\/\/zeleni-prsten.hr\/portal\/wp-content\/gallery\/11-susret-udruga-prijatelja-prirode-zagrebacke-zupanije-i-6-susret-planinara\/cache\/DSC05526.jpg-nggid03463-ngg0dyn-360x320x100-00f0w010c011r110f110r010t010.jpg\" width='360' height='320' \/>\n\t\t\t\t\t\t\t<\/a>\n\t\t\t<span> <\/span>\n\t\t<\/div>\n\t<\/div>\n\t\t \t\t\n\t<div id=\"ngg-image-464\" class=\"ngg-gallery-thumbnail-box\"  >\n\t\t<div class=\"ngg-gallery-thumbnail\" >\n\t\t\t<a href=\"https:\/\/zeleni-prsten.hr\/portal\/wp-content\/gallery\/11-susret-udruga-prijatelja-prirode-zagrebacke-zupanije-i-6-susret-planinara\/IMG_20190929_145632_resized_20191010_020512404.jpg\"\n               title=\" \"\n               class=\"ngg-simplelightbox\" rel=\"8c2a1d216844fbeac2741c477e68c342\" data-image-id=\"464\" data-src=\"https:\/\/zeleni-prsten.hr\/portal\/wp-content\/gallery\/11-susret-udruga-prijatelja-prirode-zagrebacke-zupanije-i-6-susret-planinara\/IMG_20190929_145632_resized_20191010_020512404.jpg\" data-thumbnail=\"https:\/\/zeleni-prsten.hr\/portal\/wp-content\/gallery\/11-susret-udruga-prijatelja-prirode-zagrebacke-zupanije-i-6-susret-planinara\/cache\/IMG_20190929_145632_resized_20191010_020512404.jpg-nggid03464-ngg0dyn-360x320x100-00f0w010c011r110f110r010t010.jpg\" data-title=\"IMG_20190929_145632_resized_20191010_020512404\" data-description=\" \" >\n\t\t\t\t\t\t\t\t<img title=\"IMG_20190929_145632_resized_20191010_020512404\" alt=\"IMG_20190929_145632_resized_20191010_020512404\" src=\"https:\/\/zeleni-prsten.hr\/portal\/wp-content\/gallery\/11-susret-udruga-prijatelja-prirode-zagrebacke-zupanije-i-6-susret-planinara\/cache\/IMG_20190929_145632_resized_20191010_020512404.jpg-nggid03464-ngg0dyn-360x320x100-00f0w010c011r110f110r010t010.jpg\" width='360' height='320' \/>\n\t\t\t\t\t\t\t<\/a>\n\t\t\t<span> <\/span>\n\t\t<\/div>\n\t<\/div>\n\t\t \t\t\n\t<div id=\"ngg-image-465\" class=\"ngg-gallery-thumbnail-box\"  >\n\t\t<div class=\"ngg-gallery-thumbnail\" >\n\t\t\t<a href=\"https:\/\/zeleni-prsten.hr\/portal\/wp-content\/gallery\/11-susret-udruga-prijatelja-prirode-zagrebacke-zupanije-i-6-susret-planinara\/IMG_20190929_155116_resized_20191010_020448926.jpg\"\n               title=\" \"\n               class=\"ngg-simplelightbox\" rel=\"8c2a1d216844fbeac2741c477e68c342\" data-image-id=\"465\" data-src=\"https:\/\/zeleni-prsten.hr\/portal\/wp-content\/gallery\/11-susret-udruga-prijatelja-prirode-zagrebacke-zupanije-i-6-susret-planinara\/IMG_20190929_155116_resized_20191010_020448926.jpg\" data-thumbnail=\"https:\/\/zeleni-prsten.hr\/portal\/wp-content\/gallery\/11-susret-udruga-prijatelja-prirode-zagrebacke-zupanije-i-6-susret-planinara\/cache\/IMG_20190929_155116_resized_20191010_020448926.jpg-nggid03465-ngg0dyn-360x320x100-00f0w010c011r110f110r010t010.jpg\" data-title=\"IMG_20190929_155116_resized_20191010_020448926\" data-description=\" \" >\n\t\t\t\t\t\t\t\t<img title=\"IMG_20190929_155116_resized_20191010_020448926\" alt=\"IMG_20190929_155116_resized_20191010_020448926\" src=\"https:\/\/zeleni-prsten.hr\/portal\/wp-content\/gallery\/11-susret-udruga-prijatelja-prirode-zagrebacke-zupanije-i-6-susret-planinara\/cache\/IMG_20190929_155116_resized_20191010_020448926.jpg-nggid03465-ngg0dyn-360x320x100-00f0w010c011r110f110r010t010.jpg\" width='360' height='320' \/>\n\t\t\t\t\t\t\t<\/a>\n\t\t\t<span> <\/span>\n\t\t<\/div>\n\t<\/div>\n\t\t \t\t\n\t<div id=\"ngg-image-466\" class=\"ngg-gallery-thumbnail-box\"  >\n\t\t<div class=\"ngg-gallery-thumbnail\" >\n\t\t\t<a href=\"https:\/\/zeleni-prsten.hr\/portal\/wp-content\/gallery\/11-susret-udruga-prijatelja-prirode-zagrebacke-zupanije-i-6-susret-planinara\/IMG_20191006_125711_resized_20191010_020423275.jpg\"\n               title=\" \"\n               class=\"ngg-simplelightbox\" rel=\"8c2a1d216844fbeac2741c477e68c342\" data-image-id=\"466\" data-src=\"https:\/\/zeleni-prsten.hr\/portal\/wp-content\/gallery\/11-susret-udruga-prijatelja-prirode-zagrebacke-zupanije-i-6-susret-planinara\/IMG_20191006_125711_resized_20191010_020423275.jpg\" data-thumbnail=\"https:\/\/zeleni-prsten.hr\/portal\/wp-content\/gallery\/11-susret-udruga-prijatelja-prirode-zagrebacke-zupanije-i-6-susret-planinara\/cache\/IMG_20191006_125711_resized_20191010_020423275.jpg-nggid03466-ngg0dyn-360x320x100-00f0w010c011r110f110r010t010.jpg\" data-title=\"IMG_20191006_125711_resized_20191010_020423275\" data-description=\" \" >\n\t\t\t\t\t\t\t\t<img title=\"IMG_20191006_125711_resized_20191010_020423275\" alt=\"IMG_20191006_125711_resized_20191010_020423275\" src=\"https:\/\/zeleni-prsten.hr\/portal\/wp-content\/gallery\/11-susret-udruga-prijatelja-prirode-zagrebacke-zupanije-i-6-susret-planinara\/cache\/IMG_20191006_125711_resized_20191010_020423275.jpg-nggid03466-ngg0dyn-360x320x100-00f0w010c011r110f110r010t010.jpg\" width='360' height='320' \/>\n\t\t\t\t\t\t\t<\/a>\n\t\t\t<span> <\/span>\n\t\t<\/div>\n\t<\/div>\n\t\t \t \t\n\t<!-- Pagination -->\n \t<div class='ngg-clear'><\/div> \t\n<\/div>\n\n[\/vc_column_text][\/vc_column][\/vc_row]<\/p>\n","protected":false},"excerpt":{"rendered":"<p>[vc_row][vc_column][vc_column_text]11. Susret udruga prijatelja prirode Zagreba\u010dke \u017eupanije i 6. Susret planinara odr\u017ean je u nedjelju,&nbsp;06. listopada 2019. godine u Ivani\u0107-Gradu, to\u010dnije u Graberju Ivani\u0107kom. Mjesto okupljanja bilo je kod&nbsp;&nbsp;planinarske ku\u0107e Dru\u0161tva prijatelja prirode u Graberskom brdu od kuda je u [&hellip;]<\/p>\n","protected":false},"author":5,"featured_media":9350,"comment_status":"closed","ping_status":"closed","sticky":false,"template":"","format":"standard","meta":{"ngg_post_thumbnail":0},"categories":[59],"tags":[329,331,65,67,263,77,81],"yoast_head":"<!-- This site is optimized with the Yoast SEO plugin v18.4.1 - https:\/\/yoast.com\/wordpress\/plugins\/seo\/ -->\n<title>11. Susret udruga prijatelja prirode Zagreba\u010dke \u017eupanije i 6. Susret planinara - JU Zeleni prsten Zagreba\u010dke \u017eupanije<\/title>\n<meta name=\"robots\" content=\"index, follow, max-snippet:-1, max-image-preview:large, max-video-preview:-1\" \/>\n<link rel=\"canonical\" href=\"https:\/\/zeleni-prsten.hr\/portal\/11-susret-udruga-prijatelja-prirode-zagrebacke-zupanije-i-6-susret-planinara\/\" \/>\n<meta property=\"og:locale\" content=\"hr_HR\" \/>\n<meta property=\"og:type\" content=\"article\" \/>\n<meta property=\"og:title\" content=\"11. Susret udruga prijatelja prirode Zagreba\u010dke \u017eupanije i 6. Susret planinara - JU Zeleni prsten Zagreba\u010dke \u017eupanije\" \/>\n<meta property=\"og:description\" content=\"[vc_row][vc_column][vc_column_text]11. Susret udruga prijatelja prirode Zagreba\u010dke \u017eupanije i 6. Susret planinara odr\u017ean je u nedjelju,&nbsp;06. listopada 2019. godine u Ivani\u0107-Gradu, to\u010dnije u Graberju Ivani\u0107kom. Mjesto okupljanja bilo je kod&nbsp;&nbsp;planinarske ku\u0107e Dru\u0161tva prijatelja prirode u Graberskom brdu od kuda je u [&hellip;]\" \/>\n<meta property=\"og:url\" content=\"https:\/\/zeleni-prsten.hr\/portal\/11-susret-udruga-prijatelja-prirode-zagrebacke-zupanije-i-6-susret-planinara\/\" \/>\n<meta property=\"og:site_name\" content=\"JU Zeleni prsten Zagreba\u010dke \u017eupanije\" \/>\n<meta property=\"article:published_time\" content=\"2019-10-10T12:15:36+00:00\" \/>\n<meta property=\"article:modified_time\" content=\"2022-03-20T21:27:25+00:00\" \/>\n<meta property=\"og:image\" content=\"https:\/\/zeleni-prsten.hr\/portal\/wp-content\/uploads\/2019\/10\/DSC05477.jpg\" \/>\n\t<meta property=\"og:image:width\" content=\"1023\" \/>\n\t<meta property=\"og:image:height\" content=\"768\" \/>\n\t<meta property=\"og:image:type\" content=\"image\/jpeg\" \/>\n<meta name=\"twitter:card\" content=\"summary_large_image\" \/>\n<meta name=\"twitter:label1\" content=\"Napisao\/la\" \/>\n\t<meta name=\"twitter:data1\" content=\"\u017deljka \u0160abari\u0107\" \/>\n\t<meta name=\"twitter:label2\" content=\"Procijenjeno vrijeme \u010ditanja\" \/>\n\t<meta name=\"twitter:data2\" content=\"2 minute\" \/>\n<script type=\"application\/ld+json\" class=\"yoast-schema-graph\">{\"@context\":\"https:\/\/schema.org\",\"@graph\":[{\"@type\":\"WebSite\",\"@id\":\"https:\/\/zeleni-prsten.hr\/portal\/#website\",\"url\":\"https:\/\/zeleni-prsten.hr\/portal\/\",\"name\":\"JU Zeleni prsten Zagreba\u010dke \u017eupanije\",\"description\":\"JU Zeleni prsten Zagreba\u010dke \u017eupanije\",\"potentialAction\":[{\"@type\":\"SearchAction\",\"target\":{\"@type\":\"EntryPoint\",\"urlTemplate\":\"https:\/\/zeleni-prsten.hr\/portal\/?s={search_term_string}\"},\"query-input\":\"required name=search_term_string\"}],\"inLanguage\":\"hr\"},{\"@type\":\"ImageObject\",\"@id\":\"https:\/\/zeleni-prsten.hr\/portal\/11-susret-udruga-prijatelja-prirode-zagrebacke-zupanije-i-6-susret-planinara\/#primaryimage\",\"inLanguage\":\"hr\",\"url\":\"https:\/\/zeleni-prsten.hr\/portal\/wp-content\/uploads\/2019\/10\/DSC05477.jpg\",\"contentUrl\":\"https:\/\/zeleni-prsten.hr\/portal\/wp-content\/uploads\/2019\/10\/DSC05477.jpg\",\"width\":1023,\"height\":768},{\"@type\":\"WebPage\",\"@id\":\"https:\/\/zeleni-prsten.hr\/portal\/11-susret-udruga-prijatelja-prirode-zagrebacke-zupanije-i-6-susret-planinara\/#webpage\",\"url\":\"https:\/\/zeleni-prsten.hr\/portal\/11-susret-udruga-prijatelja-prirode-zagrebacke-zupanije-i-6-susret-planinara\/\",\"name\":\"11. Susret udruga prijatelja prirode Zagreba\u010dke \u017eupanije i 6. Susret planinara - JU Zeleni prsten Zagreba\u010dke \u017eupanije\",\"isPartOf\":{\"@id\":\"https:\/\/zeleni-prsten.hr\/portal\/#website\"},\"primaryImageOfPage\":{\"@id\":\"https:\/\/zeleni-prsten.hr\/portal\/11-susret-udruga-prijatelja-prirode-zagrebacke-zupanije-i-6-susret-planinara\/#primaryimage\"},\"datePublished\":\"2019-10-10T12:15:36+00:00\",\"dateModified\":\"2022-03-20T21:27:25+00:00\",\"author\":{\"@id\":\"https:\/\/zeleni-prsten.hr\/portal\/#\/schema\/person\/055e03bf54bb9f1861485d75b692e69e\"},\"breadcrumb\":{\"@id\":\"https:\/\/zeleni-prsten.hr\/portal\/11-susret-udruga-prijatelja-prirode-zagrebacke-zupanije-i-6-susret-planinara\/#breadcrumb\"},\"inLanguage\":\"hr\",\"potentialAction\":[{\"@type\":\"ReadAction\",\"target\":[\"https:\/\/zeleni-prsten.hr\/portal\/11-susret-udruga-prijatelja-prirode-zagrebacke-zupanije-i-6-susret-planinara\/\"]}]},{\"@type\":\"BreadcrumbList\",\"@id\":\"https:\/\/zeleni-prsten.hr\/portal\/11-susret-udruga-prijatelja-prirode-zagrebacke-zupanije-i-6-susret-planinara\/#breadcrumb\",\"itemListElement\":[{\"@type\":\"ListItem\",\"position\":1,\"name\":\"Home\",\"item\":\"https:\/\/zeleni-prsten.hr\/portal\/\"},{\"@type\":\"ListItem\",\"position\":2,\"name\":\"11. Susret udruga prijatelja prirode Zagreba\u010dke \u017eupanije i 6. Susret planinara\"}]},{\"@type\":\"Person\",\"@id\":\"https:\/\/zeleni-prsten.hr\/portal\/#\/schema\/person\/055e03bf54bb9f1861485d75b692e69e\",\"name\":\"\u017deljka \u0160abari\u0107\",\"url\":\"https:\/\/zeleni-prsten.hr\/portal\/author\/zeljka\/\"}]}<\/script>\n<!-- \/ Yoast SEO plugin. -->","yoast_head_json":{"title":"11. Susret udruga prijatelja prirode Zagreba\u010dke \u017eupanije i 6. Susret planinara - JU Zeleni prsten Zagreba\u010dke \u017eupanije","robots":{"index":"index","follow":"follow","max-snippet":"max-snippet:-1","max-image-preview":"max-image-preview:large","max-video-preview":"max-video-preview:-1"},"canonical":"https:\/\/zeleni-prsten.hr\/portal\/11-susret-udruga-prijatelja-prirode-zagrebacke-zupanije-i-6-susret-planinara\/","og_locale":"hr_HR","og_type":"article","og_title":"11. Susret udruga prijatelja prirode Zagreba\u010dke \u017eupanije i 6. Susret planinara - JU Zeleni prsten Zagreba\u010dke \u017eupanije","og_description":"[vc_row][vc_column][vc_column_text]11. Susret udruga prijatelja prirode Zagreba\u010dke \u017eupanije i 6. Susret planinara odr\u017ean je u nedjelju,&nbsp;06. listopada 2019. godine u Ivani\u0107-Gradu, to\u010dnije u Graberju Ivani\u0107kom. Mjesto okupljanja bilo je kod&nbsp;&nbsp;planinarske ku\u0107e Dru\u0161tva prijatelja prirode u Graberskom brdu od kuda je u [&hellip;]","og_url":"https:\/\/zeleni-prsten.hr\/portal\/11-susret-udruga-prijatelja-prirode-zagrebacke-zupanije-i-6-susret-planinara\/","og_site_name":"JU Zeleni prsten Zagreba\u010dke \u017eupanije","article_published_time":"2019-10-10T12:15:36+00:00","article_modified_time":"2022-03-20T21:27:25+00:00","og_image":[{"width":1023,"height":768,"url":"https:\/\/zeleni-prsten.hr\/portal\/wp-content\/uploads\/2019\/10\/DSC05477.jpg","type":"image\/jpeg"}],"twitter_card":"summary_large_image","twitter_misc":{"Napisao\/la":"\u017deljka \u0160abari\u0107","Procijenjeno vrijeme \u010ditanja":"2 minute"},"schema":{"@context":"https:\/\/schema.org","@graph":[{"@type":"WebSite","@id":"https:\/\/zeleni-prsten.hr\/portal\/#website","url":"https:\/\/zeleni-prsten.hr\/portal\/","name":"JU Zeleni prsten Zagreba\u010dke \u017eupanije","description":"JU Zeleni prsten Zagreba\u010dke \u017eupanije","potentialAction":[{"@type":"SearchAction","target":{"@type":"EntryPoint","urlTemplate":"https:\/\/zeleni-prsten.hr\/portal\/?s={search_term_string}"},"query-input":"required name=search_term_string"}],"inLanguage":"hr"},{"@type":"ImageObject","@id":"https:\/\/zeleni-prsten.hr\/portal\/11-susret-udruga-prijatelja-prirode-zagrebacke-zupanije-i-6-susret-planinara\/#primaryimage","inLanguage":"hr","url":"https:\/\/zeleni-prsten.hr\/portal\/wp-content\/uploads\/2019\/10\/DSC05477.jpg","contentUrl":"https:\/\/zeleni-prsten.hr\/portal\/wp-content\/uploads\/2019\/10\/DSC05477.jpg","width":1023,"height":768},{"@type":"WebPage","@id":"https:\/\/zeleni-prsten.hr\/portal\/11-susret-udruga-prijatelja-prirode-zagrebacke-zupanije-i-6-susret-planinara\/#webpage","url":"https:\/\/zeleni-prsten.hr\/portal\/11-susret-udruga-prijatelja-prirode-zagrebacke-zupanije-i-6-susret-planinara\/","name":"11. Susret udruga prijatelja prirode Zagreba\u010dke \u017eupanije i 6. Susret planinara - JU Zeleni prsten Zagreba\u010dke \u017eupanije","isPartOf":{"@id":"https:\/\/zeleni-prsten.hr\/portal\/#website"},"primaryImageOfPage":{"@id":"https:\/\/zeleni-prsten.hr\/portal\/11-susret-udruga-prijatelja-prirode-zagrebacke-zupanije-i-6-susret-planinara\/#primaryimage"},"datePublished":"2019-10-10T12:15:36+00:00","dateModified":"2022-03-20T21:27:25+00:00","author":{"@id":"https:\/\/zeleni-prsten.hr\/portal\/#\/schema\/person\/055e03bf54bb9f1861485d75b692e69e"},"breadcrumb":{"@id":"https:\/\/zeleni-prsten.hr\/portal\/11-susret-udruga-prijatelja-prirode-zagrebacke-zupanije-i-6-susret-planinara\/#breadcrumb"},"inLanguage":"hr","potentialAction":[{"@type":"ReadAction","target":["https:\/\/zeleni-prsten.hr\/portal\/11-susret-udruga-prijatelja-prirode-zagrebacke-zupanije-i-6-susret-planinara\/"]}]},{"@type":"BreadcrumbList","@id":"https:\/\/zeleni-prsten.hr\/portal\/11-susret-udruga-prijatelja-prirode-zagrebacke-zupanije-i-6-susret-planinara\/#breadcrumb","itemListElement":[{"@type":"ListItem","position":1,"name":"Home","item":"https:\/\/zeleni-prsten.hr\/portal\/"},{"@type":"ListItem","position":2,"name":"11. Susret udruga prijatelja prirode Zagreba\u010dke \u017eupanije i 6. Susret planinara"}]},{"@type":"Person","@id":"https:\/\/zeleni-prsten.hr\/portal\/#\/schema\/person\/055e03bf54bb9f1861485d75b692e69e","name":"\u017deljka \u0160abari\u0107","url":"https:\/\/zeleni-prsten.hr\/portal\/author\/zeljka\/"}]}},"_links":{"self":[{"href":"https:\/\/zeleni-prsten.hr\/portal\/wp-json\/wp\/v2\/posts\/9348"}],"collection":[{"href":"https:\/\/zeleni-prsten.hr\/portal\/wp-json\/wp\/v2\/posts"}],"about":[{"href":"https:\/\/zeleni-prsten.hr\/portal\/wp-json\/wp\/v2\/types\/post"}],"author":[{"embeddable":true,"href":"https:\/\/zeleni-prsten.hr\/portal\/wp-json\/wp\/v2\/users\/5"}],"replies":[{"embeddable":true,"href":"https:\/\/zeleni-prsten.hr\/portal\/wp-json\/wp\/v2\/comments?post=9348"}],"version-history":[{"count":1,"href":"https:\/\/zeleni-prsten.hr\/portal\/wp-json\/wp\/v2\/posts\/9348\/revisions"}],"predecessor-version":[{"id":12707,"href":"https:\/\/zeleni-prsten.hr\/portal\/wp-json\/wp\/v2\/posts\/9348\/revisions\/12707"}],"wp:featuredmedia":[{"embeddable":true,"href":"https:\/\/zeleni-prsten.hr\/portal\/wp-json\/wp\/v2\/media\/9350"}],"wp:attachment":[{"href":"https:\/\/zeleni-prsten.hr\/portal\/wp-json\/wp\/v2\/media?parent=9348"}],"wp:term":[{"taxonomy":"category","embeddable":true,"href":"https:\/\/zeleni-prsten.hr\/portal\/wp-json\/wp\/v2\/categories?post=9348"},{"taxonomy":"post_tag","embeddable":true,"href":"https:\/\/zeleni-prsten.hr\/portal\/wp-json\/wp\/v2\/tags?post=9348"}],"curies":[{"name":"wp","href":"https:\/\/api.w.org\/{rel}","templated":true}]}}