{"id":9854,"date":"2020-06-02T07:57:44","date_gmt":"2020-06-02T06:57:44","guid":{"rendered":"https:\/\/zeleni-prsten.hr\/web\/?p=9854"},"modified":"2022-03-19T17:43:20","modified_gmt":"2022-03-19T16:43:20","slug":"razvoj-okvira-za-upravljanje-ekoloskom-mrezom-natura-2000","status":"publish","type":"post","link":"https:\/\/zeleni-prsten.hr\/portal\/razvoj-okvira-za-upravljanje-ekoloskom-mrezom-natura-2000\/","title":{"rendered":"Razvoj okvira za upravljanje ekolo\u0161kom mre\u017eom Natura 2000"},"content":{"rendered":"<p>[vc_row][vc_column][vc_column_text]U sklopu projekta &#8220;Razvoj okvira za upravljanje ekolo\u0161kom mre\u017eom Natura 2000&#8221; JU Zeleni prsten Zagreba\u010dke \u017eupanije dobila je novi automobil. Sredstva za provedbu projekta osigurana su u okviru Operativnog programa Konkurentost i kohezija za razdoblje 2014.-2020., specifi\u010dnog cilja &#8220;Uspostava okvira za odr\u017eivo upravljanje bioraznoliko\u0161\u0107u (primarno ekolo\u0161kom mre\u017eom Natura 2000).<\/p>\n<p>Projekt \u201dRazvoj okvira za upravljanje ekolo\u0161kom mre\u017eom Natura 2000\u201d od klju\u010dne je va\u017enosti za ispunjavanje obaveza Republike Hrvatske kao \u010dlanice EU u za\u0161titi prirode. Korisnik projekta je Ministarstvo za\u0161tite okoli\u0161a i energetike, a u&nbsp;projektnim aktivnostima kao suradnici sudjeluju i javne ustanove koje upravljaju za\u0161ti\u0107enim podru\u010djima i podru\u010djima ekolo\u0161ke mre\u017ee pojedinih \u017eupanija i pojedina\u010dnih za\u0161ti\u0107enih podru\u010dja pa tako i JU Zeleni prsten Zagreba\u010dke \u017eupanije.&nbsp;Glavna svrha Projekta je doprinos postizanju ciljeva i uspostavljanju mjera o\u010duvanja za ciljne vrste i stani\u0161ne tipove ekolo\u0161ke mre\u017ee Natura 2000. Tako\u0111er, Projektom bi se trebao potaknuti razvoj institucionalnih i individualnih kapaciteta za upravljanje ekolo\u0161kom mre\u017eom te podizanje javne svijesti o va\u017enosti o\u010duvanja ciljnih podru\u010dja.<\/p>\n<p>Hrvatska je po bioraznolikosti u samom europskom vrhu. Pod europskom ekolo\u0161kom mre\u017eom Natura 2000 je gotovo tre\u0107ina teritorija Hrvatske, odnosno 36% kopnenog teritorija i 16% obalnog mora. Na podru\u010dju Zagreba\u010dke \u017eupanije nalaze se \u010dak 24 Natura podru\u010dja.&nbsp;&nbsp;Od toga njih 4 se odnosi na podru\u010dja o\u010duvanja zna\u010dajnih za ptice (POP) (Sava kod Hru\u0161\u010dice sa \u0161ljun\u010darom Rakitje, Turopolje, Pokupski bazen i Ribnjaci uz \u010cesmu) i 20 na podru\u010dja o\u010duvanja zna\u010dajna za vrste i stani\u0161ne tipove (POVS) (Cret Dubravica, Vugrinova \u0161pilja, Gornji Hru\u0161evec \u2013 potok Kravar\u0161\u010dica, Klasni\u0107i, \u010cesma \u2013 \u0161ume, Varo\u0161ki lug, Ribnjaci Pisarovina, Sava nizvodno od Hru\u0161\u0107ice, Stupni\u010dki lug, Kupa, Odra kod Jagodna, \u017dutica, Ribnjaci Crna mlaka, Klin\u010da Sela, Sutla, Ribnjaci Sis\u010dani i Blatnica, Odransko polje, Jastrebarski lugovi, Ribnjak Dubrava i Sava uzvodno od Zagreba.<\/p>\n<p>&nbsp;<\/p>\n<p>\n<div class=\"ngg-galleryoverview ngg-template-caption\" id=\"ngg-gallery-a426a90b7fcbf57dbc1b8c00874e3f8b-9854\">\n\n\n\t<!-- Thumbnails -->\n    \t\t\n\t<div id=\"ngg-image-303\" class=\"ngg-gallery-thumbnail-box\"  >\n\t\t<div class=\"ngg-gallery-thumbnail\" >\n\t\t\t<a href=\"https:\/\/zeleni-prsten.hr\/portal\/wp-content\/gallery\/razvoj-okvira-za-upravljanje-ekoloskom-mrezom-natura-2000\/3.jpg\"\n               title=\" \"\n               class=\"ngg-simplelightbox\" rel=\"a426a90b7fcbf57dbc1b8c00874e3f8b\" data-image-id=\"303\" data-src=\"https:\/\/zeleni-prsten.hr\/portal\/wp-content\/gallery\/razvoj-okvira-za-upravljanje-ekoloskom-mrezom-natura-2000\/3.jpg\" data-thumbnail=\"https:\/\/zeleni-prsten.hr\/portal\/wp-content\/gallery\/razvoj-okvira-za-upravljanje-ekoloskom-mrezom-natura-2000\/cache\/3.jpg-nggid03303-ngg0dyn-360x320x100-00f0w010c011r110f110r010t010.jpg\" data-title=\"3\" data-description=\" \" >\n\t\t\t\t\t\t\t\t<img title=\"3\" alt=\"3\" src=\"https:\/\/zeleni-prsten.hr\/portal\/wp-content\/gallery\/razvoj-okvira-za-upravljanje-ekoloskom-mrezom-natura-2000\/cache\/3.jpg-nggid03303-ngg0dyn-360x320x100-00f0w010c011r110f110r010t010.jpg\" width='360' height='320' \/>\n\t\t\t\t\t\t\t<\/a>\n\t\t\t<span> <\/span>\n\t\t<\/div>\n\t<\/div>\n\t\t \t\t\n\t<div id=\"ngg-image-304\" class=\"ngg-gallery-thumbnail-box\"  >\n\t\t<div class=\"ngg-gallery-thumbnail\" >\n\t\t\t<a href=\"https:\/\/zeleni-prsten.hr\/portal\/wp-content\/gallery\/razvoj-okvira-za-upravljanje-ekoloskom-mrezom-natura-2000\/1.jpg\"\n               title=\" \"\n               class=\"ngg-simplelightbox\" rel=\"a426a90b7fcbf57dbc1b8c00874e3f8b\" data-image-id=\"304\" data-src=\"https:\/\/zeleni-prsten.hr\/portal\/wp-content\/gallery\/razvoj-okvira-za-upravljanje-ekoloskom-mrezom-natura-2000\/1.jpg\" data-thumbnail=\"https:\/\/zeleni-prsten.hr\/portal\/wp-content\/gallery\/razvoj-okvira-za-upravljanje-ekoloskom-mrezom-natura-2000\/cache\/1.jpg-nggid03304-ngg0dyn-360x320x100-00f0w010c011r110f110r010t010.jpg\" data-title=\"1\" data-description=\" \" >\n\t\t\t\t\t\t\t\t<img title=\"1\" alt=\"1\" src=\"https:\/\/zeleni-prsten.hr\/portal\/wp-content\/gallery\/razvoj-okvira-za-upravljanje-ekoloskom-mrezom-natura-2000\/cache\/1.jpg-nggid03304-ngg0dyn-360x320x100-00f0w010c011r110f110r010t010.jpg\" width='360' height='320' \/>\n\t\t\t\t\t\t\t<\/a>\n\t\t\t<span> <\/span>\n\t\t<\/div>\n\t<\/div>\n\t\t \t\t\n\t<div id=\"ngg-image-305\" class=\"ngg-gallery-thumbnail-box\"  >\n\t\t<div class=\"ngg-gallery-thumbnail\" >\n\t\t\t<a href=\"https:\/\/zeleni-prsten.hr\/portal\/wp-content\/gallery\/razvoj-okvira-za-upravljanje-ekoloskom-mrezom-natura-2000\/2.jpg\"\n               title=\" \"\n               class=\"ngg-simplelightbox\" rel=\"a426a90b7fcbf57dbc1b8c00874e3f8b\" data-image-id=\"305\" data-src=\"https:\/\/zeleni-prsten.hr\/portal\/wp-content\/gallery\/razvoj-okvira-za-upravljanje-ekoloskom-mrezom-natura-2000\/2.jpg\" data-thumbnail=\"https:\/\/zeleni-prsten.hr\/portal\/wp-content\/gallery\/razvoj-okvira-za-upravljanje-ekoloskom-mrezom-natura-2000\/cache\/2.jpg-nggid03305-ngg0dyn-360x320x100-00f0w010c011r110f110r010t010.jpg\" data-title=\"2\" data-description=\" \" >\n\t\t\t\t\t\t\t\t<img title=\"2\" alt=\"2\" src=\"https:\/\/zeleni-prsten.hr\/portal\/wp-content\/gallery\/razvoj-okvira-za-upravljanje-ekoloskom-mrezom-natura-2000\/cache\/2.jpg-nggid03305-ngg0dyn-360x320x100-00f0w010c011r110f110r010t010.jpg\" width='360' height='320' \/>\n\t\t\t\t\t\t\t<\/a>\n\t\t\t<span> <\/span>\n\t\t<\/div>\n\t<\/div>\n\t\t \t \t\n\t<!-- Pagination -->\n \t<div class='ngg-clear'><\/div> \t\n<\/div>\n\n[\/vc_column_text][\/vc_column][\/vc_row]<\/p>\n","protected":false},"excerpt":{"rendered":"<p>[vc_row][vc_column][vc_column_text]U sklopu projekta &#8220;Razvoj okvira za upravljanje ekolo\u0161kom mre\u017eom Natura 2000&#8221; JU Zeleni prsten Zagreba\u010dke \u017eupanije dobila je novi automobil. Sredstva za provedbu projekta osigurana su u okviru Operativnog programa Konkurentost i kohezija za razdoblje 2014.-2020., specifi\u010dnog cilja &#8220;Uspostava okvira [&hellip;]<\/p>\n","protected":false},"author":5,"featured_media":9857,"comment_status":"closed","ping_status":"closed","sticky":false,"template":"","format":"standard","meta":{"ngg_post_thumbnail":0},"categories":[59],"tags":[],"yoast_head":"<!-- This site is optimized with the Yoast SEO plugin v18.4.1 - https:\/\/yoast.com\/wordpress\/plugins\/seo\/ -->\n<title>Razvoj okvira za upravljanje ekolo\u0161kom mre\u017eom Natura 2000 - JU Zeleni prsten Zagreba\u010dke \u017eupanije<\/title>\n<meta name=\"robots\" content=\"index, follow, max-snippet:-1, max-image-preview:large, max-video-preview:-1\" \/>\n<link rel=\"canonical\" href=\"https:\/\/zeleni-prsten.hr\/portal\/razvoj-okvira-za-upravljanje-ekoloskom-mrezom-natura-2000\/\" \/>\n<meta property=\"og:locale\" content=\"hr_HR\" \/>\n<meta property=\"og:type\" content=\"article\" \/>\n<meta property=\"og:title\" content=\"Razvoj okvira za upravljanje ekolo\u0161kom mre\u017eom Natura 2000 - JU Zeleni prsten Zagreba\u010dke \u017eupanije\" \/>\n<meta property=\"og:description\" content=\"[vc_row][vc_column][vc_column_text]U sklopu projekta &#8220;Razvoj okvira za upravljanje ekolo\u0161kom mre\u017eom Natura 2000&#8221; JU Zeleni prsten Zagreba\u010dke \u017eupanije dobila je novi automobil. Sredstva za provedbu projekta osigurana su u okviru Operativnog programa Konkurentost i kohezija za razdoblje 2014.-2020., specifi\u010dnog cilja &#8220;Uspostava okvira [&hellip;]\" \/>\n<meta property=\"og:url\" content=\"https:\/\/zeleni-prsten.hr\/portal\/razvoj-okvira-za-upravljanje-ekoloskom-mrezom-natura-2000\/\" \/>\n<meta property=\"og:site_name\" content=\"JU Zeleni prsten Zagreba\u010dke \u017eupanije\" \/>\n<meta property=\"article:published_time\" content=\"2020-06-02T06:57:44+00:00\" \/>\n<meta property=\"article:modified_time\" content=\"2022-03-19T16:43:20+00:00\" \/>\n<meta property=\"og:image\" content=\"https:\/\/zeleni-prsten.hr\/portal\/wp-content\/uploads\/2020\/06\/3.jpg\" \/>\n\t<meta property=\"og:image:width\" content=\"1200\" \/>\n\t<meta property=\"og:image:height\" content=\"1500\" \/>\n\t<meta property=\"og:image:type\" content=\"image\/jpeg\" \/>\n<meta name=\"twitter:card\" content=\"summary_large_image\" \/>\n<meta name=\"twitter:label1\" content=\"Napisao\/la\" \/>\n\t<meta name=\"twitter:data1\" content=\"\u017deljka \u0160abari\u0107\" \/>\n\t<meta name=\"twitter:label2\" content=\"Procijenjeno vrijeme \u010ditanja\" \/>\n\t<meta name=\"twitter:data2\" content=\"2 minute\" \/>\n<script type=\"application\/ld+json\" class=\"yoast-schema-graph\">{\"@context\":\"https:\/\/schema.org\",\"@graph\":[{\"@type\":\"WebSite\",\"@id\":\"https:\/\/zeleni-prsten.hr\/portal\/#website\",\"url\":\"https:\/\/zeleni-prsten.hr\/portal\/\",\"name\":\"JU Zeleni prsten Zagreba\u010dke \u017eupanije\",\"description\":\"JU Zeleni prsten Zagreba\u010dke \u017eupanije\",\"potentialAction\":[{\"@type\":\"SearchAction\",\"target\":{\"@type\":\"EntryPoint\",\"urlTemplate\":\"https:\/\/zeleni-prsten.hr\/portal\/?s={search_term_string}\"},\"query-input\":\"required name=search_term_string\"}],\"inLanguage\":\"hr\"},{\"@type\":\"ImageObject\",\"@id\":\"https:\/\/zeleni-prsten.hr\/portal\/razvoj-okvira-za-upravljanje-ekoloskom-mrezom-natura-2000\/#primaryimage\",\"inLanguage\":\"hr\",\"url\":\"https:\/\/zeleni-prsten.hr\/portal\/wp-content\/uploads\/2020\/06\/3.jpg\",\"contentUrl\":\"https:\/\/zeleni-prsten.hr\/portal\/wp-content\/uploads\/2020\/06\/3.jpg\",\"width\":1200,\"height\":1500},{\"@type\":\"WebPage\",\"@id\":\"https:\/\/zeleni-prsten.hr\/portal\/razvoj-okvira-za-upravljanje-ekoloskom-mrezom-natura-2000\/#webpage\",\"url\":\"https:\/\/zeleni-prsten.hr\/portal\/razvoj-okvira-za-upravljanje-ekoloskom-mrezom-natura-2000\/\",\"name\":\"Razvoj okvira za upravljanje ekolo\u0161kom mre\u017eom Natura 2000 - JU Zeleni prsten Zagreba\u010dke \u017eupanije\",\"isPartOf\":{\"@id\":\"https:\/\/zeleni-prsten.hr\/portal\/#website\"},\"primaryImageOfPage\":{\"@id\":\"https:\/\/zeleni-prsten.hr\/portal\/razvoj-okvira-za-upravljanje-ekoloskom-mrezom-natura-2000\/#primaryimage\"},\"datePublished\":\"2020-06-02T06:57:44+00:00\",\"dateModified\":\"2022-03-19T16:43:20+00:00\",\"author\":{\"@id\":\"https:\/\/zeleni-prsten.hr\/portal\/#\/schema\/person\/055e03bf54bb9f1861485d75b692e69e\"},\"breadcrumb\":{\"@id\":\"https:\/\/zeleni-prsten.hr\/portal\/razvoj-okvira-za-upravljanje-ekoloskom-mrezom-natura-2000\/#breadcrumb\"},\"inLanguage\":\"hr\",\"potentialAction\":[{\"@type\":\"ReadAction\",\"target\":[\"https:\/\/zeleni-prsten.hr\/portal\/razvoj-okvira-za-upravljanje-ekoloskom-mrezom-natura-2000\/\"]}]},{\"@type\":\"BreadcrumbList\",\"@id\":\"https:\/\/zeleni-prsten.hr\/portal\/razvoj-okvira-za-upravljanje-ekoloskom-mrezom-natura-2000\/#breadcrumb\",\"itemListElement\":[{\"@type\":\"ListItem\",\"position\":1,\"name\":\"Home\",\"item\":\"https:\/\/zeleni-prsten.hr\/portal\/\"},{\"@type\":\"ListItem\",\"position\":2,\"name\":\"Razvoj okvira za upravljanje ekolo\u0161kom mre\u017eom Natura 2000\"}]},{\"@type\":\"Person\",\"@id\":\"https:\/\/zeleni-prsten.hr\/portal\/#\/schema\/person\/055e03bf54bb9f1861485d75b692e69e\",\"name\":\"\u017deljka \u0160abari\u0107\",\"url\":\"https:\/\/zeleni-prsten.hr\/portal\/author\/zeljka\/\"}]}<\/script>\n<!-- \/ Yoast SEO plugin. -->","yoast_head_json":{"title":"Razvoj okvira za upravljanje ekolo\u0161kom mre\u017eom Natura 2000 - JU Zeleni prsten Zagreba\u010dke \u017eupanije","robots":{"index":"index","follow":"follow","max-snippet":"max-snippet:-1","max-image-preview":"max-image-preview:large","max-video-preview":"max-video-preview:-1"},"canonical":"https:\/\/zeleni-prsten.hr\/portal\/razvoj-okvira-za-upravljanje-ekoloskom-mrezom-natura-2000\/","og_locale":"hr_HR","og_type":"article","og_title":"Razvoj okvira za upravljanje ekolo\u0161kom mre\u017eom Natura 2000 - JU Zeleni prsten Zagreba\u010dke \u017eupanije","og_description":"[vc_row][vc_column][vc_column_text]U sklopu projekta &#8220;Razvoj okvira za upravljanje ekolo\u0161kom mre\u017eom Natura 2000&#8221; JU Zeleni prsten Zagreba\u010dke \u017eupanije dobila je novi automobil. Sredstva za provedbu projekta osigurana su u okviru Operativnog programa Konkurentost i kohezija za razdoblje 2014.-2020., specifi\u010dnog cilja &#8220;Uspostava okvira [&hellip;]","og_url":"https:\/\/zeleni-prsten.hr\/portal\/razvoj-okvira-za-upravljanje-ekoloskom-mrezom-natura-2000\/","og_site_name":"JU Zeleni prsten Zagreba\u010dke \u017eupanije","article_published_time":"2020-06-02T06:57:44+00:00","article_modified_time":"2022-03-19T16:43:20+00:00","og_image":[{"width":1200,"height":1500,"url":"https:\/\/zeleni-prsten.hr\/portal\/wp-content\/uploads\/2020\/06\/3.jpg","type":"image\/jpeg"}],"twitter_card":"summary_large_image","twitter_misc":{"Napisao\/la":"\u017deljka \u0160abari\u0107","Procijenjeno vrijeme \u010ditanja":"2 minute"},"schema":{"@context":"https:\/\/schema.org","@graph":[{"@type":"WebSite","@id":"https:\/\/zeleni-prsten.hr\/portal\/#website","url":"https:\/\/zeleni-prsten.hr\/portal\/","name":"JU Zeleni prsten Zagreba\u010dke \u017eupanije","description":"JU Zeleni prsten Zagreba\u010dke \u017eupanije","potentialAction":[{"@type":"SearchAction","target":{"@type":"EntryPoint","urlTemplate":"https:\/\/zeleni-prsten.hr\/portal\/?s={search_term_string}"},"query-input":"required name=search_term_string"}],"inLanguage":"hr"},{"@type":"ImageObject","@id":"https:\/\/zeleni-prsten.hr\/portal\/razvoj-okvira-za-upravljanje-ekoloskom-mrezom-natura-2000\/#primaryimage","inLanguage":"hr","url":"https:\/\/zeleni-prsten.hr\/portal\/wp-content\/uploads\/2020\/06\/3.jpg","contentUrl":"https:\/\/zeleni-prsten.hr\/portal\/wp-content\/uploads\/2020\/06\/3.jpg","width":1200,"height":1500},{"@type":"WebPage","@id":"https:\/\/zeleni-prsten.hr\/portal\/razvoj-okvira-za-upravljanje-ekoloskom-mrezom-natura-2000\/#webpage","url":"https:\/\/zeleni-prsten.hr\/portal\/razvoj-okvira-za-upravljanje-ekoloskom-mrezom-natura-2000\/","name":"Razvoj okvira za upravljanje ekolo\u0161kom mre\u017eom Natura 2000 - JU Zeleni prsten Zagreba\u010dke \u017eupanije","isPartOf":{"@id":"https:\/\/zeleni-prsten.hr\/portal\/#website"},"primaryImageOfPage":{"@id":"https:\/\/zeleni-prsten.hr\/portal\/razvoj-okvira-za-upravljanje-ekoloskom-mrezom-natura-2000\/#primaryimage"},"datePublished":"2020-06-02T06:57:44+00:00","dateModified":"2022-03-19T16:43:20+00:00","author":{"@id":"https:\/\/zeleni-prsten.hr\/portal\/#\/schema\/person\/055e03bf54bb9f1861485d75b692e69e"},"breadcrumb":{"@id":"https:\/\/zeleni-prsten.hr\/portal\/razvoj-okvira-za-upravljanje-ekoloskom-mrezom-natura-2000\/#breadcrumb"},"inLanguage":"hr","potentialAction":[{"@type":"ReadAction","target":["https:\/\/zeleni-prsten.hr\/portal\/razvoj-okvira-za-upravljanje-ekoloskom-mrezom-natura-2000\/"]}]},{"@type":"BreadcrumbList","@id":"https:\/\/zeleni-prsten.hr\/portal\/razvoj-okvira-za-upravljanje-ekoloskom-mrezom-natura-2000\/#breadcrumb","itemListElement":[{"@type":"ListItem","position":1,"name":"Home","item":"https:\/\/zeleni-prsten.hr\/portal\/"},{"@type":"ListItem","position":2,"name":"Razvoj okvira za upravljanje ekolo\u0161kom mre\u017eom Natura 2000"}]},{"@type":"Person","@id":"https:\/\/zeleni-prsten.hr\/portal\/#\/schema\/person\/055e03bf54bb9f1861485d75b692e69e","name":"\u017deljka \u0160abari\u0107","url":"https:\/\/zeleni-prsten.hr\/portal\/author\/zeljka\/"}]}},"_links":{"self":[{"href":"https:\/\/zeleni-prsten.hr\/portal\/wp-json\/wp\/v2\/posts\/9854"}],"collection":[{"href":"https:\/\/zeleni-prsten.hr\/portal\/wp-json\/wp\/v2\/posts"}],"about":[{"href":"https:\/\/zeleni-prsten.hr\/portal\/wp-json\/wp\/v2\/types\/post"}],"author":[{"embeddable":true,"href":"https:\/\/zeleni-prsten.hr\/portal\/wp-json\/wp\/v2\/users\/5"}],"replies":[{"embeddable":true,"href":"https:\/\/zeleni-prsten.hr\/portal\/wp-json\/wp\/v2\/comments?post=9854"}],"version-history":[{"count":2,"href":"https:\/\/zeleni-prsten.hr\/portal\/wp-json\/wp\/v2\/posts\/9854\/revisions"}],"predecessor-version":[{"id":12467,"href":"https:\/\/zeleni-prsten.hr\/portal\/wp-json\/wp\/v2\/posts\/9854\/revisions\/12467"}],"wp:featuredmedia":[{"embeddable":true,"href":"https:\/\/zeleni-prsten.hr\/portal\/wp-json\/wp\/v2\/media\/9857"}],"wp:attachment":[{"href":"https:\/\/zeleni-prsten.hr\/portal\/wp-json\/wp\/v2\/media?parent=9854"}],"wp:term":[{"taxonomy":"category","embeddable":true,"href":"https:\/\/zeleni-prsten.hr\/portal\/wp-json\/wp\/v2\/categories?post=9854"},{"taxonomy":"post_tag","embeddable":true,"href":"https:\/\/zeleni-prsten.hr\/portal\/wp-json\/wp\/v2\/tags?post=9854"}],"curies":[{"name":"wp","href":"https:\/\/api.w.org\/{rel}","templated":true}]}}